{"id":439073,"date":"2026-04-10T07:02:26","date_gmt":"2026-04-10T10:02:26","guid":{"rendered":"https:\/\/portaltela.pt\/noticias\/2026\/04\/10\/ponto-verde-atinge-meta-de-reciclagem-de-embalagens-em-lisboa-eco-marathon\/"},"modified":"2026-04-10T07:02:26","modified_gmt":"2026-04-10T10:02:26","slug":"ponto-verde-atinge-meta-de-reciclagem-de-embalagens-em-lisboa-eco-marathon","status":"publish","type":"post","link":"https:\/\/portaltela.pt\/noticias\/2026\/04\/10\/ponto-verde-atinge-meta-de-reciclagem-de-embalagens-em-lisboa-eco-marathon\/","title":{"rendered":"Ponto Verde atinge meta de reciclagem de embalagens em Lisboa Eco Marathon"},"content":{"rendered":"<p>No pr\u00f3ximo domingo, 12 de abril, a Ponto Verde volta a marcar presen\u00e7a na Lisbon Eco Marathon como Eco Partner, refor\u00e7ando o compromisso com a sustentabilidade. A prova parte e chega ao Parque Eduardo VII, em Lisboa, com passagem pelo Monsanto, em v\u00e1rias dist\u00e2ncias.<\/p>\n<p>A iniciativa une desporto e reciclagem de embalagens, oferecendo solu\u00e7\u00f5es para separar res\u00edduos nos ecopontos e incentivar h\u00e1bitos mais sustent\u00e1veis junto do p\u00fablico e dos atletas. O objetivo \u00e9 sensibilizar para a deposi\u00e7\u00e3o correta de embalagens.<\/p>\n<h3>Esta\u00e7\u00f5es de reciclagem e a\u00e7\u00f5es ambientais<\/h3>\n<p>Para tornar a edi\u00e7\u00e3o mais amiga do ambiente, a Ponto Verde vai disponibilizar cinco esta\u00e7\u00f5es de reciclagem ao longo do trajeto, com apoio a mochileiros e os atletas na entrega correta dos res\u00edduos nos ecopontos.<\/p>\n<p>Al\u00e9m disso, haver\u00e1 uma corrida de estafetas aberta a todos, com brindes para quem depositar bem as embalagens. O evento tamb\u00e9m inclui sinal\u00e9tica educativa e uma atua\u00e7\u00e3o de percuss\u00e3o pela organiza\u00e7\u00e3o.<\/p>\n<h3>Cita\u00e7\u00e3o e contexto da parceria<\/h3>\n<p>Segundo o respons\u00e1vel da Ponto Verde, cada quil\u00f3metro \u00e9 uma oportunidade de transformar atitudes em a\u00e7\u00f5es ambientais concretas. A parceria com a Lisbon Eco Marathon j\u00e1 vai na quarta edi\u00e7\u00e3o consecutiva, destacando o desporto como ve\u00edculo de reciclagem.<\/p>\n","protected":false},"excerpt":{"rendered":"<ul>\n<li>A Ponto Verde volta a ser Eco Partner da Lisbon Eco Marathon, a realizar-se no domingo, 12 de abril, em Lisboa, com partida e chegada no Parque Eduardo VII e passagem pelo Parque Florestal de Monsanto.<\/li>\n<li>A organiza\u00e7\u00e3o disponibiliza cinco esta\u00e7\u00f5es de reciclagem ao longo do tra\u00e7ado para facilitar a deposi\u00e7\u00e3o correta de embalagens nos ecopontos e apoiar atletas e p\u00fablico.<\/li>\n<li>Vai haver sinal\u00e9tica com mensagens-chave sobre reciclagem e uma corrida de estafetas aberta a todos, com brindes para quem depositar corretamente as embalagens.<\/li>\n<li>A prova inclui v\u00e1rias dist\u00e2ncias: maratona, meia-maratona, mini-maratona de 13 km e caminhada de 8 km.<\/li>\n<li>O diretor de Marketing da Sociedade Ponto Verde, Ricardo Sacoto Lagoa, afirma que cada quil\u00f3metro \u00e9 uma oportunidade de promover a\u00e7\u00f5es ambientais e que \u00e9 o quarto ano de apoio ao evento.<\/li>\n<\/ul>\n","protected":false},"author":2,"featured_media":439077,"comment_status":"closed","ping_status":"closed","sticky":false,"template":"","format":"standard","meta":{"footnotes":""},"categories":[6725,1],"tags":[7767,152,981,811,645,3444],"class_list":["post-439073","post","type-post","status-publish","format-standard","has-post-thumbnail","hentry","category-meio-ambiente","category-noticias","tag-_meio-ambiente","tag-desporto","tag-lisboa","tag-protecao-ambiental","tag-residuos","tag-sustentabilidade"],"yoast_head":"<!-- This site is optimized with the Yoast SEO plugin v27.2 - https:\/\/yoast.com\/product\/yoast-seo-wordpress\/ -->\n<title>Ponto Verde atinge meta de reciclagem de embalagens em Lisboa Eco Marathon - Portal Tela Portugal<\/title>\n<meta name=\"robots\" content=\"index, follow, max-snippet:-1, max-image-preview:large, max-video-preview:-1\" \/>\n<meta property=\"og:locale\" content=\"pt_PT\" \/>\n<meta property=\"og:type\" content=\"article\" \/>\n<meta property=\"og:title\" content=\"Ponto Verde atinge meta de reciclagem de embalagens em Lisboa Eco Marathon - Portal Tela Portugal\" \/>\n<meta property=\"og:description\" content=\"A Ponto Verde volta a ser Eco Partner da Lisbon Eco Marathon, a realizar-se no domingo, 12 de abril, em Lisboa, com partida e chegada no Parque Eduardo VII e passagem pelo Parque Florestal de Monsanto. A organiza\u00e7\u00e3o disponibiliza cinco esta\u00e7\u00f5es de reciclagem ao longo do tra\u00e7ado para facilitar a deposi\u00e7\u00e3o correta de embalagens nos ecopontos e apoiar atletas e p\u00fablico. Vai haver sinal\u00e9tica com mensagens-chave sobre reciclagem e uma corrida de estafetas aberta a todos, com brindes para quem depositar corretamente as embalagens. A prova inclui v\u00e1rias dist\u00e2ncias: maratona, meia-maratona, mini-maratona de 13 km e caminhada de 8 km. O diretor de Marketing da Sociedade Ponto Verde, Ricardo Sacoto Lagoa, afirma que cada quil\u00f3metro \u00e9 uma oportunidade de promover a\u00e7\u00f5es ambientais e que \u00e9 o quarto ano de apoio ao evento.\" \/>\n<meta property=\"og:url\" content=\"https:\/\/portaltela.pt\/noticias\/2026\/04\/10\/ponto-verde-atinge-meta-de-reciclagem-de-embalagens-em-lisboa-eco-marathon\/\" \/>\n<meta property=\"og:site_name\" content=\"Portal Tela Portugal\" \/>\n<meta property=\"article:published_time\" content=\"2026-04-10T10:02:26+00:00\" \/>\n<meta name=\"author\" content=\"Telinha\" \/>\n<meta name=\"twitter:card\" content=\"summary_large_image\" \/>\n<meta name=\"twitter:label1\" content=\"Escrito por\" \/>\n\t<meta name=\"twitter:data1\" content=\"Telinha\" \/>\n\t<meta name=\"twitter:label2\" content=\"Tempo estimado de leitura\" \/>\n\t<meta name=\"twitter:data2\" content=\"1 minuto\" \/>\n<script type=\"application\/ld+json\" class=\"yoast-schema-graph\">{\"@context\":\"https:\/\/schema.org\",\"@graph\":[{\"@type\":\"Article\",\"@id\":\"https:\/\/portaltela.pt\/noticias\/2026\/04\/10\/ponto-verde-atinge-meta-de-reciclagem-de-embalagens-em-lisboa-eco-marathon\/#article\",\"isPartOf\":{\"@id\":\"https:\/\/portaltela.pt\/noticias\/2026\/04\/10\/ponto-verde-atinge-meta-de-reciclagem-de-embalagens-em-lisboa-eco-marathon\/\"},\"author\":{\"name\":\"Telinha\",\"@id\":\"https:\/\/portaltela.pt\/#\/schema\/person\/c4278d4a6028830caff9ee44b42d32ed\"},\"headline\":\"Ponto Verde atinge meta de reciclagem de embalagens em Lisboa Eco Marathon\",\"datePublished\":\"2026-04-10T10:02:26+00:00\",\"mainEntityOfPage\":{\"@id\":\"https:\/\/portaltela.pt\/noticias\/2026\/04\/10\/ponto-verde-atinge-meta-de-reciclagem-de-embalagens-em-lisboa-eco-marathon\/\"},\"wordCount\":232,\"image\":{\"@id\":\"https:\/\/portaltela.pt\/noticias\/2026\/04\/10\/ponto-verde-atinge-meta-de-reciclagem-de-embalagens-em-lisboa-eco-marathon\/#primaryimage\"},\"thumbnailUrl\":\"https:\/\/portaltela.pt\/s.01k8rhncp4jt1\/2026\/04\/img_1500x1000uu2026-04-10-10-47-04-2277637.jpg\",\"keywords\":[\"_meio-ambiente\",\"desporto\",\"Lisboa\",\"prote\u00e7\u00e3o ambiental\",\"res\u00edduos\",\"Sustentabilidade\"],\"articleSection\":[\"Meio Ambiente\",\"Not\u00edcias\"],\"inLanguage\":\"pt-PT\"},{\"@type\":\"WebPage\",\"@id\":\"https:\/\/portaltela.pt\/noticias\/2026\/04\/10\/ponto-verde-atinge-meta-de-reciclagem-de-embalagens-em-lisboa-eco-marathon\/\",\"url\":\"https:\/\/portaltela.pt\/noticias\/2026\/04\/10\/ponto-verde-atinge-meta-de-reciclagem-de-embalagens-em-lisboa-eco-marathon\/\",\"name\":\"Ponto Verde atinge meta de reciclagem de embalagens em Lisboa Eco Marathon - Portal Tela Portugal\",\"isPartOf\":{\"@id\":\"https:\/\/portaltela.pt\/#website\"},\"primaryImageOfPage\":{\"@id\":\"https:\/\/portaltela.pt\/noticias\/2026\/04\/10\/ponto-verde-atinge-meta-de-reciclagem-de-embalagens-em-lisboa-eco-marathon\/#primaryimage\"},\"image\":{\"@id\":\"https:\/\/portaltela.pt\/noticias\/2026\/04\/10\/ponto-verde-atinge-meta-de-reciclagem-de-embalagens-em-lisboa-eco-marathon\/#primaryimage\"},\"thumbnailUrl\":\"https:\/\/portaltela.pt\/s.01k8rhncp4jt1\/2026\/04\/img_1500x1000uu2026-04-10-10-47-04-2277637.jpg\",\"datePublished\":\"2026-04-10T10:02:26+00:00\",\"author\":{\"@id\":\"https:\/\/portaltela.pt\/#\/schema\/person\/c4278d4a6028830caff9ee44b42d32ed\"},\"breadcrumb\":{\"@id\":\"https:\/\/portaltela.pt\/noticias\/2026\/04\/10\/ponto-verde-atinge-meta-de-reciclagem-de-embalagens-em-lisboa-eco-marathon\/#breadcrumb\"},\"inLanguage\":\"pt-PT\",\"potentialAction\":[{\"@type\":\"ReadAction\",\"target\":[\"https:\/\/portaltela.pt\/noticias\/2026\/04\/10\/ponto-verde-atinge-meta-de-reciclagem-de-embalagens-em-lisboa-eco-marathon\/\"]}]},{\"@type\":\"ImageObject\",\"inLanguage\":\"pt-PT\",\"@id\":\"https:\/\/portaltela.pt\/noticias\/2026\/04\/10\/ponto-verde-atinge-meta-de-reciclagem-de-embalagens-em-lisboa-eco-marathon\/#primaryimage\",\"url\":\"https:\/\/portaltela.pt\/s.01k8rhncp4jt1\/2026\/04\/img_1500x1000uu2026-04-10-10-47-04-2277637.jpg\",\"contentUrl\":\"https:\/\/portaltela.pt\/s.01k8rhncp4jt1\/2026\/04\/img_1500x1000uu2026-04-10-10-47-04-2277637.jpg\",\"width\":796,\"height\":448,\"caption\":\"Maratona de Lisboa com participantes junto \u00e0 linha de partida\"},{\"@type\":\"BreadcrumbList\",\"@id\":\"https:\/\/portaltela.pt\/noticias\/2026\/04\/10\/ponto-verde-atinge-meta-de-reciclagem-de-embalagens-em-lisboa-eco-marathon\/#breadcrumb\",\"itemListElement\":[{\"@type\":\"ListItem\",\"position\":1,\"name\":\"In\u00edcio\",\"item\":\"https:\/\/portaltela.pt\/\"},{\"@type\":\"ListItem\",\"position\":2,\"name\":\"Ponto Verde atinge meta de reciclagem de embalagens em Lisboa Eco Marathon\"}]},{\"@type\":\"WebSite\",\"@id\":\"https:\/\/portaltela.pt\/#website\",\"url\":\"https:\/\/portaltela.pt\/\",\"name\":\"Portal Tela Portugal\",\"description\":\"\",\"potentialAction\":[{\"@type\":\"SearchAction\",\"target\":{\"@type\":\"EntryPoint\",\"urlTemplate\":\"https:\/\/portaltela.pt\/?s={search_term_string}\"},\"query-input\":{\"@type\":\"PropertyValueSpecification\",\"valueRequired\":true,\"valueName\":\"search_term_string\"}}],\"inLanguage\":\"pt-PT\"},{\"@type\":\"Person\",\"@id\":\"https:\/\/portaltela.pt\/#\/schema\/person\/c4278d4a6028830caff9ee44b42d32ed\",\"name\":\"Telinha\",\"image\":{\"@type\":\"ImageObject\",\"inLanguage\":\"pt-PT\",\"@id\":\"https:\/\/portaltela.pt\/s.01k8rhncp4jt1\/2025\/11\/talking-bot-125x125.png\",\"url\":\"https:\/\/portaltela.pt\/s.01k8rhncp4jt1\/2025\/11\/talking-bot-125x125.png\",\"contentUrl\":\"https:\/\/portaltela.pt\/s.01k8rhncp4jt1\/2025\/11\/talking-bot-125x125.png\",\"caption\":\"Telinha\"},\"sameAs\":[\"https:\/\/portaltela.pt\/\"],\"url\":\"https:\/\/portaltela.pt\/por\/367410592786\/\"}]}<\/script>\n<!-- \/ Yoast SEO plugin. -->","yoast_head_json":{"title":"Ponto Verde atinge meta de reciclagem de embalagens em Lisboa Eco Marathon - Portal Tela Portugal","robots":{"index":"index","follow":"follow","max-snippet":"max-snippet:-1","max-image-preview":"max-image-preview:large","max-video-preview":"max-video-preview:-1"},"og_locale":"pt_PT","og_type":"article","og_title":"Ponto Verde atinge meta de reciclagem de embalagens em Lisboa Eco Marathon - Portal Tela Portugal","og_description":"A Ponto Verde volta a ser Eco Partner da Lisbon Eco Marathon, a realizar-se no domingo, 12 de abril, em Lisboa, com partida e chegada no Parque Eduardo VII e passagem pelo Parque Florestal de Monsanto. A organiza\u00e7\u00e3o disponibiliza cinco esta\u00e7\u00f5es de reciclagem ao longo do tra\u00e7ado para facilitar a deposi\u00e7\u00e3o correta de embalagens nos ecopontos e apoiar atletas e p\u00fablico. Vai haver sinal\u00e9tica com mensagens-chave sobre reciclagem e uma corrida de estafetas aberta a todos, com brindes para quem depositar corretamente as embalagens. A prova inclui v\u00e1rias dist\u00e2ncias: maratona, meia-maratona, mini-maratona de 13 km e caminhada de 8 km. O diretor de Marketing da Sociedade Ponto Verde, Ricardo Sacoto Lagoa, afirma que cada quil\u00f3metro \u00e9 uma oportunidade de promover a\u00e7\u00f5es ambientais e que \u00e9 o quarto ano de apoio ao evento.","og_url":"https:\/\/portaltela.pt\/noticias\/2026\/04\/10\/ponto-verde-atinge-meta-de-reciclagem-de-embalagens-em-lisboa-eco-marathon\/","og_site_name":"Portal Tela Portugal","article_published_time":"2026-04-10T10:02:26+00:00","author":"Telinha","twitter_card":"summary_large_image","twitter_misc":{"Escrito por":"Telinha","Tempo estimado de leitura":"1 minuto"},"schema":{"@context":"https:\/\/schema.org","@graph":[{"@type":"Article","@id":"https:\/\/portaltela.pt\/noticias\/2026\/04\/10\/ponto-verde-atinge-meta-de-reciclagem-de-embalagens-em-lisboa-eco-marathon\/#article","isPartOf":{"@id":"https:\/\/portaltela.pt\/noticias\/2026\/04\/10\/ponto-verde-atinge-meta-de-reciclagem-de-embalagens-em-lisboa-eco-marathon\/"},"author":{"name":"Telinha","@id":"https:\/\/portaltela.pt\/#\/schema\/person\/c4278d4a6028830caff9ee44b42d32ed"},"headline":"Ponto Verde atinge meta de reciclagem de embalagens em Lisboa Eco Marathon","datePublished":"2026-04-10T10:02:26+00:00","mainEntityOfPage":{"@id":"https:\/\/portaltela.pt\/noticias\/2026\/04\/10\/ponto-verde-atinge-meta-de-reciclagem-de-embalagens-em-lisboa-eco-marathon\/"},"wordCount":232,"image":{"@id":"https:\/\/portaltela.pt\/noticias\/2026\/04\/10\/ponto-verde-atinge-meta-de-reciclagem-de-embalagens-em-lisboa-eco-marathon\/#primaryimage"},"thumbnailUrl":"https:\/\/portaltela.pt\/s.01k8rhncp4jt1\/2026\/04\/img_1500x1000uu2026-04-10-10-47-04-2277637.jpg","keywords":["_meio-ambiente","desporto","Lisboa","prote\u00e7\u00e3o ambiental","res\u00edduos","Sustentabilidade"],"articleSection":["Meio Ambiente","Not\u00edcias"],"inLanguage":"pt-PT"},{"@type":"WebPage","@id":"https:\/\/portaltela.pt\/noticias\/2026\/04\/10\/ponto-verde-atinge-meta-de-reciclagem-de-embalagens-em-lisboa-eco-marathon\/","url":"https:\/\/portaltela.pt\/noticias\/2026\/04\/10\/ponto-verde-atinge-meta-de-reciclagem-de-embalagens-em-lisboa-eco-marathon\/","name":"Ponto Verde atinge meta de reciclagem de embalagens em Lisboa Eco Marathon - Portal Tela Portugal","isPartOf":{"@id":"https:\/\/portaltela.pt\/#website"},"primaryImageOfPage":{"@id":"https:\/\/portaltela.pt\/noticias\/2026\/04\/10\/ponto-verde-atinge-meta-de-reciclagem-de-embalagens-em-lisboa-eco-marathon\/#primaryimage"},"image":{"@id":"https:\/\/portaltela.pt\/noticias\/2026\/04\/10\/ponto-verde-atinge-meta-de-reciclagem-de-embalagens-em-lisboa-eco-marathon\/#primaryimage"},"thumbnailUrl":"https:\/\/portaltela.pt\/s.01k8rhncp4jt1\/2026\/04\/img_1500x1000uu2026-04-10-10-47-04-2277637.jpg","datePublished":"2026-04-10T10:02:26+00:00","author":{"@id":"https:\/\/portaltela.pt\/#\/schema\/person\/c4278d4a6028830caff9ee44b42d32ed"},"breadcrumb":{"@id":"https:\/\/portaltela.pt\/noticias\/2026\/04\/10\/ponto-verde-atinge-meta-de-reciclagem-de-embalagens-em-lisboa-eco-marathon\/#breadcrumb"},"inLanguage":"pt-PT","potentialAction":[{"@type":"ReadAction","target":["https:\/\/portaltela.pt\/noticias\/2026\/04\/10\/ponto-verde-atinge-meta-de-reciclagem-de-embalagens-em-lisboa-eco-marathon\/"]}]},{"@type":"ImageObject","inLanguage":"pt-PT","@id":"https:\/\/portaltela.pt\/noticias\/2026\/04\/10\/ponto-verde-atinge-meta-de-reciclagem-de-embalagens-em-lisboa-eco-marathon\/#primaryimage","url":"https:\/\/portaltela.pt\/s.01k8rhncp4jt1\/2026\/04\/img_1500x1000uu2026-04-10-10-47-04-2277637.jpg","contentUrl":"https:\/\/portaltela.pt\/s.01k8rhncp4jt1\/2026\/04\/img_1500x1000uu2026-04-10-10-47-04-2277637.jpg","width":796,"height":448,"caption":"Maratona de Lisboa com participantes junto \u00e0 linha de partida"},{"@type":"BreadcrumbList","@id":"https:\/\/portaltela.pt\/noticias\/2026\/04\/10\/ponto-verde-atinge-meta-de-reciclagem-de-embalagens-em-lisboa-eco-marathon\/#breadcrumb","itemListElement":[{"@type":"ListItem","position":1,"name":"In\u00edcio","item":"https:\/\/portaltela.pt\/"},{"@type":"ListItem","position":2,"name":"Ponto Verde atinge meta de reciclagem de embalagens em Lisboa Eco Marathon"}]},{"@type":"WebSite","@id":"https:\/\/portaltela.pt\/#website","url":"https:\/\/portaltela.pt\/","name":"Portal Tela Portugal","description":"","potentialAction":[{"@type":"SearchAction","target":{"@type":"EntryPoint","urlTemplate":"https:\/\/portaltela.pt\/?s={search_term_string}"},"query-input":{"@type":"PropertyValueSpecification","valueRequired":true,"valueName":"search_term_string"}}],"inLanguage":"pt-PT"},{"@type":"Person","@id":"https:\/\/portaltela.pt\/#\/schema\/person\/c4278d4a6028830caff9ee44b42d32ed","name":"Telinha","image":{"@type":"ImageObject","inLanguage":"pt-PT","@id":"https:\/\/portaltela.pt\/s.01k8rhncp4jt1\/2025\/11\/talking-bot-125x125.png","url":"https:\/\/portaltela.pt\/s.01k8rhncp4jt1\/2025\/11\/talking-bot-125x125.png","contentUrl":"https:\/\/portaltela.pt\/s.01k8rhncp4jt1\/2025\/11\/talking-bot-125x125.png","caption":"Telinha"},"sameAs":["https:\/\/portaltela.pt\/"],"url":"https:\/\/portaltela.pt\/por\/367410592786\/"}]}},"_links":{"self":[{"href":"https:\/\/portaltela.pt\/api\/wp\/v2\/posts\/439073","targetHints":{"allow":["GET"]}}],"collection":[{"href":"https:\/\/portaltela.pt\/api\/wp\/v2\/posts"}],"about":[{"href":"https:\/\/portaltela.pt\/api\/wp\/v2\/types\/post"}],"author":[{"embeddable":true,"href":"https:\/\/portaltela.pt\/api\/wp\/v2\/users\/2"}],"replies":[{"embeddable":true,"href":"https:\/\/portaltela.pt\/api\/wp\/v2\/comments?post=439073"}],"version-history":[{"count":0,"href":"https:\/\/portaltela.pt\/api\/wp\/v2\/posts\/439073\/revisions"}],"wp:featuredmedia":[{"embeddable":true,"href":"https:\/\/portaltela.pt\/api\/wp\/v2\/media\/439077"}],"wp:attachment":[{"href":"https:\/\/portaltela.pt\/api\/wp\/v2\/media?parent=439073"}],"wp:term":[{"taxonomy":"category","embeddable":true,"href":"https:\/\/portaltela.pt\/api\/wp\/v2\/categories?post=439073"},{"taxonomy":"post_tag","embeddable":true,"href":"https:\/\/portaltela.pt\/api\/wp\/v2\/tags?post=439073"}],"curies":[{"name":"wp","href":"https:\/\/api.w.org\/{rel}","templated":true}]}}