{"id":439066,"date":"2026-04-10T07:02:16","date_gmt":"2026-04-10T10:02:16","guid":{"rendered":"https:\/\/portaltela.pt\/noticias\/2026\/04\/10\/homem-rouba-auriculares-e-e-detido-em-almada\/"},"modified":"2026-04-10T07:02:16","modified_gmt":"2026-04-10T10:02:16","slug":"homem-rouba-auriculares-e-e-detido-em-almada","status":"publish","type":"post","link":"https:\/\/portaltela.pt\/policia\/2026\/04\/10\/homem-rouba-auriculares-e-e-detido-em-almada\/","title":{"rendered":"Homem rouba auriculares e \u00e9 detido em Almada"},"content":{"rendered":"<p>Um homem de 20 anos foi detido por roubo na via p\u00fablica, na passada quarta-feira, 8 de abril, no Monte da Caparica, em Almada. A GNR informou que a deten\u00e7\u00e3o ocorreu ap\u00f3s uma den\u00fancia de furto de auscultadores, tendo os militares localizado o suspeito e apreendido o objeto roubado, devolvendo-o ao propriet\u00e1rio.<\/p>\n<p>Durante a interven\u00e7\u00e3o, foi realizada uma revista pessoal, com o(s) objeto(s) a ser confiscado(s). Entre os artigos apreendidos est\u00e1 uma catana com l\u00e2mina de 20 cent\u00edmetros.<\/p>\n<p>O suspeito permaneceu detido no Posto Territorial da Trafaria at\u00e9 ao primeiro interrogat\u00f3rio, onde lhe foram aplicadas as medidas de coa\u00e7\u00e3o.<\/p>\n","protected":false},"excerpt":{"rendered":"<ul>\n<li>Um homem de 20 anos foi detido por roubo na via p\u00fablica, na passada quarta-feira, 8 de abril, no Monte da Caparica, em Almada.<\/li>\n<li>A deten\u00e7\u00e3o ocorreu ap\u00f3s den\u00fancia de furto de auscultadores; o objeto roubado foi apreendido e devolvido ao propriet\u00e1rio.<\/li>\n<li>Durante a interven\u00e7\u00e3o, foi realizada uma revista pessoal e apreendida uma catana com l\u00e2mina de 20 cent\u00edmetros.<\/li>\n<li>O suspeito ficou detido no Posto Territorial da Trafaria at\u00e9 ao primeiro interrogat\u00f3rio, onde lhe foram aplicadas medidas de coa\u00e7\u00e3o.<\/li>\n<\/ul>\n","protected":false},"author":2,"featured_media":439068,"comment_status":"closed","ping_status":"closed","sticky":false,"template":"","format":"standard","meta":{"footnotes":""},"categories":[6907,6781],"tags":[1373,147,424,3418,203,4536],"class_list":["post-439066","post","type-post","status-publish","format-standard","has-post-thumbnail","hentry","category-crime","category-policia","tag-almada","tag-crime","tag-furto","tag-policia-de-seguranca-publica","tag-roubo","tag-seguranca"],"yoast_head":"<!-- This site is optimized with the Yoast SEO plugin v27.2 - https:\/\/yoast.com\/product\/yoast-seo-wordpress\/ -->\n<title>Homem rouba auriculares e \u00e9 detido em Almada - Portal Tela Portugal<\/title>\n<meta name=\"robots\" content=\"index, follow, max-snippet:-1, max-image-preview:large, max-video-preview:-1\" \/>\n<meta property=\"og:locale\" content=\"pt_PT\" \/>\n<meta property=\"og:type\" content=\"article\" \/>\n<meta property=\"og:title\" content=\"Homem rouba auriculares e \u00e9 detido em Almada - Portal Tela Portugal\" \/>\n<meta property=\"og:description\" content=\"Um homem de 20 anos foi detido por roubo na via p\u00fablica, na passada quarta-feira, 8 de abril, no Monte da Caparica, em Almada. A deten\u00e7\u00e3o ocorreu ap\u00f3s den\u00fancia de furto de auscultadores; o objeto roubado foi apreendido e devolvido ao propriet\u00e1rio. Durante a interven\u00e7\u00e3o, foi realizada uma revista pessoal e apreendida uma catana com l\u00e2mina de 20 cent\u00edmetros. O suspeito ficou detido no Posto Territorial da Trafaria at\u00e9 ao primeiro interrogat\u00f3rio, onde lhe foram aplicadas medidas de coa\u00e7\u00e3o.\" \/>\n<meta property=\"og:url\" content=\"https:\/\/portaltela.pt\/noticias\/2026\/04\/10\/homem-rouba-auriculares-e-e-detido-em-almada\/\" \/>\n<meta property=\"og:site_name\" content=\"Portal Tela Portugal\" \/>\n<meta property=\"article:published_time\" content=\"2026-04-10T10:02:16+00:00\" \/>\n<meta name=\"author\" content=\"Telinha\" \/>\n<meta name=\"twitter:card\" content=\"summary_large_image\" \/>\n<meta name=\"twitter:label1\" content=\"Escrito por\" \/>\n\t<meta name=\"twitter:data1\" content=\"Telinha\" \/>\n\t<meta name=\"twitter:label2\" content=\"Tempo estimado de leitura\" \/>\n\t<meta name=\"twitter:data2\" content=\"1 minuto\" \/>\n<script type=\"application\/ld+json\" class=\"yoast-schema-graph\">{\"@context\":\"https:\/\/schema.org\",\"@graph\":[{\"@type\":\"Article\",\"@id\":\"https:\/\/portaltela.pt\/noticias\/2026\/04\/10\/homem-rouba-auriculares-e-e-detido-em-almada\/#article\",\"isPartOf\":{\"@id\":\"https:\/\/portaltela.pt\/noticias\/2026\/04\/10\/homem-rouba-auriculares-e-e-detido-em-almada\/\"},\"author\":{\"name\":\"Telinha\",\"@id\":\"https:\/\/portaltela.pt\/#\/schema\/person\/c4278d4a6028830caff9ee44b42d32ed\"},\"headline\":\"Homem rouba auriculares e \u00e9 detido em Almada\",\"datePublished\":\"2026-04-10T10:02:16+00:00\",\"mainEntityOfPage\":{\"@id\":\"https:\/\/portaltela.pt\/noticias\/2026\/04\/10\/homem-rouba-auriculares-e-e-detido-em-almada\/\"},\"wordCount\":116,\"image\":{\"@id\":\"https:\/\/portaltela.pt\/noticias\/2026\/04\/10\/homem-rouba-auriculares-e-e-detido-em-almada\/#primaryimage\"},\"thumbnailUrl\":\"https:\/\/portaltela.pt\/s.01k8rhncp4jt1\/2026\/04\/img_1280x721uu2020-07-18-01-08-41-959028.jpg\",\"keywords\":[\"Almada\",\"crime\",\"furto\",\"Pol\u00edcia de Seguran\u00e7a P\u00fablica\",\"roubo\",\"seguran\u00e7a\"],\"articleSection\":[\"Crime\",\"Pol\u00edcia\"],\"inLanguage\":\"pt-PT\"},{\"@type\":\"WebPage\",\"@id\":\"https:\/\/portaltela.pt\/noticias\/2026\/04\/10\/homem-rouba-auriculares-e-e-detido-em-almada\/\",\"url\":\"https:\/\/portaltela.pt\/noticias\/2026\/04\/10\/homem-rouba-auriculares-e-e-detido-em-almada\/\",\"name\":\"Homem rouba auriculares e \u00e9 detido em Almada - Portal Tela Portugal\",\"isPartOf\":{\"@id\":\"https:\/\/portaltela.pt\/#website\"},\"primaryImageOfPage\":{\"@id\":\"https:\/\/portaltela.pt\/noticias\/2026\/04\/10\/homem-rouba-auriculares-e-e-detido-em-almada\/#primaryimage\"},\"image\":{\"@id\":\"https:\/\/portaltela.pt\/noticias\/2026\/04\/10\/homem-rouba-auriculares-e-e-detido-em-almada\/#primaryimage\"},\"thumbnailUrl\":\"https:\/\/portaltela.pt\/s.01k8rhncp4jt1\/2026\/04\/img_1280x721uu2020-07-18-01-08-41-959028.jpg\",\"datePublished\":\"2026-04-10T10:02:16+00:00\",\"author\":{\"@id\":\"https:\/\/portaltela.pt\/#\/schema\/person\/c4278d4a6028830caff9ee44b42d32ed\"},\"breadcrumb\":{\"@id\":\"https:\/\/portaltela.pt\/noticias\/2026\/04\/10\/homem-rouba-auriculares-e-e-detido-em-almada\/#breadcrumb\"},\"inLanguage\":\"pt-PT\",\"potentialAction\":[{\"@type\":\"ReadAction\",\"target\":[\"https:\/\/portaltela.pt\/noticias\/2026\/04\/10\/homem-rouba-auriculares-e-e-detido-em-almada\/\"]}]},{\"@type\":\"ImageObject\",\"inLanguage\":\"pt-PT\",\"@id\":\"https:\/\/portaltela.pt\/noticias\/2026\/04\/10\/homem-rouba-auriculares-e-e-detido-em-almada\/#primaryimage\",\"url\":\"https:\/\/portaltela.pt\/s.01k8rhncp4jt1\/2026\/04\/img_1280x721uu2020-07-18-01-08-41-959028.jpg\",\"contentUrl\":\"https:\/\/portaltela.pt\/s.01k8rhncp4jt1\/2026\/04\/img_1280x721uu2020-07-18-01-08-41-959028.jpg\",\"width\":796,\"height\":448,\"caption\":\"GNR\"},{\"@type\":\"BreadcrumbList\",\"@id\":\"https:\/\/portaltela.pt\/noticias\/2026\/04\/10\/homem-rouba-auriculares-e-e-detido-em-almada\/#breadcrumb\",\"itemListElement\":[{\"@type\":\"ListItem\",\"position\":1,\"name\":\"In\u00edcio\",\"item\":\"https:\/\/portaltela.pt\/\"},{\"@type\":\"ListItem\",\"position\":2,\"name\":\"Homem rouba auriculares e \u00e9 detido em Almada\"}]},{\"@type\":\"WebSite\",\"@id\":\"https:\/\/portaltela.pt\/#website\",\"url\":\"https:\/\/portaltela.pt\/\",\"name\":\"Portal Tela Portugal\",\"description\":\"\",\"potentialAction\":[{\"@type\":\"SearchAction\",\"target\":{\"@type\":\"EntryPoint\",\"urlTemplate\":\"https:\/\/portaltela.pt\/?s={search_term_string}\"},\"query-input\":{\"@type\":\"PropertyValueSpecification\",\"valueRequired\":true,\"valueName\":\"search_term_string\"}}],\"inLanguage\":\"pt-PT\"},{\"@type\":\"Person\",\"@id\":\"https:\/\/portaltela.pt\/#\/schema\/person\/c4278d4a6028830caff9ee44b42d32ed\",\"name\":\"Telinha\",\"image\":{\"@type\":\"ImageObject\",\"inLanguage\":\"pt-PT\",\"@id\":\"https:\/\/portaltela.pt\/s.01k8rhncp4jt1\/2025\/11\/talking-bot-125x125.png\",\"url\":\"https:\/\/portaltela.pt\/s.01k8rhncp4jt1\/2025\/11\/talking-bot-125x125.png\",\"contentUrl\":\"https:\/\/portaltela.pt\/s.01k8rhncp4jt1\/2025\/11\/talking-bot-125x125.png\",\"caption\":\"Telinha\"},\"sameAs\":[\"https:\/\/portaltela.pt\/\"],\"url\":\"https:\/\/portaltela.pt\/por\/367410592786\/\"}]}<\/script>\n<!-- \/ Yoast SEO plugin. -->","yoast_head_json":{"title":"Homem rouba auriculares e \u00e9 detido em Almada - Portal Tela Portugal","robots":{"index":"index","follow":"follow","max-snippet":"max-snippet:-1","max-image-preview":"max-image-preview:large","max-video-preview":"max-video-preview:-1"},"og_locale":"pt_PT","og_type":"article","og_title":"Homem rouba auriculares e \u00e9 detido em Almada - Portal Tela Portugal","og_description":"Um homem de 20 anos foi detido por roubo na via p\u00fablica, na passada quarta-feira, 8 de abril, no Monte da Caparica, em Almada. A deten\u00e7\u00e3o ocorreu ap\u00f3s den\u00fancia de furto de auscultadores; o objeto roubado foi apreendido e devolvido ao propriet\u00e1rio. Durante a interven\u00e7\u00e3o, foi realizada uma revista pessoal e apreendida uma catana com l\u00e2mina de 20 cent\u00edmetros. O suspeito ficou detido no Posto Territorial da Trafaria at\u00e9 ao primeiro interrogat\u00f3rio, onde lhe foram aplicadas medidas de coa\u00e7\u00e3o.","og_url":"https:\/\/portaltela.pt\/noticias\/2026\/04\/10\/homem-rouba-auriculares-e-e-detido-em-almada\/","og_site_name":"Portal Tela Portugal","article_published_time":"2026-04-10T10:02:16+00:00","author":"Telinha","twitter_card":"summary_large_image","twitter_misc":{"Escrito por":"Telinha","Tempo estimado de leitura":"1 minuto"},"schema":{"@context":"https:\/\/schema.org","@graph":[{"@type":"Article","@id":"https:\/\/portaltela.pt\/noticias\/2026\/04\/10\/homem-rouba-auriculares-e-e-detido-em-almada\/#article","isPartOf":{"@id":"https:\/\/portaltela.pt\/noticias\/2026\/04\/10\/homem-rouba-auriculares-e-e-detido-em-almada\/"},"author":{"name":"Telinha","@id":"https:\/\/portaltela.pt\/#\/schema\/person\/c4278d4a6028830caff9ee44b42d32ed"},"headline":"Homem rouba auriculares e \u00e9 detido em Almada","datePublished":"2026-04-10T10:02:16+00:00","mainEntityOfPage":{"@id":"https:\/\/portaltela.pt\/noticias\/2026\/04\/10\/homem-rouba-auriculares-e-e-detido-em-almada\/"},"wordCount":116,"image":{"@id":"https:\/\/portaltela.pt\/noticias\/2026\/04\/10\/homem-rouba-auriculares-e-e-detido-em-almada\/#primaryimage"},"thumbnailUrl":"https:\/\/portaltela.pt\/s.01k8rhncp4jt1\/2026\/04\/img_1280x721uu2020-07-18-01-08-41-959028.jpg","keywords":["Almada","crime","furto","Pol\u00edcia de Seguran\u00e7a P\u00fablica","roubo","seguran\u00e7a"],"articleSection":["Crime","Pol\u00edcia"],"inLanguage":"pt-PT"},{"@type":"WebPage","@id":"https:\/\/portaltela.pt\/noticias\/2026\/04\/10\/homem-rouba-auriculares-e-e-detido-em-almada\/","url":"https:\/\/portaltela.pt\/noticias\/2026\/04\/10\/homem-rouba-auriculares-e-e-detido-em-almada\/","name":"Homem rouba auriculares e \u00e9 detido em Almada - Portal Tela Portugal","isPartOf":{"@id":"https:\/\/portaltela.pt\/#website"},"primaryImageOfPage":{"@id":"https:\/\/portaltela.pt\/noticias\/2026\/04\/10\/homem-rouba-auriculares-e-e-detido-em-almada\/#primaryimage"},"image":{"@id":"https:\/\/portaltela.pt\/noticias\/2026\/04\/10\/homem-rouba-auriculares-e-e-detido-em-almada\/#primaryimage"},"thumbnailUrl":"https:\/\/portaltela.pt\/s.01k8rhncp4jt1\/2026\/04\/img_1280x721uu2020-07-18-01-08-41-959028.jpg","datePublished":"2026-04-10T10:02:16+00:00","author":{"@id":"https:\/\/portaltela.pt\/#\/schema\/person\/c4278d4a6028830caff9ee44b42d32ed"},"breadcrumb":{"@id":"https:\/\/portaltela.pt\/noticias\/2026\/04\/10\/homem-rouba-auriculares-e-e-detido-em-almada\/#breadcrumb"},"inLanguage":"pt-PT","potentialAction":[{"@type":"ReadAction","target":["https:\/\/portaltela.pt\/noticias\/2026\/04\/10\/homem-rouba-auriculares-e-e-detido-em-almada\/"]}]},{"@type":"ImageObject","inLanguage":"pt-PT","@id":"https:\/\/portaltela.pt\/noticias\/2026\/04\/10\/homem-rouba-auriculares-e-e-detido-em-almada\/#primaryimage","url":"https:\/\/portaltela.pt\/s.01k8rhncp4jt1\/2026\/04\/img_1280x721uu2020-07-18-01-08-41-959028.jpg","contentUrl":"https:\/\/portaltela.pt\/s.01k8rhncp4jt1\/2026\/04\/img_1280x721uu2020-07-18-01-08-41-959028.jpg","width":796,"height":448,"caption":"GNR"},{"@type":"BreadcrumbList","@id":"https:\/\/portaltela.pt\/noticias\/2026\/04\/10\/homem-rouba-auriculares-e-e-detido-em-almada\/#breadcrumb","itemListElement":[{"@type":"ListItem","position":1,"name":"In\u00edcio","item":"https:\/\/portaltela.pt\/"},{"@type":"ListItem","position":2,"name":"Homem rouba auriculares e \u00e9 detido em Almada"}]},{"@type":"WebSite","@id":"https:\/\/portaltela.pt\/#website","url":"https:\/\/portaltela.pt\/","name":"Portal Tela Portugal","description":"","potentialAction":[{"@type":"SearchAction","target":{"@type":"EntryPoint","urlTemplate":"https:\/\/portaltela.pt\/?s={search_term_string}"},"query-input":{"@type":"PropertyValueSpecification","valueRequired":true,"valueName":"search_term_string"}}],"inLanguage":"pt-PT"},{"@type":"Person","@id":"https:\/\/portaltela.pt\/#\/schema\/person\/c4278d4a6028830caff9ee44b42d32ed","name":"Telinha","image":{"@type":"ImageObject","inLanguage":"pt-PT","@id":"https:\/\/portaltela.pt\/s.01k8rhncp4jt1\/2025\/11\/talking-bot-125x125.png","url":"https:\/\/portaltela.pt\/s.01k8rhncp4jt1\/2025\/11\/talking-bot-125x125.png","contentUrl":"https:\/\/portaltela.pt\/s.01k8rhncp4jt1\/2025\/11\/talking-bot-125x125.png","caption":"Telinha"},"sameAs":["https:\/\/portaltela.pt\/"],"url":"https:\/\/portaltela.pt\/por\/367410592786\/"}]}},"_links":{"self":[{"href":"https:\/\/portaltela.pt\/api\/wp\/v2\/posts\/439066","targetHints":{"allow":["GET"]}}],"collection":[{"href":"https:\/\/portaltela.pt\/api\/wp\/v2\/posts"}],"about":[{"href":"https:\/\/portaltela.pt\/api\/wp\/v2\/types\/post"}],"author":[{"embeddable":true,"href":"https:\/\/portaltela.pt\/api\/wp\/v2\/users\/2"}],"replies":[{"embeddable":true,"href":"https:\/\/portaltela.pt\/api\/wp\/v2\/comments?post=439066"}],"version-history":[{"count":0,"href":"https:\/\/portaltela.pt\/api\/wp\/v2\/posts\/439066\/revisions"}],"wp:featuredmedia":[{"embeddable":true,"href":"https:\/\/portaltela.pt\/api\/wp\/v2\/media\/439068"}],"wp:attachment":[{"href":"https:\/\/portaltela.pt\/api\/wp\/v2\/media?parent=439066"}],"wp:term":[{"taxonomy":"category","embeddable":true,"href":"https:\/\/portaltela.pt\/api\/wp\/v2\/categories?post=439066"},{"taxonomy":"post_tag","embeddable":true,"href":"https:\/\/portaltela.pt\/api\/wp\/v2\/tags?post=439066"}],"curies":[{"name":"wp","href":"https:\/\/api.w.org\/{rel}","templated":true}]}}