{"id":439051,"date":"2026-04-10T06:47:35","date_gmt":"2026-04-10T09:47:35","guid":{"rendered":"https:\/\/portaltela.pt\/noticias\/2026\/04\/10\/mundial-altera-planos-de-casamento-de-goncalo-ramos-e-margarida\/"},"modified":"2026-04-10T06:47:35","modified_gmt":"2026-04-10T09:47:35","slug":"mundial-altera-planos-de-casamento-de-goncalo-ramos-e-margarida","status":"publish","type":"post","link":"https:\/\/portaltela.pt\/celebridades\/2026\/04\/10\/mundial-altera-planos-de-casamento-de-goncalo-ramos-e-margarida\/","title":{"rendered":"Mundial altera planos de casamento de Gon\u00e7alo Ramos e Margarida"},"content":{"rendered":"<p>O casal formado por Gon\u00e7alo Ramos e Margarida Amaral Domingues adiou a data do casamento por causa do calend\u00e1rio mundial. A cerim\u00f3nia, originalmente marcada para 18 de julho, ficou reagendada para 25 de julho, logo ap\u00f3s a final do Mundial.<\/p>\n<p>Maguias, como \u00e9 conhecida Margarida, confirmou no programa Cala-te Boca, da Mega Hits, que os preparativos est\u00e3o quase conclu\u00eddos. O filho do casal, Bernardo, tem 10 meses e ficar\u00e1 respons\u00e1vel por trazer as alian\u00e7as.<\/p>\n<p>A decis\u00e3o resulta de d\u00favidas sobre a presen\u00e7a de Gon\u00e7alo Ramos na final, caso o jogo se realize nesse fim de semana. O atleta \u00e9 colegas de equipa de Lucas Hern\u00e1ndez no Paris Saint-Germain, que tamb\u00e9m escolheram a mesma data para casar, com Victoria Triay.<\/p>\n<p>Os dois casamentos coincidentes resultaram numa janela de fim de semana espec\u00edfica, conforme explicou o internacional portugu\u00eas. Maguigas refor\u00e7ou que os convites foram enviados com este aviso, mantendo o tom pr\u00e1tico dos acontecimentos.<\/p>\n","protected":false},"excerpt":{"rendered":"<ul>\n<li>O casamento entre Gon\u00e7alo Ramos e Margarida Amaral Domingues, conhecido como Maguigas, adiou\u2011se de 18 de julho para 25 de julho por causa da final do Mundial.<\/li>\n<li>O casal revelou no programa Cala\u2011te Boca, da Mega Hits, que o enlace mant\u00e9m\u2011se neste ano, apenas com a nova data.<\/li>\n<li>O filho do casal, com 10 meses, ser\u00e1 o menino das alian\u00e7as.<\/li>\n<li>O jogador Lucas Hern\u00e1ndez, colega de Ramos no Paris Saint\u2011Germain, tamb\u00e9m vai casar\u2011se nesse fim de semana, com Victoria Triay, na mesma data.<\/li>\n<li>Maguigas brincou que, se os convidados portugueses n\u00e3o v\u00e3o ao casamento, ficam de castigo.<\/li>\n<\/ul>\n","protected":false},"author":2,"featured_media":439055,"comment_status":"closed","ping_status":"closed","sticky":false,"template":"","format":"standard","meta":{"footnotes":""},"categories":[6675],"tags":[6367,32,2981,1982,1014,2057],"class_list":["post-439051","post","type-post","status-publish","format-standard","has-post-thumbnail","hentry","category-celebridades","tag-copa2026","tag-futebol","tag-goncalo-ramos","tag-paris-saint-germain","tag-portugal","tag-selecao-nacional"],"yoast_head":"<!-- This site is optimized with the Yoast SEO plugin v27.2 - https:\/\/yoast.com\/product\/yoast-seo-wordpress\/ -->\n<title>Mundial altera planos de casamento de Gon\u00e7alo Ramos e Margarida - Portal Tela Portugal<\/title>\n<meta name=\"robots\" content=\"index, follow, max-snippet:-1, max-image-preview:large, max-video-preview:-1\" \/>\n<meta property=\"og:locale\" content=\"pt_PT\" \/>\n<meta property=\"og:type\" content=\"article\" \/>\n<meta property=\"og:title\" content=\"Mundial altera planos de casamento de Gon\u00e7alo Ramos e Margarida - Portal Tela Portugal\" \/>\n<meta property=\"og:description\" content=\"O casamento entre Gon\u00e7alo Ramos e Margarida Amaral Domingues, conhecido como Maguigas, adiou\u2011se de 18 de julho para 25 de julho por causa da final do Mundial. O casal revelou no programa Cala\u2011te Boca, da Mega Hits, que o enlace mant\u00e9m\u2011se neste ano, apenas com a nova data. O filho do casal, com 10 meses, ser\u00e1 o menino das alian\u00e7as. O jogador Lucas Hern\u00e1ndez, colega de Ramos no Paris Saint\u2011Germain, tamb\u00e9m vai casar\u2011se nesse fim de semana, com Victoria Triay, na mesma data. Maguigas brincou que, se os convidados portugueses n\u00e3o v\u00e3o ao casamento, ficam de castigo.\" \/>\n<meta property=\"og:url\" content=\"https:\/\/portaltela.pt\/noticias\/2026\/04\/10\/mundial-altera-planos-de-casamento-de-goncalo-ramos-e-margarida\/\" \/>\n<meta property=\"og:site_name\" content=\"Portal Tela Portugal\" \/>\n<meta property=\"article:published_time\" content=\"2026-04-10T09:47:35+00:00\" \/>\n<meta name=\"author\" content=\"Telinha\" \/>\n<meta name=\"twitter:card\" content=\"summary_large_image\" \/>\n<meta name=\"twitter:label1\" content=\"Escrito por\" \/>\n\t<meta name=\"twitter:data1\" content=\"Telinha\" \/>\n\t<meta name=\"twitter:label2\" content=\"Tempo estimado de leitura\" \/>\n\t<meta name=\"twitter:data2\" content=\"1 minuto\" \/>\n<script type=\"application\/ld+json\" class=\"yoast-schema-graph\">{\"@context\":\"https:\/\/schema.org\",\"@graph\":[{\"@type\":\"Article\",\"@id\":\"https:\/\/portaltela.pt\/noticias\/2026\/04\/10\/mundial-altera-planos-de-casamento-de-goncalo-ramos-e-margarida\/#article\",\"isPartOf\":{\"@id\":\"https:\/\/portaltela.pt\/noticias\/2026\/04\/10\/mundial-altera-planos-de-casamento-de-goncalo-ramos-e-margarida\/\"},\"author\":{\"name\":\"Telinha\",\"@id\":\"https:\/\/portaltela.pt\/#\/schema\/person\/c4278d4a6028830caff9ee44b42d32ed\"},\"headline\":\"Mundial altera planos de casamento de Gon\u00e7alo Ramos e Margarida\",\"datePublished\":\"2026-04-10T09:47:35+00:00\",\"mainEntityOfPage\":{\"@id\":\"https:\/\/portaltela.pt\/noticias\/2026\/04\/10\/mundial-altera-planos-de-casamento-de-goncalo-ramos-e-margarida\/\"},\"wordCount\":176,\"image\":{\"@id\":\"https:\/\/portaltela.pt\/noticias\/2026\/04\/10\/mundial-altera-planos-de-casamento-de-goncalo-ramos-e-margarida\/#primaryimage\"},\"thumbnailUrl\":\"https:\/\/portaltela.pt\/s.01k8rhncp4jt1\/2026\/04\/img_1280x718uu2024-09-10-21-56-54-1744710-im-639114096164416320.jpg\",\"keywords\":[\"#copa2026\",\"futebol\",\"Gon\u00e7alo Ramos\",\"Paris Saint-Germain\",\"Portugal\",\"Sele\u00e7\u00e3o Nacional\"],\"articleSection\":[\"Celebridades\"],\"inLanguage\":\"pt-PT\"},{\"@type\":\"WebPage\",\"@id\":\"https:\/\/portaltela.pt\/noticias\/2026\/04\/10\/mundial-altera-planos-de-casamento-de-goncalo-ramos-e-margarida\/\",\"url\":\"https:\/\/portaltela.pt\/noticias\/2026\/04\/10\/mundial-altera-planos-de-casamento-de-goncalo-ramos-e-margarida\/\",\"name\":\"Mundial altera planos de casamento de Gon\u00e7alo Ramos e Margarida - Portal Tela Portugal\",\"isPartOf\":{\"@id\":\"https:\/\/portaltela.pt\/#website\"},\"primaryImageOfPage\":{\"@id\":\"https:\/\/portaltela.pt\/noticias\/2026\/04\/10\/mundial-altera-planos-de-casamento-de-goncalo-ramos-e-margarida\/#primaryimage\"},\"image\":{\"@id\":\"https:\/\/portaltela.pt\/noticias\/2026\/04\/10\/mundial-altera-planos-de-casamento-de-goncalo-ramos-e-margarida\/#primaryimage\"},\"thumbnailUrl\":\"https:\/\/portaltela.pt\/s.01k8rhncp4jt1\/2026\/04\/img_1280x718uu2024-09-10-21-56-54-1744710-im-639114096164416320.jpg\",\"datePublished\":\"2026-04-10T09:47:35+00:00\",\"author\":{\"@id\":\"https:\/\/portaltela.pt\/#\/schema\/person\/c4278d4a6028830caff9ee44b42d32ed\"},\"breadcrumb\":{\"@id\":\"https:\/\/portaltela.pt\/noticias\/2026\/04\/10\/mundial-altera-planos-de-casamento-de-goncalo-ramos-e-margarida\/#breadcrumb\"},\"inLanguage\":\"pt-PT\",\"potentialAction\":[{\"@type\":\"ReadAction\",\"target\":[\"https:\/\/portaltela.pt\/noticias\/2026\/04\/10\/mundial-altera-planos-de-casamento-de-goncalo-ramos-e-margarida\/\"]}]},{\"@type\":\"ImageObject\",\"inLanguage\":\"pt-PT\",\"@id\":\"https:\/\/portaltela.pt\/noticias\/2026\/04\/10\/mundial-altera-planos-de-casamento-de-goncalo-ramos-e-margarida\/#primaryimage\",\"url\":\"https:\/\/portaltela.pt\/s.01k8rhncp4jt1\/2026\/04\/img_1280x718uu2024-09-10-21-56-54-1744710-im-639114096164416320.jpg\",\"contentUrl\":\"https:\/\/portaltela.pt\/s.01k8rhncp4jt1\/2026\/04\/img_1280x718uu2024-09-10-21-56-54-1744710-im-639114096164416320.jpg\",\"width\":796,\"height\":448,\"caption\":\"Margarida Amaral Domingues e Gon\u00e7alo Ramos\"},{\"@type\":\"BreadcrumbList\",\"@id\":\"https:\/\/portaltela.pt\/noticias\/2026\/04\/10\/mundial-altera-planos-de-casamento-de-goncalo-ramos-e-margarida\/#breadcrumb\",\"itemListElement\":[{\"@type\":\"ListItem\",\"position\":1,\"name\":\"In\u00edcio\",\"item\":\"https:\/\/portaltela.pt\/\"},{\"@type\":\"ListItem\",\"position\":2,\"name\":\"Mundial altera planos de casamento de Gon\u00e7alo Ramos e Margarida\"}]},{\"@type\":\"WebSite\",\"@id\":\"https:\/\/portaltela.pt\/#website\",\"url\":\"https:\/\/portaltela.pt\/\",\"name\":\"Portal Tela Portugal\",\"description\":\"\",\"potentialAction\":[{\"@type\":\"SearchAction\",\"target\":{\"@type\":\"EntryPoint\",\"urlTemplate\":\"https:\/\/portaltela.pt\/?s={search_term_string}\"},\"query-input\":{\"@type\":\"PropertyValueSpecification\",\"valueRequired\":true,\"valueName\":\"search_term_string\"}}],\"inLanguage\":\"pt-PT\"},{\"@type\":\"Person\",\"@id\":\"https:\/\/portaltela.pt\/#\/schema\/person\/c4278d4a6028830caff9ee44b42d32ed\",\"name\":\"Telinha\",\"image\":{\"@type\":\"ImageObject\",\"inLanguage\":\"pt-PT\",\"@id\":\"https:\/\/portaltela.pt\/s.01k8rhncp4jt1\/2025\/11\/talking-bot-125x125.png\",\"url\":\"https:\/\/portaltela.pt\/s.01k8rhncp4jt1\/2025\/11\/talking-bot-125x125.png\",\"contentUrl\":\"https:\/\/portaltela.pt\/s.01k8rhncp4jt1\/2025\/11\/talking-bot-125x125.png\",\"caption\":\"Telinha\"},\"sameAs\":[\"https:\/\/portaltela.pt\/\"],\"url\":\"https:\/\/portaltela.pt\/por\/367410592786\/\"}]}<\/script>\n<!-- \/ Yoast SEO plugin. -->","yoast_head_json":{"title":"Mundial altera planos de casamento de Gon\u00e7alo Ramos e Margarida - Portal Tela Portugal","robots":{"index":"index","follow":"follow","max-snippet":"max-snippet:-1","max-image-preview":"max-image-preview:large","max-video-preview":"max-video-preview:-1"},"og_locale":"pt_PT","og_type":"article","og_title":"Mundial altera planos de casamento de Gon\u00e7alo Ramos e Margarida - Portal Tela Portugal","og_description":"O casamento entre Gon\u00e7alo Ramos e Margarida Amaral Domingues, conhecido como Maguigas, adiou\u2011se de 18 de julho para 25 de julho por causa da final do Mundial. O casal revelou no programa Cala\u2011te Boca, da Mega Hits, que o enlace mant\u00e9m\u2011se neste ano, apenas com a nova data. O filho do casal, com 10 meses, ser\u00e1 o menino das alian\u00e7as. O jogador Lucas Hern\u00e1ndez, colega de Ramos no Paris Saint\u2011Germain, tamb\u00e9m vai casar\u2011se nesse fim de semana, com Victoria Triay, na mesma data. Maguigas brincou que, se os convidados portugueses n\u00e3o v\u00e3o ao casamento, ficam de castigo.","og_url":"https:\/\/portaltela.pt\/noticias\/2026\/04\/10\/mundial-altera-planos-de-casamento-de-goncalo-ramos-e-margarida\/","og_site_name":"Portal Tela Portugal","article_published_time":"2026-04-10T09:47:35+00:00","author":"Telinha","twitter_card":"summary_large_image","twitter_misc":{"Escrito por":"Telinha","Tempo estimado de leitura":"1 minuto"},"schema":{"@context":"https:\/\/schema.org","@graph":[{"@type":"Article","@id":"https:\/\/portaltela.pt\/noticias\/2026\/04\/10\/mundial-altera-planos-de-casamento-de-goncalo-ramos-e-margarida\/#article","isPartOf":{"@id":"https:\/\/portaltela.pt\/noticias\/2026\/04\/10\/mundial-altera-planos-de-casamento-de-goncalo-ramos-e-margarida\/"},"author":{"name":"Telinha","@id":"https:\/\/portaltela.pt\/#\/schema\/person\/c4278d4a6028830caff9ee44b42d32ed"},"headline":"Mundial altera planos de casamento de Gon\u00e7alo Ramos e Margarida","datePublished":"2026-04-10T09:47:35+00:00","mainEntityOfPage":{"@id":"https:\/\/portaltela.pt\/noticias\/2026\/04\/10\/mundial-altera-planos-de-casamento-de-goncalo-ramos-e-margarida\/"},"wordCount":176,"image":{"@id":"https:\/\/portaltela.pt\/noticias\/2026\/04\/10\/mundial-altera-planos-de-casamento-de-goncalo-ramos-e-margarida\/#primaryimage"},"thumbnailUrl":"https:\/\/portaltela.pt\/s.01k8rhncp4jt1\/2026\/04\/img_1280x718uu2024-09-10-21-56-54-1744710-im-639114096164416320.jpg","keywords":["#copa2026","futebol","Gon\u00e7alo Ramos","Paris Saint-Germain","Portugal","Sele\u00e7\u00e3o Nacional"],"articleSection":["Celebridades"],"inLanguage":"pt-PT"},{"@type":"WebPage","@id":"https:\/\/portaltela.pt\/noticias\/2026\/04\/10\/mundial-altera-planos-de-casamento-de-goncalo-ramos-e-margarida\/","url":"https:\/\/portaltela.pt\/noticias\/2026\/04\/10\/mundial-altera-planos-de-casamento-de-goncalo-ramos-e-margarida\/","name":"Mundial altera planos de casamento de Gon\u00e7alo Ramos e Margarida - Portal Tela Portugal","isPartOf":{"@id":"https:\/\/portaltela.pt\/#website"},"primaryImageOfPage":{"@id":"https:\/\/portaltela.pt\/noticias\/2026\/04\/10\/mundial-altera-planos-de-casamento-de-goncalo-ramos-e-margarida\/#primaryimage"},"image":{"@id":"https:\/\/portaltela.pt\/noticias\/2026\/04\/10\/mundial-altera-planos-de-casamento-de-goncalo-ramos-e-margarida\/#primaryimage"},"thumbnailUrl":"https:\/\/portaltela.pt\/s.01k8rhncp4jt1\/2026\/04\/img_1280x718uu2024-09-10-21-56-54-1744710-im-639114096164416320.jpg","datePublished":"2026-04-10T09:47:35+00:00","author":{"@id":"https:\/\/portaltela.pt\/#\/schema\/person\/c4278d4a6028830caff9ee44b42d32ed"},"breadcrumb":{"@id":"https:\/\/portaltela.pt\/noticias\/2026\/04\/10\/mundial-altera-planos-de-casamento-de-goncalo-ramos-e-margarida\/#breadcrumb"},"inLanguage":"pt-PT","potentialAction":[{"@type":"ReadAction","target":["https:\/\/portaltela.pt\/noticias\/2026\/04\/10\/mundial-altera-planos-de-casamento-de-goncalo-ramos-e-margarida\/"]}]},{"@type":"ImageObject","inLanguage":"pt-PT","@id":"https:\/\/portaltela.pt\/noticias\/2026\/04\/10\/mundial-altera-planos-de-casamento-de-goncalo-ramos-e-margarida\/#primaryimage","url":"https:\/\/portaltela.pt\/s.01k8rhncp4jt1\/2026\/04\/img_1280x718uu2024-09-10-21-56-54-1744710-im-639114096164416320.jpg","contentUrl":"https:\/\/portaltela.pt\/s.01k8rhncp4jt1\/2026\/04\/img_1280x718uu2024-09-10-21-56-54-1744710-im-639114096164416320.jpg","width":796,"height":448,"caption":"Margarida Amaral Domingues e Gon\u00e7alo Ramos"},{"@type":"BreadcrumbList","@id":"https:\/\/portaltela.pt\/noticias\/2026\/04\/10\/mundial-altera-planos-de-casamento-de-goncalo-ramos-e-margarida\/#breadcrumb","itemListElement":[{"@type":"ListItem","position":1,"name":"In\u00edcio","item":"https:\/\/portaltela.pt\/"},{"@type":"ListItem","position":2,"name":"Mundial altera planos de casamento de Gon\u00e7alo Ramos e Margarida"}]},{"@type":"WebSite","@id":"https:\/\/portaltela.pt\/#website","url":"https:\/\/portaltela.pt\/","name":"Portal Tela Portugal","description":"","potentialAction":[{"@type":"SearchAction","target":{"@type":"EntryPoint","urlTemplate":"https:\/\/portaltela.pt\/?s={search_term_string}"},"query-input":{"@type":"PropertyValueSpecification","valueRequired":true,"valueName":"search_term_string"}}],"inLanguage":"pt-PT"},{"@type":"Person","@id":"https:\/\/portaltela.pt\/#\/schema\/person\/c4278d4a6028830caff9ee44b42d32ed","name":"Telinha","image":{"@type":"ImageObject","inLanguage":"pt-PT","@id":"https:\/\/portaltela.pt\/s.01k8rhncp4jt1\/2025\/11\/talking-bot-125x125.png","url":"https:\/\/portaltela.pt\/s.01k8rhncp4jt1\/2025\/11\/talking-bot-125x125.png","contentUrl":"https:\/\/portaltela.pt\/s.01k8rhncp4jt1\/2025\/11\/talking-bot-125x125.png","caption":"Telinha"},"sameAs":["https:\/\/portaltela.pt\/"],"url":"https:\/\/portaltela.pt\/por\/367410592786\/"}]}},"_links":{"self":[{"href":"https:\/\/portaltela.pt\/api\/wp\/v2\/posts\/439051","targetHints":{"allow":["GET"]}}],"collection":[{"href":"https:\/\/portaltela.pt\/api\/wp\/v2\/posts"}],"about":[{"href":"https:\/\/portaltela.pt\/api\/wp\/v2\/types\/post"}],"author":[{"embeddable":true,"href":"https:\/\/portaltela.pt\/api\/wp\/v2\/users\/2"}],"replies":[{"embeddable":true,"href":"https:\/\/portaltela.pt\/api\/wp\/v2\/comments?post=439051"}],"version-history":[{"count":0,"href":"https:\/\/portaltela.pt\/api\/wp\/v2\/posts\/439051\/revisions"}],"wp:featuredmedia":[{"embeddable":true,"href":"https:\/\/portaltela.pt\/api\/wp\/v2\/media\/439055"}],"wp:attachment":[{"href":"https:\/\/portaltela.pt\/api\/wp\/v2\/media?parent=439051"}],"wp:term":[{"taxonomy":"category","embeddable":true,"href":"https:\/\/portaltela.pt\/api\/wp\/v2\/categories?post=439051"},{"taxonomy":"post_tag","embeddable":true,"href":"https:\/\/portaltela.pt\/api\/wp\/v2\/tags?post=439051"}],"curies":[{"name":"wp","href":"https:\/\/api.w.org\/{rel}","templated":true}]}}