{"id":439050,"date":"2026-04-10T06:47:36","date_gmt":"2026-04-10T09:47:36","guid":{"rendered":"https:\/\/portaltela.pt\/noticias\/2026\/04\/10\/mec-encerra-instituto-superior-de-administracao-e-linguas-na-madeira\/"},"modified":"2026-04-10T06:47:36","modified_gmt":"2026-04-10T09:47:36","slug":"mec-encerra-instituto-superior-de-administracao-e-linguas-na-madeira","status":"publish","type":"post","link":"https:\/\/portaltela.pt\/noticias\/politica\/2026\/04\/10\/mec-encerra-instituto-superior-de-administracao-e-linguas-na-madeira\/","title":{"rendered":"MEC encerra Instituto Superior de Administra\u00e7\u00e3o e L\u00ednguas na Madeira"},"content":{"rendered":"<p>O Minist\u00e9rio da Educa\u00e7\u00e3o, Ci\u00eancia e Inova\u00e7\u00e3o ordenou o encerramento compulsivo do Instituto Superior de Administra\u00e7\u00e3o e L\u00ednguas (ISAL), no Funchal. A decis\u00e3o, que tem validade at\u00e9 31 de outubro, surgiu por n\u00e3o ter sido poss\u00edvel renovar a acredita\u00e7\u00e3o junto da A3ES. Estudantes podem ainda concluir o ano letivo em curso.<\/p>\n<p>O MECI informa que, apesar do encerramento, o ISAL manter\u00e1 portas abertas at\u00e9 ao final de outubro para que os alunos prossigam com os seus cursos. Foram autorizadas vagas pontuais para mudan\u00e7a de institui\u00e7\u00e3o\/curso em 2025-2026 nas Licenciaturas de Gest\u00e3o de Empresas e Turismo, para alunos que n\u00e3o tenham conclu\u00eddo.<\/p>\n<h3>Contexto da decis\u00e3o<\/h3>\n<p>A n\u00e3o renova\u00e7\u00e3o da acredita\u00e7\u00e3o ocorreu em outubro de 2024, ap\u00f3s avalia\u00e7\u00e3o da A3ES que apontou insucesso em quatro de sete par\u00e2metros institucionais e incumprimentos legais relevantes. O relat\u00f3rio destacava, entre outros aspetos, que apenas um dos quatro novos ciclos de estudos entre 2017-2022 foi acreditado.<\/p>\n<p>Foram tamb\u00e9m identificadas lacunas nas metodologias de ensino e uma estrat\u00e9gia de investiga\u00e7\u00e3o dissociada dos recursos dispon\u00edveis. O sistema de garantia de qualidade foi classificado como incipiente, segundo o MECI. O ISAL recorreu judicialmente, o que atrasou a implementa\u00e7\u00e3o.<\/p>\n<h3>Processo e pr\u00f3ximos passos<\/h3>\n<p>A decis\u00e3o de 2024 tornou-se definitiva ap\u00f3s procedimentos legais, incluindo uma provid\u00eancia cautelar rejeitada pelo tribunal. Seguiu-se o encerramento compulsivo, com audi\u00e7\u00e3o pr\u00e9via da institui\u00e7\u00e3o.<\/p>\n<p>O Instituto para o Ensino Superior e a Inspe\u00e7\u00e3o-Geral de Educa\u00e7\u00e3o e Ci\u00eancia v\u00e3o acompanhar a organiza\u00e7\u00e3o da documenta\u00e7\u00e3o do ISAL, que ser\u00e1 entregue \u00e0 Universidade da Madeira para acesso por estudantes e pessoal acad\u00e9mico. Documenta\u00e7\u00e3o acad\u00e9mica poder\u00e1, quando necess\u00e1rio, ser emitida.<\/p>\n","protected":false},"excerpt":{"rendered":"<ul>\n<li>O Minist\u00e9rio da Educa\u00e7\u00e3o, Ci\u00eancia e Inova\u00e7\u00e3o determinou o encerramento compulsivo do Instituto Superior de Administra\u00e7\u00e3o e L\u00ednguas (ISAL), no Funchal, com cumprimento at\u00e9 31 de outubro.<\/li>\n<li>A decis\u00e3o resulta da n\u00e3o renova\u00e7\u00e3o da acredita\u00e7\u00e3o pelo Ag\u00eancia de Avalia\u00e7\u00e3o e Acredita\u00e7\u00e3o do Ensino Superior (A3ES), ap\u00f3s avalia\u00e7\u00e3o de outubro de 2024 com insuficiente em quatro de sete par\u00e2metros.<\/li>\n<li>Estudantes podem concluir o ano lectivo em curso; h\u00e1 autoriza\u00e7\u00e3o para abertura de vagas para mudan\u00e7a de institui\u00e7\u00e3o\/curso em 2025-2026 nas licenciaturas em Gest\u00e3o de Empresas e Turismo, n\u00e3o contabilizando para os limites legais.<\/li>\n<li>O ISAL recorreu judicialmente; a decis\u00e3o tornou-se definitiva ap\u00f3s provid\u00eancia cautelar contra a n\u00e3o acredita\u00e7\u00e3o ser considerada improcedente pelo Tribunal Central Administrativo do Sul.<\/li>\n<li>A documenta\u00e7\u00e3o do ISAL ser\u00e1 entregue \u00e0 Universidade da Madeira para acesso da comunidade acad\u00e9mica e emiss\u00e3o de documenta\u00e7\u00e3o acad\u00e9mica quando necess\u00e1rio.<\/li>\n<\/ul>\n","protected":false},"author":2,"featured_media":439056,"comment_status":"closed","ping_status":"closed","sticky":false,"template":"","format":"standard","meta":{"footnotes":""},"categories":[1,5],"tags":[7795,7858,163,92,215,58],"class_list":["post-439050","post","type-post","status-publish","format-standard","has-post-thumbnail","hentry","category-noticias","category-politica","tag-_educacao","tag-a3es","tag-educacao","tag-ensino","tag-investigacao","tag-universidades"],"yoast_head":"<!-- This site is optimized with the Yoast SEO plugin v27.2 - https:\/\/yoast.com\/product\/yoast-seo-wordpress\/ -->\n<title>MEC encerra Instituto Superior de Administra\u00e7\u00e3o e L\u00ednguas na Madeira - Portal Tela Portugal<\/title>\n<meta name=\"robots\" content=\"index, follow, max-snippet:-1, max-image-preview:large, max-video-preview:-1\" \/>\n<meta property=\"og:locale\" content=\"pt_PT\" \/>\n<meta property=\"og:type\" content=\"article\" \/>\n<meta property=\"og:title\" content=\"MEC encerra Instituto Superior de Administra\u00e7\u00e3o e L\u00ednguas na Madeira - Portal Tela Portugal\" \/>\n<meta property=\"og:description\" content=\"O Minist\u00e9rio da Educa\u00e7\u00e3o, Ci\u00eancia e Inova\u00e7\u00e3o determinou o encerramento compulsivo do Instituto Superior de Administra\u00e7\u00e3o e L\u00ednguas (ISAL), no Funchal, com cumprimento at\u00e9 31 de outubro. A decis\u00e3o resulta da n\u00e3o renova\u00e7\u00e3o da acredita\u00e7\u00e3o pelo Ag\u00eancia de Avalia\u00e7\u00e3o e Acredita\u00e7\u00e3o do Ensino Superior (A3ES), ap\u00f3s avalia\u00e7\u00e3o de outubro de 2024 com insuficiente em quatro de sete par\u00e2metros. Estudantes podem concluir o ano lectivo em curso; h\u00e1 autoriza\u00e7\u00e3o para abertura de vagas para mudan\u00e7a de institui\u00e7\u00e3o\/curso em 2025-2026 nas licenciaturas em Gest\u00e3o de Empresas e Turismo, n\u00e3o contabilizando para os limites legais. O ISAL recorreu judicialmente; a decis\u00e3o tornou-se definitiva ap\u00f3s provid\u00eancia cautelar contra a n\u00e3o acredita\u00e7\u00e3o ser considerada improcedente pelo Tribunal Central Administrativo do Sul. A documenta\u00e7\u00e3o do ISAL ser\u00e1 entregue \u00e0 Universidade da Madeira para acesso da comunidade acad\u00e9mica e emiss\u00e3o de documenta\u00e7\u00e3o acad\u00e9mica quando necess\u00e1rio.\" \/>\n<meta property=\"og:url\" content=\"https:\/\/portaltela.pt\/noticias\/2026\/04\/10\/mec-encerra-instituto-superior-de-administracao-e-linguas-na-madeira\/\" \/>\n<meta property=\"og:site_name\" content=\"Portal Tela Portugal\" \/>\n<meta property=\"article:published_time\" content=\"2026-04-10T09:47:36+00:00\" \/>\n<meta name=\"author\" content=\"Telinha\" \/>\n<meta name=\"twitter:card\" content=\"summary_large_image\" \/>\n<meta name=\"twitter:label1\" content=\"Escrito por\" \/>\n\t<meta name=\"twitter:data1\" content=\"Telinha\" \/>\n\t<meta name=\"twitter:label2\" content=\"Tempo estimado de leitura\" \/>\n\t<meta name=\"twitter:data2\" content=\"2 minutos\" \/>\n<script type=\"application\/ld+json\" class=\"yoast-schema-graph\">{\"@context\":\"https:\/\/schema.org\",\"@graph\":[{\"@type\":\"Article\",\"@id\":\"https:\/\/portaltela.pt\/noticias\/2026\/04\/10\/mec-encerra-instituto-superior-de-administracao-e-linguas-na-madeira\/#article\",\"isPartOf\":{\"@id\":\"https:\/\/portaltela.pt\/noticias\/2026\/04\/10\/mec-encerra-instituto-superior-de-administracao-e-linguas-na-madeira\/\"},\"author\":{\"name\":\"Telinha\",\"@id\":\"https:\/\/portaltela.pt\/#\/schema\/person\/c4278d4a6028830caff9ee44b42d32ed\"},\"headline\":\"MEC encerra Instituto Superior de Administra\u00e7\u00e3o e L\u00ednguas na Madeira\",\"datePublished\":\"2026-04-10T09:47:36+00:00\",\"mainEntityOfPage\":{\"@id\":\"https:\/\/portaltela.pt\/noticias\/2026\/04\/10\/mec-encerra-instituto-superior-de-administracao-e-linguas-na-madeira\/\"},\"wordCount\":316,\"image\":{\"@id\":\"https:\/\/portaltela.pt\/noticias\/2026\/04\/10\/mec-encerra-instituto-superior-de-administracao-e-linguas-na-madeira\/#primaryimage\"},\"thumbnailUrl\":\"https:\/\/portaltela.pt\/s.01k8rhncp4jt1\/2026\/04\/2080409.jpg\",\"keywords\":[\"_educa\u00e7\u00e3o\",\"A3ES\",\"educa\u00e7\u00e3o\",\"ensino\",\"investiga\u00e7\u00e3o\",\"universidades\"],\"articleSection\":[\"Not\u00edcias\",\"Pol\u00edtica\"],\"inLanguage\":\"pt-PT\"},{\"@type\":\"WebPage\",\"@id\":\"https:\/\/portaltela.pt\/noticias\/2026\/04\/10\/mec-encerra-instituto-superior-de-administracao-e-linguas-na-madeira\/\",\"url\":\"https:\/\/portaltela.pt\/noticias\/2026\/04\/10\/mec-encerra-instituto-superior-de-administracao-e-linguas-na-madeira\/\",\"name\":\"MEC encerra Instituto Superior de Administra\u00e7\u00e3o e L\u00ednguas na Madeira - Portal Tela Portugal\",\"isPartOf\":{\"@id\":\"https:\/\/portaltela.pt\/#website\"},\"primaryImageOfPage\":{\"@id\":\"https:\/\/portaltela.pt\/noticias\/2026\/04\/10\/mec-encerra-instituto-superior-de-administracao-e-linguas-na-madeira\/#primaryimage\"},\"image\":{\"@id\":\"https:\/\/portaltela.pt\/noticias\/2026\/04\/10\/mec-encerra-instituto-superior-de-administracao-e-linguas-na-madeira\/#primaryimage\"},\"thumbnailUrl\":\"https:\/\/portaltela.pt\/s.01k8rhncp4jt1\/2026\/04\/2080409.jpg\",\"datePublished\":\"2026-04-10T09:47:36+00:00\",\"author\":{\"@id\":\"https:\/\/portaltela.pt\/#\/schema\/person\/c4278d4a6028830caff9ee44b42d32ed\"},\"breadcrumb\":{\"@id\":\"https:\/\/portaltela.pt\/noticias\/2026\/04\/10\/mec-encerra-instituto-superior-de-administracao-e-linguas-na-madeira\/#breadcrumb\"},\"inLanguage\":\"pt-PT\",\"potentialAction\":[{\"@type\":\"ReadAction\",\"target\":[\"https:\/\/portaltela.pt\/noticias\/2026\/04\/10\/mec-encerra-instituto-superior-de-administracao-e-linguas-na-madeira\/\"]}]},{\"@type\":\"ImageObject\",\"inLanguage\":\"pt-PT\",\"@id\":\"https:\/\/portaltela.pt\/noticias\/2026\/04\/10\/mec-encerra-instituto-superior-de-administracao-e-linguas-na-madeira\/#primaryimage\",\"url\":\"https:\/\/portaltela.pt\/s.01k8rhncp4jt1\/2026\/04\/2080409.jpg\",\"contentUrl\":\"https:\/\/portaltela.pt\/s.01k8rhncp4jt1\/2026\/04\/2080409.jpg\",\"width\":796,\"height\":448,\"caption\":\"O instituto tem sede no Funchal e o seu arquivo ficar\u00e1 a cargo da Universidade da Madeira\"},{\"@type\":\"BreadcrumbList\",\"@id\":\"https:\/\/portaltela.pt\/noticias\/2026\/04\/10\/mec-encerra-instituto-superior-de-administracao-e-linguas-na-madeira\/#breadcrumb\",\"itemListElement\":[{\"@type\":\"ListItem\",\"position\":1,\"name\":\"In\u00edcio\",\"item\":\"https:\/\/portaltela.pt\/\"},{\"@type\":\"ListItem\",\"position\":2,\"name\":\"MEC encerra Instituto Superior de Administra\u00e7\u00e3o e L\u00ednguas na Madeira\"}]},{\"@type\":\"WebSite\",\"@id\":\"https:\/\/portaltela.pt\/#website\",\"url\":\"https:\/\/portaltela.pt\/\",\"name\":\"Portal Tela Portugal\",\"description\":\"\",\"potentialAction\":[{\"@type\":\"SearchAction\",\"target\":{\"@type\":\"EntryPoint\",\"urlTemplate\":\"https:\/\/portaltela.pt\/?s={search_term_string}\"},\"query-input\":{\"@type\":\"PropertyValueSpecification\",\"valueRequired\":true,\"valueName\":\"search_term_string\"}}],\"inLanguage\":\"pt-PT\"},{\"@type\":\"Person\",\"@id\":\"https:\/\/portaltela.pt\/#\/schema\/person\/c4278d4a6028830caff9ee44b42d32ed\",\"name\":\"Telinha\",\"image\":{\"@type\":\"ImageObject\",\"inLanguage\":\"pt-PT\",\"@id\":\"https:\/\/portaltela.pt\/s.01k8rhncp4jt1\/2025\/11\/talking-bot-125x125.png\",\"url\":\"https:\/\/portaltela.pt\/s.01k8rhncp4jt1\/2025\/11\/talking-bot-125x125.png\",\"contentUrl\":\"https:\/\/portaltela.pt\/s.01k8rhncp4jt1\/2025\/11\/talking-bot-125x125.png\",\"caption\":\"Telinha\"},\"sameAs\":[\"https:\/\/portaltela.pt\/\"],\"url\":\"https:\/\/portaltela.pt\/por\/367410592786\/\"}]}<\/script>\n<!-- \/ Yoast SEO plugin. -->","yoast_head_json":{"title":"MEC encerra Instituto Superior de Administra\u00e7\u00e3o e L\u00ednguas na Madeira - Portal Tela Portugal","robots":{"index":"index","follow":"follow","max-snippet":"max-snippet:-1","max-image-preview":"max-image-preview:large","max-video-preview":"max-video-preview:-1"},"og_locale":"pt_PT","og_type":"article","og_title":"MEC encerra Instituto Superior de Administra\u00e7\u00e3o e L\u00ednguas na Madeira - Portal Tela Portugal","og_description":"O Minist\u00e9rio da Educa\u00e7\u00e3o, Ci\u00eancia e Inova\u00e7\u00e3o determinou o encerramento compulsivo do Instituto Superior de Administra\u00e7\u00e3o e L\u00ednguas (ISAL), no Funchal, com cumprimento at\u00e9 31 de outubro. A decis\u00e3o resulta da n\u00e3o renova\u00e7\u00e3o da acredita\u00e7\u00e3o pelo Ag\u00eancia de Avalia\u00e7\u00e3o e Acredita\u00e7\u00e3o do Ensino Superior (A3ES), ap\u00f3s avalia\u00e7\u00e3o de outubro de 2024 com insuficiente em quatro de sete par\u00e2metros. Estudantes podem concluir o ano lectivo em curso; h\u00e1 autoriza\u00e7\u00e3o para abertura de vagas para mudan\u00e7a de institui\u00e7\u00e3o\/curso em 2025-2026 nas licenciaturas em Gest\u00e3o de Empresas e Turismo, n\u00e3o contabilizando para os limites legais. O ISAL recorreu judicialmente; a decis\u00e3o tornou-se definitiva ap\u00f3s provid\u00eancia cautelar contra a n\u00e3o acredita\u00e7\u00e3o ser considerada improcedente pelo Tribunal Central Administrativo do Sul. A documenta\u00e7\u00e3o do ISAL ser\u00e1 entregue \u00e0 Universidade da Madeira para acesso da comunidade acad\u00e9mica e emiss\u00e3o de documenta\u00e7\u00e3o acad\u00e9mica quando necess\u00e1rio.","og_url":"https:\/\/portaltela.pt\/noticias\/2026\/04\/10\/mec-encerra-instituto-superior-de-administracao-e-linguas-na-madeira\/","og_site_name":"Portal Tela Portugal","article_published_time":"2026-04-10T09:47:36+00:00","author":"Telinha","twitter_card":"summary_large_image","twitter_misc":{"Escrito por":"Telinha","Tempo estimado de leitura":"2 minutos"},"schema":{"@context":"https:\/\/schema.org","@graph":[{"@type":"Article","@id":"https:\/\/portaltela.pt\/noticias\/2026\/04\/10\/mec-encerra-instituto-superior-de-administracao-e-linguas-na-madeira\/#article","isPartOf":{"@id":"https:\/\/portaltela.pt\/noticias\/2026\/04\/10\/mec-encerra-instituto-superior-de-administracao-e-linguas-na-madeira\/"},"author":{"name":"Telinha","@id":"https:\/\/portaltela.pt\/#\/schema\/person\/c4278d4a6028830caff9ee44b42d32ed"},"headline":"MEC encerra Instituto Superior de Administra\u00e7\u00e3o e L\u00ednguas na Madeira","datePublished":"2026-04-10T09:47:36+00:00","mainEntityOfPage":{"@id":"https:\/\/portaltela.pt\/noticias\/2026\/04\/10\/mec-encerra-instituto-superior-de-administracao-e-linguas-na-madeira\/"},"wordCount":316,"image":{"@id":"https:\/\/portaltela.pt\/noticias\/2026\/04\/10\/mec-encerra-instituto-superior-de-administracao-e-linguas-na-madeira\/#primaryimage"},"thumbnailUrl":"https:\/\/portaltela.pt\/s.01k8rhncp4jt1\/2026\/04\/2080409.jpg","keywords":["_educa\u00e7\u00e3o","A3ES","educa\u00e7\u00e3o","ensino","investiga\u00e7\u00e3o","universidades"],"articleSection":["Not\u00edcias","Pol\u00edtica"],"inLanguage":"pt-PT"},{"@type":"WebPage","@id":"https:\/\/portaltela.pt\/noticias\/2026\/04\/10\/mec-encerra-instituto-superior-de-administracao-e-linguas-na-madeira\/","url":"https:\/\/portaltela.pt\/noticias\/2026\/04\/10\/mec-encerra-instituto-superior-de-administracao-e-linguas-na-madeira\/","name":"MEC encerra Instituto Superior de Administra\u00e7\u00e3o e L\u00ednguas na Madeira - Portal Tela Portugal","isPartOf":{"@id":"https:\/\/portaltela.pt\/#website"},"primaryImageOfPage":{"@id":"https:\/\/portaltela.pt\/noticias\/2026\/04\/10\/mec-encerra-instituto-superior-de-administracao-e-linguas-na-madeira\/#primaryimage"},"image":{"@id":"https:\/\/portaltela.pt\/noticias\/2026\/04\/10\/mec-encerra-instituto-superior-de-administracao-e-linguas-na-madeira\/#primaryimage"},"thumbnailUrl":"https:\/\/portaltela.pt\/s.01k8rhncp4jt1\/2026\/04\/2080409.jpg","datePublished":"2026-04-10T09:47:36+00:00","author":{"@id":"https:\/\/portaltela.pt\/#\/schema\/person\/c4278d4a6028830caff9ee44b42d32ed"},"breadcrumb":{"@id":"https:\/\/portaltela.pt\/noticias\/2026\/04\/10\/mec-encerra-instituto-superior-de-administracao-e-linguas-na-madeira\/#breadcrumb"},"inLanguage":"pt-PT","potentialAction":[{"@type":"ReadAction","target":["https:\/\/portaltela.pt\/noticias\/2026\/04\/10\/mec-encerra-instituto-superior-de-administracao-e-linguas-na-madeira\/"]}]},{"@type":"ImageObject","inLanguage":"pt-PT","@id":"https:\/\/portaltela.pt\/noticias\/2026\/04\/10\/mec-encerra-instituto-superior-de-administracao-e-linguas-na-madeira\/#primaryimage","url":"https:\/\/portaltela.pt\/s.01k8rhncp4jt1\/2026\/04\/2080409.jpg","contentUrl":"https:\/\/portaltela.pt\/s.01k8rhncp4jt1\/2026\/04\/2080409.jpg","width":796,"height":448,"caption":"O instituto tem sede no Funchal e o seu arquivo ficar\u00e1 a cargo da Universidade da Madeira"},{"@type":"BreadcrumbList","@id":"https:\/\/portaltela.pt\/noticias\/2026\/04\/10\/mec-encerra-instituto-superior-de-administracao-e-linguas-na-madeira\/#breadcrumb","itemListElement":[{"@type":"ListItem","position":1,"name":"In\u00edcio","item":"https:\/\/portaltela.pt\/"},{"@type":"ListItem","position":2,"name":"MEC encerra Instituto Superior de Administra\u00e7\u00e3o e L\u00ednguas na Madeira"}]},{"@type":"WebSite","@id":"https:\/\/portaltela.pt\/#website","url":"https:\/\/portaltela.pt\/","name":"Portal Tela Portugal","description":"","potentialAction":[{"@type":"SearchAction","target":{"@type":"EntryPoint","urlTemplate":"https:\/\/portaltela.pt\/?s={search_term_string}"},"query-input":{"@type":"PropertyValueSpecification","valueRequired":true,"valueName":"search_term_string"}}],"inLanguage":"pt-PT"},{"@type":"Person","@id":"https:\/\/portaltela.pt\/#\/schema\/person\/c4278d4a6028830caff9ee44b42d32ed","name":"Telinha","image":{"@type":"ImageObject","inLanguage":"pt-PT","@id":"https:\/\/portaltela.pt\/s.01k8rhncp4jt1\/2025\/11\/talking-bot-125x125.png","url":"https:\/\/portaltela.pt\/s.01k8rhncp4jt1\/2025\/11\/talking-bot-125x125.png","contentUrl":"https:\/\/portaltela.pt\/s.01k8rhncp4jt1\/2025\/11\/talking-bot-125x125.png","caption":"Telinha"},"sameAs":["https:\/\/portaltela.pt\/"],"url":"https:\/\/portaltela.pt\/por\/367410592786\/"}]}},"_links":{"self":[{"href":"https:\/\/portaltela.pt\/api\/wp\/v2\/posts\/439050","targetHints":{"allow":["GET"]}}],"collection":[{"href":"https:\/\/portaltela.pt\/api\/wp\/v2\/posts"}],"about":[{"href":"https:\/\/portaltela.pt\/api\/wp\/v2\/types\/post"}],"author":[{"embeddable":true,"href":"https:\/\/portaltela.pt\/api\/wp\/v2\/users\/2"}],"replies":[{"embeddable":true,"href":"https:\/\/portaltela.pt\/api\/wp\/v2\/comments?post=439050"}],"version-history":[{"count":0,"href":"https:\/\/portaltela.pt\/api\/wp\/v2\/posts\/439050\/revisions"}],"wp:featuredmedia":[{"embeddable":true,"href":"https:\/\/portaltela.pt\/api\/wp\/v2\/media\/439056"}],"wp:attachment":[{"href":"https:\/\/portaltela.pt\/api\/wp\/v2\/media?parent=439050"}],"wp:term":[{"taxonomy":"category","embeddable":true,"href":"https:\/\/portaltela.pt\/api\/wp\/v2\/categories?post=439050"},{"taxonomy":"post_tag","embeddable":true,"href":"https:\/\/portaltela.pt\/api\/wp\/v2\/tags?post=439050"}],"curies":[{"name":"wp","href":"https:\/\/api.w.org\/{rel}","templated":true}]}}