{"id":439043,"date":"2026-04-10T06:47:31","date_gmt":"2026-04-10T09:47:31","guid":{"rendered":"https:\/\/portaltela.pt\/noticias\/2026\/04\/10\/juiz-impede-a-administracao-trump-de-revogar-protecao-legal-a-5-mil-etiopes\/"},"modified":"2026-04-10T06:47:31","modified_gmt":"2026-04-10T09:47:31","slug":"juiz-impede-a-administracao-trump-de-revogar-protecao-legal-a-5-mil-etiopes","status":"publish","type":"post","link":"https:\/\/portaltela.pt\/noticias\/politica\/2026\/04\/10\/juiz-impede-a-administracao-trump-de-revogar-protecao-legal-a-5-mil-etiopes\/","title":{"rendered":"Juiz impede a Administra\u00e7\u00e3o Trump de revogar prote\u00e7\u00e3o legal a 5 mil et\u00edopes"},"content":{"rendered":"<p>O juiz de um tribunal federal em Massachusetts decidiu impedir a Administra\u00e7\u00e3o Trump de revogar o Estatuto de Prote\u00e7\u00e3o Tempor\u00e1ria (TPS) atribu\u00eddo a cerca de 5.000 et\u00edopes. A prote\u00e7\u00e3o permite que estas pessoas permane\u00e7am nos EUA e trabalhem enquanto n\u00e3o for considerado seguro o regresso aos seus pa\u00edses de origem. A medida caracteriza mais uma derrota judicial para a atual administra\u00e7\u00e3o no tema da imigra\u00e7\u00e3o.<\/p>\n<p>Segundo o tribunal, a revoga\u00e7\u00e3o do TPS n\u00e3o pode ocorrer sem uma avalia\u00e7\u00e3o adequada dos impactos legais e humanos sobre os benefici\u00e1rios. O TPS \u00e9 um regime que, em diferentes per\u00edodos, foi aplicado a v\u00e1rias nacionalidades para impedir deporta\u00e7\u00f5es durante situa\u00e7\u00f5es de conflito ou instabilidade nos seus pa\u00edses de origem. O caso envolve m\u00faltiplos requerentes com estatuto tempor\u00e1rio vigente h\u00e1 anos e cuja prote\u00e7\u00e3o estava sujeita a altera\u00e7\u00f5es pela administra\u00e7\u00e3o federal.<\/p>\n<p>Al\u00e9m do foco espec\u00edfico nos et\u00edopes, especialistas mencionam que milhares de processos related a TPS continuam pendentes em tribunais em v\u00e1rias jurisdi\u00e7\u00f5es. Observadores jur\u00eddicos apontam que as decis\u00f5es nestes casos podem influenciar futuras revis\u00f5es de pol\u00edticas migrat\u00f3rias, ainda que cada caso tenha particularidades legais distintas. A administra\u00e7\u00e3o tem a possibilidade de recorrer, o que pode prolongar o desenrolar do processo.<\/p>\n","protected":false},"excerpt":{"rendered":"<ul>\n<li>Um juiz do Massachusetts decidiu que a Administra\u00e7\u00e3o Trump n\u00e3o pode revogar a Prote\u00e7\u00e3o Tempor\u00e1ria (TPS) atribu\u00edda a cerca de cinco mil et\u00edopes.<\/li>\n<li>A TPS permite que os benefici\u00e1rios vivam e trabalhem nos Estados Unidos enquanto n\u00e3o for seguro regressar ao pa\u00eds de origem.<\/li>\n<li>Existem milhares de casos em tribunal relacionados com a poss\u00edvel revoga\u00e7\u00e3o da TPS para v\u00e1rias nacionalidades.<\/li>\n<li>A decis\u00e3o ocorre numa sequ\u00eancia de derrotas judiciais \u00e0 Administra\u00e7\u00e3o Trump em quest\u00f5es de imigra\u00e7\u00e3o.<\/li>\n<\/ul>\n","protected":false},"author":2,"featured_media":439045,"comment_status":"closed","ping_status":"closed","sticky":false,"template":"","format":"standard","meta":{"footnotes":""},"categories":[6912,5],"tags":[3034,2633,712,6612,5450,6208],"class_list":["post-439043","post","type-post","status-publish","format-standard","has-post-thumbnail","hentry","category-internacionais","category-politica","tag-direito-internacional","tag-direitos-humanos","tag-imigracao","tag-imigracao-internacional","tag-jurisdicao-internacional","tag-tribunais"],"yoast_head":"<!-- This site is optimized with the Yoast SEO plugin v27.2 - https:\/\/yoast.com\/product\/yoast-seo-wordpress\/ -->\n<title>Juiz impede a Administra\u00e7\u00e3o Trump de revogar prote\u00e7\u00e3o legal a 5 mil et\u00edopes - Portal Tela Portugal<\/title>\n<meta name=\"robots\" content=\"index, follow, max-snippet:-1, max-image-preview:large, max-video-preview:-1\" \/>\n<meta property=\"og:locale\" content=\"pt_PT\" \/>\n<meta property=\"og:type\" content=\"article\" \/>\n<meta property=\"og:title\" content=\"Juiz impede a Administra\u00e7\u00e3o Trump de revogar prote\u00e7\u00e3o legal a 5 mil et\u00edopes - Portal Tela Portugal\" \/>\n<meta property=\"og:description\" content=\"Um juiz do Massachusetts decidiu que a Administra\u00e7\u00e3o Trump n\u00e3o pode revogar a Prote\u00e7\u00e3o Tempor\u00e1ria (TPS) atribu\u00edda a cerca de cinco mil et\u00edopes. A TPS permite que os benefici\u00e1rios vivam e trabalhem nos Estados Unidos enquanto n\u00e3o for seguro regressar ao pa\u00eds de origem. Existem milhares de casos em tribunal relacionados com a poss\u00edvel revoga\u00e7\u00e3o da TPS para v\u00e1rias nacionalidades. A decis\u00e3o ocorre numa sequ\u00eancia de derrotas judiciais \u00e0 Administra\u00e7\u00e3o Trump em quest\u00f5es de imigra\u00e7\u00e3o.\" \/>\n<meta property=\"og:url\" content=\"https:\/\/portaltela.pt\/noticias\/2026\/04\/10\/juiz-impede-a-administracao-trump-de-revogar-protecao-legal-a-5-mil-etiopes\/\" \/>\n<meta property=\"og:site_name\" content=\"Portal Tela Portugal\" \/>\n<meta property=\"article:published_time\" content=\"2026-04-10T09:47:31+00:00\" \/>\n<meta name=\"author\" content=\"Telinha\" \/>\n<meta name=\"twitter:card\" content=\"summary_large_image\" \/>\n<meta name=\"twitter:label1\" content=\"Escrito por\" \/>\n\t<meta name=\"twitter:data1\" content=\"Telinha\" \/>\n\t<meta name=\"twitter:label2\" content=\"Tempo estimado de leitura\" \/>\n\t<meta name=\"twitter:data2\" content=\"1 minuto\" \/>\n<script type=\"application\/ld+json\" class=\"yoast-schema-graph\">{\"@context\":\"https:\/\/schema.org\",\"@graph\":[{\"@type\":\"Article\",\"@id\":\"https:\/\/portaltela.pt\/noticias\/2026\/04\/10\/juiz-impede-a-administracao-trump-de-revogar-protecao-legal-a-5-mil-etiopes\/#article\",\"isPartOf\":{\"@id\":\"https:\/\/portaltela.pt\/noticias\/2026\/04\/10\/juiz-impede-a-administracao-trump-de-revogar-protecao-legal-a-5-mil-etiopes\/\"},\"author\":{\"name\":\"Telinha\",\"@id\":\"https:\/\/portaltela.pt\/#\/schema\/person\/c4278d4a6028830caff9ee44b42d32ed\"},\"headline\":\"Juiz impede a Administra\u00e7\u00e3o Trump de revogar prote\u00e7\u00e3o legal a 5 mil et\u00edopes\",\"datePublished\":\"2026-04-10T09:47:31+00:00\",\"mainEntityOfPage\":{\"@id\":\"https:\/\/portaltela.pt\/noticias\/2026\/04\/10\/juiz-impede-a-administracao-trump-de-revogar-protecao-legal-a-5-mil-etiopes\/\"},\"wordCount\":245,\"image\":{\"@id\":\"https:\/\/portaltela.pt\/noticias\/2026\/04\/10\/juiz-impede-a-administracao-trump-de-revogar-protecao-legal-a-5-mil-etiopes\/#primaryimage\"},\"thumbnailUrl\":\"https:\/\/portaltela.pt\/s.01k8rhncp4jt1\/2026\/04\/2080404.jpg\",\"keywords\":[\"direito internacional\",\"direitos humanos\",\"imigra\u00e7\u00e3o\",\"imigra\u00e7\u00e3o internacional\",\"jurisdi\u00e7\u00e3o internacional\",\"Tribunais\"],\"articleSection\":[\"Internacionais\",\"Pol\u00edtica\"],\"inLanguage\":\"pt-PT\"},{\"@type\":\"WebPage\",\"@id\":\"https:\/\/portaltela.pt\/noticias\/2026\/04\/10\/juiz-impede-a-administracao-trump-de-revogar-protecao-legal-a-5-mil-etiopes\/\",\"url\":\"https:\/\/portaltela.pt\/noticias\/2026\/04\/10\/juiz-impede-a-administracao-trump-de-revogar-protecao-legal-a-5-mil-etiopes\/\",\"name\":\"Juiz impede a Administra\u00e7\u00e3o Trump de revogar prote\u00e7\u00e3o legal a 5 mil et\u00edopes - Portal Tela Portugal\",\"isPartOf\":{\"@id\":\"https:\/\/portaltela.pt\/#website\"},\"primaryImageOfPage\":{\"@id\":\"https:\/\/portaltela.pt\/noticias\/2026\/04\/10\/juiz-impede-a-administracao-trump-de-revogar-protecao-legal-a-5-mil-etiopes\/#primaryimage\"},\"image\":{\"@id\":\"https:\/\/portaltela.pt\/noticias\/2026\/04\/10\/juiz-impede-a-administracao-trump-de-revogar-protecao-legal-a-5-mil-etiopes\/#primaryimage\"},\"thumbnailUrl\":\"https:\/\/portaltela.pt\/s.01k8rhncp4jt1\/2026\/04\/2080404.jpg\",\"datePublished\":\"2026-04-10T09:47:31+00:00\",\"author\":{\"@id\":\"https:\/\/portaltela.pt\/#\/schema\/person\/c4278d4a6028830caff9ee44b42d32ed\"},\"breadcrumb\":{\"@id\":\"https:\/\/portaltela.pt\/noticias\/2026\/04\/10\/juiz-impede-a-administracao-trump-de-revogar-protecao-legal-a-5-mil-etiopes\/#breadcrumb\"},\"inLanguage\":\"pt-PT\",\"potentialAction\":[{\"@type\":\"ReadAction\",\"target\":[\"https:\/\/portaltela.pt\/noticias\/2026\/04\/10\/juiz-impede-a-administracao-trump-de-revogar-protecao-legal-a-5-mil-etiopes\/\"]}]},{\"@type\":\"ImageObject\",\"inLanguage\":\"pt-PT\",\"@id\":\"https:\/\/portaltela.pt\/noticias\/2026\/04\/10\/juiz-impede-a-administracao-trump-de-revogar-protecao-legal-a-5-mil-etiopes\/#primaryimage\",\"url\":\"https:\/\/portaltela.pt\/s.01k8rhncp4jt1\/2026\/04\/2080404.jpg\",\"contentUrl\":\"https:\/\/portaltela.pt\/s.01k8rhncp4jt1\/2026\/04\/2080404.jpg\",\"width\":796,\"height\":448,\"caption\":\"O novo secret\u00e1rio da Seguran\u00e7a Interna dos EUA, Markwayne Mullin, com Donald Trump, em 2023, quando ainda era Senador pelo Estado de Oklahoma\"},{\"@type\":\"BreadcrumbList\",\"@id\":\"https:\/\/portaltela.pt\/noticias\/2026\/04\/10\/juiz-impede-a-administracao-trump-de-revogar-protecao-legal-a-5-mil-etiopes\/#breadcrumb\",\"itemListElement\":[{\"@type\":\"ListItem\",\"position\":1,\"name\":\"In\u00edcio\",\"item\":\"https:\/\/portaltela.pt\/\"},{\"@type\":\"ListItem\",\"position\":2,\"name\":\"Juiz impede a Administra\u00e7\u00e3o Trump de revogar prote\u00e7\u00e3o legal a 5 mil et\u00edopes\"}]},{\"@type\":\"WebSite\",\"@id\":\"https:\/\/portaltela.pt\/#website\",\"url\":\"https:\/\/portaltela.pt\/\",\"name\":\"Portal Tela Portugal\",\"description\":\"\",\"potentialAction\":[{\"@type\":\"SearchAction\",\"target\":{\"@type\":\"EntryPoint\",\"urlTemplate\":\"https:\/\/portaltela.pt\/?s={search_term_string}\"},\"query-input\":{\"@type\":\"PropertyValueSpecification\",\"valueRequired\":true,\"valueName\":\"search_term_string\"}}],\"inLanguage\":\"pt-PT\"},{\"@type\":\"Person\",\"@id\":\"https:\/\/portaltela.pt\/#\/schema\/person\/c4278d4a6028830caff9ee44b42d32ed\",\"name\":\"Telinha\",\"image\":{\"@type\":\"ImageObject\",\"inLanguage\":\"pt-PT\",\"@id\":\"https:\/\/portaltela.pt\/s.01k8rhncp4jt1\/2025\/11\/talking-bot-125x125.png\",\"url\":\"https:\/\/portaltela.pt\/s.01k8rhncp4jt1\/2025\/11\/talking-bot-125x125.png\",\"contentUrl\":\"https:\/\/portaltela.pt\/s.01k8rhncp4jt1\/2025\/11\/talking-bot-125x125.png\",\"caption\":\"Telinha\"},\"sameAs\":[\"https:\/\/portaltela.pt\/\"],\"url\":\"https:\/\/portaltela.pt\/por\/367410592786\/\"}]}<\/script>\n<!-- \/ Yoast SEO plugin. -->","yoast_head_json":{"title":"Juiz impede a Administra\u00e7\u00e3o Trump de revogar prote\u00e7\u00e3o legal a 5 mil et\u00edopes - Portal Tela Portugal","robots":{"index":"index","follow":"follow","max-snippet":"max-snippet:-1","max-image-preview":"max-image-preview:large","max-video-preview":"max-video-preview:-1"},"og_locale":"pt_PT","og_type":"article","og_title":"Juiz impede a Administra\u00e7\u00e3o Trump de revogar prote\u00e7\u00e3o legal a 5 mil et\u00edopes - Portal Tela Portugal","og_description":"Um juiz do Massachusetts decidiu que a Administra\u00e7\u00e3o Trump n\u00e3o pode revogar a Prote\u00e7\u00e3o Tempor\u00e1ria (TPS) atribu\u00edda a cerca de cinco mil et\u00edopes. A TPS permite que os benefici\u00e1rios vivam e trabalhem nos Estados Unidos enquanto n\u00e3o for seguro regressar ao pa\u00eds de origem. Existem milhares de casos em tribunal relacionados com a poss\u00edvel revoga\u00e7\u00e3o da TPS para v\u00e1rias nacionalidades. A decis\u00e3o ocorre numa sequ\u00eancia de derrotas judiciais \u00e0 Administra\u00e7\u00e3o Trump em quest\u00f5es de imigra\u00e7\u00e3o.","og_url":"https:\/\/portaltela.pt\/noticias\/2026\/04\/10\/juiz-impede-a-administracao-trump-de-revogar-protecao-legal-a-5-mil-etiopes\/","og_site_name":"Portal Tela Portugal","article_published_time":"2026-04-10T09:47:31+00:00","author":"Telinha","twitter_card":"summary_large_image","twitter_misc":{"Escrito por":"Telinha","Tempo estimado de leitura":"1 minuto"},"schema":{"@context":"https:\/\/schema.org","@graph":[{"@type":"Article","@id":"https:\/\/portaltela.pt\/noticias\/2026\/04\/10\/juiz-impede-a-administracao-trump-de-revogar-protecao-legal-a-5-mil-etiopes\/#article","isPartOf":{"@id":"https:\/\/portaltela.pt\/noticias\/2026\/04\/10\/juiz-impede-a-administracao-trump-de-revogar-protecao-legal-a-5-mil-etiopes\/"},"author":{"name":"Telinha","@id":"https:\/\/portaltela.pt\/#\/schema\/person\/c4278d4a6028830caff9ee44b42d32ed"},"headline":"Juiz impede a Administra\u00e7\u00e3o Trump de revogar prote\u00e7\u00e3o legal a 5 mil et\u00edopes","datePublished":"2026-04-10T09:47:31+00:00","mainEntityOfPage":{"@id":"https:\/\/portaltela.pt\/noticias\/2026\/04\/10\/juiz-impede-a-administracao-trump-de-revogar-protecao-legal-a-5-mil-etiopes\/"},"wordCount":245,"image":{"@id":"https:\/\/portaltela.pt\/noticias\/2026\/04\/10\/juiz-impede-a-administracao-trump-de-revogar-protecao-legal-a-5-mil-etiopes\/#primaryimage"},"thumbnailUrl":"https:\/\/portaltela.pt\/s.01k8rhncp4jt1\/2026\/04\/2080404.jpg","keywords":["direito internacional","direitos humanos","imigra\u00e7\u00e3o","imigra\u00e7\u00e3o internacional","jurisdi\u00e7\u00e3o internacional","Tribunais"],"articleSection":["Internacionais","Pol\u00edtica"],"inLanguage":"pt-PT"},{"@type":"WebPage","@id":"https:\/\/portaltela.pt\/noticias\/2026\/04\/10\/juiz-impede-a-administracao-trump-de-revogar-protecao-legal-a-5-mil-etiopes\/","url":"https:\/\/portaltela.pt\/noticias\/2026\/04\/10\/juiz-impede-a-administracao-trump-de-revogar-protecao-legal-a-5-mil-etiopes\/","name":"Juiz impede a Administra\u00e7\u00e3o Trump de revogar prote\u00e7\u00e3o legal a 5 mil et\u00edopes - Portal Tela Portugal","isPartOf":{"@id":"https:\/\/portaltela.pt\/#website"},"primaryImageOfPage":{"@id":"https:\/\/portaltela.pt\/noticias\/2026\/04\/10\/juiz-impede-a-administracao-trump-de-revogar-protecao-legal-a-5-mil-etiopes\/#primaryimage"},"image":{"@id":"https:\/\/portaltela.pt\/noticias\/2026\/04\/10\/juiz-impede-a-administracao-trump-de-revogar-protecao-legal-a-5-mil-etiopes\/#primaryimage"},"thumbnailUrl":"https:\/\/portaltela.pt\/s.01k8rhncp4jt1\/2026\/04\/2080404.jpg","datePublished":"2026-04-10T09:47:31+00:00","author":{"@id":"https:\/\/portaltela.pt\/#\/schema\/person\/c4278d4a6028830caff9ee44b42d32ed"},"breadcrumb":{"@id":"https:\/\/portaltela.pt\/noticias\/2026\/04\/10\/juiz-impede-a-administracao-trump-de-revogar-protecao-legal-a-5-mil-etiopes\/#breadcrumb"},"inLanguage":"pt-PT","potentialAction":[{"@type":"ReadAction","target":["https:\/\/portaltela.pt\/noticias\/2026\/04\/10\/juiz-impede-a-administracao-trump-de-revogar-protecao-legal-a-5-mil-etiopes\/"]}]},{"@type":"ImageObject","inLanguage":"pt-PT","@id":"https:\/\/portaltela.pt\/noticias\/2026\/04\/10\/juiz-impede-a-administracao-trump-de-revogar-protecao-legal-a-5-mil-etiopes\/#primaryimage","url":"https:\/\/portaltela.pt\/s.01k8rhncp4jt1\/2026\/04\/2080404.jpg","contentUrl":"https:\/\/portaltela.pt\/s.01k8rhncp4jt1\/2026\/04\/2080404.jpg","width":796,"height":448,"caption":"O novo secret\u00e1rio da Seguran\u00e7a Interna dos EUA, Markwayne Mullin, com Donald Trump, em 2023, quando ainda era Senador pelo Estado de Oklahoma"},{"@type":"BreadcrumbList","@id":"https:\/\/portaltela.pt\/noticias\/2026\/04\/10\/juiz-impede-a-administracao-trump-de-revogar-protecao-legal-a-5-mil-etiopes\/#breadcrumb","itemListElement":[{"@type":"ListItem","position":1,"name":"In\u00edcio","item":"https:\/\/portaltela.pt\/"},{"@type":"ListItem","position":2,"name":"Juiz impede a Administra\u00e7\u00e3o Trump de revogar prote\u00e7\u00e3o legal a 5 mil et\u00edopes"}]},{"@type":"WebSite","@id":"https:\/\/portaltela.pt\/#website","url":"https:\/\/portaltela.pt\/","name":"Portal Tela Portugal","description":"","potentialAction":[{"@type":"SearchAction","target":{"@type":"EntryPoint","urlTemplate":"https:\/\/portaltela.pt\/?s={search_term_string}"},"query-input":{"@type":"PropertyValueSpecification","valueRequired":true,"valueName":"search_term_string"}}],"inLanguage":"pt-PT"},{"@type":"Person","@id":"https:\/\/portaltela.pt\/#\/schema\/person\/c4278d4a6028830caff9ee44b42d32ed","name":"Telinha","image":{"@type":"ImageObject","inLanguage":"pt-PT","@id":"https:\/\/portaltela.pt\/s.01k8rhncp4jt1\/2025\/11\/talking-bot-125x125.png","url":"https:\/\/portaltela.pt\/s.01k8rhncp4jt1\/2025\/11\/talking-bot-125x125.png","contentUrl":"https:\/\/portaltela.pt\/s.01k8rhncp4jt1\/2025\/11\/talking-bot-125x125.png","caption":"Telinha"},"sameAs":["https:\/\/portaltela.pt\/"],"url":"https:\/\/portaltela.pt\/por\/367410592786\/"}]}},"_links":{"self":[{"href":"https:\/\/portaltela.pt\/api\/wp\/v2\/posts\/439043","targetHints":{"allow":["GET"]}}],"collection":[{"href":"https:\/\/portaltela.pt\/api\/wp\/v2\/posts"}],"about":[{"href":"https:\/\/portaltela.pt\/api\/wp\/v2\/types\/post"}],"author":[{"embeddable":true,"href":"https:\/\/portaltela.pt\/api\/wp\/v2\/users\/2"}],"replies":[{"embeddable":true,"href":"https:\/\/portaltela.pt\/api\/wp\/v2\/comments?post=439043"}],"version-history":[{"count":0,"href":"https:\/\/portaltela.pt\/api\/wp\/v2\/posts\/439043\/revisions"}],"wp:featuredmedia":[{"embeddable":true,"href":"https:\/\/portaltela.pt\/api\/wp\/v2\/media\/439045"}],"wp:attachment":[{"href":"https:\/\/portaltela.pt\/api\/wp\/v2\/media?parent=439043"}],"wp:term":[{"taxonomy":"category","embeddable":true,"href":"https:\/\/portaltela.pt\/api\/wp\/v2\/categories?post=439043"},{"taxonomy":"post_tag","embeddable":true,"href":"https:\/\/portaltela.pt\/api\/wp\/v2\/tags?post=439043"}],"curies":[{"name":"wp","href":"https:\/\/api.w.org\/{rel}","templated":true}]}}