{"id":439036,"date":"2026-04-10T06:47:09","date_gmt":"2026-04-10T09:47:09","guid":{"rendered":"https:\/\/portaltela.pt\/noticias\/2026\/04\/10\/centenas-de-voos-cancelados-na-alemanha-por-greve-de-tripulacoes-da-lufthansa\/"},"modified":"2026-04-10T06:47:09","modified_gmt":"2026-04-10T09:47:09","slug":"centenas-de-voos-cancelados-na-alemanha-por-greve-de-tripulacoes-da-lufthansa","status":"publish","type":"post","link":"https:\/\/portaltela.pt\/noticias\/internacional\/2026\/04\/10\/centenas-de-voos-cancelados-na-alemanha-por-greve-de-tripulacoes-da-lufthansa\/","title":{"rendered":"Centenas de voos cancelados na Alemanha por greve de tripula\u00e7\u00f5es da Lufthansa"},"content":{"rendered":"<p>A greve do pessoal de cabine do grupo Lufthansa, convocada para hoje pelo sindicato UFO, provocou o cancelamento de centenas de voos na Alemanha. A a\u00e7\u00e3o ocorre numa altura em que muitos viajantes regressam das f\u00e9rias da P\u00e1scoa, segundo relatos de meios de comunica\u00e7\u00e3o alem\u00e3es. A Lufthansa ainda n\u00e3o confirmou n\u00fameros oficiais at\u00e9 ao momento.<\/p>\n<p>A paralisa\u00e7\u00e3o, que envolve equipas de cabine, visa press\u00e3o sobre a dire\u00e7\u00e3o da companhia para aceitar reivindica\u00e7\u00f5es salariais e de condi\u00e7\u00f5es de trabalho. O movimento afeta rotas nacionais e internacionais com origem ou destino em v\u00e1rios aeroportos alem\u00e3es, incluindo Frankfurt e Munique.<\/p>\n<h3>Impacto nos voos<\/h3>\n<p>Fontes da ind\u00fastria indicam que o total de cancelamentos se situa na ordem das centenas. Os registos mostram impactos em hor\u00e1rios-chave de partir e chegar, gerando atrasos e reagendamento de liga\u00e7\u00f5es para muitos viajantes. A transportadora n\u00e3o divulgou, at\u00e9 ao momento, um balan\u00e7o definitivo dos impactos.<\/p>\n<h3>Participa\u00e7\u00e3o e contexto<\/h3>\n<p>O UFO afirma representar uma parte relevante do pessoal de cabine da Lufthansa e argumenta que a greve \u00e9 necess\u00e1ria para refor\u00e7ar as propostas de melhoria de condi\u00e7\u00f5es laborais. A dire\u00e7\u00e3o da Lufthansa mant\u00e9m negocia\u00e7\u00f5es com o sindicato, sem coment\u00e1rios adicionais para este artigo.<\/p>\n","protected":false},"excerpt":{"rendered":"<ul>\n<li>A greve do pessoal de cabine do grupo Lufthansa, convocada pelo sindicato UFO, decorreu hoje na Alemanha.<\/li>\n<li>Centenas de voos foram cancelados pela greve, afetando a malha da Lufthansa e opera\u00e7\u00f5es associadas.<\/li>\n<li>Grande parte dos cancelamentos ocorre no momento do regresso de viajantes das f\u00e9rias da P\u00e1scoa.<\/li>\n<li>O impacto \u00e9 sentido nos principais aeroportos alem\u00e3es, com perturba\u00e7\u00f5es no tr\u00e1fego a\u00e9reo do pa\u00eds.<\/li>\n<li>As informa\u00e7\u00f5es resultam de reportagens de meios de comunica\u00e7\u00e3o alem\u00e3es sobre a greve e os cancelamentos.<\/li>\n<\/ul>\n","protected":false},"author":2,"featured_media":439037,"comment_status":"closed","ping_status":"closed","sticky":false,"template":"","format":"standard","meta":{"footnotes":""},"categories":[4,1],"tags":[1603,7448,6789,6576,1164,5784],"class_list":["post-439036","post","type-post","status-publish","format-standard","has-post-thumbnail","hentry","category-internacional","category-noticias","tag-alemanha","tag-avicao","tag-avioes","tag-cancelamentos","tag-greve","tag-voos"],"yoast_head":"<!-- This site is optimized with the Yoast SEO plugin v27.2 - https:\/\/yoast.com\/product\/yoast-seo-wordpress\/ -->\n<title>Centenas de voos cancelados na Alemanha por greve de tripula\u00e7\u00f5es da Lufthansa - Portal Tela Portugal<\/title>\n<meta name=\"robots\" content=\"index, follow, max-snippet:-1, max-image-preview:large, max-video-preview:-1\" \/>\n<meta property=\"og:locale\" content=\"pt_PT\" \/>\n<meta property=\"og:type\" content=\"article\" \/>\n<meta property=\"og:title\" content=\"Centenas de voos cancelados na Alemanha por greve de tripula\u00e7\u00f5es da Lufthansa - Portal Tela Portugal\" \/>\n<meta property=\"og:description\" content=\"A greve do pessoal de cabine do grupo Lufthansa, convocada pelo sindicato UFO, decorreu hoje na Alemanha. Centenas de voos foram cancelados pela greve, afetando a malha da Lufthansa e opera\u00e7\u00f5es associadas. Grande parte dos cancelamentos ocorre no momento do regresso de viajantes das f\u00e9rias da P\u00e1scoa. O impacto \u00e9 sentido nos principais aeroportos alem\u00e3es, com perturba\u00e7\u00f5es no tr\u00e1fego a\u00e9reo do pa\u00eds. As informa\u00e7\u00f5es resultam de reportagens de meios de comunica\u00e7\u00e3o alem\u00e3es sobre a greve e os cancelamentos.\" \/>\n<meta property=\"og:url\" content=\"https:\/\/portaltela.pt\/noticias\/2026\/04\/10\/centenas-de-voos-cancelados-na-alemanha-por-greve-de-tripulacoes-da-lufthansa\/\" \/>\n<meta property=\"og:site_name\" content=\"Portal Tela Portugal\" \/>\n<meta property=\"article:published_time\" content=\"2026-04-10T09:47:09+00:00\" \/>\n<meta name=\"author\" content=\"Telinha\" \/>\n<meta name=\"twitter:card\" content=\"summary_large_image\" \/>\n<meta name=\"twitter:label1\" content=\"Escrito por\" \/>\n\t<meta name=\"twitter:data1\" content=\"Telinha\" \/>\n\t<meta name=\"twitter:label2\" content=\"Tempo estimado de leitura\" \/>\n\t<meta name=\"twitter:data2\" content=\"1 minuto\" \/>\n<script type=\"application\/ld+json\" class=\"yoast-schema-graph\">{\"@context\":\"https:\/\/schema.org\",\"@graph\":[{\"@type\":\"Article\",\"@id\":\"https:\/\/portaltela.pt\/noticias\/2026\/04\/10\/centenas-de-voos-cancelados-na-alemanha-por-greve-de-tripulacoes-da-lufthansa\/#article\",\"isPartOf\":{\"@id\":\"https:\/\/portaltela.pt\/noticias\/2026\/04\/10\/centenas-de-voos-cancelados-na-alemanha-por-greve-de-tripulacoes-da-lufthansa\/\"},\"author\":{\"name\":\"Telinha\",\"@id\":\"https:\/\/portaltela.pt\/#\/schema\/person\/c4278d4a6028830caff9ee44b42d32ed\"},\"headline\":\"Centenas de voos cancelados na Alemanha por greve de tripula\u00e7\u00f5es da Lufthansa\",\"datePublished\":\"2026-04-10T09:47:09+00:00\",\"mainEntityOfPage\":{\"@id\":\"https:\/\/portaltela.pt\/noticias\/2026\/04\/10\/centenas-de-voos-cancelados-na-alemanha-por-greve-de-tripulacoes-da-lufthansa\/\"},\"wordCount\":232,\"image\":{\"@id\":\"https:\/\/portaltela.pt\/noticias\/2026\/04\/10\/centenas-de-voos-cancelados-na-alemanha-por-greve-de-tripulacoes-da-lufthansa\/#primaryimage\"},\"thumbnailUrl\":\"https:\/\/portaltela.pt\/s.01k8rhncp4jt1\/2026\/04\/CACHE_780X1200_ANALOG_WATERMARKED_46737025_354170820481462.jpg\",\"keywords\":[\"Alemanha\",\"avi\u00e7\u00e3o\",\"avi\u00f5es\",\"cancelamentos\",\"greve\",\"voos\"],\"articleSection\":[\"Internacional\",\"Not\u00edcias\"],\"inLanguage\":\"pt-PT\"},{\"@type\":\"WebPage\",\"@id\":\"https:\/\/portaltela.pt\/noticias\/2026\/04\/10\/centenas-de-voos-cancelados-na-alemanha-por-greve-de-tripulacoes-da-lufthansa\/\",\"url\":\"https:\/\/portaltela.pt\/noticias\/2026\/04\/10\/centenas-de-voos-cancelados-na-alemanha-por-greve-de-tripulacoes-da-lufthansa\/\",\"name\":\"Centenas de voos cancelados na Alemanha por greve de tripula\u00e7\u00f5es da Lufthansa - Portal Tela Portugal\",\"isPartOf\":{\"@id\":\"https:\/\/portaltela.pt\/#website\"},\"primaryImageOfPage\":{\"@id\":\"https:\/\/portaltela.pt\/noticias\/2026\/04\/10\/centenas-de-voos-cancelados-na-alemanha-por-greve-de-tripulacoes-da-lufthansa\/#primaryimage\"},\"image\":{\"@id\":\"https:\/\/portaltela.pt\/noticias\/2026\/04\/10\/centenas-de-voos-cancelados-na-alemanha-por-greve-de-tripulacoes-da-lufthansa\/#primaryimage\"},\"thumbnailUrl\":\"https:\/\/portaltela.pt\/s.01k8rhncp4jt1\/2026\/04\/CACHE_780X1200_ANALOG_WATERMARKED_46737025_354170820481462.jpg\",\"datePublished\":\"2026-04-10T09:47:09+00:00\",\"author\":{\"@id\":\"https:\/\/portaltela.pt\/#\/schema\/person\/c4278d4a6028830caff9ee44b42d32ed\"},\"breadcrumb\":{\"@id\":\"https:\/\/portaltela.pt\/noticias\/2026\/04\/10\/centenas-de-voos-cancelados-na-alemanha-por-greve-de-tripulacoes-da-lufthansa\/#breadcrumb\"},\"inLanguage\":\"pt-PT\",\"potentialAction\":[{\"@type\":\"ReadAction\",\"target\":[\"https:\/\/portaltela.pt\/noticias\/2026\/04\/10\/centenas-de-voos-cancelados-na-alemanha-por-greve-de-tripulacoes-da-lufthansa\/\"]}]},{\"@type\":\"ImageObject\",\"inLanguage\":\"pt-PT\",\"@id\":\"https:\/\/portaltela.pt\/noticias\/2026\/04\/10\/centenas-de-voos-cancelados-na-alemanha-por-greve-de-tripulacoes-da-lufthansa\/#primaryimage\",\"url\":\"https:\/\/portaltela.pt\/s.01k8rhncp4jt1\/2026\/04\/CACHE_780X1200_ANALOG_WATERMARKED_46737025_354170820481462.jpg\",\"contentUrl\":\"https:\/\/portaltela.pt\/s.01k8rhncp4jt1\/2026\/04\/CACHE_780X1200_ANALOG_WATERMARKED_46737025_354170820481462.jpg\",\"width\":796,\"height\":448,\"caption\":\"Centenas de voos cancelados na Alemanha devido \u00e0 greve do pessoal de cabine da Lufthansa\"},{\"@type\":\"BreadcrumbList\",\"@id\":\"https:\/\/portaltela.pt\/noticias\/2026\/04\/10\/centenas-de-voos-cancelados-na-alemanha-por-greve-de-tripulacoes-da-lufthansa\/#breadcrumb\",\"itemListElement\":[{\"@type\":\"ListItem\",\"position\":1,\"name\":\"In\u00edcio\",\"item\":\"https:\/\/portaltela.pt\/\"},{\"@type\":\"ListItem\",\"position\":2,\"name\":\"Centenas de voos cancelados na Alemanha por greve de tripula\u00e7\u00f5es da Lufthansa\"}]},{\"@type\":\"WebSite\",\"@id\":\"https:\/\/portaltela.pt\/#website\",\"url\":\"https:\/\/portaltela.pt\/\",\"name\":\"Portal Tela Portugal\",\"description\":\"\",\"potentialAction\":[{\"@type\":\"SearchAction\",\"target\":{\"@type\":\"EntryPoint\",\"urlTemplate\":\"https:\/\/portaltela.pt\/?s={search_term_string}\"},\"query-input\":{\"@type\":\"PropertyValueSpecification\",\"valueRequired\":true,\"valueName\":\"search_term_string\"}}],\"inLanguage\":\"pt-PT\"},{\"@type\":\"Person\",\"@id\":\"https:\/\/portaltela.pt\/#\/schema\/person\/c4278d4a6028830caff9ee44b42d32ed\",\"name\":\"Telinha\",\"image\":{\"@type\":\"ImageObject\",\"inLanguage\":\"pt-PT\",\"@id\":\"https:\/\/portaltela.pt\/s.01k8rhncp4jt1\/2025\/11\/talking-bot-125x125.png\",\"url\":\"https:\/\/portaltela.pt\/s.01k8rhncp4jt1\/2025\/11\/talking-bot-125x125.png\",\"contentUrl\":\"https:\/\/portaltela.pt\/s.01k8rhncp4jt1\/2025\/11\/talking-bot-125x125.png\",\"caption\":\"Telinha\"},\"sameAs\":[\"https:\/\/portaltela.pt\/\"],\"url\":\"https:\/\/portaltela.pt\/por\/367410592786\/\"}]}<\/script>\n<!-- \/ Yoast SEO plugin. -->","yoast_head_json":{"title":"Centenas de voos cancelados na Alemanha por greve de tripula\u00e7\u00f5es da Lufthansa - Portal Tela Portugal","robots":{"index":"index","follow":"follow","max-snippet":"max-snippet:-1","max-image-preview":"max-image-preview:large","max-video-preview":"max-video-preview:-1"},"og_locale":"pt_PT","og_type":"article","og_title":"Centenas de voos cancelados na Alemanha por greve de tripula\u00e7\u00f5es da Lufthansa - Portal Tela Portugal","og_description":"A greve do pessoal de cabine do grupo Lufthansa, convocada pelo sindicato UFO, decorreu hoje na Alemanha. Centenas de voos foram cancelados pela greve, afetando a malha da Lufthansa e opera\u00e7\u00f5es associadas. Grande parte dos cancelamentos ocorre no momento do regresso de viajantes das f\u00e9rias da P\u00e1scoa. O impacto \u00e9 sentido nos principais aeroportos alem\u00e3es, com perturba\u00e7\u00f5es no tr\u00e1fego a\u00e9reo do pa\u00eds. As informa\u00e7\u00f5es resultam de reportagens de meios de comunica\u00e7\u00e3o alem\u00e3es sobre a greve e os cancelamentos.","og_url":"https:\/\/portaltela.pt\/noticias\/2026\/04\/10\/centenas-de-voos-cancelados-na-alemanha-por-greve-de-tripulacoes-da-lufthansa\/","og_site_name":"Portal Tela Portugal","article_published_time":"2026-04-10T09:47:09+00:00","author":"Telinha","twitter_card":"summary_large_image","twitter_misc":{"Escrito por":"Telinha","Tempo estimado de leitura":"1 minuto"},"schema":{"@context":"https:\/\/schema.org","@graph":[{"@type":"Article","@id":"https:\/\/portaltela.pt\/noticias\/2026\/04\/10\/centenas-de-voos-cancelados-na-alemanha-por-greve-de-tripulacoes-da-lufthansa\/#article","isPartOf":{"@id":"https:\/\/portaltela.pt\/noticias\/2026\/04\/10\/centenas-de-voos-cancelados-na-alemanha-por-greve-de-tripulacoes-da-lufthansa\/"},"author":{"name":"Telinha","@id":"https:\/\/portaltela.pt\/#\/schema\/person\/c4278d4a6028830caff9ee44b42d32ed"},"headline":"Centenas de voos cancelados na Alemanha por greve de tripula\u00e7\u00f5es da Lufthansa","datePublished":"2026-04-10T09:47:09+00:00","mainEntityOfPage":{"@id":"https:\/\/portaltela.pt\/noticias\/2026\/04\/10\/centenas-de-voos-cancelados-na-alemanha-por-greve-de-tripulacoes-da-lufthansa\/"},"wordCount":232,"image":{"@id":"https:\/\/portaltela.pt\/noticias\/2026\/04\/10\/centenas-de-voos-cancelados-na-alemanha-por-greve-de-tripulacoes-da-lufthansa\/#primaryimage"},"thumbnailUrl":"https:\/\/portaltela.pt\/s.01k8rhncp4jt1\/2026\/04\/CACHE_780X1200_ANALOG_WATERMARKED_46737025_354170820481462.jpg","keywords":["Alemanha","avi\u00e7\u00e3o","avi\u00f5es","cancelamentos","greve","voos"],"articleSection":["Internacional","Not\u00edcias"],"inLanguage":"pt-PT"},{"@type":"WebPage","@id":"https:\/\/portaltela.pt\/noticias\/2026\/04\/10\/centenas-de-voos-cancelados-na-alemanha-por-greve-de-tripulacoes-da-lufthansa\/","url":"https:\/\/portaltela.pt\/noticias\/2026\/04\/10\/centenas-de-voos-cancelados-na-alemanha-por-greve-de-tripulacoes-da-lufthansa\/","name":"Centenas de voos cancelados na Alemanha por greve de tripula\u00e7\u00f5es da Lufthansa - Portal Tela Portugal","isPartOf":{"@id":"https:\/\/portaltela.pt\/#website"},"primaryImageOfPage":{"@id":"https:\/\/portaltela.pt\/noticias\/2026\/04\/10\/centenas-de-voos-cancelados-na-alemanha-por-greve-de-tripulacoes-da-lufthansa\/#primaryimage"},"image":{"@id":"https:\/\/portaltela.pt\/noticias\/2026\/04\/10\/centenas-de-voos-cancelados-na-alemanha-por-greve-de-tripulacoes-da-lufthansa\/#primaryimage"},"thumbnailUrl":"https:\/\/portaltela.pt\/s.01k8rhncp4jt1\/2026\/04\/CACHE_780X1200_ANALOG_WATERMARKED_46737025_354170820481462.jpg","datePublished":"2026-04-10T09:47:09+00:00","author":{"@id":"https:\/\/portaltela.pt\/#\/schema\/person\/c4278d4a6028830caff9ee44b42d32ed"},"breadcrumb":{"@id":"https:\/\/portaltela.pt\/noticias\/2026\/04\/10\/centenas-de-voos-cancelados-na-alemanha-por-greve-de-tripulacoes-da-lufthansa\/#breadcrumb"},"inLanguage":"pt-PT","potentialAction":[{"@type":"ReadAction","target":["https:\/\/portaltela.pt\/noticias\/2026\/04\/10\/centenas-de-voos-cancelados-na-alemanha-por-greve-de-tripulacoes-da-lufthansa\/"]}]},{"@type":"ImageObject","inLanguage":"pt-PT","@id":"https:\/\/portaltela.pt\/noticias\/2026\/04\/10\/centenas-de-voos-cancelados-na-alemanha-por-greve-de-tripulacoes-da-lufthansa\/#primaryimage","url":"https:\/\/portaltela.pt\/s.01k8rhncp4jt1\/2026\/04\/CACHE_780X1200_ANALOG_WATERMARKED_46737025_354170820481462.jpg","contentUrl":"https:\/\/portaltela.pt\/s.01k8rhncp4jt1\/2026\/04\/CACHE_780X1200_ANALOG_WATERMARKED_46737025_354170820481462.jpg","width":796,"height":448,"caption":"Centenas de voos cancelados na Alemanha devido \u00e0 greve do pessoal de cabine da Lufthansa"},{"@type":"BreadcrumbList","@id":"https:\/\/portaltela.pt\/noticias\/2026\/04\/10\/centenas-de-voos-cancelados-na-alemanha-por-greve-de-tripulacoes-da-lufthansa\/#breadcrumb","itemListElement":[{"@type":"ListItem","position":1,"name":"In\u00edcio","item":"https:\/\/portaltela.pt\/"},{"@type":"ListItem","position":2,"name":"Centenas de voos cancelados na Alemanha por greve de tripula\u00e7\u00f5es da Lufthansa"}]},{"@type":"WebSite","@id":"https:\/\/portaltela.pt\/#website","url":"https:\/\/portaltela.pt\/","name":"Portal Tela Portugal","description":"","potentialAction":[{"@type":"SearchAction","target":{"@type":"EntryPoint","urlTemplate":"https:\/\/portaltela.pt\/?s={search_term_string}"},"query-input":{"@type":"PropertyValueSpecification","valueRequired":true,"valueName":"search_term_string"}}],"inLanguage":"pt-PT"},{"@type":"Person","@id":"https:\/\/portaltela.pt\/#\/schema\/person\/c4278d4a6028830caff9ee44b42d32ed","name":"Telinha","image":{"@type":"ImageObject","inLanguage":"pt-PT","@id":"https:\/\/portaltela.pt\/s.01k8rhncp4jt1\/2025\/11\/talking-bot-125x125.png","url":"https:\/\/portaltela.pt\/s.01k8rhncp4jt1\/2025\/11\/talking-bot-125x125.png","contentUrl":"https:\/\/portaltela.pt\/s.01k8rhncp4jt1\/2025\/11\/talking-bot-125x125.png","caption":"Telinha"},"sameAs":["https:\/\/portaltela.pt\/"],"url":"https:\/\/portaltela.pt\/por\/367410592786\/"}]}},"_links":{"self":[{"href":"https:\/\/portaltela.pt\/api\/wp\/v2\/posts\/439036","targetHints":{"allow":["GET"]}}],"collection":[{"href":"https:\/\/portaltela.pt\/api\/wp\/v2\/posts"}],"about":[{"href":"https:\/\/portaltela.pt\/api\/wp\/v2\/types\/post"}],"author":[{"embeddable":true,"href":"https:\/\/portaltela.pt\/api\/wp\/v2\/users\/2"}],"replies":[{"embeddable":true,"href":"https:\/\/portaltela.pt\/api\/wp\/v2\/comments?post=439036"}],"version-history":[{"count":0,"href":"https:\/\/portaltela.pt\/api\/wp\/v2\/posts\/439036\/revisions"}],"wp:featuredmedia":[{"embeddable":true,"href":"https:\/\/portaltela.pt\/api\/wp\/v2\/media\/439037"}],"wp:attachment":[{"href":"https:\/\/portaltela.pt\/api\/wp\/v2\/media?parent=439036"}],"wp:term":[{"taxonomy":"category","embeddable":true,"href":"https:\/\/portaltela.pt\/api\/wp\/v2\/categories?post=439036"},{"taxonomy":"post_tag","embeddable":true,"href":"https:\/\/portaltela.pt\/api\/wp\/v2\/tags?post=439036"}],"curies":[{"name":"wp","href":"https:\/\/api.w.org\/{rel}","templated":true}]}}