{"id":439029,"date":"2026-04-10T06:32:29","date_gmt":"2026-04-10T09:32:29","guid":{"rendered":"https:\/\/portaltela.pt\/noticias\/2026\/04\/10\/mais-de-10-mil-turmas-estudam-ao-ar-livre-em-mocambique\/"},"modified":"2026-04-10T06:32:29","modified_gmt":"2026-04-10T09:32:29","slug":"mais-de-10-mil-turmas-estudam-ao-ar-livre-em-mocambique","status":"publish","type":"post","link":"https:\/\/portaltela.pt\/sociedade\/2026\/04\/10\/mais-de-10-mil-turmas-estudam-ao-ar-livre-em-mocambique\/","title":{"rendered":"Mais de 10 mil turmas estudam ao ar livre em Mo\u00e7ambique"},"content":{"rendered":"<p>A ministera da Educa\u00e7\u00e3o e Cultura de Mo\u00e7ambique informou que aproximadamente 10.500 turmas continuam a funcionar ao ar livre no pa\u00eds. A situa\u00e7\u00e3o \u00e9 particularmente grave nas prov\u00edncias de Cabo Delgado, Nampula, Zamb\u00e9zia e Maputo, segundo a respons\u00e1vel.<\/p>\n<p>A comitiva governamental reconhece que o fen\u00f3meno n\u00e3o est\u00e1 distribu\u00eddo apenas nessas regi\u00f5es: outras prov\u00edncias tamb\u00e9m enfrentam dificuldades com o ensino ao ar livre. A ministra sublinhou que h\u00e1 investimentos direcionados para as \u00e1reas com mais problemas.<\/p>\n<p>A autoridade mencionou ainda que se mant\u00e9m o trabalho de reorganiza\u00e7\u00e3o das escolas, de forma a acolher os alunos com maior prioridade nas zonas mais afetadas. As a\u00e7\u00f5es visam reduzir a exposi\u00e7\u00e3o \u00e0 chuva e melhorar as condi\u00e7\u00f5es de ensino.<\/p>\n<h3>Situa\u00e7\u00e3o por prov\u00edncias<\/h3>\n<p>Cabo Delgado e Nampula, no norte, Zamb\u00e9zia, no centro, e Maputo, no sul, s\u00e3o as regi\u00f5es mais afetadas pela procura de espa\u00e7os de ensino cobertos. A avalia\u00e7\u00e3o aponta que as demais prov\u00edncias tamb\u00e9m registam turmas ao ar livre, ainda que em menor intensidade.<\/p>\n<h3>Medidas e contexto<\/h3>\n<p>Em fevereiro, o governo anunciou a instala\u00e7\u00e3o de tendas como espa\u00e7os tempor\u00e1rios de ensino, ap\u00f3s a destrui\u00e7\u00e3o de quase 400 escolas pelas cheias desde janeiro. Estima-se que 1.710 escolas, de diferentes n\u00edveis, tenham sido afetadas, incluindo 376 totalmente destru\u00eddas.<\/p>\n<p>A respons\u00e1vel adiantou que, em fevereiro de 2025, eram ~8.500 as turmas a estudar ao ar livre. O objetivo passa por promover condi\u00e7\u00f5es de ensino est\u00e1veis, mesmo face a eventualidades clim\u00e1ticas, mantendo o foco no acolhimento escolar.<\/p>\n","protected":false},"excerpt":{"rendered":"<ul>\n<li>Cerca de 10.500 turmas ainda estudam ao ar livre em Mo\u00e7ambique, com situa\u00e7\u00e3o cr\u00edtica nas prov\u00edncias de Cabo Delgado, Nampula, Zamb\u00e9zia e Maputo.<\/li>\n<li>Outras regi\u00f5es tamb\u00e9m enfrentam o problema, e o esfor\u00e7o concentra-se onde h\u00e1 mais dificuldades.<\/li>\n<li>Em 20 de fevereiro, a ministra anunciou que milhares de alunos v\u00e3o iniciar as aulas em tendas, ap\u00f3s a destrui\u00e7\u00e3o de quase 400 escolas pelas cheias desde janeiro.<\/li>\n<li>Foram destru\u00eddas 1.710 escolas de diferentes n\u00edveis e 362 infraestruturas de apoio, com 376 escolas totalmente destru\u00eddas.<\/li>\n<li>Em fevereiro de 2025, havia cerca de 8.500 turmas a estudar ao ar livre, e a chuva aumenta o desafio para as aulas.<\/li>\n<\/ul>\n","protected":false},"author":2,"featured_media":439032,"comment_status":"closed","ping_status":"closed","sticky":false,"template":"","format":"standard","meta":{"footnotes":""},"categories":[6745,6871],"tags":[7795,7767,5215,1958,2443],"class_list":["post-439029","post","type-post","status-publish","format-standard","has-post-thumbnail","hentry","category-saude","category-sociedade","tag-_educacao","tag-_meio-ambiente","tag-catastrofes-naturais","tag-educacao-ambiental","tag-educacao-publica"],"yoast_head":"<!-- This site is optimized with the Yoast SEO plugin v27.2 - https:\/\/yoast.com\/product\/yoast-seo-wordpress\/ -->\n<title>Mais de 10 mil turmas estudam ao ar livre em Mo\u00e7ambique - Portal Tela Portugal<\/title>\n<meta name=\"robots\" content=\"index, follow, max-snippet:-1, max-image-preview:large, max-video-preview:-1\" \/>\n<meta property=\"og:locale\" content=\"pt_PT\" \/>\n<meta property=\"og:type\" content=\"article\" \/>\n<meta property=\"og:title\" content=\"Mais de 10 mil turmas estudam ao ar livre em Mo\u00e7ambique - Portal Tela Portugal\" \/>\n<meta property=\"og:description\" content=\"Cerca de 10.500 turmas ainda estudam ao ar livre em Mo\u00e7ambique, com situa\u00e7\u00e3o cr\u00edtica nas prov\u00edncias de Cabo Delgado, Nampula, Zamb\u00e9zia e Maputo. Outras regi\u00f5es tamb\u00e9m enfrentam o problema, e o esfor\u00e7o concentra-se onde h\u00e1 mais dificuldades. Em 20 de fevereiro, a ministra anunciou que milhares de alunos v\u00e3o iniciar as aulas em tendas, ap\u00f3s a destrui\u00e7\u00e3o de quase 400 escolas pelas cheias desde janeiro. Foram destru\u00eddas 1.710 escolas de diferentes n\u00edveis e 362 infraestruturas de apoio, com 376 escolas totalmente destru\u00eddas. Em fevereiro de 2025, havia cerca de 8.500 turmas a estudar ao ar livre, e a chuva aumenta o desafio para as aulas.\" \/>\n<meta property=\"og:url\" content=\"https:\/\/portaltela.pt\/noticias\/2026\/04\/10\/mais-de-10-mil-turmas-estudam-ao-ar-livre-em-mocambique\/\" \/>\n<meta property=\"og:site_name\" content=\"Portal Tela Portugal\" \/>\n<meta property=\"article:published_time\" content=\"2026-04-10T09:32:29+00:00\" \/>\n<meta name=\"author\" content=\"Telinha\" \/>\n<meta name=\"twitter:card\" content=\"summary_large_image\" \/>\n<meta name=\"twitter:label1\" content=\"Escrito por\" \/>\n\t<meta name=\"twitter:data1\" content=\"Telinha\" \/>\n\t<meta name=\"twitter:label2\" content=\"Tempo estimado de leitura\" \/>\n\t<meta name=\"twitter:data2\" content=\"1 minuto\" \/>\n<script type=\"application\/ld+json\" class=\"yoast-schema-graph\">{\"@context\":\"https:\/\/schema.org\",\"@graph\":[{\"@type\":\"Article\",\"@id\":\"https:\/\/portaltela.pt\/noticias\/2026\/04\/10\/mais-de-10-mil-turmas-estudam-ao-ar-livre-em-mocambique\/#article\",\"isPartOf\":{\"@id\":\"https:\/\/portaltela.pt\/noticias\/2026\/04\/10\/mais-de-10-mil-turmas-estudam-ao-ar-livre-em-mocambique\/\"},\"author\":{\"name\":\"Telinha\",\"@id\":\"https:\/\/portaltela.pt\/#\/schema\/person\/c4278d4a6028830caff9ee44b42d32ed\"},\"headline\":\"Mais de 10 mil turmas estudam ao ar livre em Mo\u00e7ambique\",\"datePublished\":\"2026-04-10T09:32:29+00:00\",\"mainEntityOfPage\":{\"@id\":\"https:\/\/portaltela.pt\/noticias\/2026\/04\/10\/mais-de-10-mil-turmas-estudam-ao-ar-livre-em-mocambique\/\"},\"wordCount\":281,\"image\":{\"@id\":\"https:\/\/portaltela.pt\/noticias\/2026\/04\/10\/mais-de-10-mil-turmas-estudam-ao-ar-livre-em-mocambique\/#primaryimage\"},\"thumbnailUrl\":\"https:\/\/portaltela.pt\/s.01k8rhncp4jt1\/2026\/04\/img_1500x1000uu2021-09-05-14-17-16-1077440.jpg\",\"keywords\":[\"_educa\u00e7\u00e3o\",\"_meio-ambiente\",\"cat\u00e1strofes naturais\",\"educa\u00e7\u00e3o ambiental\",\"educa\u00e7\u00e3o p\u00fablica\"],\"articleSection\":[\"Sa\u00fade\",\"Sociedade\"],\"inLanguage\":\"pt-PT\"},{\"@type\":\"WebPage\",\"@id\":\"https:\/\/portaltela.pt\/noticias\/2026\/04\/10\/mais-de-10-mil-turmas-estudam-ao-ar-livre-em-mocambique\/\",\"url\":\"https:\/\/portaltela.pt\/noticias\/2026\/04\/10\/mais-de-10-mil-turmas-estudam-ao-ar-livre-em-mocambique\/\",\"name\":\"Mais de 10 mil turmas estudam ao ar livre em Mo\u00e7ambique - Portal Tela Portugal\",\"isPartOf\":{\"@id\":\"https:\/\/portaltela.pt\/#website\"},\"primaryImageOfPage\":{\"@id\":\"https:\/\/portaltela.pt\/noticias\/2026\/04\/10\/mais-de-10-mil-turmas-estudam-ao-ar-livre-em-mocambique\/#primaryimage\"},\"image\":{\"@id\":\"https:\/\/portaltela.pt\/noticias\/2026\/04\/10\/mais-de-10-mil-turmas-estudam-ao-ar-livre-em-mocambique\/#primaryimage\"},\"thumbnailUrl\":\"https:\/\/portaltela.pt\/s.01k8rhncp4jt1\/2026\/04\/img_1500x1000uu2021-09-05-14-17-16-1077440.jpg\",\"datePublished\":\"2026-04-10T09:32:29+00:00\",\"author\":{\"@id\":\"https:\/\/portaltela.pt\/#\/schema\/person\/c4278d4a6028830caff9ee44b42d32ed\"},\"breadcrumb\":{\"@id\":\"https:\/\/portaltela.pt\/noticias\/2026\/04\/10\/mais-de-10-mil-turmas-estudam-ao-ar-livre-em-mocambique\/#breadcrumb\"},\"inLanguage\":\"pt-PT\",\"potentialAction\":[{\"@type\":\"ReadAction\",\"target\":[\"https:\/\/portaltela.pt\/noticias\/2026\/04\/10\/mais-de-10-mil-turmas-estudam-ao-ar-livre-em-mocambique\/\"]}]},{\"@type\":\"ImageObject\",\"inLanguage\":\"pt-PT\",\"@id\":\"https:\/\/portaltela.pt\/noticias\/2026\/04\/10\/mais-de-10-mil-turmas-estudam-ao-ar-livre-em-mocambique\/#primaryimage\",\"url\":\"https:\/\/portaltela.pt\/s.01k8rhncp4jt1\/2026\/04\/img_1500x1000uu2021-09-05-14-17-16-1077440.jpg\",\"contentUrl\":\"https:\/\/portaltela.pt\/s.01k8rhncp4jt1\/2026\/04\/img_1500x1000uu2021-09-05-14-17-16-1077440.jpg\",\"width\":796,\"height\":448,\"caption\":\"Alunas costuram em Mo\u00e7ambique\"},{\"@type\":\"BreadcrumbList\",\"@id\":\"https:\/\/portaltela.pt\/noticias\/2026\/04\/10\/mais-de-10-mil-turmas-estudam-ao-ar-livre-em-mocambique\/#breadcrumb\",\"itemListElement\":[{\"@type\":\"ListItem\",\"position\":1,\"name\":\"In\u00edcio\",\"item\":\"https:\/\/portaltela.pt\/\"},{\"@type\":\"ListItem\",\"position\":2,\"name\":\"Mais de 10 mil turmas estudam ao ar livre em Mo\u00e7ambique\"}]},{\"@type\":\"WebSite\",\"@id\":\"https:\/\/portaltela.pt\/#website\",\"url\":\"https:\/\/portaltela.pt\/\",\"name\":\"Portal Tela Portugal\",\"description\":\"\",\"potentialAction\":[{\"@type\":\"SearchAction\",\"target\":{\"@type\":\"EntryPoint\",\"urlTemplate\":\"https:\/\/portaltela.pt\/?s={search_term_string}\"},\"query-input\":{\"@type\":\"PropertyValueSpecification\",\"valueRequired\":true,\"valueName\":\"search_term_string\"}}],\"inLanguage\":\"pt-PT\"},{\"@type\":\"Person\",\"@id\":\"https:\/\/portaltela.pt\/#\/schema\/person\/c4278d4a6028830caff9ee44b42d32ed\",\"name\":\"Telinha\",\"image\":{\"@type\":\"ImageObject\",\"inLanguage\":\"pt-PT\",\"@id\":\"https:\/\/portaltela.pt\/s.01k8rhncp4jt1\/2025\/11\/talking-bot-125x125.png\",\"url\":\"https:\/\/portaltela.pt\/s.01k8rhncp4jt1\/2025\/11\/talking-bot-125x125.png\",\"contentUrl\":\"https:\/\/portaltela.pt\/s.01k8rhncp4jt1\/2025\/11\/talking-bot-125x125.png\",\"caption\":\"Telinha\"},\"sameAs\":[\"https:\/\/portaltela.pt\/\"],\"url\":\"https:\/\/portaltela.pt\/por\/367410592786\/\"}]}<\/script>\n<!-- \/ Yoast SEO plugin. -->","yoast_head_json":{"title":"Mais de 10 mil turmas estudam ao ar livre em Mo\u00e7ambique - Portal Tela Portugal","robots":{"index":"index","follow":"follow","max-snippet":"max-snippet:-1","max-image-preview":"max-image-preview:large","max-video-preview":"max-video-preview:-1"},"og_locale":"pt_PT","og_type":"article","og_title":"Mais de 10 mil turmas estudam ao ar livre em Mo\u00e7ambique - Portal Tela Portugal","og_description":"Cerca de 10.500 turmas ainda estudam ao ar livre em Mo\u00e7ambique, com situa\u00e7\u00e3o cr\u00edtica nas prov\u00edncias de Cabo Delgado, Nampula, Zamb\u00e9zia e Maputo. Outras regi\u00f5es tamb\u00e9m enfrentam o problema, e o esfor\u00e7o concentra-se onde h\u00e1 mais dificuldades. Em 20 de fevereiro, a ministra anunciou que milhares de alunos v\u00e3o iniciar as aulas em tendas, ap\u00f3s a destrui\u00e7\u00e3o de quase 400 escolas pelas cheias desde janeiro. Foram destru\u00eddas 1.710 escolas de diferentes n\u00edveis e 362 infraestruturas de apoio, com 376 escolas totalmente destru\u00eddas. Em fevereiro de 2025, havia cerca de 8.500 turmas a estudar ao ar livre, e a chuva aumenta o desafio para as aulas.","og_url":"https:\/\/portaltela.pt\/noticias\/2026\/04\/10\/mais-de-10-mil-turmas-estudam-ao-ar-livre-em-mocambique\/","og_site_name":"Portal Tela Portugal","article_published_time":"2026-04-10T09:32:29+00:00","author":"Telinha","twitter_card":"summary_large_image","twitter_misc":{"Escrito por":"Telinha","Tempo estimado de leitura":"1 minuto"},"schema":{"@context":"https:\/\/schema.org","@graph":[{"@type":"Article","@id":"https:\/\/portaltela.pt\/noticias\/2026\/04\/10\/mais-de-10-mil-turmas-estudam-ao-ar-livre-em-mocambique\/#article","isPartOf":{"@id":"https:\/\/portaltela.pt\/noticias\/2026\/04\/10\/mais-de-10-mil-turmas-estudam-ao-ar-livre-em-mocambique\/"},"author":{"name":"Telinha","@id":"https:\/\/portaltela.pt\/#\/schema\/person\/c4278d4a6028830caff9ee44b42d32ed"},"headline":"Mais de 10 mil turmas estudam ao ar livre em Mo\u00e7ambique","datePublished":"2026-04-10T09:32:29+00:00","mainEntityOfPage":{"@id":"https:\/\/portaltela.pt\/noticias\/2026\/04\/10\/mais-de-10-mil-turmas-estudam-ao-ar-livre-em-mocambique\/"},"wordCount":281,"image":{"@id":"https:\/\/portaltela.pt\/noticias\/2026\/04\/10\/mais-de-10-mil-turmas-estudam-ao-ar-livre-em-mocambique\/#primaryimage"},"thumbnailUrl":"https:\/\/portaltela.pt\/s.01k8rhncp4jt1\/2026\/04\/img_1500x1000uu2021-09-05-14-17-16-1077440.jpg","keywords":["_educa\u00e7\u00e3o","_meio-ambiente","cat\u00e1strofes naturais","educa\u00e7\u00e3o ambiental","educa\u00e7\u00e3o p\u00fablica"],"articleSection":["Sa\u00fade","Sociedade"],"inLanguage":"pt-PT"},{"@type":"WebPage","@id":"https:\/\/portaltela.pt\/noticias\/2026\/04\/10\/mais-de-10-mil-turmas-estudam-ao-ar-livre-em-mocambique\/","url":"https:\/\/portaltela.pt\/noticias\/2026\/04\/10\/mais-de-10-mil-turmas-estudam-ao-ar-livre-em-mocambique\/","name":"Mais de 10 mil turmas estudam ao ar livre em Mo\u00e7ambique - Portal Tela Portugal","isPartOf":{"@id":"https:\/\/portaltela.pt\/#website"},"primaryImageOfPage":{"@id":"https:\/\/portaltela.pt\/noticias\/2026\/04\/10\/mais-de-10-mil-turmas-estudam-ao-ar-livre-em-mocambique\/#primaryimage"},"image":{"@id":"https:\/\/portaltela.pt\/noticias\/2026\/04\/10\/mais-de-10-mil-turmas-estudam-ao-ar-livre-em-mocambique\/#primaryimage"},"thumbnailUrl":"https:\/\/portaltela.pt\/s.01k8rhncp4jt1\/2026\/04\/img_1500x1000uu2021-09-05-14-17-16-1077440.jpg","datePublished":"2026-04-10T09:32:29+00:00","author":{"@id":"https:\/\/portaltela.pt\/#\/schema\/person\/c4278d4a6028830caff9ee44b42d32ed"},"breadcrumb":{"@id":"https:\/\/portaltela.pt\/noticias\/2026\/04\/10\/mais-de-10-mil-turmas-estudam-ao-ar-livre-em-mocambique\/#breadcrumb"},"inLanguage":"pt-PT","potentialAction":[{"@type":"ReadAction","target":["https:\/\/portaltela.pt\/noticias\/2026\/04\/10\/mais-de-10-mil-turmas-estudam-ao-ar-livre-em-mocambique\/"]}]},{"@type":"ImageObject","inLanguage":"pt-PT","@id":"https:\/\/portaltela.pt\/noticias\/2026\/04\/10\/mais-de-10-mil-turmas-estudam-ao-ar-livre-em-mocambique\/#primaryimage","url":"https:\/\/portaltela.pt\/s.01k8rhncp4jt1\/2026\/04\/img_1500x1000uu2021-09-05-14-17-16-1077440.jpg","contentUrl":"https:\/\/portaltela.pt\/s.01k8rhncp4jt1\/2026\/04\/img_1500x1000uu2021-09-05-14-17-16-1077440.jpg","width":796,"height":448,"caption":"Alunas costuram em Mo\u00e7ambique"},{"@type":"BreadcrumbList","@id":"https:\/\/portaltela.pt\/noticias\/2026\/04\/10\/mais-de-10-mil-turmas-estudam-ao-ar-livre-em-mocambique\/#breadcrumb","itemListElement":[{"@type":"ListItem","position":1,"name":"In\u00edcio","item":"https:\/\/portaltela.pt\/"},{"@type":"ListItem","position":2,"name":"Mais de 10 mil turmas estudam ao ar livre em Mo\u00e7ambique"}]},{"@type":"WebSite","@id":"https:\/\/portaltela.pt\/#website","url":"https:\/\/portaltela.pt\/","name":"Portal Tela Portugal","description":"","potentialAction":[{"@type":"SearchAction","target":{"@type":"EntryPoint","urlTemplate":"https:\/\/portaltela.pt\/?s={search_term_string}"},"query-input":{"@type":"PropertyValueSpecification","valueRequired":true,"valueName":"search_term_string"}}],"inLanguage":"pt-PT"},{"@type":"Person","@id":"https:\/\/portaltela.pt\/#\/schema\/person\/c4278d4a6028830caff9ee44b42d32ed","name":"Telinha","image":{"@type":"ImageObject","inLanguage":"pt-PT","@id":"https:\/\/portaltela.pt\/s.01k8rhncp4jt1\/2025\/11\/talking-bot-125x125.png","url":"https:\/\/portaltela.pt\/s.01k8rhncp4jt1\/2025\/11\/talking-bot-125x125.png","contentUrl":"https:\/\/portaltela.pt\/s.01k8rhncp4jt1\/2025\/11\/talking-bot-125x125.png","caption":"Telinha"},"sameAs":["https:\/\/portaltela.pt\/"],"url":"https:\/\/portaltela.pt\/por\/367410592786\/"}]}},"_links":{"self":[{"href":"https:\/\/portaltela.pt\/api\/wp\/v2\/posts\/439029","targetHints":{"allow":["GET"]}}],"collection":[{"href":"https:\/\/portaltela.pt\/api\/wp\/v2\/posts"}],"about":[{"href":"https:\/\/portaltela.pt\/api\/wp\/v2\/types\/post"}],"author":[{"embeddable":true,"href":"https:\/\/portaltela.pt\/api\/wp\/v2\/users\/2"}],"replies":[{"embeddable":true,"href":"https:\/\/portaltela.pt\/api\/wp\/v2\/comments?post=439029"}],"version-history":[{"count":0,"href":"https:\/\/portaltela.pt\/api\/wp\/v2\/posts\/439029\/revisions"}],"wp:featuredmedia":[{"embeddable":true,"href":"https:\/\/portaltela.pt\/api\/wp\/v2\/media\/439032"}],"wp:attachment":[{"href":"https:\/\/portaltela.pt\/api\/wp\/v2\/media?parent=439029"}],"wp:term":[{"taxonomy":"category","embeddable":true,"href":"https:\/\/portaltela.pt\/api\/wp\/v2\/categories?post=439029"},{"taxonomy":"post_tag","embeddable":true,"href":"https:\/\/portaltela.pt\/api\/wp\/v2\/tags?post=439029"}],"curies":[{"name":"wp","href":"https:\/\/api.w.org\/{rel}","templated":true}]}}