{"id":439028,"date":"2026-04-10T06:32:29","date_gmt":"2026-04-10T09:32:29","guid":{"rendered":"https:\/\/portaltela.pt\/noticias\/2026\/04\/10\/alargamento-do-controlo-biometrico-comeca-nos-aeroportos-nacionais-sem-incidentes\/"},"modified":"2026-04-10T06:32:29","modified_gmt":"2026-04-10T09:32:29","slug":"alargamento-do-controlo-biometrico-comeca-nos-aeroportos-nacionais-sem-incidentes","status":"publish","type":"post","link":"https:\/\/portaltela.pt\/seguranca\/2026\/04\/10\/alargamento-do-controlo-biometrico-comeca-nos-aeroportos-nacionais-sem-incidentes\/","title":{"rendered":"Alargamento do controlo biom\u00e9trico come\u00e7a nos aeroportos nacionais sem incidentes"},"content":{"rendered":"<p>O alargamento do controlo biom\u00e9trico aos passageiros extracomunit\u00e1rios nos aeroportos nacionais arrancou hoje sem sobressaltos. Houve apenas uma breve demora, cerca de uma hora, em Faro, no in\u00edcio da manh\u00e3, indicou a PSP \u00e0 Lusa.<\/p>\n<p>O Sistema Europeu de Entrada\/Sa\u00edda entra plenamente em funcionamento em Portugal e no espa\u00e7o Schengen. O objetivo \u00e9 substituir o carimbo no passaporte pelo registo digital de dados biom\u00e9tricos para n\u00e3o pertencentes \u00e0 UE.<\/p>\n<p>Durante a madrugada, houve per\u00edodos de espera mais longos em Lisboa, com constrangimentos reportados desde outubro de 2025. A aplica\u00e7\u00e3o faseada gerou queixas de atraso no in\u00edcio da implementa\u00e7\u00e3o.<\/p>\n<p>Pelas 9h45, Faro j\u00e1 registava tempos de espera de cerca de 20 minutos. No Porto, avi\u00f5es e passageiros referiam tempos semelhantes para partidas e chegadas, com chegadas em torno de 10 minutos.<\/p>\n<p>Em Lisboa, as chegadas tinham tempos de espera inferiores a 10 minutos e as partidas chegavam perto de 30 minutos, segundo informa\u00e7\u00f5es de controlo fronteiri\u00e7o. O novo sistema substitui o registo manual.<\/p>\n<p>O Governo implementou medidas de conting\u00eancia no final de 2023 para reduzir os tempos de espera no Aeroporto Humberto Delgado, mas o sistema voltou a funcionar com normalidade. A PSP confirmou o registo de situa\u00e7\u00f5es pontuais.<\/p>\n<h3>O que mudou com o alargamento<\/h3>\n<p>O EES passa a funcionar a 100% a partir de hoje, cobrindo todos os passageiros extracomunit\u00e1rios. O passo visa acelerar o controlo fronteiri\u00e7o e uniformizar procedimentos no espa\u00e7o Schengen.<\/p>\n<p>O que se seguiu envolve a monitoriza\u00e7\u00e3o de tempos de espera em Lisboa, Porto e Faro, com dados a indicar melhorias progressivas no fluxo de passageiros. As autoridades mant\u00eam a avalia\u00e7\u00e3o cont\u00ednua do sistema.<\/p>\n<p>As informa\u00e7\u00f5es s\u00e3o da PSP e da ag\u00eancia Lusa, com confirma\u00e7\u00e3o de fontes oficiais. Em caso de altera\u00e7\u00f5es, as autoridades competentes ir\u00e3o emitir novos comunicados.<\/p>\n","protected":false},"excerpt":{"rendered":"<ul>\n<li>O alargamento do controlo biom\u00e9trico aos passageiros extracomunit\u00e1rios arrancou sem sobressaltos, com demoras apenas em Faro, de cerca de uma hora pela manh\u00e3.<\/li>\n<li>Em Faro, \u00e0s 5h30 houve aglomera\u00e7\u00e3o de passageiros; \u00e0s 9h45 a espera rondava os 20 minutos.<\/li>\n<li>No aeroporto Francisco S\u00e1 Carneiro, no Porto, as partidas tamb\u00e9m tiveram tempos de espera pr\u00f3ximos de 20 minutos, e as chegadas cerca de 10 minutos.<\/li>\n<li>Em Lisboa, \u00e0s 9h45, as chegadas tinham menos de 10 minutos de espera, enquanto as partidas rondavam os 30 minutos.<\/li>\n<li>O Sistema Europeu de Entrada\/Sa\u00edda substitui o carimbo no passaporte pelo registo biom\u00e9trico para cidad\u00e3os extracomunit\u00e1rios, estando a funcionar a 100% a partir de hoje ap\u00f3s uma implementa\u00e7\u00e3o faseada desde outubro de 2025.<\/li>\n<\/ul>\n","protected":false},"author":2,"featured_media":439034,"comment_status":"closed","ping_status":"closed","sticky":false,"template":"","format":"standard","meta":{"footnotes":""},"categories":[6781,6779],"tags":[4002,3238,1014,250,153,2055],"class_list":["post-439028","post","type-post","status-publish","format-standard","has-post-thumbnail","hentry","category-policia","category-seguranca","tag-fronteiras","tag-fronteiras-internacionais","tag-portugal","tag-seguranca-publica","tag-tecnologia","tag-uniao-europeia"],"yoast_head":"<!-- This site is optimized with the Yoast SEO plugin v27.2 - https:\/\/yoast.com\/product\/yoast-seo-wordpress\/ -->\n<title>Alargamento do controlo biom\u00e9trico come\u00e7a nos aeroportos nacionais sem incidentes - Portal Tela Portugal<\/title>\n<meta name=\"robots\" content=\"index, follow, max-snippet:-1, max-image-preview:large, max-video-preview:-1\" \/>\n<meta property=\"og:locale\" content=\"pt_PT\" \/>\n<meta property=\"og:type\" content=\"article\" \/>\n<meta property=\"og:title\" content=\"Alargamento do controlo biom\u00e9trico come\u00e7a nos aeroportos nacionais sem incidentes - Portal Tela Portugal\" \/>\n<meta property=\"og:description\" content=\"O alargamento do controlo biom\u00e9trico aos passageiros extracomunit\u00e1rios arrancou sem sobressaltos, com demoras apenas em Faro, de cerca de uma hora pela manh\u00e3. Em Faro, \u00e0s 5h30 houve aglomera\u00e7\u00e3o de passageiros; \u00e0s 9h45 a espera rondava os 20 minutos. No aeroporto Francisco S\u00e1 Carneiro, no Porto, as partidas tamb\u00e9m tiveram tempos de espera pr\u00f3ximos de 20 minutos, e as chegadas cerca de 10 minutos. Em Lisboa, \u00e0s 9h45, as chegadas tinham menos de 10 minutos de espera, enquanto as partidas rondavam os 30 minutos. O Sistema Europeu de Entrada\/Sa\u00edda substitui o carimbo no passaporte pelo registo biom\u00e9trico para cidad\u00e3os extracomunit\u00e1rios, estando a funcionar a 100% a partir de hoje ap\u00f3s uma implementa\u00e7\u00e3o faseada desde outubro de 2025.\" \/>\n<meta property=\"og:url\" content=\"https:\/\/portaltela.pt\/noticias\/2026\/04\/10\/alargamento-do-controlo-biometrico-comeca-nos-aeroportos-nacionais-sem-incidentes\/\" \/>\n<meta property=\"og:site_name\" content=\"Portal Tela Portugal\" \/>\n<meta property=\"article:published_time\" content=\"2026-04-10T09:32:29+00:00\" \/>\n<meta name=\"author\" content=\"Telinha\" \/>\n<meta name=\"twitter:card\" content=\"summary_large_image\" \/>\n<meta name=\"twitter:label1\" content=\"Escrito por\" \/>\n\t<meta name=\"twitter:data1\" content=\"Telinha\" \/>\n\t<meta name=\"twitter:label2\" content=\"Tempo estimado de leitura\" \/>\n\t<meta name=\"twitter:data2\" content=\"2 minutos\" \/>\n<script type=\"application\/ld+json\" class=\"yoast-schema-graph\">{\"@context\":\"https:\/\/schema.org\",\"@graph\":[{\"@type\":\"Article\",\"@id\":\"https:\/\/portaltela.pt\/noticias\/2026\/04\/10\/alargamento-do-controlo-biometrico-comeca-nos-aeroportos-nacionais-sem-incidentes\/#article\",\"isPartOf\":{\"@id\":\"https:\/\/portaltela.pt\/noticias\/2026\/04\/10\/alargamento-do-controlo-biometrico-comeca-nos-aeroportos-nacionais-sem-incidentes\/\"},\"author\":{\"name\":\"Telinha\",\"@id\":\"https:\/\/portaltela.pt\/#\/schema\/person\/c4278d4a6028830caff9ee44b42d32ed\"},\"headline\":\"Alargamento do controlo biom\u00e9trico come\u00e7a nos aeroportos nacionais sem incidentes\",\"datePublished\":\"2026-04-10T09:32:29+00:00\",\"mainEntityOfPage\":{\"@id\":\"https:\/\/portaltela.pt\/noticias\/2026\/04\/10\/alargamento-do-controlo-biometrico-comeca-nos-aeroportos-nacionais-sem-incidentes\/\"},\"wordCount\":324,\"image\":{\"@id\":\"https:\/\/portaltela.pt\/noticias\/2026\/04\/10\/alargamento-do-controlo-biometrico-comeca-nos-aeroportos-nacionais-sem-incidentes\/#primaryimage\"},\"thumbnailUrl\":\"https:\/\/portaltela.pt\/s.01k8rhncp4jt1\/2026\/04\/image-571.jpg\",\"keywords\":[\"fronteiras\",\"fronteiras internacionais\",\"Portugal\",\"seguran\u00e7a p\u00fablica\",\"tecnologia\",\"Uni\u00e3o Europeia\"],\"articleSection\":[\"Pol\u00edcia\",\"Seguran\u00e7a\"],\"inLanguage\":\"pt-PT\"},{\"@type\":\"WebPage\",\"@id\":\"https:\/\/portaltela.pt\/noticias\/2026\/04\/10\/alargamento-do-controlo-biometrico-comeca-nos-aeroportos-nacionais-sem-incidentes\/\",\"url\":\"https:\/\/portaltela.pt\/noticias\/2026\/04\/10\/alargamento-do-controlo-biometrico-comeca-nos-aeroportos-nacionais-sem-incidentes\/\",\"name\":\"Alargamento do controlo biom\u00e9trico come\u00e7a nos aeroportos nacionais sem incidentes - Portal Tela Portugal\",\"isPartOf\":{\"@id\":\"https:\/\/portaltela.pt\/#website\"},\"primaryImageOfPage\":{\"@id\":\"https:\/\/portaltela.pt\/noticias\/2026\/04\/10\/alargamento-do-controlo-biometrico-comeca-nos-aeroportos-nacionais-sem-incidentes\/#primaryimage\"},\"image\":{\"@id\":\"https:\/\/portaltela.pt\/noticias\/2026\/04\/10\/alargamento-do-controlo-biometrico-comeca-nos-aeroportos-nacionais-sem-incidentes\/#primaryimage\"},\"thumbnailUrl\":\"https:\/\/portaltela.pt\/s.01k8rhncp4jt1\/2026\/04\/image-571.jpg\",\"datePublished\":\"2026-04-10T09:32:29+00:00\",\"author\":{\"@id\":\"https:\/\/portaltela.pt\/#\/schema\/person\/c4278d4a6028830caff9ee44b42d32ed\"},\"breadcrumb\":{\"@id\":\"https:\/\/portaltela.pt\/noticias\/2026\/04\/10\/alargamento-do-controlo-biometrico-comeca-nos-aeroportos-nacionais-sem-incidentes\/#breadcrumb\"},\"inLanguage\":\"pt-PT\",\"potentialAction\":[{\"@type\":\"ReadAction\",\"target\":[\"https:\/\/portaltela.pt\/noticias\/2026\/04\/10\/alargamento-do-controlo-biometrico-comeca-nos-aeroportos-nacionais-sem-incidentes\/\"]}]},{\"@type\":\"ImageObject\",\"inLanguage\":\"pt-PT\",\"@id\":\"https:\/\/portaltela.pt\/noticias\/2026\/04\/10\/alargamento-do-controlo-biometrico-comeca-nos-aeroportos-nacionais-sem-incidentes\/#primaryimage\",\"url\":\"https:\/\/portaltela.pt\/s.01k8rhncp4jt1\/2026\/04\/image-571.jpg\",\"contentUrl\":\"https:\/\/portaltela.pt\/s.01k8rhncp4jt1\/2026\/04\/image-571.jpg\",\"width\":796,\"height\":448,\"caption\":\"Foto: Rita Chantre\"},{\"@type\":\"BreadcrumbList\",\"@id\":\"https:\/\/portaltela.pt\/noticias\/2026\/04\/10\/alargamento-do-controlo-biometrico-comeca-nos-aeroportos-nacionais-sem-incidentes\/#breadcrumb\",\"itemListElement\":[{\"@type\":\"ListItem\",\"position\":1,\"name\":\"In\u00edcio\",\"item\":\"https:\/\/portaltela.pt\/\"},{\"@type\":\"ListItem\",\"position\":2,\"name\":\"Alargamento do controlo biom\u00e9trico come\u00e7a nos aeroportos nacionais sem incidentes\"}]},{\"@type\":\"WebSite\",\"@id\":\"https:\/\/portaltela.pt\/#website\",\"url\":\"https:\/\/portaltela.pt\/\",\"name\":\"Portal Tela Portugal\",\"description\":\"\",\"potentialAction\":[{\"@type\":\"SearchAction\",\"target\":{\"@type\":\"EntryPoint\",\"urlTemplate\":\"https:\/\/portaltela.pt\/?s={search_term_string}\"},\"query-input\":{\"@type\":\"PropertyValueSpecification\",\"valueRequired\":true,\"valueName\":\"search_term_string\"}}],\"inLanguage\":\"pt-PT\"},{\"@type\":\"Person\",\"@id\":\"https:\/\/portaltela.pt\/#\/schema\/person\/c4278d4a6028830caff9ee44b42d32ed\",\"name\":\"Telinha\",\"image\":{\"@type\":\"ImageObject\",\"inLanguage\":\"pt-PT\",\"@id\":\"https:\/\/portaltela.pt\/s.01k8rhncp4jt1\/2025\/11\/talking-bot-125x125.png\",\"url\":\"https:\/\/portaltela.pt\/s.01k8rhncp4jt1\/2025\/11\/talking-bot-125x125.png\",\"contentUrl\":\"https:\/\/portaltela.pt\/s.01k8rhncp4jt1\/2025\/11\/talking-bot-125x125.png\",\"caption\":\"Telinha\"},\"sameAs\":[\"https:\/\/portaltela.pt\/\"],\"url\":\"https:\/\/portaltela.pt\/por\/367410592786\/\"}]}<\/script>\n<!-- \/ Yoast SEO plugin. -->","yoast_head_json":{"title":"Alargamento do controlo biom\u00e9trico come\u00e7a nos aeroportos nacionais sem incidentes - Portal Tela Portugal","robots":{"index":"index","follow":"follow","max-snippet":"max-snippet:-1","max-image-preview":"max-image-preview:large","max-video-preview":"max-video-preview:-1"},"og_locale":"pt_PT","og_type":"article","og_title":"Alargamento do controlo biom\u00e9trico come\u00e7a nos aeroportos nacionais sem incidentes - Portal Tela Portugal","og_description":"O alargamento do controlo biom\u00e9trico aos passageiros extracomunit\u00e1rios arrancou sem sobressaltos, com demoras apenas em Faro, de cerca de uma hora pela manh\u00e3. Em Faro, \u00e0s 5h30 houve aglomera\u00e7\u00e3o de passageiros; \u00e0s 9h45 a espera rondava os 20 minutos. No aeroporto Francisco S\u00e1 Carneiro, no Porto, as partidas tamb\u00e9m tiveram tempos de espera pr\u00f3ximos de 20 minutos, e as chegadas cerca de 10 minutos. Em Lisboa, \u00e0s 9h45, as chegadas tinham menos de 10 minutos de espera, enquanto as partidas rondavam os 30 minutos. O Sistema Europeu de Entrada\/Sa\u00edda substitui o carimbo no passaporte pelo registo biom\u00e9trico para cidad\u00e3os extracomunit\u00e1rios, estando a funcionar a 100% a partir de hoje ap\u00f3s uma implementa\u00e7\u00e3o faseada desde outubro de 2025.","og_url":"https:\/\/portaltela.pt\/noticias\/2026\/04\/10\/alargamento-do-controlo-biometrico-comeca-nos-aeroportos-nacionais-sem-incidentes\/","og_site_name":"Portal Tela Portugal","article_published_time":"2026-04-10T09:32:29+00:00","author":"Telinha","twitter_card":"summary_large_image","twitter_misc":{"Escrito por":"Telinha","Tempo estimado de leitura":"2 minutos"},"schema":{"@context":"https:\/\/schema.org","@graph":[{"@type":"Article","@id":"https:\/\/portaltela.pt\/noticias\/2026\/04\/10\/alargamento-do-controlo-biometrico-comeca-nos-aeroportos-nacionais-sem-incidentes\/#article","isPartOf":{"@id":"https:\/\/portaltela.pt\/noticias\/2026\/04\/10\/alargamento-do-controlo-biometrico-comeca-nos-aeroportos-nacionais-sem-incidentes\/"},"author":{"name":"Telinha","@id":"https:\/\/portaltela.pt\/#\/schema\/person\/c4278d4a6028830caff9ee44b42d32ed"},"headline":"Alargamento do controlo biom\u00e9trico come\u00e7a nos aeroportos nacionais sem incidentes","datePublished":"2026-04-10T09:32:29+00:00","mainEntityOfPage":{"@id":"https:\/\/portaltela.pt\/noticias\/2026\/04\/10\/alargamento-do-controlo-biometrico-comeca-nos-aeroportos-nacionais-sem-incidentes\/"},"wordCount":324,"image":{"@id":"https:\/\/portaltela.pt\/noticias\/2026\/04\/10\/alargamento-do-controlo-biometrico-comeca-nos-aeroportos-nacionais-sem-incidentes\/#primaryimage"},"thumbnailUrl":"https:\/\/portaltela.pt\/s.01k8rhncp4jt1\/2026\/04\/image-571.jpg","keywords":["fronteiras","fronteiras internacionais","Portugal","seguran\u00e7a p\u00fablica","tecnologia","Uni\u00e3o Europeia"],"articleSection":["Pol\u00edcia","Seguran\u00e7a"],"inLanguage":"pt-PT"},{"@type":"WebPage","@id":"https:\/\/portaltela.pt\/noticias\/2026\/04\/10\/alargamento-do-controlo-biometrico-comeca-nos-aeroportos-nacionais-sem-incidentes\/","url":"https:\/\/portaltela.pt\/noticias\/2026\/04\/10\/alargamento-do-controlo-biometrico-comeca-nos-aeroportos-nacionais-sem-incidentes\/","name":"Alargamento do controlo biom\u00e9trico come\u00e7a nos aeroportos nacionais sem incidentes - Portal Tela Portugal","isPartOf":{"@id":"https:\/\/portaltela.pt\/#website"},"primaryImageOfPage":{"@id":"https:\/\/portaltela.pt\/noticias\/2026\/04\/10\/alargamento-do-controlo-biometrico-comeca-nos-aeroportos-nacionais-sem-incidentes\/#primaryimage"},"image":{"@id":"https:\/\/portaltela.pt\/noticias\/2026\/04\/10\/alargamento-do-controlo-biometrico-comeca-nos-aeroportos-nacionais-sem-incidentes\/#primaryimage"},"thumbnailUrl":"https:\/\/portaltela.pt\/s.01k8rhncp4jt1\/2026\/04\/image-571.jpg","datePublished":"2026-04-10T09:32:29+00:00","author":{"@id":"https:\/\/portaltela.pt\/#\/schema\/person\/c4278d4a6028830caff9ee44b42d32ed"},"breadcrumb":{"@id":"https:\/\/portaltela.pt\/noticias\/2026\/04\/10\/alargamento-do-controlo-biometrico-comeca-nos-aeroportos-nacionais-sem-incidentes\/#breadcrumb"},"inLanguage":"pt-PT","potentialAction":[{"@type":"ReadAction","target":["https:\/\/portaltela.pt\/noticias\/2026\/04\/10\/alargamento-do-controlo-biometrico-comeca-nos-aeroportos-nacionais-sem-incidentes\/"]}]},{"@type":"ImageObject","inLanguage":"pt-PT","@id":"https:\/\/portaltela.pt\/noticias\/2026\/04\/10\/alargamento-do-controlo-biometrico-comeca-nos-aeroportos-nacionais-sem-incidentes\/#primaryimage","url":"https:\/\/portaltela.pt\/s.01k8rhncp4jt1\/2026\/04\/image-571.jpg","contentUrl":"https:\/\/portaltela.pt\/s.01k8rhncp4jt1\/2026\/04\/image-571.jpg","width":796,"height":448,"caption":"Foto: Rita Chantre"},{"@type":"BreadcrumbList","@id":"https:\/\/portaltela.pt\/noticias\/2026\/04\/10\/alargamento-do-controlo-biometrico-comeca-nos-aeroportos-nacionais-sem-incidentes\/#breadcrumb","itemListElement":[{"@type":"ListItem","position":1,"name":"In\u00edcio","item":"https:\/\/portaltela.pt\/"},{"@type":"ListItem","position":2,"name":"Alargamento do controlo biom\u00e9trico come\u00e7a nos aeroportos nacionais sem incidentes"}]},{"@type":"WebSite","@id":"https:\/\/portaltela.pt\/#website","url":"https:\/\/portaltela.pt\/","name":"Portal Tela Portugal","description":"","potentialAction":[{"@type":"SearchAction","target":{"@type":"EntryPoint","urlTemplate":"https:\/\/portaltela.pt\/?s={search_term_string}"},"query-input":{"@type":"PropertyValueSpecification","valueRequired":true,"valueName":"search_term_string"}}],"inLanguage":"pt-PT"},{"@type":"Person","@id":"https:\/\/portaltela.pt\/#\/schema\/person\/c4278d4a6028830caff9ee44b42d32ed","name":"Telinha","image":{"@type":"ImageObject","inLanguage":"pt-PT","@id":"https:\/\/portaltela.pt\/s.01k8rhncp4jt1\/2025\/11\/talking-bot-125x125.png","url":"https:\/\/portaltela.pt\/s.01k8rhncp4jt1\/2025\/11\/talking-bot-125x125.png","contentUrl":"https:\/\/portaltela.pt\/s.01k8rhncp4jt1\/2025\/11\/talking-bot-125x125.png","caption":"Telinha"},"sameAs":["https:\/\/portaltela.pt\/"],"url":"https:\/\/portaltela.pt\/por\/367410592786\/"}]}},"_links":{"self":[{"href":"https:\/\/portaltela.pt\/api\/wp\/v2\/posts\/439028","targetHints":{"allow":["GET"]}}],"collection":[{"href":"https:\/\/portaltela.pt\/api\/wp\/v2\/posts"}],"about":[{"href":"https:\/\/portaltela.pt\/api\/wp\/v2\/types\/post"}],"author":[{"embeddable":true,"href":"https:\/\/portaltela.pt\/api\/wp\/v2\/users\/2"}],"replies":[{"embeddable":true,"href":"https:\/\/portaltela.pt\/api\/wp\/v2\/comments?post=439028"}],"version-history":[{"count":0,"href":"https:\/\/portaltela.pt\/api\/wp\/v2\/posts\/439028\/revisions"}],"wp:featuredmedia":[{"embeddable":true,"href":"https:\/\/portaltela.pt\/api\/wp\/v2\/media\/439034"}],"wp:attachment":[{"href":"https:\/\/portaltela.pt\/api\/wp\/v2\/media?parent=439028"}],"wp:term":[{"taxonomy":"category","embeddable":true,"href":"https:\/\/portaltela.pt\/api\/wp\/v2\/categories?post=439028"},{"taxonomy":"post_tag","embeddable":true,"href":"https:\/\/portaltela.pt\/api\/wp\/v2\/tags?post=439028"}],"curies":[{"name":"wp","href":"https:\/\/api.w.org\/{rel}","templated":true}]}}