{"id":439020,"date":"2026-04-09T21:00:00","date_gmt":"2026-04-10T00:00:00","guid":{"rendered":"https:\/\/portaltela.pt\/noticias\/2026\/04\/09\/artemis-ii-nasa-prepara-voo-lunar-tripulado\/"},"modified":"2026-04-09T21:00:00","modified_gmt":"2026-04-10T00:00:00","slug":"artemis-ii-nasa-prepara-voo-lunar-tripulado","status":"publish","type":"post","link":"https:\/\/portaltela.pt\/tecnologia\/2026\/04\/09\/artemis-ii-nasa-prepara-voo-lunar-tripulado\/","title":{"rendered":"Artemis II: NASA prepara voo lunar tripulado"},"content":{"rendered":"<p>Artemis II \u00e9 a primeira miss\u00e3o tripulada da Nasa a \u00f3rbitarem a Lua em d\u00e9cadas. A opera\u00e7\u00e3o ocorre em abril de 2026, com a tripula\u00e7\u00e3o a bordo da nave Orion, a partir do Kennedy Space Center, na Flor\u00edda. O objetivo \u00e9 testar sistemas cr\u00edticos e opera\u00e7\u00f5es de miss\u00e3o sem aterrissagem.<\/p>\n<p>A equipa envolve Reid Wiseman (comandante), Victor Glover (piloto), Christina Koch e Jeremy Hansen (especialistas de miss\u00e3o). A miss\u00e3o segue os preparativos efetuados nos meses anteriores e insere-se na trajet\u00f3ria de explora\u00e7\u00e3o lunar da Nasa, visando futuras miss\u00f5es com destino \u00e0 superf\u00edcie lunar.<\/p>\n<h3>Playlist de despertar<\/h3>\n<p>A Nasa revelou a lista de m\u00fasicas para acordar a tripula\u00e7\u00e3o, com escolhas que incluem artistas contempor\u00e2neos e cl\u00e1ssicos. A sele\u00e7\u00e3o pretende manter o \u00e2nimo dos astronautas ao longo da miss\u00e3o, num contexto de opera\u00e7\u00e3o cont\u00ednua e monitoriza\u00e7\u00e3o de sistemas.<\/p>\n<h3>Progresso e marca hist\u00f3rica<\/h3>\n<p>Imagens da miss\u00e3o t\u00eam sido divulgadas pela equipa, incluindo vis\u00f5es da Lua tiradas pela tripula\u00e7\u00e3o e acenos \u00e0 vida a bordo. Em abril de 2026, os membros da Artemis II deixaram o Edif\u00edcio de Opera\u00e7\u00f5es e Controlo no Centro Espacial Kennedy, em Cabo Canaveral, a caminho da orbita lunar.<\/p>\n<h3>Viagem rumo \u00e0 \u00f3rbita lunar<\/h3>\n<p>O grupo iniciou a viagem ap\u00f3s um dia de atividade orbital \u00e0 volta da Terra. A equipe comunicou-se a partir da \u00f3rbita lunar durante uma confer\u00eancia virtual, sinalizando o in\u00edcio da que poder\u00e1 ser uma viagem hist\u00f3rica para al\u00e9m da \u00f3rbita terrestre.<\/p>\n","protected":false},"excerpt":{"rendered":"<ul>\n<li>Artemis II \u00e9 a primeira miss\u00e3o tripulada da NASA a orbitar a Lua em d\u00e9cadas.<\/li>\n<li>A NASA revelou uma playlist de despertar para a tripula\u00e7\u00e3o, com m\u00fasicas de Chappell Roan, David Bowie e Denzel Curry.<\/li>\n<li>A tripula\u00e7\u00e3o \u00e9 composta por Jeremy Hansen, Reid Wiseman, Christina Koch e Victor Glover.<\/li>\n<li>Os astronautas deixaram o Centro Espacial Kennedy, em Cabo Canaveral, na Fl\u00f3rida, para iniciar o voo hist\u00f3rico.<\/li>\n<li>A miss\u00e3o come\u00e7ou a caminho da Lua depois de um dia de volta \u00e0 Terra, com a equipa a comunicar a partir da \u00f3rbita lunar.<\/li>\n<\/ul>\n","protected":false},"author":2,"featured_media":439024,"comment_status":"closed","ping_status":"closed","sticky":false,"template":"","format":"standard","meta":{"footnotes":""},"categories":[6716],"tags":[7186,1992,6232,56],"class_list":["post-439020","post","type-post","status-publish","format-standard","has-post-thumbnail","hentry","category-tecnologia","tag-astronomia","tag-ciencia","tag-nasa","tag-pesquisa"],"yoast_head":"<!-- This site is optimized with the Yoast SEO plugin v27.2 - https:\/\/yoast.com\/product\/yoast-seo-wordpress\/ -->\n<title>Artemis II: NASA prepara voo lunar tripulado - Portal Tela Portugal<\/title>\n<meta name=\"robots\" content=\"index, follow, max-snippet:-1, max-image-preview:large, max-video-preview:-1\" \/>\n<meta property=\"og:locale\" content=\"pt_PT\" \/>\n<meta property=\"og:type\" content=\"article\" \/>\n<meta property=\"og:title\" content=\"Artemis II: NASA prepara voo lunar tripulado - Portal Tela Portugal\" \/>\n<meta property=\"og:description\" content=\"Artemis II \u00e9 a primeira miss\u00e3o tripulada da NASA a orbitar a Lua em d\u00e9cadas. A NASA revelou uma playlist de despertar para a tripula\u00e7\u00e3o, com m\u00fasicas de Chappell Roan, David Bowie e Denzel Curry. A tripula\u00e7\u00e3o \u00e9 composta por Jeremy Hansen, Reid Wiseman, Christina Koch e Victor Glover. Os astronautas deixaram o Centro Espacial Kennedy, em Cabo Canaveral, na Fl\u00f3rida, para iniciar o voo hist\u00f3rico. A miss\u00e3o come\u00e7ou a caminho da Lua depois de um dia de volta \u00e0 Terra, com a equipa a comunicar a partir da \u00f3rbita lunar.\" \/>\n<meta property=\"og:url\" content=\"https:\/\/portaltela.pt\/noticias\/2026\/04\/09\/artemis-ii-nasa-prepara-voo-lunar-tripulado\/\" \/>\n<meta property=\"og:site_name\" content=\"Portal Tela Portugal\" \/>\n<meta property=\"article:published_time\" content=\"2026-04-10T00:00:00+00:00\" \/>\n<meta name=\"author\" content=\"Telinha\" \/>\n<meta name=\"twitter:card\" content=\"summary_large_image\" \/>\n<meta name=\"twitter:label1\" content=\"Escrito por\" \/>\n\t<meta name=\"twitter:data1\" content=\"Telinha\" \/>\n\t<meta name=\"twitter:label2\" content=\"Tempo estimado de leitura\" \/>\n\t<meta name=\"twitter:data2\" content=\"1 minuto\" \/>\n<script type=\"application\/ld+json\" class=\"yoast-schema-graph\">{\"@context\":\"https:\/\/schema.org\",\"@graph\":[{\"@type\":\"Article\",\"@id\":\"https:\/\/portaltela.pt\/noticias\/2026\/04\/09\/artemis-ii-nasa-prepara-voo-lunar-tripulado\/#article\",\"isPartOf\":{\"@id\":\"https:\/\/portaltela.pt\/noticias\/2026\/04\/09\/artemis-ii-nasa-prepara-voo-lunar-tripulado\/\"},\"author\":{\"name\":\"Telinha\",\"@id\":\"https:\/\/portaltela.pt\/#\/schema\/person\/c4278d4a6028830caff9ee44b42d32ed\"},\"headline\":\"Artemis II: NASA prepara voo lunar tripulado\",\"datePublished\":\"2026-04-10T00:00:00+00:00\",\"mainEntityOfPage\":{\"@id\":\"https:\/\/portaltela.pt\/noticias\/2026\/04\/09\/artemis-ii-nasa-prepara-voo-lunar-tripulado\/\"},\"wordCount\":270,\"image\":{\"@id\":\"https:\/\/portaltela.pt\/noticias\/2026\/04\/09\/artemis-ii-nasa-prepara-voo-lunar-tripulado\/#primaryimage\"},\"thumbnailUrl\":\"https:\/\/portaltela.pt\/s.01k8rhncp4jt1\/2026\/04\/320x180_cmsv2_2433ab87-4b13-59ad-bc45-3b7342d255b7-9716854.jpg\",\"keywords\":[\"astronomia\",\"ci\u00eancia\",\"NASA\",\"pesquisa\"],\"articleSection\":[\"Tecnologia\"],\"inLanguage\":\"pt-PT\"},{\"@type\":\"WebPage\",\"@id\":\"https:\/\/portaltela.pt\/noticias\/2026\/04\/09\/artemis-ii-nasa-prepara-voo-lunar-tripulado\/\",\"url\":\"https:\/\/portaltela.pt\/noticias\/2026\/04\/09\/artemis-ii-nasa-prepara-voo-lunar-tripulado\/\",\"name\":\"Artemis II: NASA prepara voo lunar tripulado - Portal Tela Portugal\",\"isPartOf\":{\"@id\":\"https:\/\/portaltela.pt\/#website\"},\"primaryImageOfPage\":{\"@id\":\"https:\/\/portaltela.pt\/noticias\/2026\/04\/09\/artemis-ii-nasa-prepara-voo-lunar-tripulado\/#primaryimage\"},\"image\":{\"@id\":\"https:\/\/portaltela.pt\/noticias\/2026\/04\/09\/artemis-ii-nasa-prepara-voo-lunar-tripulado\/#primaryimage\"},\"thumbnailUrl\":\"https:\/\/portaltela.pt\/s.01k8rhncp4jt1\/2026\/04\/320x180_cmsv2_2433ab87-4b13-59ad-bc45-3b7342d255b7-9716854.jpg\",\"datePublished\":\"2026-04-10T00:00:00+00:00\",\"author\":{\"@id\":\"https:\/\/portaltela.pt\/#\/schema\/person\/c4278d4a6028830caff9ee44b42d32ed\"},\"breadcrumb\":{\"@id\":\"https:\/\/portaltela.pt\/noticias\/2026\/04\/09\/artemis-ii-nasa-prepara-voo-lunar-tripulado\/#breadcrumb\"},\"inLanguage\":\"pt-PT\",\"potentialAction\":[{\"@type\":\"ReadAction\",\"target\":[\"https:\/\/portaltela.pt\/noticias\/2026\/04\/09\/artemis-ii-nasa-prepara-voo-lunar-tripulado\/\"]}]},{\"@type\":\"ImageObject\",\"inLanguage\":\"pt-PT\",\"@id\":\"https:\/\/portaltela.pt\/noticias\/2026\/04\/09\/artemis-ii-nasa-prepara-voo-lunar-tripulado\/#primaryimage\",\"url\":\"https:\/\/portaltela.pt\/s.01k8rhncp4jt1\/2026\/04\/320x180_cmsv2_2433ab87-4b13-59ad-bc45-3b7342d255b7-9716854.jpg\",\"contentUrl\":\"https:\/\/portaltela.pt\/s.01k8rhncp4jt1\/2026\/04\/320x180_cmsv2_2433ab87-4b13-59ad-bc45-3b7342d255b7-9716854.jpg\",\"width\":796,\"height\":448,\"caption\":\"NASA divulga lista de m\u00fasicas para acordar a tripula\u00e7\u00e3o da Artemis II com Chappell Roan, David Bowie e Denzel Curry\"},{\"@type\":\"BreadcrumbList\",\"@id\":\"https:\/\/portaltela.pt\/noticias\/2026\/04\/09\/artemis-ii-nasa-prepara-voo-lunar-tripulado\/#breadcrumb\",\"itemListElement\":[{\"@type\":\"ListItem\",\"position\":1,\"name\":\"In\u00edcio\",\"item\":\"https:\/\/portaltela.pt\/\"},{\"@type\":\"ListItem\",\"position\":2,\"name\":\"Artemis II: NASA prepara voo lunar tripulado\"}]},{\"@type\":\"WebSite\",\"@id\":\"https:\/\/portaltela.pt\/#website\",\"url\":\"https:\/\/portaltela.pt\/\",\"name\":\"Portal Tela Portugal\",\"description\":\"\",\"potentialAction\":[{\"@type\":\"SearchAction\",\"target\":{\"@type\":\"EntryPoint\",\"urlTemplate\":\"https:\/\/portaltela.pt\/?s={search_term_string}\"},\"query-input\":{\"@type\":\"PropertyValueSpecification\",\"valueRequired\":true,\"valueName\":\"search_term_string\"}}],\"inLanguage\":\"pt-PT\"},{\"@type\":\"Person\",\"@id\":\"https:\/\/portaltela.pt\/#\/schema\/person\/c4278d4a6028830caff9ee44b42d32ed\",\"name\":\"Telinha\",\"image\":{\"@type\":\"ImageObject\",\"inLanguage\":\"pt-PT\",\"@id\":\"https:\/\/portaltela.pt\/s.01k8rhncp4jt1\/2025\/11\/talking-bot-125x125.png\",\"url\":\"https:\/\/portaltela.pt\/s.01k8rhncp4jt1\/2025\/11\/talking-bot-125x125.png\",\"contentUrl\":\"https:\/\/portaltela.pt\/s.01k8rhncp4jt1\/2025\/11\/talking-bot-125x125.png\",\"caption\":\"Telinha\"},\"sameAs\":[\"https:\/\/portaltela.pt\/\"],\"url\":\"https:\/\/portaltela.pt\/por\/367410592786\/\"}]}<\/script>\n<!-- \/ Yoast SEO plugin. -->","yoast_head_json":{"title":"Artemis II: NASA prepara voo lunar tripulado - Portal Tela Portugal","robots":{"index":"index","follow":"follow","max-snippet":"max-snippet:-1","max-image-preview":"max-image-preview:large","max-video-preview":"max-video-preview:-1"},"og_locale":"pt_PT","og_type":"article","og_title":"Artemis II: NASA prepara voo lunar tripulado - Portal Tela Portugal","og_description":"Artemis II \u00e9 a primeira miss\u00e3o tripulada da NASA a orbitar a Lua em d\u00e9cadas. A NASA revelou uma playlist de despertar para a tripula\u00e7\u00e3o, com m\u00fasicas de Chappell Roan, David Bowie e Denzel Curry. A tripula\u00e7\u00e3o \u00e9 composta por Jeremy Hansen, Reid Wiseman, Christina Koch e Victor Glover. Os astronautas deixaram o Centro Espacial Kennedy, em Cabo Canaveral, na Fl\u00f3rida, para iniciar o voo hist\u00f3rico. A miss\u00e3o come\u00e7ou a caminho da Lua depois de um dia de volta \u00e0 Terra, com a equipa a comunicar a partir da \u00f3rbita lunar.","og_url":"https:\/\/portaltela.pt\/noticias\/2026\/04\/09\/artemis-ii-nasa-prepara-voo-lunar-tripulado\/","og_site_name":"Portal Tela Portugal","article_published_time":"2026-04-10T00:00:00+00:00","author":"Telinha","twitter_card":"summary_large_image","twitter_misc":{"Escrito por":"Telinha","Tempo estimado de leitura":"1 minuto"},"schema":{"@context":"https:\/\/schema.org","@graph":[{"@type":"Article","@id":"https:\/\/portaltela.pt\/noticias\/2026\/04\/09\/artemis-ii-nasa-prepara-voo-lunar-tripulado\/#article","isPartOf":{"@id":"https:\/\/portaltela.pt\/noticias\/2026\/04\/09\/artemis-ii-nasa-prepara-voo-lunar-tripulado\/"},"author":{"name":"Telinha","@id":"https:\/\/portaltela.pt\/#\/schema\/person\/c4278d4a6028830caff9ee44b42d32ed"},"headline":"Artemis II: NASA prepara voo lunar tripulado","datePublished":"2026-04-10T00:00:00+00:00","mainEntityOfPage":{"@id":"https:\/\/portaltela.pt\/noticias\/2026\/04\/09\/artemis-ii-nasa-prepara-voo-lunar-tripulado\/"},"wordCount":270,"image":{"@id":"https:\/\/portaltela.pt\/noticias\/2026\/04\/09\/artemis-ii-nasa-prepara-voo-lunar-tripulado\/#primaryimage"},"thumbnailUrl":"https:\/\/portaltela.pt\/s.01k8rhncp4jt1\/2026\/04\/320x180_cmsv2_2433ab87-4b13-59ad-bc45-3b7342d255b7-9716854.jpg","keywords":["astronomia","ci\u00eancia","NASA","pesquisa"],"articleSection":["Tecnologia"],"inLanguage":"pt-PT"},{"@type":"WebPage","@id":"https:\/\/portaltela.pt\/noticias\/2026\/04\/09\/artemis-ii-nasa-prepara-voo-lunar-tripulado\/","url":"https:\/\/portaltela.pt\/noticias\/2026\/04\/09\/artemis-ii-nasa-prepara-voo-lunar-tripulado\/","name":"Artemis II: NASA prepara voo lunar tripulado - Portal Tela Portugal","isPartOf":{"@id":"https:\/\/portaltela.pt\/#website"},"primaryImageOfPage":{"@id":"https:\/\/portaltela.pt\/noticias\/2026\/04\/09\/artemis-ii-nasa-prepara-voo-lunar-tripulado\/#primaryimage"},"image":{"@id":"https:\/\/portaltela.pt\/noticias\/2026\/04\/09\/artemis-ii-nasa-prepara-voo-lunar-tripulado\/#primaryimage"},"thumbnailUrl":"https:\/\/portaltela.pt\/s.01k8rhncp4jt1\/2026\/04\/320x180_cmsv2_2433ab87-4b13-59ad-bc45-3b7342d255b7-9716854.jpg","datePublished":"2026-04-10T00:00:00+00:00","author":{"@id":"https:\/\/portaltela.pt\/#\/schema\/person\/c4278d4a6028830caff9ee44b42d32ed"},"breadcrumb":{"@id":"https:\/\/portaltela.pt\/noticias\/2026\/04\/09\/artemis-ii-nasa-prepara-voo-lunar-tripulado\/#breadcrumb"},"inLanguage":"pt-PT","potentialAction":[{"@type":"ReadAction","target":["https:\/\/portaltela.pt\/noticias\/2026\/04\/09\/artemis-ii-nasa-prepara-voo-lunar-tripulado\/"]}]},{"@type":"ImageObject","inLanguage":"pt-PT","@id":"https:\/\/portaltela.pt\/noticias\/2026\/04\/09\/artemis-ii-nasa-prepara-voo-lunar-tripulado\/#primaryimage","url":"https:\/\/portaltela.pt\/s.01k8rhncp4jt1\/2026\/04\/320x180_cmsv2_2433ab87-4b13-59ad-bc45-3b7342d255b7-9716854.jpg","contentUrl":"https:\/\/portaltela.pt\/s.01k8rhncp4jt1\/2026\/04\/320x180_cmsv2_2433ab87-4b13-59ad-bc45-3b7342d255b7-9716854.jpg","width":796,"height":448,"caption":"NASA divulga lista de m\u00fasicas para acordar a tripula\u00e7\u00e3o da Artemis II com Chappell Roan, David Bowie e Denzel Curry"},{"@type":"BreadcrumbList","@id":"https:\/\/portaltela.pt\/noticias\/2026\/04\/09\/artemis-ii-nasa-prepara-voo-lunar-tripulado\/#breadcrumb","itemListElement":[{"@type":"ListItem","position":1,"name":"In\u00edcio","item":"https:\/\/portaltela.pt\/"},{"@type":"ListItem","position":2,"name":"Artemis II: NASA prepara voo lunar tripulado"}]},{"@type":"WebSite","@id":"https:\/\/portaltela.pt\/#website","url":"https:\/\/portaltela.pt\/","name":"Portal Tela Portugal","description":"","potentialAction":[{"@type":"SearchAction","target":{"@type":"EntryPoint","urlTemplate":"https:\/\/portaltela.pt\/?s={search_term_string}"},"query-input":{"@type":"PropertyValueSpecification","valueRequired":true,"valueName":"search_term_string"}}],"inLanguage":"pt-PT"},{"@type":"Person","@id":"https:\/\/portaltela.pt\/#\/schema\/person\/c4278d4a6028830caff9ee44b42d32ed","name":"Telinha","image":{"@type":"ImageObject","inLanguage":"pt-PT","@id":"https:\/\/portaltela.pt\/s.01k8rhncp4jt1\/2025\/11\/talking-bot-125x125.png","url":"https:\/\/portaltela.pt\/s.01k8rhncp4jt1\/2025\/11\/talking-bot-125x125.png","contentUrl":"https:\/\/portaltela.pt\/s.01k8rhncp4jt1\/2025\/11\/talking-bot-125x125.png","caption":"Telinha"},"sameAs":["https:\/\/portaltela.pt\/"],"url":"https:\/\/portaltela.pt\/por\/367410592786\/"}]}},"_links":{"self":[{"href":"https:\/\/portaltela.pt\/api\/wp\/v2\/posts\/439020","targetHints":{"allow":["GET"]}}],"collection":[{"href":"https:\/\/portaltela.pt\/api\/wp\/v2\/posts"}],"about":[{"href":"https:\/\/portaltela.pt\/api\/wp\/v2\/types\/post"}],"author":[{"embeddable":true,"href":"https:\/\/portaltela.pt\/api\/wp\/v2\/users\/2"}],"replies":[{"embeddable":true,"href":"https:\/\/portaltela.pt\/api\/wp\/v2\/comments?post=439020"}],"version-history":[{"count":0,"href":"https:\/\/portaltela.pt\/api\/wp\/v2\/posts\/439020\/revisions"}],"wp:featuredmedia":[{"embeddable":true,"href":"https:\/\/portaltela.pt\/api\/wp\/v2\/media\/439024"}],"wp:attachment":[{"href":"https:\/\/portaltela.pt\/api\/wp\/v2\/media?parent=439020"}],"wp:term":[{"taxonomy":"category","embeddable":true,"href":"https:\/\/portaltela.pt\/api\/wp\/v2\/categories?post=439020"},{"taxonomy":"post_tag","embeddable":true,"href":"https:\/\/portaltela.pt\/api\/wp\/v2\/tags?post=439020"}],"curies":[{"name":"wp","href":"https:\/\/api.w.org\/{rel}","templated":true}]}}