{"id":439013,"date":"2026-04-10T06:32:12","date_gmt":"2026-04-10T09:32:12","guid":{"rendered":"https:\/\/portaltela.pt\/noticias\/2026\/04\/10\/stefano-gabbana-demitiu-se-do-cargo-de-presidente-da-dolce-e-gabbana-documentos-revelam\/"},"modified":"2026-04-10T06:32:12","modified_gmt":"2026-04-10T09:32:12","slug":"stefano-gabbana-demitiu-se-do-cargo-de-presidente-da-dolce-e-gabbana-documentos-revelam","status":"publish","type":"post","link":"https:\/\/portaltela.pt\/noticias\/economia\/2026\/04\/10\/stefano-gabbana-demitiu-se-do-cargo-de-presidente-da-dolce-e-gabbana-documentos-revelam\/","title":{"rendered":"Stefano Gabbana demitiu-se do cargo de presidente da Dolce e Gabbana, documentos revelam"},"content":{"rendered":"<p>Stefano Gabbana demitiu-se do cargo de presidente da Dolce &amp; Gabbana, em Janeiro, conforme documentos apresentados pela empresa \u00e0 c\u00e2mara de com\u00e9rcio de Mil\u00e3o e obtidos pela Reuters. A sa\u00edda ocorre sem confirma\u00e7\u00e3o oficial sobre a continuidade da lideran\u00e7a criativa ao lado de Domenico Dolce.<\/p>\n<p>Segundo o documento, o co-fundador, de 63 anos, comunicou a decis\u00e3o em Dezembro, que passou a vigorar a 1 de Janeiro. O novo presidente nomeado \u00e9 Alfonso Dolce, irm\u00e3o de Domenico, que j\u00e1 ocupava o papel de diretor executivo.<\/p>\n<p>A empresa enfrenta um refinanciamento de at\u00e9 150 milh\u00f5es de euros, parte de uma d\u00edvida total de 450 milh\u00f5es. Os credores avaliam a venda de im\u00f3veis e a renova\u00e7\u00e3o de licen\u00e7as como estrat\u00e9gias de capta\u00e7\u00e3o de recursos. A Dolce &amp; Gabbana n\u00e3o comentou a demiss\u00e3o de Gabbana.<\/p>\n<p>Domenico Dolce mant\u00e9m 40% do neg\u00f3cio, enquanto Gabbana entregou a presid\u00eancia. Ainda n\u00e3o se sabe se a sa\u00edda envolve apenas a gest\u00e3o ou tamb\u00e9m a componente criativa da marca, que j\u00e1 desfilou em Mil\u00e3o mesmo ap\u00f3s o an\u00fancio.<\/p>\n<p>A casa de moda foi fundada em 1985 pelos dois estilistas, que estiveram juntos por muito tempo. A marca consolidou-se como refer\u00eancia italiana, com uma est\u00e9tica mediterr\u00e2nea e presen\u00e7a de celebridades internacionais.<\/p>\n","protected":false},"excerpt":{"rendered":"<ul>\n<li>Stefano Gabbana demitiu-se do cargo de presidente da Dolce &amp; Gabbana em janeiro, conforme documento apresentado \u00e0 c\u00e2mara de com\u00e9rcio de Mil\u00e3o.<\/li>\n<li>N\u00e3o est\u00e1 claro se manter\u00e1 a lideran\u00e7a criativa da casa ao lado de Domenico Dolce.<\/li>\n<li>A sa\u00edda foi adiantada pela Bloomberg; os credores procuram at\u00e9 150 milh\u00f5es de euros para um refinanciamento de 450 milh\u00f5es de euros de d\u00edvida.<\/li>\n<li>A Dolce &amp; Gabbana considera vender im\u00f3veis ou renovar licen\u00e7as para angariar fundos; Alfonso Dolce foi nomeado novo presidente.<\/li>\n<li>Domenico Dolce mant\u00e9m 40% do neg\u00f3cio; n\u00e3o houve coment\u00e1rio oficial da empresa sobre a sa\u00edda de Gabbana.<\/li>\n<\/ul>\n","protected":false},"author":2,"featured_media":439015,"comment_status":"closed","ping_status":"closed","sticky":false,"template":"","format":"standard","meta":{"footnotes":""},"categories":[2,6735],"tags":[6115,28,2697,2417,2025],"class_list":["post-439013","post","type-post","status-publish","format-standard","has-post-thumbnail","hentry","category-economia","category-negocios","tag-_economia","tag-economia","tag-empresas","tag-financiamento","tag-textil-vestuario"],"yoast_head":"<!-- This site is optimized with the Yoast SEO plugin v27.2 - https:\/\/yoast.com\/product\/yoast-seo-wordpress\/ -->\n<title>Stefano Gabbana demitiu-se do cargo de presidente da Dolce e Gabbana, documentos revelam - Portal Tela Portugal<\/title>\n<meta name=\"robots\" content=\"index, follow, max-snippet:-1, max-image-preview:large, max-video-preview:-1\" \/>\n<meta property=\"og:locale\" content=\"pt_PT\" \/>\n<meta property=\"og:type\" content=\"article\" \/>\n<meta property=\"og:title\" content=\"Stefano Gabbana demitiu-se do cargo de presidente da Dolce e Gabbana, documentos revelam - Portal Tela Portugal\" \/>\n<meta property=\"og:description\" content=\"Stefano Gabbana demitiu-se do cargo de presidente da Dolce &amp; Gabbana em janeiro, conforme documento apresentado \u00e0 c\u00e2mara de com\u00e9rcio de Mil\u00e3o. N\u00e3o est\u00e1 claro se manter\u00e1 a lideran\u00e7a criativa da casa ao lado de Domenico Dolce. A sa\u00edda foi adiantada pela Bloomberg; os credores procuram at\u00e9 150 milh\u00f5es de euros para um refinanciamento de 450 milh\u00f5es de euros de d\u00edvida. A Dolce &amp; Gabbana considera vender im\u00f3veis ou renovar licen\u00e7as para angariar fundos; Alfonso Dolce foi nomeado novo presidente. Domenico Dolce mant\u00e9m 40% do neg\u00f3cio; n\u00e3o houve coment\u00e1rio oficial da empresa sobre a sa\u00edda de Gabbana.\" \/>\n<meta property=\"og:url\" content=\"https:\/\/portaltela.pt\/noticias\/2026\/04\/10\/stefano-gabbana-demitiu-se-do-cargo-de-presidente-da-dolce-e-gabbana-documentos-revelam\/\" \/>\n<meta property=\"og:site_name\" content=\"Portal Tela Portugal\" \/>\n<meta property=\"article:published_time\" content=\"2026-04-10T09:32:12+00:00\" \/>\n<meta name=\"author\" content=\"Telinha\" \/>\n<meta name=\"twitter:card\" content=\"summary_large_image\" \/>\n<meta name=\"twitter:label1\" content=\"Escrito por\" \/>\n\t<meta name=\"twitter:data1\" content=\"Telinha\" \/>\n\t<meta name=\"twitter:label2\" content=\"Tempo estimado de leitura\" \/>\n\t<meta name=\"twitter:data2\" content=\"1 minuto\" \/>\n<script type=\"application\/ld+json\" class=\"yoast-schema-graph\">{\"@context\":\"https:\/\/schema.org\",\"@graph\":[{\"@type\":\"Article\",\"@id\":\"https:\/\/portaltela.pt\/noticias\/2026\/04\/10\/stefano-gabbana-demitiu-se-do-cargo-de-presidente-da-dolce-e-gabbana-documentos-revelam\/#article\",\"isPartOf\":{\"@id\":\"https:\/\/portaltela.pt\/noticias\/2026\/04\/10\/stefano-gabbana-demitiu-se-do-cargo-de-presidente-da-dolce-e-gabbana-documentos-revelam\/\"},\"author\":{\"name\":\"Telinha\",\"@id\":\"https:\/\/portaltela.pt\/#\/schema\/person\/c4278d4a6028830caff9ee44b42d32ed\"},\"headline\":\"Stefano Gabbana demitiu-se do cargo de presidente da Dolce e Gabbana, documentos revelam\",\"datePublished\":\"2026-04-10T09:32:12+00:00\",\"mainEntityOfPage\":{\"@id\":\"https:\/\/portaltela.pt\/noticias\/2026\/04\/10\/stefano-gabbana-demitiu-se-do-cargo-de-presidente-da-dolce-e-gabbana-documentos-revelam\/\"},\"wordCount\":238,\"image\":{\"@id\":\"https:\/\/portaltela.pt\/noticias\/2026\/04\/10\/stefano-gabbana-demitiu-se-do-cargo-de-presidente-da-dolce-e-gabbana-documentos-revelam\/#primaryimage\"},\"thumbnailUrl\":\"https:\/\/portaltela.pt\/s.01k8rhncp4jt1\/2026\/04\/2080400.jpg\",\"keywords\":[\"_economia\",\"economia\",\"empresas\",\"financiamento\",\"t\u00eaxtil-vestu\u00e1rio\"],\"articleSection\":[\"Economia\",\"Neg\u00f3cios\"],\"inLanguage\":\"pt-PT\"},{\"@type\":\"WebPage\",\"@id\":\"https:\/\/portaltela.pt\/noticias\/2026\/04\/10\/stefano-gabbana-demitiu-se-do-cargo-de-presidente-da-dolce-e-gabbana-documentos-revelam\/\",\"url\":\"https:\/\/portaltela.pt\/noticias\/2026\/04\/10\/stefano-gabbana-demitiu-se-do-cargo-de-presidente-da-dolce-e-gabbana-documentos-revelam\/\",\"name\":\"Stefano Gabbana demitiu-se do cargo de presidente da Dolce e Gabbana, documentos revelam - Portal Tela Portugal\",\"isPartOf\":{\"@id\":\"https:\/\/portaltela.pt\/#website\"},\"primaryImageOfPage\":{\"@id\":\"https:\/\/portaltela.pt\/noticias\/2026\/04\/10\/stefano-gabbana-demitiu-se-do-cargo-de-presidente-da-dolce-e-gabbana-documentos-revelam\/#primaryimage\"},\"image\":{\"@id\":\"https:\/\/portaltela.pt\/noticias\/2026\/04\/10\/stefano-gabbana-demitiu-se-do-cargo-de-presidente-da-dolce-e-gabbana-documentos-revelam\/#primaryimage\"},\"thumbnailUrl\":\"https:\/\/portaltela.pt\/s.01k8rhncp4jt1\/2026\/04\/2080400.jpg\",\"datePublished\":\"2026-04-10T09:32:12+00:00\",\"author\":{\"@id\":\"https:\/\/portaltela.pt\/#\/schema\/person\/c4278d4a6028830caff9ee44b42d32ed\"},\"breadcrumb\":{\"@id\":\"https:\/\/portaltela.pt\/noticias\/2026\/04\/10\/stefano-gabbana-demitiu-se-do-cargo-de-presidente-da-dolce-e-gabbana-documentos-revelam\/#breadcrumb\"},\"inLanguage\":\"pt-PT\",\"potentialAction\":[{\"@type\":\"ReadAction\",\"target\":[\"https:\/\/portaltela.pt\/noticias\/2026\/04\/10\/stefano-gabbana-demitiu-se-do-cargo-de-presidente-da-dolce-e-gabbana-documentos-revelam\/\"]}]},{\"@type\":\"ImageObject\",\"inLanguage\":\"pt-PT\",\"@id\":\"https:\/\/portaltela.pt\/noticias\/2026\/04\/10\/stefano-gabbana-demitiu-se-do-cargo-de-presidente-da-dolce-e-gabbana-documentos-revelam\/#primaryimage\",\"url\":\"https:\/\/portaltela.pt\/s.01k8rhncp4jt1\/2026\/04\/2080400.jpg\",\"contentUrl\":\"https:\/\/portaltela.pt\/s.01k8rhncp4jt1\/2026\/04\/2080400.jpg\",\"width\":796,\"height\":448,\"caption\":\"Stefano Gabbana e Domenico Dolce fundaram a casa de moda em 1985\"},{\"@type\":\"BreadcrumbList\",\"@id\":\"https:\/\/portaltela.pt\/noticias\/2026\/04\/10\/stefano-gabbana-demitiu-se-do-cargo-de-presidente-da-dolce-e-gabbana-documentos-revelam\/#breadcrumb\",\"itemListElement\":[{\"@type\":\"ListItem\",\"position\":1,\"name\":\"In\u00edcio\",\"item\":\"https:\/\/portaltela.pt\/\"},{\"@type\":\"ListItem\",\"position\":2,\"name\":\"Stefano Gabbana demitiu-se do cargo de presidente da Dolce e Gabbana, documentos revelam\"}]},{\"@type\":\"WebSite\",\"@id\":\"https:\/\/portaltela.pt\/#website\",\"url\":\"https:\/\/portaltela.pt\/\",\"name\":\"Portal Tela Portugal\",\"description\":\"\",\"potentialAction\":[{\"@type\":\"SearchAction\",\"target\":{\"@type\":\"EntryPoint\",\"urlTemplate\":\"https:\/\/portaltela.pt\/?s={search_term_string}\"},\"query-input\":{\"@type\":\"PropertyValueSpecification\",\"valueRequired\":true,\"valueName\":\"search_term_string\"}}],\"inLanguage\":\"pt-PT\"},{\"@type\":\"Person\",\"@id\":\"https:\/\/portaltela.pt\/#\/schema\/person\/c4278d4a6028830caff9ee44b42d32ed\",\"name\":\"Telinha\",\"image\":{\"@type\":\"ImageObject\",\"inLanguage\":\"pt-PT\",\"@id\":\"https:\/\/portaltela.pt\/s.01k8rhncp4jt1\/2025\/11\/talking-bot-125x125.png\",\"url\":\"https:\/\/portaltela.pt\/s.01k8rhncp4jt1\/2025\/11\/talking-bot-125x125.png\",\"contentUrl\":\"https:\/\/portaltela.pt\/s.01k8rhncp4jt1\/2025\/11\/talking-bot-125x125.png\",\"caption\":\"Telinha\"},\"sameAs\":[\"https:\/\/portaltela.pt\/\"],\"url\":\"https:\/\/portaltela.pt\/por\/367410592786\/\"}]}<\/script>\n<!-- \/ Yoast SEO plugin. -->","yoast_head_json":{"title":"Stefano Gabbana demitiu-se do cargo de presidente da Dolce e Gabbana, documentos revelam - Portal Tela Portugal","robots":{"index":"index","follow":"follow","max-snippet":"max-snippet:-1","max-image-preview":"max-image-preview:large","max-video-preview":"max-video-preview:-1"},"og_locale":"pt_PT","og_type":"article","og_title":"Stefano Gabbana demitiu-se do cargo de presidente da Dolce e Gabbana, documentos revelam - Portal Tela Portugal","og_description":"Stefano Gabbana demitiu-se do cargo de presidente da Dolce &amp; Gabbana em janeiro, conforme documento apresentado \u00e0 c\u00e2mara de com\u00e9rcio de Mil\u00e3o. N\u00e3o est\u00e1 claro se manter\u00e1 a lideran\u00e7a criativa da casa ao lado de Domenico Dolce. A sa\u00edda foi adiantada pela Bloomberg; os credores procuram at\u00e9 150 milh\u00f5es de euros para um refinanciamento de 450 milh\u00f5es de euros de d\u00edvida. A Dolce &amp; Gabbana considera vender im\u00f3veis ou renovar licen\u00e7as para angariar fundos; Alfonso Dolce foi nomeado novo presidente. Domenico Dolce mant\u00e9m 40% do neg\u00f3cio; n\u00e3o houve coment\u00e1rio oficial da empresa sobre a sa\u00edda de Gabbana.","og_url":"https:\/\/portaltela.pt\/noticias\/2026\/04\/10\/stefano-gabbana-demitiu-se-do-cargo-de-presidente-da-dolce-e-gabbana-documentos-revelam\/","og_site_name":"Portal Tela Portugal","article_published_time":"2026-04-10T09:32:12+00:00","author":"Telinha","twitter_card":"summary_large_image","twitter_misc":{"Escrito por":"Telinha","Tempo estimado de leitura":"1 minuto"},"schema":{"@context":"https:\/\/schema.org","@graph":[{"@type":"Article","@id":"https:\/\/portaltela.pt\/noticias\/2026\/04\/10\/stefano-gabbana-demitiu-se-do-cargo-de-presidente-da-dolce-e-gabbana-documentos-revelam\/#article","isPartOf":{"@id":"https:\/\/portaltela.pt\/noticias\/2026\/04\/10\/stefano-gabbana-demitiu-se-do-cargo-de-presidente-da-dolce-e-gabbana-documentos-revelam\/"},"author":{"name":"Telinha","@id":"https:\/\/portaltela.pt\/#\/schema\/person\/c4278d4a6028830caff9ee44b42d32ed"},"headline":"Stefano Gabbana demitiu-se do cargo de presidente da Dolce e Gabbana, documentos revelam","datePublished":"2026-04-10T09:32:12+00:00","mainEntityOfPage":{"@id":"https:\/\/portaltela.pt\/noticias\/2026\/04\/10\/stefano-gabbana-demitiu-se-do-cargo-de-presidente-da-dolce-e-gabbana-documentos-revelam\/"},"wordCount":238,"image":{"@id":"https:\/\/portaltela.pt\/noticias\/2026\/04\/10\/stefano-gabbana-demitiu-se-do-cargo-de-presidente-da-dolce-e-gabbana-documentos-revelam\/#primaryimage"},"thumbnailUrl":"https:\/\/portaltela.pt\/s.01k8rhncp4jt1\/2026\/04\/2080400.jpg","keywords":["_economia","economia","empresas","financiamento","t\u00eaxtil-vestu\u00e1rio"],"articleSection":["Economia","Neg\u00f3cios"],"inLanguage":"pt-PT"},{"@type":"WebPage","@id":"https:\/\/portaltela.pt\/noticias\/2026\/04\/10\/stefano-gabbana-demitiu-se-do-cargo-de-presidente-da-dolce-e-gabbana-documentos-revelam\/","url":"https:\/\/portaltela.pt\/noticias\/2026\/04\/10\/stefano-gabbana-demitiu-se-do-cargo-de-presidente-da-dolce-e-gabbana-documentos-revelam\/","name":"Stefano Gabbana demitiu-se do cargo de presidente da Dolce e Gabbana, documentos revelam - Portal Tela Portugal","isPartOf":{"@id":"https:\/\/portaltela.pt\/#website"},"primaryImageOfPage":{"@id":"https:\/\/portaltela.pt\/noticias\/2026\/04\/10\/stefano-gabbana-demitiu-se-do-cargo-de-presidente-da-dolce-e-gabbana-documentos-revelam\/#primaryimage"},"image":{"@id":"https:\/\/portaltela.pt\/noticias\/2026\/04\/10\/stefano-gabbana-demitiu-se-do-cargo-de-presidente-da-dolce-e-gabbana-documentos-revelam\/#primaryimage"},"thumbnailUrl":"https:\/\/portaltela.pt\/s.01k8rhncp4jt1\/2026\/04\/2080400.jpg","datePublished":"2026-04-10T09:32:12+00:00","author":{"@id":"https:\/\/portaltela.pt\/#\/schema\/person\/c4278d4a6028830caff9ee44b42d32ed"},"breadcrumb":{"@id":"https:\/\/portaltela.pt\/noticias\/2026\/04\/10\/stefano-gabbana-demitiu-se-do-cargo-de-presidente-da-dolce-e-gabbana-documentos-revelam\/#breadcrumb"},"inLanguage":"pt-PT","potentialAction":[{"@type":"ReadAction","target":["https:\/\/portaltela.pt\/noticias\/2026\/04\/10\/stefano-gabbana-demitiu-se-do-cargo-de-presidente-da-dolce-e-gabbana-documentos-revelam\/"]}]},{"@type":"ImageObject","inLanguage":"pt-PT","@id":"https:\/\/portaltela.pt\/noticias\/2026\/04\/10\/stefano-gabbana-demitiu-se-do-cargo-de-presidente-da-dolce-e-gabbana-documentos-revelam\/#primaryimage","url":"https:\/\/portaltela.pt\/s.01k8rhncp4jt1\/2026\/04\/2080400.jpg","contentUrl":"https:\/\/portaltela.pt\/s.01k8rhncp4jt1\/2026\/04\/2080400.jpg","width":796,"height":448,"caption":"Stefano Gabbana e Domenico Dolce fundaram a casa de moda em 1985"},{"@type":"BreadcrumbList","@id":"https:\/\/portaltela.pt\/noticias\/2026\/04\/10\/stefano-gabbana-demitiu-se-do-cargo-de-presidente-da-dolce-e-gabbana-documentos-revelam\/#breadcrumb","itemListElement":[{"@type":"ListItem","position":1,"name":"In\u00edcio","item":"https:\/\/portaltela.pt\/"},{"@type":"ListItem","position":2,"name":"Stefano Gabbana demitiu-se do cargo de presidente da Dolce e Gabbana, documentos revelam"}]},{"@type":"WebSite","@id":"https:\/\/portaltela.pt\/#website","url":"https:\/\/portaltela.pt\/","name":"Portal Tela Portugal","description":"","potentialAction":[{"@type":"SearchAction","target":{"@type":"EntryPoint","urlTemplate":"https:\/\/portaltela.pt\/?s={search_term_string}"},"query-input":{"@type":"PropertyValueSpecification","valueRequired":true,"valueName":"search_term_string"}}],"inLanguage":"pt-PT"},{"@type":"Person","@id":"https:\/\/portaltela.pt\/#\/schema\/person\/c4278d4a6028830caff9ee44b42d32ed","name":"Telinha","image":{"@type":"ImageObject","inLanguage":"pt-PT","@id":"https:\/\/portaltela.pt\/s.01k8rhncp4jt1\/2025\/11\/talking-bot-125x125.png","url":"https:\/\/portaltela.pt\/s.01k8rhncp4jt1\/2025\/11\/talking-bot-125x125.png","contentUrl":"https:\/\/portaltela.pt\/s.01k8rhncp4jt1\/2025\/11\/talking-bot-125x125.png","caption":"Telinha"},"sameAs":["https:\/\/portaltela.pt\/"],"url":"https:\/\/portaltela.pt\/por\/367410592786\/"}]}},"_links":{"self":[{"href":"https:\/\/portaltela.pt\/api\/wp\/v2\/posts\/439013","targetHints":{"allow":["GET"]}}],"collection":[{"href":"https:\/\/portaltela.pt\/api\/wp\/v2\/posts"}],"about":[{"href":"https:\/\/portaltela.pt\/api\/wp\/v2\/types\/post"}],"author":[{"embeddable":true,"href":"https:\/\/portaltela.pt\/api\/wp\/v2\/users\/2"}],"replies":[{"embeddable":true,"href":"https:\/\/portaltela.pt\/api\/wp\/v2\/comments?post=439013"}],"version-history":[{"count":0,"href":"https:\/\/portaltela.pt\/api\/wp\/v2\/posts\/439013\/revisions"}],"wp:featuredmedia":[{"embeddable":true,"href":"https:\/\/portaltela.pt\/api\/wp\/v2\/media\/439015"}],"wp:attachment":[{"href":"https:\/\/portaltela.pt\/api\/wp\/v2\/media?parent=439013"}],"wp:term":[{"taxonomy":"category","embeddable":true,"href":"https:\/\/portaltela.pt\/api\/wp\/v2\/categories?post=439013"},{"taxonomy":"post_tag","embeddable":true,"href":"https:\/\/portaltela.pt\/api\/wp\/v2\/tags?post=439013"}],"curies":[{"name":"wp","href":"https:\/\/api.w.org\/{rel}","templated":true}]}}