{"id":439010,"date":"2026-04-10T06:32:08","date_gmt":"2026-04-10T09:32:08","guid":{"rendered":"https:\/\/portaltela.pt\/noticias\/2026\/04\/10\/imagens-exclusivas-de-jose-castelo-branco-no-hospital-de-nova-iorque\/"},"modified":"2026-04-10T06:32:08","modified_gmt":"2026-04-10T09:32:08","slug":"imagens-exclusivas-de-jose-castelo-branco-no-hospital-de-nova-iorque","status":"publish","type":"post","link":"https:\/\/portaltela.pt\/celebridades\/2026\/04\/10\/imagens-exclusivas-de-jose-castelo-branco-no-hospital-de-nova-iorque\/","title":{"rendered":"Imagens exclusivas de Jos\u00e9 Castelo Branco no hospital de Nova Iorque"},"content":{"rendered":"<p>Jos\u00e9 Castelo Branco foi visto no hospital de Nova Iorque, numa publica\u00e7\u00e3o exclusiva. As imagens divulgadas mostram o socialite em instala\u00e7\u00f5es hospitalares, sem detalhes p\u00fablicos sobre a condi\u00e7\u00e3o ou causa da visita.<\/p>\n<p>O material faz refer\u00eancia a imagens exclusivas, captadas em Nova Iorque, com data de 10 de abril de 2026. A origem do material \u00e9 o CM Jornal, que n\u00e3o apresenta informa\u00e7\u00f5es m\u00e9dicas adicionais.<\/p>\n<p>Rui Figueiredo, comentador do programa Noite das Estrelas, comentou sobre o epis\u00f3dio: se tivesse sido grave, teria chamado a pol\u00edcia. O coment\u00e1rio foi feito sem que haja confirma\u00e7\u00e3o de circunst\u00e2ncias oficiais.<\/p>\n<p>At\u00e9 ao momento, n\u00e3o h\u00e1 esclarecimentos oficiais sobre o motivo da presen\u00e7a de Castelo Branco no hospital nem sobre o estado de sa\u00fade. O jornal continuar\u00e1 a acompanhar desenvolvimentos quando houver informa\u00e7\u00f5es verificados.<\/p>\n","protected":false},"excerpt":{"rendered":"<ul>\n<li>Imagens exclusivas de Jos\u00e9 Castelo Branco mostram o socialite no hospital em Nova Iorque.<\/li>\n<li>As fotos foram divulgadas no contexto de um incidente envolvendo o socialite na cidade.<\/li>\n<li>Rui Figueiredo, comentador do programa Noite das Estrelas, afirmou que, se o incidente tivesse sido s\u00e9rio, a pol\u00edcia teria sido acionada.<\/li>\n<li>Data da publica\u00e7\u00e3o: 10 de abril de 2026, \u00e0s 10:26.<\/li>\n<\/ul>\n","protected":false},"author":2,"featured_media":439012,"comment_status":"closed","ping_status":"closed","sticky":false,"template":"","format":"standard","meta":{"footnotes":""},"categories":[6675],"tags":[76,6598,633,2569,41,7537],"class_list":["post-439010","post","type-post","status-publish","format-standard","has-post-thumbnail","hentry","category-celebridades","tag-celebridades","tag-entretenimento","tag-hospital","tag-jose-castelo-branco","tag-noticia","tag-nova-york"],"yoast_head":"<!-- This site is optimized with the Yoast SEO plugin v27.2 - https:\/\/yoast.com\/product\/yoast-seo-wordpress\/ -->\n<title>Imagens exclusivas de Jos\u00e9 Castelo Branco no hospital de Nova Iorque - Portal Tela Portugal<\/title>\n<meta name=\"robots\" content=\"index, follow, max-snippet:-1, max-image-preview:large, max-video-preview:-1\" \/>\n<meta property=\"og:locale\" content=\"pt_PT\" \/>\n<meta property=\"og:type\" content=\"article\" \/>\n<meta property=\"og:title\" content=\"Imagens exclusivas de Jos\u00e9 Castelo Branco no hospital de Nova Iorque - Portal Tela Portugal\" \/>\n<meta property=\"og:description\" content=\"Imagens exclusivas de Jos\u00e9 Castelo Branco mostram o socialite no hospital em Nova Iorque. As fotos foram divulgadas no contexto de um incidente envolvendo o socialite na cidade. Rui Figueiredo, comentador do programa Noite das Estrelas, afirmou que, se o incidente tivesse sido s\u00e9rio, a pol\u00edcia teria sido acionada. Data da publica\u00e7\u00e3o: 10 de abril de 2026, \u00e0s 10:26.\" \/>\n<meta property=\"og:url\" content=\"https:\/\/portaltela.pt\/noticias\/2026\/04\/10\/imagens-exclusivas-de-jose-castelo-branco-no-hospital-de-nova-iorque\/\" \/>\n<meta property=\"og:site_name\" content=\"Portal Tela Portugal\" \/>\n<meta property=\"article:published_time\" content=\"2026-04-10T09:32:08+00:00\" \/>\n<meta name=\"author\" content=\"Telinha\" \/>\n<meta name=\"twitter:card\" content=\"summary_large_image\" \/>\n<meta name=\"twitter:label1\" content=\"Escrito por\" \/>\n\t<meta name=\"twitter:data1\" content=\"Telinha\" \/>\n\t<meta name=\"twitter:label2\" content=\"Tempo estimado de leitura\" \/>\n\t<meta name=\"twitter:data2\" content=\"1 minuto\" \/>\n<script type=\"application\/ld+json\" class=\"yoast-schema-graph\">{\"@context\":\"https:\/\/schema.org\",\"@graph\":[{\"@type\":\"Article\",\"@id\":\"https:\/\/portaltela.pt\/noticias\/2026\/04\/10\/imagens-exclusivas-de-jose-castelo-branco-no-hospital-de-nova-iorque\/#article\",\"isPartOf\":{\"@id\":\"https:\/\/portaltela.pt\/noticias\/2026\/04\/10\/imagens-exclusivas-de-jose-castelo-branco-no-hospital-de-nova-iorque\/\"},\"author\":{\"name\":\"Telinha\",\"@id\":\"https:\/\/portaltela.pt\/#\/schema\/person\/c4278d4a6028830caff9ee44b42d32ed\"},\"headline\":\"Imagens exclusivas de Jos\u00e9 Castelo Branco no hospital de Nova Iorque\",\"datePublished\":\"2026-04-10T09:32:08+00:00\",\"mainEntityOfPage\":{\"@id\":\"https:\/\/portaltela.pt\/noticias\/2026\/04\/10\/imagens-exclusivas-de-jose-castelo-branco-no-hospital-de-nova-iorque\/\"},\"wordCount\":154,\"image\":{\"@id\":\"https:\/\/portaltela.pt\/noticias\/2026\/04\/10\/imagens-exclusivas-de-jose-castelo-branco-no-hospital-de-nova-iorque\/#primaryimage\"},\"thumbnailUrl\":\"https:\/\/portaltela.pt\/s.01k8rhncp4jt1\/2026\/04\/img_1280x722uu2026-04-10-10-25-56-2277632.jpg\",\"keywords\":[\"celebridades\",\"entretenimento\",\"hospital\",\"Jos\u00e9 Castelo Branco\",\"not\u00edcia\",\"Nova York\"],\"articleSection\":[\"Celebridades\"],\"inLanguage\":\"pt-PT\"},{\"@type\":\"WebPage\",\"@id\":\"https:\/\/portaltela.pt\/noticias\/2026\/04\/10\/imagens-exclusivas-de-jose-castelo-branco-no-hospital-de-nova-iorque\/\",\"url\":\"https:\/\/portaltela.pt\/noticias\/2026\/04\/10\/imagens-exclusivas-de-jose-castelo-branco-no-hospital-de-nova-iorque\/\",\"name\":\"Imagens exclusivas de Jos\u00e9 Castelo Branco no hospital de Nova Iorque - Portal Tela Portugal\",\"isPartOf\":{\"@id\":\"https:\/\/portaltela.pt\/#website\"},\"primaryImageOfPage\":{\"@id\":\"https:\/\/portaltela.pt\/noticias\/2026\/04\/10\/imagens-exclusivas-de-jose-castelo-branco-no-hospital-de-nova-iorque\/#primaryimage\"},\"image\":{\"@id\":\"https:\/\/portaltela.pt\/noticias\/2026\/04\/10\/imagens-exclusivas-de-jose-castelo-branco-no-hospital-de-nova-iorque\/#primaryimage\"},\"thumbnailUrl\":\"https:\/\/portaltela.pt\/s.01k8rhncp4jt1\/2026\/04\/img_1280x722uu2026-04-10-10-25-56-2277632.jpg\",\"datePublished\":\"2026-04-10T09:32:08+00:00\",\"author\":{\"@id\":\"https:\/\/portaltela.pt\/#\/schema\/person\/c4278d4a6028830caff9ee44b42d32ed\"},\"breadcrumb\":{\"@id\":\"https:\/\/portaltela.pt\/noticias\/2026\/04\/10\/imagens-exclusivas-de-jose-castelo-branco-no-hospital-de-nova-iorque\/#breadcrumb\"},\"inLanguage\":\"pt-PT\",\"potentialAction\":[{\"@type\":\"ReadAction\",\"target\":[\"https:\/\/portaltela.pt\/noticias\/2026\/04\/10\/imagens-exclusivas-de-jose-castelo-branco-no-hospital-de-nova-iorque\/\"]}]},{\"@type\":\"ImageObject\",\"inLanguage\":\"pt-PT\",\"@id\":\"https:\/\/portaltela.pt\/noticias\/2026\/04\/10\/imagens-exclusivas-de-jose-castelo-branco-no-hospital-de-nova-iorque\/#primaryimage\",\"url\":\"https:\/\/portaltela.pt\/s.01k8rhncp4jt1\/2026\/04\/img_1280x722uu2026-04-10-10-25-56-2277632.jpg\",\"contentUrl\":\"https:\/\/portaltela.pt\/s.01k8rhncp4jt1\/2026\/04\/img_1280x722uu2026-04-10-10-25-56-2277632.jpg\",\"width\":796,\"height\":448,\"caption\":\"Photo\"},{\"@type\":\"BreadcrumbList\",\"@id\":\"https:\/\/portaltela.pt\/noticias\/2026\/04\/10\/imagens-exclusivas-de-jose-castelo-branco-no-hospital-de-nova-iorque\/#breadcrumb\",\"itemListElement\":[{\"@type\":\"ListItem\",\"position\":1,\"name\":\"In\u00edcio\",\"item\":\"https:\/\/portaltela.pt\/\"},{\"@type\":\"ListItem\",\"position\":2,\"name\":\"Imagens exclusivas de Jos\u00e9 Castelo Branco no hospital de Nova Iorque\"}]},{\"@type\":\"WebSite\",\"@id\":\"https:\/\/portaltela.pt\/#website\",\"url\":\"https:\/\/portaltela.pt\/\",\"name\":\"Portal Tela Portugal\",\"description\":\"\",\"potentialAction\":[{\"@type\":\"SearchAction\",\"target\":{\"@type\":\"EntryPoint\",\"urlTemplate\":\"https:\/\/portaltela.pt\/?s={search_term_string}\"},\"query-input\":{\"@type\":\"PropertyValueSpecification\",\"valueRequired\":true,\"valueName\":\"search_term_string\"}}],\"inLanguage\":\"pt-PT\"},{\"@type\":\"Person\",\"@id\":\"https:\/\/portaltela.pt\/#\/schema\/person\/c4278d4a6028830caff9ee44b42d32ed\",\"name\":\"Telinha\",\"image\":{\"@type\":\"ImageObject\",\"inLanguage\":\"pt-PT\",\"@id\":\"https:\/\/portaltela.pt\/s.01k8rhncp4jt1\/2025\/11\/talking-bot-125x125.png\",\"url\":\"https:\/\/portaltela.pt\/s.01k8rhncp4jt1\/2025\/11\/talking-bot-125x125.png\",\"contentUrl\":\"https:\/\/portaltela.pt\/s.01k8rhncp4jt1\/2025\/11\/talking-bot-125x125.png\",\"caption\":\"Telinha\"},\"sameAs\":[\"https:\/\/portaltela.pt\/\"],\"url\":\"https:\/\/portaltela.pt\/por\/367410592786\/\"}]}<\/script>\n<!-- \/ Yoast SEO plugin. -->","yoast_head_json":{"title":"Imagens exclusivas de Jos\u00e9 Castelo Branco no hospital de Nova Iorque - Portal Tela Portugal","robots":{"index":"index","follow":"follow","max-snippet":"max-snippet:-1","max-image-preview":"max-image-preview:large","max-video-preview":"max-video-preview:-1"},"og_locale":"pt_PT","og_type":"article","og_title":"Imagens exclusivas de Jos\u00e9 Castelo Branco no hospital de Nova Iorque - Portal Tela Portugal","og_description":"Imagens exclusivas de Jos\u00e9 Castelo Branco mostram o socialite no hospital em Nova Iorque. As fotos foram divulgadas no contexto de um incidente envolvendo o socialite na cidade. Rui Figueiredo, comentador do programa Noite das Estrelas, afirmou que, se o incidente tivesse sido s\u00e9rio, a pol\u00edcia teria sido acionada. Data da publica\u00e7\u00e3o: 10 de abril de 2026, \u00e0s 10:26.","og_url":"https:\/\/portaltela.pt\/noticias\/2026\/04\/10\/imagens-exclusivas-de-jose-castelo-branco-no-hospital-de-nova-iorque\/","og_site_name":"Portal Tela Portugal","article_published_time":"2026-04-10T09:32:08+00:00","author":"Telinha","twitter_card":"summary_large_image","twitter_misc":{"Escrito por":"Telinha","Tempo estimado de leitura":"1 minuto"},"schema":{"@context":"https:\/\/schema.org","@graph":[{"@type":"Article","@id":"https:\/\/portaltela.pt\/noticias\/2026\/04\/10\/imagens-exclusivas-de-jose-castelo-branco-no-hospital-de-nova-iorque\/#article","isPartOf":{"@id":"https:\/\/portaltela.pt\/noticias\/2026\/04\/10\/imagens-exclusivas-de-jose-castelo-branco-no-hospital-de-nova-iorque\/"},"author":{"name":"Telinha","@id":"https:\/\/portaltela.pt\/#\/schema\/person\/c4278d4a6028830caff9ee44b42d32ed"},"headline":"Imagens exclusivas de Jos\u00e9 Castelo Branco no hospital de Nova Iorque","datePublished":"2026-04-10T09:32:08+00:00","mainEntityOfPage":{"@id":"https:\/\/portaltela.pt\/noticias\/2026\/04\/10\/imagens-exclusivas-de-jose-castelo-branco-no-hospital-de-nova-iorque\/"},"wordCount":154,"image":{"@id":"https:\/\/portaltela.pt\/noticias\/2026\/04\/10\/imagens-exclusivas-de-jose-castelo-branco-no-hospital-de-nova-iorque\/#primaryimage"},"thumbnailUrl":"https:\/\/portaltela.pt\/s.01k8rhncp4jt1\/2026\/04\/img_1280x722uu2026-04-10-10-25-56-2277632.jpg","keywords":["celebridades","entretenimento","hospital","Jos\u00e9 Castelo Branco","not\u00edcia","Nova York"],"articleSection":["Celebridades"],"inLanguage":"pt-PT"},{"@type":"WebPage","@id":"https:\/\/portaltela.pt\/noticias\/2026\/04\/10\/imagens-exclusivas-de-jose-castelo-branco-no-hospital-de-nova-iorque\/","url":"https:\/\/portaltela.pt\/noticias\/2026\/04\/10\/imagens-exclusivas-de-jose-castelo-branco-no-hospital-de-nova-iorque\/","name":"Imagens exclusivas de Jos\u00e9 Castelo Branco no hospital de Nova Iorque - Portal Tela Portugal","isPartOf":{"@id":"https:\/\/portaltela.pt\/#website"},"primaryImageOfPage":{"@id":"https:\/\/portaltela.pt\/noticias\/2026\/04\/10\/imagens-exclusivas-de-jose-castelo-branco-no-hospital-de-nova-iorque\/#primaryimage"},"image":{"@id":"https:\/\/portaltela.pt\/noticias\/2026\/04\/10\/imagens-exclusivas-de-jose-castelo-branco-no-hospital-de-nova-iorque\/#primaryimage"},"thumbnailUrl":"https:\/\/portaltela.pt\/s.01k8rhncp4jt1\/2026\/04\/img_1280x722uu2026-04-10-10-25-56-2277632.jpg","datePublished":"2026-04-10T09:32:08+00:00","author":{"@id":"https:\/\/portaltela.pt\/#\/schema\/person\/c4278d4a6028830caff9ee44b42d32ed"},"breadcrumb":{"@id":"https:\/\/portaltela.pt\/noticias\/2026\/04\/10\/imagens-exclusivas-de-jose-castelo-branco-no-hospital-de-nova-iorque\/#breadcrumb"},"inLanguage":"pt-PT","potentialAction":[{"@type":"ReadAction","target":["https:\/\/portaltela.pt\/noticias\/2026\/04\/10\/imagens-exclusivas-de-jose-castelo-branco-no-hospital-de-nova-iorque\/"]}]},{"@type":"ImageObject","inLanguage":"pt-PT","@id":"https:\/\/portaltela.pt\/noticias\/2026\/04\/10\/imagens-exclusivas-de-jose-castelo-branco-no-hospital-de-nova-iorque\/#primaryimage","url":"https:\/\/portaltela.pt\/s.01k8rhncp4jt1\/2026\/04\/img_1280x722uu2026-04-10-10-25-56-2277632.jpg","contentUrl":"https:\/\/portaltela.pt\/s.01k8rhncp4jt1\/2026\/04\/img_1280x722uu2026-04-10-10-25-56-2277632.jpg","width":796,"height":448,"caption":"Photo"},{"@type":"BreadcrumbList","@id":"https:\/\/portaltela.pt\/noticias\/2026\/04\/10\/imagens-exclusivas-de-jose-castelo-branco-no-hospital-de-nova-iorque\/#breadcrumb","itemListElement":[{"@type":"ListItem","position":1,"name":"In\u00edcio","item":"https:\/\/portaltela.pt\/"},{"@type":"ListItem","position":2,"name":"Imagens exclusivas de Jos\u00e9 Castelo Branco no hospital de Nova Iorque"}]},{"@type":"WebSite","@id":"https:\/\/portaltela.pt\/#website","url":"https:\/\/portaltela.pt\/","name":"Portal Tela Portugal","description":"","potentialAction":[{"@type":"SearchAction","target":{"@type":"EntryPoint","urlTemplate":"https:\/\/portaltela.pt\/?s={search_term_string}"},"query-input":{"@type":"PropertyValueSpecification","valueRequired":true,"valueName":"search_term_string"}}],"inLanguage":"pt-PT"},{"@type":"Person","@id":"https:\/\/portaltela.pt\/#\/schema\/person\/c4278d4a6028830caff9ee44b42d32ed","name":"Telinha","image":{"@type":"ImageObject","inLanguage":"pt-PT","@id":"https:\/\/portaltela.pt\/s.01k8rhncp4jt1\/2025\/11\/talking-bot-125x125.png","url":"https:\/\/portaltela.pt\/s.01k8rhncp4jt1\/2025\/11\/talking-bot-125x125.png","contentUrl":"https:\/\/portaltela.pt\/s.01k8rhncp4jt1\/2025\/11\/talking-bot-125x125.png","caption":"Telinha"},"sameAs":["https:\/\/portaltela.pt\/"],"url":"https:\/\/portaltela.pt\/por\/367410592786\/"}]}},"_links":{"self":[{"href":"https:\/\/portaltela.pt\/api\/wp\/v2\/posts\/439010","targetHints":{"allow":["GET"]}}],"collection":[{"href":"https:\/\/portaltela.pt\/api\/wp\/v2\/posts"}],"about":[{"href":"https:\/\/portaltela.pt\/api\/wp\/v2\/types\/post"}],"author":[{"embeddable":true,"href":"https:\/\/portaltela.pt\/api\/wp\/v2\/users\/2"}],"replies":[{"embeddable":true,"href":"https:\/\/portaltela.pt\/api\/wp\/v2\/comments?post=439010"}],"version-history":[{"count":0,"href":"https:\/\/portaltela.pt\/api\/wp\/v2\/posts\/439010\/revisions"}],"wp:featuredmedia":[{"embeddable":true,"href":"https:\/\/portaltela.pt\/api\/wp\/v2\/media\/439012"}],"wp:attachment":[{"href":"https:\/\/portaltela.pt\/api\/wp\/v2\/media?parent=439010"}],"wp:term":[{"taxonomy":"category","embeddable":true,"href":"https:\/\/portaltela.pt\/api\/wp\/v2\/categories?post=439010"},{"taxonomy":"post_tag","embeddable":true,"href":"https:\/\/portaltela.pt\/api\/wp\/v2\/tags?post=439010"}],"curies":[{"name":"wp","href":"https:\/\/api.w.org\/{rel}","templated":true}]}}