{"id":439007,"date":"2026-04-10T06:17:31","date_gmt":"2026-04-10T09:17:31","guid":{"rendered":"https:\/\/portaltela.pt\/noticias\/2026\/04\/10\/liga-pede-politicas-publicas-proporcionais-a-importancia-do-futebol\/"},"modified":"2026-04-10T06:17:31","modified_gmt":"2026-04-10T09:17:31","slug":"liga-pede-politicas-publicas-proporcionais-a-importancia-do-futebol","status":"publish","type":"post","link":"https:\/\/portaltela.pt\/desporto\/futebol\/2026\/04\/10\/liga-pede-politicas-publicas-proporcionais-a-importancia-do-futebol\/","title":{"rendered":"Liga pede pol\u00edticas p\u00fablicas proporcionais \u00e0 import\u00e2ncia do futebol"},"content":{"rendered":"<p>O presidente da Liga Portuguesa de Futebol Profissional (LPFP) afirmou que o futebol profissional merece pol\u00edticas p\u00fablicas \u00e0 altura da sua import\u00e2ncia socioecon\u00f3mica. O apelo foi apresentado na an\u00e1lise anual referente \u00e0 \u00e9poca 2024\/25, apresentada pela LPFP.<\/p>\n<p>Em n\u00fameros, o setor contabiliza 6.163 empregos diretos, 956 milh\u00f5es de euros de contribui\u00e7\u00e3o para o PIB e 288 milh\u00f5es de euros em impostos. O futebol profissional representa 2.015 milh\u00f5es em ativos e 1.133 milh\u00f5es em receitas. A exposi\u00e7\u00e3o medi\u00e1tica soma 3.099 milh\u00f5es de euros, refletindo a dimens\u00e3o nacional e internacional das competi\u00e7\u00f5es I Liga, II Liga e Ta\u00e7a da Liga.<\/p>\n<p>O relat\u00f3rio destaca que o PIB do futebol cresceu 44% face ao ano anterior, representando 0,32% da riqueza nacional. Os impostos aumentaram 7,5%, passando de 268 milh\u00f5es para 288 milh\u00f5es. Reinaldo Teixeira sucedeu a Pedro Proen\u00e7a na lideran\u00e7a da LPFP, em abril de 2025, e revelou uma reorganiza\u00e7\u00e3o estrutural para valorizar o produto, melhorar a efici\u00eancia e fortalecer a gest\u00e3o respons\u00e1vel.<\/p>\n<h3>Progresso e perspetivas<\/h3>\n<p>Teixeira sublinhou avan\u00e7os na bilh\u00e9tica, acessibilidade e zonas de conv\u00edvio, que aproximam fam\u00edlias e comunidades. A estrat\u00e9gia digital e de conte\u00fados amplia o alcance, diversifica formatos e cria novas oportunidades comerciais. O processo de centraliza\u00e7\u00e3o dos direitos audiovisuais, anunciado pelo Governo em 2021, deve ficar operativo na temporada 2028\/29.<\/p>\n<p>O presidente destacou a necessidade de um modelo de partilha de receitas equitativo, com salvaguardas contra a pirataria para assegurar sustentabilidade a m\u00e9dio e longo prazo. O foco est\u00e1 numa gest\u00e3o desportiva, social e infraestrutural que acompanhe as melhores pr\u00e1ticas de mercados internacionais.<\/p>\n<p>Na avalia\u00e7\u00e3o global de 2024\/25, o futebol profissional, que engloba dois escal\u00f5es e a Ta\u00e7a da Liga, apresenta 2.015 milh\u00f5es em ativos e 1.133 milh\u00f5es em receitas, contra 1.937 milh\u00f5es de passivo e 1.122 milh\u00f5es de gastos. Teixeira afirma que os n\u00fameros atestam um setor preparado para enfrentar desafios futuros.<\/p>\n","protected":false},"excerpt":{"rendered":"<ul>\n<li>O presidente da Liga Portuguesa de Futebol Profissional (LPFP) pediu pol\u00edticas p\u00fablicas \u00e0 medida da import\u00e2ncia socioecon\u00f3mica do futebol profissional.<\/li>\n<li>Dados do anu\u00e1rio 2024\/25 apontam 6.163 empregos, 956 ME de contributo para o PIB e 288 ME pagos em impostos, com 2.015 ME em ativos e 1.133 ME em receitas.<\/li>\n<li>A exposi\u00e7\u00e3o medi\u00e1tica atinge 3.099 ME, com todos os jogos transmitidos, destacando as tr\u00eas competi\u00e7\u00f5es: I Liga, II Liga e Ta\u00e7a da Liga.<\/li>\n<li>O PIB do futebol cresceu 44% (0,32% da riqueza nacional) no \u00faltimo ano, enquanto os impostos subiram 7,5% para 288 ME.<\/li>\n<li>Reinaldo Teixeira destacou uma reorganiza\u00e7\u00e3o estrutural desde abril de 2025, com centraliza\u00e7\u00e3o dos direitos audiovisuais prevista para 2028\/29 e foco em gest\u00e3o respons\u00e1vel e fair play.<\/li>\n<\/ul>\n","protected":false},"author":2,"featured_media":439009,"comment_status":"closed","ping_status":"closed","sticky":false,"template":"","format":"standard","meta":{"footnotes":""},"categories":[21,24],"tags":[6115,7755,4143,789,1006,3613],"class_list":["post-439007","post","type-post","status-publish","format-standard","has-post-thumbnail","hentry","category-desporto","category-futebol","tag-_economia","tag-_futebol","tag-1-liga","tag-direitos-audiovisuais","tag-emprego","tag-impostos"],"yoast_head":"<!-- This site is optimized with the Yoast SEO plugin v27.2 - https:\/\/yoast.com\/product\/yoast-seo-wordpress\/ -->\n<title>Liga pede pol\u00edticas p\u00fablicas proporcionais \u00e0 import\u00e2ncia do futebol - Portal Tela Portugal<\/title>\n<meta name=\"robots\" content=\"index, follow, max-snippet:-1, max-image-preview:large, max-video-preview:-1\" \/>\n<meta property=\"og:locale\" content=\"pt_PT\" \/>\n<meta property=\"og:type\" content=\"article\" \/>\n<meta property=\"og:title\" content=\"Liga pede pol\u00edticas p\u00fablicas proporcionais \u00e0 import\u00e2ncia do futebol - Portal Tela Portugal\" \/>\n<meta property=\"og:description\" content=\"O presidente da Liga Portuguesa de Futebol Profissional (LPFP) pediu pol\u00edticas p\u00fablicas \u00e0 medida da import\u00e2ncia socioecon\u00f3mica do futebol profissional. Dados do anu\u00e1rio 2024\/25 apontam 6.163 empregos, 956 ME de contributo para o PIB e 288 ME pagos em impostos, com 2.015 ME em ativos e 1.133 ME em receitas. A exposi\u00e7\u00e3o medi\u00e1tica atinge 3.099 ME, com todos os jogos transmitidos, destacando as tr\u00eas competi\u00e7\u00f5es: I Liga, II Liga e Ta\u00e7a da Liga. O PIB do futebol cresceu 44% (0,32% da riqueza nacional) no \u00faltimo ano, enquanto os impostos subiram 7,5% para 288 ME. Reinaldo Teixeira destacou uma reorganiza\u00e7\u00e3o estrutural desde abril de 2025, com centraliza\u00e7\u00e3o dos direitos audiovisuais prevista para 2028\/29 e foco em gest\u00e3o respons\u00e1vel e fair play.\" \/>\n<meta property=\"og:url\" content=\"https:\/\/portaltela.pt\/noticias\/2026\/04\/10\/liga-pede-politicas-publicas-proporcionais-a-importancia-do-futebol\/\" \/>\n<meta property=\"og:site_name\" content=\"Portal Tela Portugal\" \/>\n<meta property=\"article:published_time\" content=\"2026-04-10T09:17:31+00:00\" \/>\n<meta name=\"author\" content=\"Telinha\" \/>\n<meta name=\"twitter:card\" content=\"summary_large_image\" \/>\n<meta name=\"twitter:label1\" content=\"Escrito por\" \/>\n\t<meta name=\"twitter:data1\" content=\"Telinha\" \/>\n\t<meta name=\"twitter:label2\" content=\"Tempo estimado de leitura\" \/>\n\t<meta name=\"twitter:data2\" content=\"2 minutos\" \/>\n<script type=\"application\/ld+json\" class=\"yoast-schema-graph\">{\"@context\":\"https:\/\/schema.org\",\"@graph\":[{\"@type\":\"Article\",\"@id\":\"https:\/\/portaltela.pt\/noticias\/2026\/04\/10\/liga-pede-politicas-publicas-proporcionais-a-importancia-do-futebol\/#article\",\"isPartOf\":{\"@id\":\"https:\/\/portaltela.pt\/noticias\/2026\/04\/10\/liga-pede-politicas-publicas-proporcionais-a-importancia-do-futebol\/\"},\"author\":{\"name\":\"Telinha\",\"@id\":\"https:\/\/portaltela.pt\/#\/schema\/person\/c4278d4a6028830caff9ee44b42d32ed\"},\"headline\":\"Liga pede pol\u00edticas p\u00fablicas proporcionais \u00e0 import\u00e2ncia do futebol\",\"datePublished\":\"2026-04-10T09:17:31+00:00\",\"mainEntityOfPage\":{\"@id\":\"https:\/\/portaltela.pt\/noticias\/2026\/04\/10\/liga-pede-politicas-publicas-proporcionais-a-importancia-do-futebol\/\"},\"wordCount\":337,\"image\":{\"@id\":\"https:\/\/portaltela.pt\/noticias\/2026\/04\/10\/liga-pede-politicas-publicas-proporcionais-a-importancia-do-futebol\/#primaryimage\"},\"thumbnailUrl\":\"https:\/\/portaltela.pt\/s.01k8rhncp4jt1\/2026\/04\/img_920x518uu2026-02-06-17-07-03-2419992.jpg\",\"keywords\":[\"_economia\",\"_futebol\",\"1. Liga\",\"direitos audiovisuais\",\"emprego\",\"impostos\"],\"articleSection\":[\"Desporto\",\"Futebol\"],\"inLanguage\":\"pt-PT\"},{\"@type\":\"WebPage\",\"@id\":\"https:\/\/portaltela.pt\/noticias\/2026\/04\/10\/liga-pede-politicas-publicas-proporcionais-a-importancia-do-futebol\/\",\"url\":\"https:\/\/portaltela.pt\/noticias\/2026\/04\/10\/liga-pede-politicas-publicas-proporcionais-a-importancia-do-futebol\/\",\"name\":\"Liga pede pol\u00edticas p\u00fablicas proporcionais \u00e0 import\u00e2ncia do futebol - Portal Tela Portugal\",\"isPartOf\":{\"@id\":\"https:\/\/portaltela.pt\/#website\"},\"primaryImageOfPage\":{\"@id\":\"https:\/\/portaltela.pt\/noticias\/2026\/04\/10\/liga-pede-politicas-publicas-proporcionais-a-importancia-do-futebol\/#primaryimage\"},\"image\":{\"@id\":\"https:\/\/portaltela.pt\/noticias\/2026\/04\/10\/liga-pede-politicas-publicas-proporcionais-a-importancia-do-futebol\/#primaryimage\"},\"thumbnailUrl\":\"https:\/\/portaltela.pt\/s.01k8rhncp4jt1\/2026\/04\/img_920x518uu2026-02-06-17-07-03-2419992.jpg\",\"datePublished\":\"2026-04-10T09:17:31+00:00\",\"author\":{\"@id\":\"https:\/\/portaltela.pt\/#\/schema\/person\/c4278d4a6028830caff9ee44b42d32ed\"},\"breadcrumb\":{\"@id\":\"https:\/\/portaltela.pt\/noticias\/2026\/04\/10\/liga-pede-politicas-publicas-proporcionais-a-importancia-do-futebol\/#breadcrumb\"},\"inLanguage\":\"pt-PT\",\"potentialAction\":[{\"@type\":\"ReadAction\",\"target\":[\"https:\/\/portaltela.pt\/noticias\/2026\/04\/10\/liga-pede-politicas-publicas-proporcionais-a-importancia-do-futebol\/\"]}]},{\"@type\":\"ImageObject\",\"inLanguage\":\"pt-PT\",\"@id\":\"https:\/\/portaltela.pt\/noticias\/2026\/04\/10\/liga-pede-politicas-publicas-proporcionais-a-importancia-do-futebol\/#primaryimage\",\"url\":\"https:\/\/portaltela.pt\/s.01k8rhncp4jt1\/2026\/04\/img_920x518uu2026-02-06-17-07-03-2419992.jpg\",\"contentUrl\":\"https:\/\/portaltela.pt\/s.01k8rhncp4jt1\/2026\/04\/img_920x518uu2026-02-06-17-07-03-2419992.jpg\",\"width\":796,\"height\":448,\"caption\":\"Reinaldo Teixeira\"},{\"@type\":\"BreadcrumbList\",\"@id\":\"https:\/\/portaltela.pt\/noticias\/2026\/04\/10\/liga-pede-politicas-publicas-proporcionais-a-importancia-do-futebol\/#breadcrumb\",\"itemListElement\":[{\"@type\":\"ListItem\",\"position\":1,\"name\":\"In\u00edcio\",\"item\":\"https:\/\/portaltela.pt\/\"},{\"@type\":\"ListItem\",\"position\":2,\"name\":\"Liga pede pol\u00edticas p\u00fablicas proporcionais \u00e0 import\u00e2ncia do futebol\"}]},{\"@type\":\"WebSite\",\"@id\":\"https:\/\/portaltela.pt\/#website\",\"url\":\"https:\/\/portaltela.pt\/\",\"name\":\"Portal Tela Portugal\",\"description\":\"\",\"potentialAction\":[{\"@type\":\"SearchAction\",\"target\":{\"@type\":\"EntryPoint\",\"urlTemplate\":\"https:\/\/portaltela.pt\/?s={search_term_string}\"},\"query-input\":{\"@type\":\"PropertyValueSpecification\",\"valueRequired\":true,\"valueName\":\"search_term_string\"}}],\"inLanguage\":\"pt-PT\"},{\"@type\":\"Person\",\"@id\":\"https:\/\/portaltela.pt\/#\/schema\/person\/c4278d4a6028830caff9ee44b42d32ed\",\"name\":\"Telinha\",\"image\":{\"@type\":\"ImageObject\",\"inLanguage\":\"pt-PT\",\"@id\":\"https:\/\/portaltela.pt\/s.01k8rhncp4jt1\/2025\/11\/talking-bot-125x125.png\",\"url\":\"https:\/\/portaltela.pt\/s.01k8rhncp4jt1\/2025\/11\/talking-bot-125x125.png\",\"contentUrl\":\"https:\/\/portaltela.pt\/s.01k8rhncp4jt1\/2025\/11\/talking-bot-125x125.png\",\"caption\":\"Telinha\"},\"sameAs\":[\"https:\/\/portaltela.pt\/\"],\"url\":\"https:\/\/portaltela.pt\/por\/367410592786\/\"}]}<\/script>\n<!-- \/ Yoast SEO plugin. -->","yoast_head_json":{"title":"Liga pede pol\u00edticas p\u00fablicas proporcionais \u00e0 import\u00e2ncia do futebol - Portal Tela Portugal","robots":{"index":"index","follow":"follow","max-snippet":"max-snippet:-1","max-image-preview":"max-image-preview:large","max-video-preview":"max-video-preview:-1"},"og_locale":"pt_PT","og_type":"article","og_title":"Liga pede pol\u00edticas p\u00fablicas proporcionais \u00e0 import\u00e2ncia do futebol - Portal Tela Portugal","og_description":"O presidente da Liga Portuguesa de Futebol Profissional (LPFP) pediu pol\u00edticas p\u00fablicas \u00e0 medida da import\u00e2ncia socioecon\u00f3mica do futebol profissional. Dados do anu\u00e1rio 2024\/25 apontam 6.163 empregos, 956 ME de contributo para o PIB e 288 ME pagos em impostos, com 2.015 ME em ativos e 1.133 ME em receitas. A exposi\u00e7\u00e3o medi\u00e1tica atinge 3.099 ME, com todos os jogos transmitidos, destacando as tr\u00eas competi\u00e7\u00f5es: I Liga, II Liga e Ta\u00e7a da Liga. O PIB do futebol cresceu 44% (0,32% da riqueza nacional) no \u00faltimo ano, enquanto os impostos subiram 7,5% para 288 ME. Reinaldo Teixeira destacou uma reorganiza\u00e7\u00e3o estrutural desde abril de 2025, com centraliza\u00e7\u00e3o dos direitos audiovisuais prevista para 2028\/29 e foco em gest\u00e3o respons\u00e1vel e fair play.","og_url":"https:\/\/portaltela.pt\/noticias\/2026\/04\/10\/liga-pede-politicas-publicas-proporcionais-a-importancia-do-futebol\/","og_site_name":"Portal Tela Portugal","article_published_time":"2026-04-10T09:17:31+00:00","author":"Telinha","twitter_card":"summary_large_image","twitter_misc":{"Escrito por":"Telinha","Tempo estimado de leitura":"2 minutos"},"schema":{"@context":"https:\/\/schema.org","@graph":[{"@type":"Article","@id":"https:\/\/portaltela.pt\/noticias\/2026\/04\/10\/liga-pede-politicas-publicas-proporcionais-a-importancia-do-futebol\/#article","isPartOf":{"@id":"https:\/\/portaltela.pt\/noticias\/2026\/04\/10\/liga-pede-politicas-publicas-proporcionais-a-importancia-do-futebol\/"},"author":{"name":"Telinha","@id":"https:\/\/portaltela.pt\/#\/schema\/person\/c4278d4a6028830caff9ee44b42d32ed"},"headline":"Liga pede pol\u00edticas p\u00fablicas proporcionais \u00e0 import\u00e2ncia do futebol","datePublished":"2026-04-10T09:17:31+00:00","mainEntityOfPage":{"@id":"https:\/\/portaltela.pt\/noticias\/2026\/04\/10\/liga-pede-politicas-publicas-proporcionais-a-importancia-do-futebol\/"},"wordCount":337,"image":{"@id":"https:\/\/portaltela.pt\/noticias\/2026\/04\/10\/liga-pede-politicas-publicas-proporcionais-a-importancia-do-futebol\/#primaryimage"},"thumbnailUrl":"https:\/\/portaltela.pt\/s.01k8rhncp4jt1\/2026\/04\/img_920x518uu2026-02-06-17-07-03-2419992.jpg","keywords":["_economia","_futebol","1. Liga","direitos audiovisuais","emprego","impostos"],"articleSection":["Desporto","Futebol"],"inLanguage":"pt-PT"},{"@type":"WebPage","@id":"https:\/\/portaltela.pt\/noticias\/2026\/04\/10\/liga-pede-politicas-publicas-proporcionais-a-importancia-do-futebol\/","url":"https:\/\/portaltela.pt\/noticias\/2026\/04\/10\/liga-pede-politicas-publicas-proporcionais-a-importancia-do-futebol\/","name":"Liga pede pol\u00edticas p\u00fablicas proporcionais \u00e0 import\u00e2ncia do futebol - Portal Tela Portugal","isPartOf":{"@id":"https:\/\/portaltela.pt\/#website"},"primaryImageOfPage":{"@id":"https:\/\/portaltela.pt\/noticias\/2026\/04\/10\/liga-pede-politicas-publicas-proporcionais-a-importancia-do-futebol\/#primaryimage"},"image":{"@id":"https:\/\/portaltela.pt\/noticias\/2026\/04\/10\/liga-pede-politicas-publicas-proporcionais-a-importancia-do-futebol\/#primaryimage"},"thumbnailUrl":"https:\/\/portaltela.pt\/s.01k8rhncp4jt1\/2026\/04\/img_920x518uu2026-02-06-17-07-03-2419992.jpg","datePublished":"2026-04-10T09:17:31+00:00","author":{"@id":"https:\/\/portaltela.pt\/#\/schema\/person\/c4278d4a6028830caff9ee44b42d32ed"},"breadcrumb":{"@id":"https:\/\/portaltela.pt\/noticias\/2026\/04\/10\/liga-pede-politicas-publicas-proporcionais-a-importancia-do-futebol\/#breadcrumb"},"inLanguage":"pt-PT","potentialAction":[{"@type":"ReadAction","target":["https:\/\/portaltela.pt\/noticias\/2026\/04\/10\/liga-pede-politicas-publicas-proporcionais-a-importancia-do-futebol\/"]}]},{"@type":"ImageObject","inLanguage":"pt-PT","@id":"https:\/\/portaltela.pt\/noticias\/2026\/04\/10\/liga-pede-politicas-publicas-proporcionais-a-importancia-do-futebol\/#primaryimage","url":"https:\/\/portaltela.pt\/s.01k8rhncp4jt1\/2026\/04\/img_920x518uu2026-02-06-17-07-03-2419992.jpg","contentUrl":"https:\/\/portaltela.pt\/s.01k8rhncp4jt1\/2026\/04\/img_920x518uu2026-02-06-17-07-03-2419992.jpg","width":796,"height":448,"caption":"Reinaldo Teixeira"},{"@type":"BreadcrumbList","@id":"https:\/\/portaltela.pt\/noticias\/2026\/04\/10\/liga-pede-politicas-publicas-proporcionais-a-importancia-do-futebol\/#breadcrumb","itemListElement":[{"@type":"ListItem","position":1,"name":"In\u00edcio","item":"https:\/\/portaltela.pt\/"},{"@type":"ListItem","position":2,"name":"Liga pede pol\u00edticas p\u00fablicas proporcionais \u00e0 import\u00e2ncia do futebol"}]},{"@type":"WebSite","@id":"https:\/\/portaltela.pt\/#website","url":"https:\/\/portaltela.pt\/","name":"Portal Tela Portugal","description":"","potentialAction":[{"@type":"SearchAction","target":{"@type":"EntryPoint","urlTemplate":"https:\/\/portaltela.pt\/?s={search_term_string}"},"query-input":{"@type":"PropertyValueSpecification","valueRequired":true,"valueName":"search_term_string"}}],"inLanguage":"pt-PT"},{"@type":"Person","@id":"https:\/\/portaltela.pt\/#\/schema\/person\/c4278d4a6028830caff9ee44b42d32ed","name":"Telinha","image":{"@type":"ImageObject","inLanguage":"pt-PT","@id":"https:\/\/portaltela.pt\/s.01k8rhncp4jt1\/2025\/11\/talking-bot-125x125.png","url":"https:\/\/portaltela.pt\/s.01k8rhncp4jt1\/2025\/11\/talking-bot-125x125.png","contentUrl":"https:\/\/portaltela.pt\/s.01k8rhncp4jt1\/2025\/11\/talking-bot-125x125.png","caption":"Telinha"},"sameAs":["https:\/\/portaltela.pt\/"],"url":"https:\/\/portaltela.pt\/por\/367410592786\/"}]}},"_links":{"self":[{"href":"https:\/\/portaltela.pt\/api\/wp\/v2\/posts\/439007","targetHints":{"allow":["GET"]}}],"collection":[{"href":"https:\/\/portaltela.pt\/api\/wp\/v2\/posts"}],"about":[{"href":"https:\/\/portaltela.pt\/api\/wp\/v2\/types\/post"}],"author":[{"embeddable":true,"href":"https:\/\/portaltela.pt\/api\/wp\/v2\/users\/2"}],"replies":[{"embeddable":true,"href":"https:\/\/portaltela.pt\/api\/wp\/v2\/comments?post=439007"}],"version-history":[{"count":0,"href":"https:\/\/portaltela.pt\/api\/wp\/v2\/posts\/439007\/revisions"}],"wp:featuredmedia":[{"embeddable":true,"href":"https:\/\/portaltela.pt\/api\/wp\/v2\/media\/439009"}],"wp:attachment":[{"href":"https:\/\/portaltela.pt\/api\/wp\/v2\/media?parent=439007"}],"wp:term":[{"taxonomy":"category","embeddable":true,"href":"https:\/\/portaltela.pt\/api\/wp\/v2\/categories?post=439007"},{"taxonomy":"post_tag","embeddable":true,"href":"https:\/\/portaltela.pt\/api\/wp\/v2\/tags?post=439007"}],"curies":[{"name":"wp","href":"https:\/\/api.w.org\/{rel}","templated":true}]}}