{"id":438999,"date":"2026-04-10T06:17:20","date_gmt":"2026-04-10T09:17:20","guid":{"rendered":"https:\/\/portaltela.pt\/noticias\/2026\/04\/10\/despiste-na-a42-felgueiras-deixa-ferido-grave\/"},"modified":"2026-04-10T06:17:20","modified_gmt":"2026-04-10T09:17:20","slug":"despiste-na-a42-felgueiras-deixa-ferido-grave","status":"publish","type":"post","link":"https:\/\/portaltela.pt\/noticias\/2026\/04\/10\/despiste-na-a42-felgueiras-deixa-ferido-grave\/","title":{"rendered":"Despiste na A42, Felgueiras, deixa ferido grave"},"content":{"rendered":"<p>O despiste de um ve\u00edculo contra as portagens da A42, em Felgueiras, na noite de quinta-feira, provocou um ferido grave. O carro embateu de forma violenta nos p\u00f3rticos de pagamento, ficando a frente destru\u00edda.<\/p>\n<p>A v\u00edtima, um homem, era o \u00fanico ocupante. Ficou encarcerado entre os destro\u00e7os e s\u00f3 foi desencarcerado pelos bombeiros de Felgueiras, com apoio m\u00e9dico. Seguiu para o hospital Padre Am\u00e9rico, em Penafiel, com prioridade.<\/p>\n<p>O acidente ocorreu pouco depois das 23h30, no sentido Lousada-Felgueiras. As causas continuam por apurar, estando em curso a investiga\u00e7\u00e3o pela GNR.<\/p>\n<h3>Investiga\u00e7\u00e3o em curso<\/h3>\n<p>A GNR est\u00e1 a envolver-se na recolha de evid\u00eancias e na eventual recolha de declara\u00e7\u00f5es para determinar as circunst\u00e2ncias do despiste e a eventual responsabilidade.<\/p>\n<p>Foram ainda acionados elementos da Viatura M\u00e9dica de Emerg\u00eancia e Reanima\u00e7\u00e3o (VMER) de Guimar\u00e3es para apoiar o condicionamento e o transporte da v\u00edtima.<\/p>\n","protected":false},"excerpt":{"rendered":"<ul>\n<li>O despiste de um carro contra as portagens da A42, em Felgueiras, na noite de quinta-feira, deixou um ferido grave.<\/li>\n<li>A v\u00edtima, um homem, era o \u00fanico ocupante da viatura que embateu com viol\u00eancia nos p\u00f3rticos de pagamento.<\/li>\n<li>O acidente ocorreu no sentido Lousada-Felgueiras pouco depois das 23h30, deixando a frente do ve\u00edculo completamente destru\u00edda.<\/li>\n<li>Bombeiros de Felgueiras desencarceraram o homem e o estabilizaram no local, antes de o encaminharem para o Hospital Padre Am\u00e9rico, em Penafiel, com apoio da VMER de Guimar\u00e3es.<\/li>\n<li>A Guarda Nacional Republicana investiga as causas do despiste.<\/li>\n<\/ul>\n","protected":false},"author":2,"featured_media":439002,"comment_status":"closed","ping_status":"closed","sticky":false,"template":"","format":"standard","meta":{"footnotes":""},"categories":[6849,1],"tags":[4169,2335,971,2210,1380,4462],"class_list":["post-438999","post","type-post","status-publish","format-standard","has-post-thumbnail","hentry","category-acidentes","category-noticias","tag-acidente-rodoviario","tag-acidentes-rodoviarios","tag-bombeiros","tag-felgueiras","tag-gnr","tag-vmer"],"yoast_head":"<!-- This site is optimized with the Yoast SEO plugin v27.2 - https:\/\/yoast.com\/product\/yoast-seo-wordpress\/ -->\n<title>Despiste na A42, Felgueiras, deixa ferido grave - Portal Tela Portugal<\/title>\n<meta name=\"robots\" content=\"index, follow, max-snippet:-1, max-image-preview:large, max-video-preview:-1\" \/>\n<meta property=\"og:locale\" content=\"pt_PT\" \/>\n<meta property=\"og:type\" content=\"article\" \/>\n<meta property=\"og:title\" content=\"Despiste na A42, Felgueiras, deixa ferido grave - Portal Tela Portugal\" \/>\n<meta property=\"og:description\" content=\"O despiste de um carro contra as portagens da A42, em Felgueiras, na noite de quinta-feira, deixou um ferido grave. A v\u00edtima, um homem, era o \u00fanico ocupante da viatura que embateu com viol\u00eancia nos p\u00f3rticos de pagamento. O acidente ocorreu no sentido Lousada-Felgueiras pouco depois das 23h30, deixando a frente do ve\u00edculo completamente destru\u00edda. Bombeiros de Felgueiras desencarceraram o homem e o estabilizaram no local, antes de o encaminharem para o Hospital Padre Am\u00e9rico, em Penafiel, com apoio da VMER de Guimar\u00e3es. A Guarda Nacional Republicana investiga as causas do despiste.\" \/>\n<meta property=\"og:url\" content=\"https:\/\/portaltela.pt\/noticias\/2026\/04\/10\/despiste-na-a42-felgueiras-deixa-ferido-grave\/\" \/>\n<meta property=\"og:site_name\" content=\"Portal Tela Portugal\" \/>\n<meta property=\"article:published_time\" content=\"2026-04-10T09:17:20+00:00\" \/>\n<meta name=\"author\" content=\"Telinha\" \/>\n<meta name=\"twitter:card\" content=\"summary_large_image\" \/>\n<meta name=\"twitter:label1\" content=\"Escrito por\" \/>\n\t<meta name=\"twitter:data1\" content=\"Telinha\" \/>\n\t<meta name=\"twitter:label2\" content=\"Tempo estimado de leitura\" \/>\n\t<meta name=\"twitter:data2\" content=\"1 minuto\" \/>\n<script type=\"application\/ld+json\" class=\"yoast-schema-graph\">{\"@context\":\"https:\/\/schema.org\",\"@graph\":[{\"@type\":\"Article\",\"@id\":\"https:\/\/portaltela.pt\/noticias\/2026\/04\/10\/despiste-na-a42-felgueiras-deixa-ferido-grave\/#article\",\"isPartOf\":{\"@id\":\"https:\/\/portaltela.pt\/noticias\/2026\/04\/10\/despiste-na-a42-felgueiras-deixa-ferido-grave\/\"},\"author\":{\"name\":\"Telinha\",\"@id\":\"https:\/\/portaltela.pt\/#\/schema\/person\/c4278d4a6028830caff9ee44b42d32ed\"},\"headline\":\"Despiste na A42, Felgueiras, deixa ferido grave\",\"datePublished\":\"2026-04-10T09:17:20+00:00\",\"mainEntityOfPage\":{\"@id\":\"https:\/\/portaltela.pt\/noticias\/2026\/04\/10\/despiste-na-a42-felgueiras-deixa-ferido-grave\/\"},\"wordCount\":165,\"image\":{\"@id\":\"https:\/\/portaltela.pt\/noticias\/2026\/04\/10\/despiste-na-a42-felgueiras-deixa-ferido-grave\/#primaryimage\"},\"thumbnailUrl\":\"https:\/\/portaltela.pt\/s.01k8rhncp4jt1\/2026\/04\/img_1280x721uu2026-04-10-09-55-42-2277619.jpg\",\"keywords\":[\"acidente rodovi\u00e1rio\",\"acidentes rodovi\u00e1rios\",\"bombeiros\",\"Felgueiras\",\"GNR\",\"VMER\"],\"articleSection\":[\"Acidentes\",\"Not\u00edcias\"],\"inLanguage\":\"pt-PT\"},{\"@type\":\"WebPage\",\"@id\":\"https:\/\/portaltela.pt\/noticias\/2026\/04\/10\/despiste-na-a42-felgueiras-deixa-ferido-grave\/\",\"url\":\"https:\/\/portaltela.pt\/noticias\/2026\/04\/10\/despiste-na-a42-felgueiras-deixa-ferido-grave\/\",\"name\":\"Despiste na A42, Felgueiras, deixa ferido grave - Portal Tela Portugal\",\"isPartOf\":{\"@id\":\"https:\/\/portaltela.pt\/#website\"},\"primaryImageOfPage\":{\"@id\":\"https:\/\/portaltela.pt\/noticias\/2026\/04\/10\/despiste-na-a42-felgueiras-deixa-ferido-grave\/#primaryimage\"},\"image\":{\"@id\":\"https:\/\/portaltela.pt\/noticias\/2026\/04\/10\/despiste-na-a42-felgueiras-deixa-ferido-grave\/#primaryimage\"},\"thumbnailUrl\":\"https:\/\/portaltela.pt\/s.01k8rhncp4jt1\/2026\/04\/img_1280x721uu2026-04-10-09-55-42-2277619.jpg\",\"datePublished\":\"2026-04-10T09:17:20+00:00\",\"author\":{\"@id\":\"https:\/\/portaltela.pt\/#\/schema\/person\/c4278d4a6028830caff9ee44b42d32ed\"},\"breadcrumb\":{\"@id\":\"https:\/\/portaltela.pt\/noticias\/2026\/04\/10\/despiste-na-a42-felgueiras-deixa-ferido-grave\/#breadcrumb\"},\"inLanguage\":\"pt-PT\",\"potentialAction\":[{\"@type\":\"ReadAction\",\"target\":[\"https:\/\/portaltela.pt\/noticias\/2026\/04\/10\/despiste-na-a42-felgueiras-deixa-ferido-grave\/\"]}]},{\"@type\":\"ImageObject\",\"inLanguage\":\"pt-PT\",\"@id\":\"https:\/\/portaltela.pt\/noticias\/2026\/04\/10\/despiste-na-a42-felgueiras-deixa-ferido-grave\/#primaryimage\",\"url\":\"https:\/\/portaltela.pt\/s.01k8rhncp4jt1\/2026\/04\/img_1280x721uu2026-04-10-09-55-42-2277619.jpg\",\"contentUrl\":\"https:\/\/portaltela.pt\/s.01k8rhncp4jt1\/2026\/04\/img_1280x721uu2026-04-10-09-55-42-2277619.jpg\",\"width\":796,\"height\":448,\"caption\":\"Despiste na A42 em Felgueiras fere gravemente condutor, com viatura destru\u00edda e v\u00edtima hospitalizada\"},{\"@type\":\"BreadcrumbList\",\"@id\":\"https:\/\/portaltela.pt\/noticias\/2026\/04\/10\/despiste-na-a42-felgueiras-deixa-ferido-grave\/#breadcrumb\",\"itemListElement\":[{\"@type\":\"ListItem\",\"position\":1,\"name\":\"In\u00edcio\",\"item\":\"https:\/\/portaltela.pt\/\"},{\"@type\":\"ListItem\",\"position\":2,\"name\":\"Despiste na A42, Felgueiras, deixa ferido grave\"}]},{\"@type\":\"WebSite\",\"@id\":\"https:\/\/portaltela.pt\/#website\",\"url\":\"https:\/\/portaltela.pt\/\",\"name\":\"Portal Tela Portugal\",\"description\":\"\",\"potentialAction\":[{\"@type\":\"SearchAction\",\"target\":{\"@type\":\"EntryPoint\",\"urlTemplate\":\"https:\/\/portaltela.pt\/?s={search_term_string}\"},\"query-input\":{\"@type\":\"PropertyValueSpecification\",\"valueRequired\":true,\"valueName\":\"search_term_string\"}}],\"inLanguage\":\"pt-PT\"},{\"@type\":\"Person\",\"@id\":\"https:\/\/portaltela.pt\/#\/schema\/person\/c4278d4a6028830caff9ee44b42d32ed\",\"name\":\"Telinha\",\"image\":{\"@type\":\"ImageObject\",\"inLanguage\":\"pt-PT\",\"@id\":\"https:\/\/portaltela.pt\/s.01k8rhncp4jt1\/2025\/11\/talking-bot-125x125.png\",\"url\":\"https:\/\/portaltela.pt\/s.01k8rhncp4jt1\/2025\/11\/talking-bot-125x125.png\",\"contentUrl\":\"https:\/\/portaltela.pt\/s.01k8rhncp4jt1\/2025\/11\/talking-bot-125x125.png\",\"caption\":\"Telinha\"},\"sameAs\":[\"https:\/\/portaltela.pt\/\"],\"url\":\"https:\/\/portaltela.pt\/por\/367410592786\/\"}]}<\/script>\n<!-- \/ Yoast SEO plugin. -->","yoast_head_json":{"title":"Despiste na A42, Felgueiras, deixa ferido grave - Portal Tela Portugal","robots":{"index":"index","follow":"follow","max-snippet":"max-snippet:-1","max-image-preview":"max-image-preview:large","max-video-preview":"max-video-preview:-1"},"og_locale":"pt_PT","og_type":"article","og_title":"Despiste na A42, Felgueiras, deixa ferido grave - Portal Tela Portugal","og_description":"O despiste de um carro contra as portagens da A42, em Felgueiras, na noite de quinta-feira, deixou um ferido grave. A v\u00edtima, um homem, era o \u00fanico ocupante da viatura que embateu com viol\u00eancia nos p\u00f3rticos de pagamento. O acidente ocorreu no sentido Lousada-Felgueiras pouco depois das 23h30, deixando a frente do ve\u00edculo completamente destru\u00edda. Bombeiros de Felgueiras desencarceraram o homem e o estabilizaram no local, antes de o encaminharem para o Hospital Padre Am\u00e9rico, em Penafiel, com apoio da VMER de Guimar\u00e3es. A Guarda Nacional Republicana investiga as causas do despiste.","og_url":"https:\/\/portaltela.pt\/noticias\/2026\/04\/10\/despiste-na-a42-felgueiras-deixa-ferido-grave\/","og_site_name":"Portal Tela Portugal","article_published_time":"2026-04-10T09:17:20+00:00","author":"Telinha","twitter_card":"summary_large_image","twitter_misc":{"Escrito por":"Telinha","Tempo estimado de leitura":"1 minuto"},"schema":{"@context":"https:\/\/schema.org","@graph":[{"@type":"Article","@id":"https:\/\/portaltela.pt\/noticias\/2026\/04\/10\/despiste-na-a42-felgueiras-deixa-ferido-grave\/#article","isPartOf":{"@id":"https:\/\/portaltela.pt\/noticias\/2026\/04\/10\/despiste-na-a42-felgueiras-deixa-ferido-grave\/"},"author":{"name":"Telinha","@id":"https:\/\/portaltela.pt\/#\/schema\/person\/c4278d4a6028830caff9ee44b42d32ed"},"headline":"Despiste na A42, Felgueiras, deixa ferido grave","datePublished":"2026-04-10T09:17:20+00:00","mainEntityOfPage":{"@id":"https:\/\/portaltela.pt\/noticias\/2026\/04\/10\/despiste-na-a42-felgueiras-deixa-ferido-grave\/"},"wordCount":165,"image":{"@id":"https:\/\/portaltela.pt\/noticias\/2026\/04\/10\/despiste-na-a42-felgueiras-deixa-ferido-grave\/#primaryimage"},"thumbnailUrl":"https:\/\/portaltela.pt\/s.01k8rhncp4jt1\/2026\/04\/img_1280x721uu2026-04-10-09-55-42-2277619.jpg","keywords":["acidente rodovi\u00e1rio","acidentes rodovi\u00e1rios","bombeiros","Felgueiras","GNR","VMER"],"articleSection":["Acidentes","Not\u00edcias"],"inLanguage":"pt-PT"},{"@type":"WebPage","@id":"https:\/\/portaltela.pt\/noticias\/2026\/04\/10\/despiste-na-a42-felgueiras-deixa-ferido-grave\/","url":"https:\/\/portaltela.pt\/noticias\/2026\/04\/10\/despiste-na-a42-felgueiras-deixa-ferido-grave\/","name":"Despiste na A42, Felgueiras, deixa ferido grave - Portal Tela Portugal","isPartOf":{"@id":"https:\/\/portaltela.pt\/#website"},"primaryImageOfPage":{"@id":"https:\/\/portaltela.pt\/noticias\/2026\/04\/10\/despiste-na-a42-felgueiras-deixa-ferido-grave\/#primaryimage"},"image":{"@id":"https:\/\/portaltela.pt\/noticias\/2026\/04\/10\/despiste-na-a42-felgueiras-deixa-ferido-grave\/#primaryimage"},"thumbnailUrl":"https:\/\/portaltela.pt\/s.01k8rhncp4jt1\/2026\/04\/img_1280x721uu2026-04-10-09-55-42-2277619.jpg","datePublished":"2026-04-10T09:17:20+00:00","author":{"@id":"https:\/\/portaltela.pt\/#\/schema\/person\/c4278d4a6028830caff9ee44b42d32ed"},"breadcrumb":{"@id":"https:\/\/portaltela.pt\/noticias\/2026\/04\/10\/despiste-na-a42-felgueiras-deixa-ferido-grave\/#breadcrumb"},"inLanguage":"pt-PT","potentialAction":[{"@type":"ReadAction","target":["https:\/\/portaltela.pt\/noticias\/2026\/04\/10\/despiste-na-a42-felgueiras-deixa-ferido-grave\/"]}]},{"@type":"ImageObject","inLanguage":"pt-PT","@id":"https:\/\/portaltela.pt\/noticias\/2026\/04\/10\/despiste-na-a42-felgueiras-deixa-ferido-grave\/#primaryimage","url":"https:\/\/portaltela.pt\/s.01k8rhncp4jt1\/2026\/04\/img_1280x721uu2026-04-10-09-55-42-2277619.jpg","contentUrl":"https:\/\/portaltela.pt\/s.01k8rhncp4jt1\/2026\/04\/img_1280x721uu2026-04-10-09-55-42-2277619.jpg","width":796,"height":448,"caption":"Despiste na A42 em Felgueiras fere gravemente condutor, com viatura destru\u00edda e v\u00edtima hospitalizada"},{"@type":"BreadcrumbList","@id":"https:\/\/portaltela.pt\/noticias\/2026\/04\/10\/despiste-na-a42-felgueiras-deixa-ferido-grave\/#breadcrumb","itemListElement":[{"@type":"ListItem","position":1,"name":"In\u00edcio","item":"https:\/\/portaltela.pt\/"},{"@type":"ListItem","position":2,"name":"Despiste na A42, Felgueiras, deixa ferido grave"}]},{"@type":"WebSite","@id":"https:\/\/portaltela.pt\/#website","url":"https:\/\/portaltela.pt\/","name":"Portal Tela Portugal","description":"","potentialAction":[{"@type":"SearchAction","target":{"@type":"EntryPoint","urlTemplate":"https:\/\/portaltela.pt\/?s={search_term_string}"},"query-input":{"@type":"PropertyValueSpecification","valueRequired":true,"valueName":"search_term_string"}}],"inLanguage":"pt-PT"},{"@type":"Person","@id":"https:\/\/portaltela.pt\/#\/schema\/person\/c4278d4a6028830caff9ee44b42d32ed","name":"Telinha","image":{"@type":"ImageObject","inLanguage":"pt-PT","@id":"https:\/\/portaltela.pt\/s.01k8rhncp4jt1\/2025\/11\/talking-bot-125x125.png","url":"https:\/\/portaltela.pt\/s.01k8rhncp4jt1\/2025\/11\/talking-bot-125x125.png","contentUrl":"https:\/\/portaltela.pt\/s.01k8rhncp4jt1\/2025\/11\/talking-bot-125x125.png","caption":"Telinha"},"sameAs":["https:\/\/portaltela.pt\/"],"url":"https:\/\/portaltela.pt\/por\/367410592786\/"}]}},"_links":{"self":[{"href":"https:\/\/portaltela.pt\/api\/wp\/v2\/posts\/438999","targetHints":{"allow":["GET"]}}],"collection":[{"href":"https:\/\/portaltela.pt\/api\/wp\/v2\/posts"}],"about":[{"href":"https:\/\/portaltela.pt\/api\/wp\/v2\/types\/post"}],"author":[{"embeddable":true,"href":"https:\/\/portaltela.pt\/api\/wp\/v2\/users\/2"}],"replies":[{"embeddable":true,"href":"https:\/\/portaltela.pt\/api\/wp\/v2\/comments?post=438999"}],"version-history":[{"count":0,"href":"https:\/\/portaltela.pt\/api\/wp\/v2\/posts\/438999\/revisions"}],"wp:featuredmedia":[{"embeddable":true,"href":"https:\/\/portaltela.pt\/api\/wp\/v2\/media\/439002"}],"wp:attachment":[{"href":"https:\/\/portaltela.pt\/api\/wp\/v2\/media?parent=438999"}],"wp:term":[{"taxonomy":"category","embeddable":true,"href":"https:\/\/portaltela.pt\/api\/wp\/v2\/categories?post=438999"},{"taxonomy":"post_tag","embeddable":true,"href":"https:\/\/portaltela.pt\/api\/wp\/v2\/tags?post=438999"}],"curies":[{"name":"wp","href":"https:\/\/api.w.org\/{rel}","templated":true}]}}