{"id":438988,"date":"2026-04-10T06:17:07","date_gmt":"2026-04-10T09:17:07","guid":{"rendered":"https:\/\/portaltela.pt\/noticias\/2026\/04\/10\/teto-de-parque-de-estacionamento-em-construcao-desaba-em-filadelfia\/"},"modified":"2026-04-10T06:17:07","modified_gmt":"2026-04-10T09:17:07","slug":"teto-de-parque-de-estacionamento-em-construcao-desaba-em-filadelfia","status":"publish","type":"post","link":"https:\/\/portaltela.pt\/noticias\/2026\/04\/10\/teto-de-parque-de-estacionamento-em-construcao-desaba-em-filadelfia\/","title":{"rendered":"Teto de parque de estacionamento em constru\u00e7\u00e3o desaba em Filad\u00e9lfia"},"content":{"rendered":"<p>O teto de um parque de estacionamento em constru\u00e7\u00e3o no Hospital Pedi\u00e1trico de Filad\u00e9lfia desabou nesta quarta-feira, deixando pelo menos uma v\u00edtima mortal e duas pessoas dadas como desaparecidas. As autoridades est\u00e3o a investigar as causas do incidente.<\/p>\n<p>O acidente ocorreu durante as obras de constru\u00e7\u00e3o do estacionamento no complexo hospitalar, situado na cidade de Filad\u00e9lfia, nos Estados Unidos. N\u00e3o foram ainda divulgadas informa\u00e7\u00f5es oficiais sobre ferimentos ou identidades das pessoas afetadas.<\/p>\n<p>As equipes de emerg\u00eancia foram mobilizadas para a \u00e1rea e est\u00e3o a realizar buscas no local. Os motivos do desab ainda n\u00e3o foram determinados, e a avalia\u00e7\u00e3o continua a decorrer pelas autoridades competentes.<\/p>\n","protected":false},"excerpt":{"rendered":"<ul>\n<li>O teto de um parque de estacionamento em constru\u00e7\u00e3o no Hospital Pedi\u00e1trico de Filad\u00e9lfia desabou na quarta-feira.<\/li>\n<li>Pelo menos uma pessoa morreu, segundo as autoridades.<\/li>\n<li>Existem duas pessoas desaparecidas.<\/li>\n<li>N\u00e3o h\u00e1 detalhes adicionais sobre feridos ou causas do desab no momento.<\/li>\n<\/ul>\n","protected":false},"author":2,"featured_media":438991,"comment_status":"closed","ping_status":"closed","sticky":false,"template":"","format":"standard","meta":{"footnotes":""},"categories":[6849,1],"tags":[5487,5956,3449,2581,633,4304],"class_list":["post-438988","post","type-post","status-publish","format-standard","has-post-thumbnail","hentry","category-acidentes","category-noticias","tag-acidente","tag-desabamento","tag-feridos","tag-hospitais","tag-hospital","tag-salvamento"],"yoast_head":"<!-- This site is optimized with the Yoast SEO plugin v27.2 - https:\/\/yoast.com\/product\/yoast-seo-wordpress\/ -->\n<title>Teto de parque de estacionamento em constru\u00e7\u00e3o desaba em Filad\u00e9lfia - Portal Tela Portugal<\/title>\n<meta name=\"robots\" content=\"index, follow, max-snippet:-1, max-image-preview:large, max-video-preview:-1\" \/>\n<meta property=\"og:locale\" content=\"pt_PT\" \/>\n<meta property=\"og:type\" content=\"article\" \/>\n<meta property=\"og:title\" content=\"Teto de parque de estacionamento em constru\u00e7\u00e3o desaba em Filad\u00e9lfia - Portal Tela Portugal\" \/>\n<meta property=\"og:description\" content=\"O teto de um parque de estacionamento em constru\u00e7\u00e3o no Hospital Pedi\u00e1trico de Filad\u00e9lfia desabou na quarta-feira. Pelo menos uma pessoa morreu, segundo as autoridades. Existem duas pessoas desaparecidas. N\u00e3o h\u00e1 detalhes adicionais sobre feridos ou causas do desab no momento.\" \/>\n<meta property=\"og:url\" content=\"https:\/\/portaltela.pt\/noticias\/2026\/04\/10\/teto-de-parque-de-estacionamento-em-construcao-desaba-em-filadelfia\/\" \/>\n<meta property=\"og:site_name\" content=\"Portal Tela Portugal\" \/>\n<meta property=\"article:published_time\" content=\"2026-04-10T09:17:07+00:00\" \/>\n<meta name=\"author\" content=\"Telinha\" \/>\n<meta name=\"twitter:card\" content=\"summary_large_image\" \/>\n<meta name=\"twitter:label1\" content=\"Escrito por\" \/>\n\t<meta name=\"twitter:data1\" content=\"Telinha\" \/>\n\t<meta name=\"twitter:label2\" content=\"Tempo estimado de leitura\" \/>\n\t<meta name=\"twitter:data2\" content=\"1 minuto\" \/>\n<script type=\"application\/ld+json\" class=\"yoast-schema-graph\">{\"@context\":\"https:\/\/schema.org\",\"@graph\":[{\"@type\":\"Article\",\"@id\":\"https:\/\/portaltela.pt\/noticias\/2026\/04\/10\/teto-de-parque-de-estacionamento-em-construcao-desaba-em-filadelfia\/#article\",\"isPartOf\":{\"@id\":\"https:\/\/portaltela.pt\/noticias\/2026\/04\/10\/teto-de-parque-de-estacionamento-em-construcao-desaba-em-filadelfia\/\"},\"author\":{\"name\":\"Telinha\",\"@id\":\"https:\/\/portaltela.pt\/#\/schema\/person\/c4278d4a6028830caff9ee44b42d32ed\"},\"headline\":\"Teto de parque de estacionamento em constru\u00e7\u00e3o desaba em Filad\u00e9lfia\",\"datePublished\":\"2026-04-10T09:17:07+00:00\",\"mainEntityOfPage\":{\"@id\":\"https:\/\/portaltela.pt\/noticias\/2026\/04\/10\/teto-de-parque-de-estacionamento-em-construcao-desaba-em-filadelfia\/\"},\"wordCount\":130,\"image\":{\"@id\":\"https:\/\/portaltela.pt\/noticias\/2026\/04\/10\/teto-de-parque-de-estacionamento-em-construcao-desaba-em-filadelfia\/#primaryimage\"},\"thumbnailUrl\":\"https:\/\/portaltela.pt\/s.01k8rhncp4jt1\/2026\/04\/img_1280x722uu2026-04-10-10-06-08-2277627.jpg\",\"keywords\":[\"acidente\",\"desabamento\",\"feridos\",\"hospitais\",\"hospital\",\"salvamento\"],\"articleSection\":[\"Acidentes\",\"Not\u00edcias\"],\"inLanguage\":\"pt-PT\"},{\"@type\":\"WebPage\",\"@id\":\"https:\/\/portaltela.pt\/noticias\/2026\/04\/10\/teto-de-parque-de-estacionamento-em-construcao-desaba-em-filadelfia\/\",\"url\":\"https:\/\/portaltela.pt\/noticias\/2026\/04\/10\/teto-de-parque-de-estacionamento-em-construcao-desaba-em-filadelfia\/\",\"name\":\"Teto de parque de estacionamento em constru\u00e7\u00e3o desaba em Filad\u00e9lfia - Portal Tela Portugal\",\"isPartOf\":{\"@id\":\"https:\/\/portaltela.pt\/#website\"},\"primaryImageOfPage\":{\"@id\":\"https:\/\/portaltela.pt\/noticias\/2026\/04\/10\/teto-de-parque-de-estacionamento-em-construcao-desaba-em-filadelfia\/#primaryimage\"},\"image\":{\"@id\":\"https:\/\/portaltela.pt\/noticias\/2026\/04\/10\/teto-de-parque-de-estacionamento-em-construcao-desaba-em-filadelfia\/#primaryimage\"},\"thumbnailUrl\":\"https:\/\/portaltela.pt\/s.01k8rhncp4jt1\/2026\/04\/img_1280x722uu2026-04-10-10-06-08-2277627.jpg\",\"datePublished\":\"2026-04-10T09:17:07+00:00\",\"author\":{\"@id\":\"https:\/\/portaltela.pt\/#\/schema\/person\/c4278d4a6028830caff9ee44b42d32ed\"},\"breadcrumb\":{\"@id\":\"https:\/\/portaltela.pt\/noticias\/2026\/04\/10\/teto-de-parque-de-estacionamento-em-construcao-desaba-em-filadelfia\/#breadcrumb\"},\"inLanguage\":\"pt-PT\",\"potentialAction\":[{\"@type\":\"ReadAction\",\"target\":[\"https:\/\/portaltela.pt\/noticias\/2026\/04\/10\/teto-de-parque-de-estacionamento-em-construcao-desaba-em-filadelfia\/\"]}]},{\"@type\":\"ImageObject\",\"inLanguage\":\"pt-PT\",\"@id\":\"https:\/\/portaltela.pt\/noticias\/2026\/04\/10\/teto-de-parque-de-estacionamento-em-construcao-desaba-em-filadelfia\/#primaryimage\",\"url\":\"https:\/\/portaltela.pt\/s.01k8rhncp4jt1\/2026\/04\/img_1280x722uu2026-04-10-10-06-08-2277627.jpg\",\"contentUrl\":\"https:\/\/portaltela.pt\/s.01k8rhncp4jt1\/2026\/04\/img_1280x722uu2026-04-10-10-06-08-2277627.jpg\",\"width\":796,\"height\":448,\"caption\":\"Photo\"},{\"@type\":\"BreadcrumbList\",\"@id\":\"https:\/\/portaltela.pt\/noticias\/2026\/04\/10\/teto-de-parque-de-estacionamento-em-construcao-desaba-em-filadelfia\/#breadcrumb\",\"itemListElement\":[{\"@type\":\"ListItem\",\"position\":1,\"name\":\"In\u00edcio\",\"item\":\"https:\/\/portaltela.pt\/\"},{\"@type\":\"ListItem\",\"position\":2,\"name\":\"Teto de parque de estacionamento em constru\u00e7\u00e3o desaba em Filad\u00e9lfia\"}]},{\"@type\":\"WebSite\",\"@id\":\"https:\/\/portaltela.pt\/#website\",\"url\":\"https:\/\/portaltela.pt\/\",\"name\":\"Portal Tela Portugal\",\"description\":\"\",\"potentialAction\":[{\"@type\":\"SearchAction\",\"target\":{\"@type\":\"EntryPoint\",\"urlTemplate\":\"https:\/\/portaltela.pt\/?s={search_term_string}\"},\"query-input\":{\"@type\":\"PropertyValueSpecification\",\"valueRequired\":true,\"valueName\":\"search_term_string\"}}],\"inLanguage\":\"pt-PT\"},{\"@type\":\"Person\",\"@id\":\"https:\/\/portaltela.pt\/#\/schema\/person\/c4278d4a6028830caff9ee44b42d32ed\",\"name\":\"Telinha\",\"image\":{\"@type\":\"ImageObject\",\"inLanguage\":\"pt-PT\",\"@id\":\"https:\/\/portaltela.pt\/s.01k8rhncp4jt1\/2025\/11\/talking-bot-125x125.png\",\"url\":\"https:\/\/portaltela.pt\/s.01k8rhncp4jt1\/2025\/11\/talking-bot-125x125.png\",\"contentUrl\":\"https:\/\/portaltela.pt\/s.01k8rhncp4jt1\/2025\/11\/talking-bot-125x125.png\",\"caption\":\"Telinha\"},\"sameAs\":[\"https:\/\/portaltela.pt\/\"],\"url\":\"https:\/\/portaltela.pt\/por\/367410592786\/\"}]}<\/script>\n<!-- \/ Yoast SEO plugin. -->","yoast_head_json":{"title":"Teto de parque de estacionamento em constru\u00e7\u00e3o desaba em Filad\u00e9lfia - Portal Tela Portugal","robots":{"index":"index","follow":"follow","max-snippet":"max-snippet:-1","max-image-preview":"max-image-preview:large","max-video-preview":"max-video-preview:-1"},"og_locale":"pt_PT","og_type":"article","og_title":"Teto de parque de estacionamento em constru\u00e7\u00e3o desaba em Filad\u00e9lfia - Portal Tela Portugal","og_description":"O teto de um parque de estacionamento em constru\u00e7\u00e3o no Hospital Pedi\u00e1trico de Filad\u00e9lfia desabou na quarta-feira. Pelo menos uma pessoa morreu, segundo as autoridades. Existem duas pessoas desaparecidas. N\u00e3o h\u00e1 detalhes adicionais sobre feridos ou causas do desab no momento.","og_url":"https:\/\/portaltela.pt\/noticias\/2026\/04\/10\/teto-de-parque-de-estacionamento-em-construcao-desaba-em-filadelfia\/","og_site_name":"Portal Tela Portugal","article_published_time":"2026-04-10T09:17:07+00:00","author":"Telinha","twitter_card":"summary_large_image","twitter_misc":{"Escrito por":"Telinha","Tempo estimado de leitura":"1 minuto"},"schema":{"@context":"https:\/\/schema.org","@graph":[{"@type":"Article","@id":"https:\/\/portaltela.pt\/noticias\/2026\/04\/10\/teto-de-parque-de-estacionamento-em-construcao-desaba-em-filadelfia\/#article","isPartOf":{"@id":"https:\/\/portaltela.pt\/noticias\/2026\/04\/10\/teto-de-parque-de-estacionamento-em-construcao-desaba-em-filadelfia\/"},"author":{"name":"Telinha","@id":"https:\/\/portaltela.pt\/#\/schema\/person\/c4278d4a6028830caff9ee44b42d32ed"},"headline":"Teto de parque de estacionamento em constru\u00e7\u00e3o desaba em Filad\u00e9lfia","datePublished":"2026-04-10T09:17:07+00:00","mainEntityOfPage":{"@id":"https:\/\/portaltela.pt\/noticias\/2026\/04\/10\/teto-de-parque-de-estacionamento-em-construcao-desaba-em-filadelfia\/"},"wordCount":130,"image":{"@id":"https:\/\/portaltela.pt\/noticias\/2026\/04\/10\/teto-de-parque-de-estacionamento-em-construcao-desaba-em-filadelfia\/#primaryimage"},"thumbnailUrl":"https:\/\/portaltela.pt\/s.01k8rhncp4jt1\/2026\/04\/img_1280x722uu2026-04-10-10-06-08-2277627.jpg","keywords":["acidente","desabamento","feridos","hospitais","hospital","salvamento"],"articleSection":["Acidentes","Not\u00edcias"],"inLanguage":"pt-PT"},{"@type":"WebPage","@id":"https:\/\/portaltela.pt\/noticias\/2026\/04\/10\/teto-de-parque-de-estacionamento-em-construcao-desaba-em-filadelfia\/","url":"https:\/\/portaltela.pt\/noticias\/2026\/04\/10\/teto-de-parque-de-estacionamento-em-construcao-desaba-em-filadelfia\/","name":"Teto de parque de estacionamento em constru\u00e7\u00e3o desaba em Filad\u00e9lfia - Portal Tela Portugal","isPartOf":{"@id":"https:\/\/portaltela.pt\/#website"},"primaryImageOfPage":{"@id":"https:\/\/portaltela.pt\/noticias\/2026\/04\/10\/teto-de-parque-de-estacionamento-em-construcao-desaba-em-filadelfia\/#primaryimage"},"image":{"@id":"https:\/\/portaltela.pt\/noticias\/2026\/04\/10\/teto-de-parque-de-estacionamento-em-construcao-desaba-em-filadelfia\/#primaryimage"},"thumbnailUrl":"https:\/\/portaltela.pt\/s.01k8rhncp4jt1\/2026\/04\/img_1280x722uu2026-04-10-10-06-08-2277627.jpg","datePublished":"2026-04-10T09:17:07+00:00","author":{"@id":"https:\/\/portaltela.pt\/#\/schema\/person\/c4278d4a6028830caff9ee44b42d32ed"},"breadcrumb":{"@id":"https:\/\/portaltela.pt\/noticias\/2026\/04\/10\/teto-de-parque-de-estacionamento-em-construcao-desaba-em-filadelfia\/#breadcrumb"},"inLanguage":"pt-PT","potentialAction":[{"@type":"ReadAction","target":["https:\/\/portaltela.pt\/noticias\/2026\/04\/10\/teto-de-parque-de-estacionamento-em-construcao-desaba-em-filadelfia\/"]}]},{"@type":"ImageObject","inLanguage":"pt-PT","@id":"https:\/\/portaltela.pt\/noticias\/2026\/04\/10\/teto-de-parque-de-estacionamento-em-construcao-desaba-em-filadelfia\/#primaryimage","url":"https:\/\/portaltela.pt\/s.01k8rhncp4jt1\/2026\/04\/img_1280x722uu2026-04-10-10-06-08-2277627.jpg","contentUrl":"https:\/\/portaltela.pt\/s.01k8rhncp4jt1\/2026\/04\/img_1280x722uu2026-04-10-10-06-08-2277627.jpg","width":796,"height":448,"caption":"Photo"},{"@type":"BreadcrumbList","@id":"https:\/\/portaltela.pt\/noticias\/2026\/04\/10\/teto-de-parque-de-estacionamento-em-construcao-desaba-em-filadelfia\/#breadcrumb","itemListElement":[{"@type":"ListItem","position":1,"name":"In\u00edcio","item":"https:\/\/portaltela.pt\/"},{"@type":"ListItem","position":2,"name":"Teto de parque de estacionamento em constru\u00e7\u00e3o desaba em Filad\u00e9lfia"}]},{"@type":"WebSite","@id":"https:\/\/portaltela.pt\/#website","url":"https:\/\/portaltela.pt\/","name":"Portal Tela Portugal","description":"","potentialAction":[{"@type":"SearchAction","target":{"@type":"EntryPoint","urlTemplate":"https:\/\/portaltela.pt\/?s={search_term_string}"},"query-input":{"@type":"PropertyValueSpecification","valueRequired":true,"valueName":"search_term_string"}}],"inLanguage":"pt-PT"},{"@type":"Person","@id":"https:\/\/portaltela.pt\/#\/schema\/person\/c4278d4a6028830caff9ee44b42d32ed","name":"Telinha","image":{"@type":"ImageObject","inLanguage":"pt-PT","@id":"https:\/\/portaltela.pt\/s.01k8rhncp4jt1\/2025\/11\/talking-bot-125x125.png","url":"https:\/\/portaltela.pt\/s.01k8rhncp4jt1\/2025\/11\/talking-bot-125x125.png","contentUrl":"https:\/\/portaltela.pt\/s.01k8rhncp4jt1\/2025\/11\/talking-bot-125x125.png","caption":"Telinha"},"sameAs":["https:\/\/portaltela.pt\/"],"url":"https:\/\/portaltela.pt\/por\/367410592786\/"}]}},"_links":{"self":[{"href":"https:\/\/portaltela.pt\/api\/wp\/v2\/posts\/438988","targetHints":{"allow":["GET"]}}],"collection":[{"href":"https:\/\/portaltela.pt\/api\/wp\/v2\/posts"}],"about":[{"href":"https:\/\/portaltela.pt\/api\/wp\/v2\/types\/post"}],"author":[{"embeddable":true,"href":"https:\/\/portaltela.pt\/api\/wp\/v2\/users\/2"}],"replies":[{"embeddable":true,"href":"https:\/\/portaltela.pt\/api\/wp\/v2\/comments?post=438988"}],"version-history":[{"count":0,"href":"https:\/\/portaltela.pt\/api\/wp\/v2\/posts\/438988\/revisions"}],"wp:featuredmedia":[{"embeddable":true,"href":"https:\/\/portaltela.pt\/api\/wp\/v2\/media\/438991"}],"wp:attachment":[{"href":"https:\/\/portaltela.pt\/api\/wp\/v2\/media?parent=438988"}],"wp:term":[{"taxonomy":"category","embeddable":true,"href":"https:\/\/portaltela.pt\/api\/wp\/v2\/categories?post=438988"},{"taxonomy":"post_tag","embeddable":true,"href":"https:\/\/portaltela.pt\/api\/wp\/v2\/tags?post=438988"}],"curies":[{"name":"wp","href":"https:\/\/api.w.org\/{rel}","templated":true}]}}