{"id":438977,"date":"2026-04-10T06:02:34","date_gmt":"2026-04-10T09:02:34","guid":{"rendered":"https:\/\/portaltela.pt\/noticias\/2026\/04\/10\/peruanos-vao-escolher-presidente-de-direita-neste-domingo\/"},"modified":"2026-04-10T06:02:34","modified_gmt":"2026-04-10T09:02:34","slug":"peruanos-vao-escolher-presidente-de-direita-neste-domingo","status":"publish","type":"post","link":"https:\/\/portaltela.pt\/geopolitica\/2026\/04\/10\/peruanos-vao-escolher-presidente-de-direita-neste-domingo\/","title":{"rendered":"Peruanos v\u00e3o escolher presidente de direita neste domingo"},"content":{"rendered":"<p>Peruanos escolhem este domingo o Presidente numa elei\u00e7\u00e3o marcada por inseguran\u00e7a p\u00fablica e casos de corrup\u00e7\u00e3o governamental. A sondagem indica prefer\u00eancia por candidaturas de direita, com o objetivo de debelar a criminalidade e estabilizar a gest\u00e3o.<\/p>\n<p>Especialistas ouvidos pela Lusa apontam que, mesmo com a economia peruana est\u00e1vel, a preocupa\u00e7\u00e3o com a seguran\u00e7a sobe face aos \u00faltimos epis\u00f3dios pol\u00edticos. A destitui\u00e7\u00e3o do Presidente interino Jos\u00e9 Jer\u00ed e a instabilidade legislativa s\u00e3o mencionadas como motivos para o apoio a propostas mais duras.<\/p>\n<p>Entre os 35 candidatos, Keiko Fujimori surge na dianteira, segundo as mais recentes sondagens, com 14% das inten\u00e7\u00f5es de voto. Em segundo ficam Carlos \u00c1lvarez, com 9%, e Rafael L\u00f3pez Aliaga, com 8%.<\/p>\n<h3>Contexto pol\u00edtico<\/h3>\n<p>Analistas destacam a aus\u00eancia de uma esquerda organizada no Peru atual, o que favorece candidaturas de direita na corrida eleitoral. O hist\u00f3rico de instabilidade e o cen\u00e1rio econ\u00f3mico contribuem para promessas centradas na seguran\u00e7a, na ordem e no combate \u00e0 corrup\u00e7\u00e3o.<\/p>\n<h3>Perspetivas econ\u00f3micas e eleitorais<\/h3>\n<p>Pesquisadores lembram que, embora haja cr\u00edtica ao processo pol\u00edtico recente, a economia mant\u00e9m-se est\u00e1vel. A ret\u00f3rica de seguran\u00e7a p\u00fablica domina os programas dos dois favoritos, com propostas que v\u00e3o desde reformas judiciais at\u00e9 medidas de endurecimento penal.<\/p>\n<h3>Desdobramentos eleitorais<\/h3>\n<p>Prev\u00ea-se uma segunda volta, possivelmente a 7 de junho, dado o grau de dispers\u00e3o de votos. A cobertura eleitoral enfatiza tamb\u00e9m o que est\u00e1 em jogo para o Congresso bicameral, com 60 senadores e 130 deputados, al\u00e9m de cinco representantes no Parlamento Andino.<\/p>\n<h3>Conclus\u00f5es provis\u00f3rias<\/h3>\n<p>Os analistas destacam que, independentemente do resultado, o Peru tende a prosseguir uma linha liberal no plano econ\u00f3mico. A agenda p\u00fablica permanece orientada para combate \u00e0 corrup\u00e7\u00e3o, melhoria da seguran\u00e7a e redu\u00e7\u00e3o da pobreza.<\/p>\n","protected":false},"excerpt":{"rendered":"<ul>\n<li>Os peruanos v\u00e3o \u00e0s urnas no domingo para escolher Presidente, dois Vice-Presidentes, o Congresso e representantes no Parlamento Andino, entre outros cargos.<\/li>\n<li>As sondagens apontam Keiko Fujimori, do partido For\u00e7a Popular, na lideran\u00e7a com cerca de 14% das inten\u00e7\u00f5es de voto, seguida por Carlos \u00c1lvarez (9%) e Rafael L\u00f3pez Aliaga (8%).<\/li>\n<li>Analistas dizem que a inseguran\u00e7a p\u00fablica e as incertezas pol\u00edticas, associadas \u00e0 destitui\u00e7\u00e3o de um Presidente interino, favorecem propostas de voto em candidatos de direita.<\/li>\n<li>\u00c9 prov\u00e1vel uma segunda volta entre os dois candidatos mais votados, marcada para 7 de junho, j\u00e1 que nenhum dever\u00e1 obter a maioria absoluta na primeira volta.<\/li>\n<li>No discurso dos candidatos, destacam-se promessas de aumentar a seguran\u00e7a, combater a corrup\u00e7\u00e3o, reduzir a pobreza e manter a economia com orienta\u00e7\u00f5es liberais.<\/li>\n<\/ul>\n","protected":false},"author":2,"featured_media":438981,"comment_status":"closed","ping_status":"closed","sticky":false,"template":"","format":"standard","meta":{"footnotes":""},"categories":[6814],"tags":[83,5808,28,68,2832,4536],"class_list":["post-438977","post","type-post","status-publish","format-standard","has-post-thumbnail","hentry","category-geopolitica","tag-corrupcao","tag-direita","tag-economia","tag-eleicoes","tag-politica","tag-seguranca"],"yoast_head":"<!-- This site is optimized with the Yoast SEO plugin v27.2 - https:\/\/yoast.com\/product\/yoast-seo-wordpress\/ -->\n<title>Peruanos v\u00e3o escolher presidente de direita neste domingo - Portal Tela Portugal<\/title>\n<meta name=\"robots\" content=\"index, follow, max-snippet:-1, max-image-preview:large, max-video-preview:-1\" \/>\n<meta property=\"og:locale\" content=\"pt_PT\" \/>\n<meta property=\"og:type\" content=\"article\" \/>\n<meta property=\"og:title\" content=\"Peruanos v\u00e3o escolher presidente de direita neste domingo - Portal Tela Portugal\" \/>\n<meta property=\"og:description\" content=\"Os peruanos v\u00e3o \u00e0s urnas no domingo para escolher Presidente, dois Vice-Presidentes, o Congresso e representantes no Parlamento Andino, entre outros cargos. As sondagens apontam Keiko Fujimori, do partido For\u00e7a Popular, na lideran\u00e7a com cerca de 14% das inten\u00e7\u00f5es de voto, seguida por Carlos \u00c1lvarez (9%) e Rafael L\u00f3pez Aliaga (8%). Analistas dizem que a inseguran\u00e7a p\u00fablica e as incertezas pol\u00edticas, associadas \u00e0 destitui\u00e7\u00e3o de um Presidente interino, favorecem propostas de voto em candidatos de direita. \u00c9 prov\u00e1vel uma segunda volta entre os dois candidatos mais votados, marcada para 7 de junho, j\u00e1 que nenhum dever\u00e1 obter a maioria absoluta na primeira volta. No discurso dos candidatos, destacam-se promessas de aumentar a seguran\u00e7a, combater a corrup\u00e7\u00e3o, reduzir a pobreza e manter a economia com orienta\u00e7\u00f5es liberais.\" \/>\n<meta property=\"og:url\" content=\"https:\/\/portaltela.pt\/noticias\/2026\/04\/10\/peruanos-vao-escolher-presidente-de-direita-neste-domingo\/\" \/>\n<meta property=\"og:site_name\" content=\"Portal Tela Portugal\" \/>\n<meta property=\"article:published_time\" content=\"2026-04-10T09:02:34+00:00\" \/>\n<meta name=\"author\" content=\"Telinha\" \/>\n<meta name=\"twitter:card\" content=\"summary_large_image\" \/>\n<meta name=\"twitter:label1\" content=\"Escrito por\" \/>\n\t<meta name=\"twitter:data1\" content=\"Telinha\" \/>\n\t<meta name=\"twitter:label2\" content=\"Tempo estimado de leitura\" \/>\n\t<meta name=\"twitter:data2\" content=\"2 minutos\" \/>\n<script type=\"application\/ld+json\" class=\"yoast-schema-graph\">{\"@context\":\"https:\/\/schema.org\",\"@graph\":[{\"@type\":\"Article\",\"@id\":\"https:\/\/portaltela.pt\/noticias\/2026\/04\/10\/peruanos-vao-escolher-presidente-de-direita-neste-domingo\/#article\",\"isPartOf\":{\"@id\":\"https:\/\/portaltela.pt\/noticias\/2026\/04\/10\/peruanos-vao-escolher-presidente-de-direita-neste-domingo\/\"},\"author\":{\"name\":\"Telinha\",\"@id\":\"https:\/\/portaltela.pt\/#\/schema\/person\/c4278d4a6028830caff9ee44b42d32ed\"},\"headline\":\"Peruanos v\u00e3o escolher presidente de direita neste domingo\",\"datePublished\":\"2026-04-10T09:02:34+00:00\",\"mainEntityOfPage\":{\"@id\":\"https:\/\/portaltela.pt\/noticias\/2026\/04\/10\/peruanos-vao-escolher-presidente-de-direita-neste-domingo\/\"},\"wordCount\":321,\"image\":{\"@id\":\"https:\/\/portaltela.pt\/noticias\/2026\/04\/10\/peruanos-vao-escolher-presidente-de-direita-neste-domingo\/#primaryimage\"},\"thumbnailUrl\":\"https:\/\/portaltela.pt\/s.01k8rhncp4jt1\/2026\/04\/img_1280x721uu2019-10-06-12-03-01-891283.jpg\",\"keywords\":[\"corrup\u00e7\u00e3o\",\"direita\",\"economia\",\"elei\u00e7\u00f5es\",\"pol\u00edtica\",\"seguran\u00e7a\"],\"articleSection\":[\"Geopol\u00edtica\"],\"inLanguage\":\"pt-PT\"},{\"@type\":\"WebPage\",\"@id\":\"https:\/\/portaltela.pt\/noticias\/2026\/04\/10\/peruanos-vao-escolher-presidente-de-direita-neste-domingo\/\",\"url\":\"https:\/\/portaltela.pt\/noticias\/2026\/04\/10\/peruanos-vao-escolher-presidente-de-direita-neste-domingo\/\",\"name\":\"Peruanos v\u00e3o escolher presidente de direita neste domingo - Portal Tela Portugal\",\"isPartOf\":{\"@id\":\"https:\/\/portaltela.pt\/#website\"},\"primaryImageOfPage\":{\"@id\":\"https:\/\/portaltela.pt\/noticias\/2026\/04\/10\/peruanos-vao-escolher-presidente-de-direita-neste-domingo\/#primaryimage\"},\"image\":{\"@id\":\"https:\/\/portaltela.pt\/noticias\/2026\/04\/10\/peruanos-vao-escolher-presidente-de-direita-neste-domingo\/#primaryimage\"},\"thumbnailUrl\":\"https:\/\/portaltela.pt\/s.01k8rhncp4jt1\/2026\/04\/img_1280x721uu2019-10-06-12-03-01-891283.jpg\",\"datePublished\":\"2026-04-10T09:02:34+00:00\",\"author\":{\"@id\":\"https:\/\/portaltela.pt\/#\/schema\/person\/c4278d4a6028830caff9ee44b42d32ed\"},\"breadcrumb\":{\"@id\":\"https:\/\/portaltela.pt\/noticias\/2026\/04\/10\/peruanos-vao-escolher-presidente-de-direita-neste-domingo\/#breadcrumb\"},\"inLanguage\":\"pt-PT\",\"potentialAction\":[{\"@type\":\"ReadAction\",\"target\":[\"https:\/\/portaltela.pt\/noticias\/2026\/04\/10\/peruanos-vao-escolher-presidente-de-direita-neste-domingo\/\"]}]},{\"@type\":\"ImageObject\",\"inLanguage\":\"pt-PT\",\"@id\":\"https:\/\/portaltela.pt\/noticias\/2026\/04\/10\/peruanos-vao-escolher-presidente-de-direita-neste-domingo\/#primaryimage\",\"url\":\"https:\/\/portaltela.pt\/s.01k8rhncp4jt1\/2026\/04\/img_1280x721uu2019-10-06-12-03-01-891283.jpg\",\"contentUrl\":\"https:\/\/portaltela.pt\/s.01k8rhncp4jt1\/2026\/04\/img_1280x721uu2019-10-06-12-03-01-891283.jpg\",\"width\":796,\"height\":448,\"caption\":\"Elei\u00e7\u00f5es\"},{\"@type\":\"BreadcrumbList\",\"@id\":\"https:\/\/portaltela.pt\/noticias\/2026\/04\/10\/peruanos-vao-escolher-presidente-de-direita-neste-domingo\/#breadcrumb\",\"itemListElement\":[{\"@type\":\"ListItem\",\"position\":1,\"name\":\"In\u00edcio\",\"item\":\"https:\/\/portaltela.pt\/\"},{\"@type\":\"ListItem\",\"position\":2,\"name\":\"Peruanos v\u00e3o escolher presidente de direita neste domingo\"}]},{\"@type\":\"WebSite\",\"@id\":\"https:\/\/portaltela.pt\/#website\",\"url\":\"https:\/\/portaltela.pt\/\",\"name\":\"Portal Tela Portugal\",\"description\":\"\",\"potentialAction\":[{\"@type\":\"SearchAction\",\"target\":{\"@type\":\"EntryPoint\",\"urlTemplate\":\"https:\/\/portaltela.pt\/?s={search_term_string}\"},\"query-input\":{\"@type\":\"PropertyValueSpecification\",\"valueRequired\":true,\"valueName\":\"search_term_string\"}}],\"inLanguage\":\"pt-PT\"},{\"@type\":\"Person\",\"@id\":\"https:\/\/portaltela.pt\/#\/schema\/person\/c4278d4a6028830caff9ee44b42d32ed\",\"name\":\"Telinha\",\"image\":{\"@type\":\"ImageObject\",\"inLanguage\":\"pt-PT\",\"@id\":\"https:\/\/portaltela.pt\/s.01k8rhncp4jt1\/2025\/11\/talking-bot-125x125.png\",\"url\":\"https:\/\/portaltela.pt\/s.01k8rhncp4jt1\/2025\/11\/talking-bot-125x125.png\",\"contentUrl\":\"https:\/\/portaltela.pt\/s.01k8rhncp4jt1\/2025\/11\/talking-bot-125x125.png\",\"caption\":\"Telinha\"},\"sameAs\":[\"https:\/\/portaltela.pt\/\"],\"url\":\"https:\/\/portaltela.pt\/por\/367410592786\/\"}]}<\/script>\n<!-- \/ Yoast SEO plugin. -->","yoast_head_json":{"title":"Peruanos v\u00e3o escolher presidente de direita neste domingo - Portal Tela Portugal","robots":{"index":"index","follow":"follow","max-snippet":"max-snippet:-1","max-image-preview":"max-image-preview:large","max-video-preview":"max-video-preview:-1"},"og_locale":"pt_PT","og_type":"article","og_title":"Peruanos v\u00e3o escolher presidente de direita neste domingo - Portal Tela Portugal","og_description":"Os peruanos v\u00e3o \u00e0s urnas no domingo para escolher Presidente, dois Vice-Presidentes, o Congresso e representantes no Parlamento Andino, entre outros cargos. As sondagens apontam Keiko Fujimori, do partido For\u00e7a Popular, na lideran\u00e7a com cerca de 14% das inten\u00e7\u00f5es de voto, seguida por Carlos \u00c1lvarez (9%) e Rafael L\u00f3pez Aliaga (8%). Analistas dizem que a inseguran\u00e7a p\u00fablica e as incertezas pol\u00edticas, associadas \u00e0 destitui\u00e7\u00e3o de um Presidente interino, favorecem propostas de voto em candidatos de direita. \u00c9 prov\u00e1vel uma segunda volta entre os dois candidatos mais votados, marcada para 7 de junho, j\u00e1 que nenhum dever\u00e1 obter a maioria absoluta na primeira volta. No discurso dos candidatos, destacam-se promessas de aumentar a seguran\u00e7a, combater a corrup\u00e7\u00e3o, reduzir a pobreza e manter a economia com orienta\u00e7\u00f5es liberais.","og_url":"https:\/\/portaltela.pt\/noticias\/2026\/04\/10\/peruanos-vao-escolher-presidente-de-direita-neste-domingo\/","og_site_name":"Portal Tela Portugal","article_published_time":"2026-04-10T09:02:34+00:00","author":"Telinha","twitter_card":"summary_large_image","twitter_misc":{"Escrito por":"Telinha","Tempo estimado de leitura":"2 minutos"},"schema":{"@context":"https:\/\/schema.org","@graph":[{"@type":"Article","@id":"https:\/\/portaltela.pt\/noticias\/2026\/04\/10\/peruanos-vao-escolher-presidente-de-direita-neste-domingo\/#article","isPartOf":{"@id":"https:\/\/portaltela.pt\/noticias\/2026\/04\/10\/peruanos-vao-escolher-presidente-de-direita-neste-domingo\/"},"author":{"name":"Telinha","@id":"https:\/\/portaltela.pt\/#\/schema\/person\/c4278d4a6028830caff9ee44b42d32ed"},"headline":"Peruanos v\u00e3o escolher presidente de direita neste domingo","datePublished":"2026-04-10T09:02:34+00:00","mainEntityOfPage":{"@id":"https:\/\/portaltela.pt\/noticias\/2026\/04\/10\/peruanos-vao-escolher-presidente-de-direita-neste-domingo\/"},"wordCount":321,"image":{"@id":"https:\/\/portaltela.pt\/noticias\/2026\/04\/10\/peruanos-vao-escolher-presidente-de-direita-neste-domingo\/#primaryimage"},"thumbnailUrl":"https:\/\/portaltela.pt\/s.01k8rhncp4jt1\/2026\/04\/img_1280x721uu2019-10-06-12-03-01-891283.jpg","keywords":["corrup\u00e7\u00e3o","direita","economia","elei\u00e7\u00f5es","pol\u00edtica","seguran\u00e7a"],"articleSection":["Geopol\u00edtica"],"inLanguage":"pt-PT"},{"@type":"WebPage","@id":"https:\/\/portaltela.pt\/noticias\/2026\/04\/10\/peruanos-vao-escolher-presidente-de-direita-neste-domingo\/","url":"https:\/\/portaltela.pt\/noticias\/2026\/04\/10\/peruanos-vao-escolher-presidente-de-direita-neste-domingo\/","name":"Peruanos v\u00e3o escolher presidente de direita neste domingo - Portal Tela Portugal","isPartOf":{"@id":"https:\/\/portaltela.pt\/#website"},"primaryImageOfPage":{"@id":"https:\/\/portaltela.pt\/noticias\/2026\/04\/10\/peruanos-vao-escolher-presidente-de-direita-neste-domingo\/#primaryimage"},"image":{"@id":"https:\/\/portaltela.pt\/noticias\/2026\/04\/10\/peruanos-vao-escolher-presidente-de-direita-neste-domingo\/#primaryimage"},"thumbnailUrl":"https:\/\/portaltela.pt\/s.01k8rhncp4jt1\/2026\/04\/img_1280x721uu2019-10-06-12-03-01-891283.jpg","datePublished":"2026-04-10T09:02:34+00:00","author":{"@id":"https:\/\/portaltela.pt\/#\/schema\/person\/c4278d4a6028830caff9ee44b42d32ed"},"breadcrumb":{"@id":"https:\/\/portaltela.pt\/noticias\/2026\/04\/10\/peruanos-vao-escolher-presidente-de-direita-neste-domingo\/#breadcrumb"},"inLanguage":"pt-PT","potentialAction":[{"@type":"ReadAction","target":["https:\/\/portaltela.pt\/noticias\/2026\/04\/10\/peruanos-vao-escolher-presidente-de-direita-neste-domingo\/"]}]},{"@type":"ImageObject","inLanguage":"pt-PT","@id":"https:\/\/portaltela.pt\/noticias\/2026\/04\/10\/peruanos-vao-escolher-presidente-de-direita-neste-domingo\/#primaryimage","url":"https:\/\/portaltela.pt\/s.01k8rhncp4jt1\/2026\/04\/img_1280x721uu2019-10-06-12-03-01-891283.jpg","contentUrl":"https:\/\/portaltela.pt\/s.01k8rhncp4jt1\/2026\/04\/img_1280x721uu2019-10-06-12-03-01-891283.jpg","width":796,"height":448,"caption":"Elei\u00e7\u00f5es"},{"@type":"BreadcrumbList","@id":"https:\/\/portaltela.pt\/noticias\/2026\/04\/10\/peruanos-vao-escolher-presidente-de-direita-neste-domingo\/#breadcrumb","itemListElement":[{"@type":"ListItem","position":1,"name":"In\u00edcio","item":"https:\/\/portaltela.pt\/"},{"@type":"ListItem","position":2,"name":"Peruanos v\u00e3o escolher presidente de direita neste domingo"}]},{"@type":"WebSite","@id":"https:\/\/portaltela.pt\/#website","url":"https:\/\/portaltela.pt\/","name":"Portal Tela Portugal","description":"","potentialAction":[{"@type":"SearchAction","target":{"@type":"EntryPoint","urlTemplate":"https:\/\/portaltela.pt\/?s={search_term_string}"},"query-input":{"@type":"PropertyValueSpecification","valueRequired":true,"valueName":"search_term_string"}}],"inLanguage":"pt-PT"},{"@type":"Person","@id":"https:\/\/portaltela.pt\/#\/schema\/person\/c4278d4a6028830caff9ee44b42d32ed","name":"Telinha","image":{"@type":"ImageObject","inLanguage":"pt-PT","@id":"https:\/\/portaltela.pt\/s.01k8rhncp4jt1\/2025\/11\/talking-bot-125x125.png","url":"https:\/\/portaltela.pt\/s.01k8rhncp4jt1\/2025\/11\/talking-bot-125x125.png","contentUrl":"https:\/\/portaltela.pt\/s.01k8rhncp4jt1\/2025\/11\/talking-bot-125x125.png","caption":"Telinha"},"sameAs":["https:\/\/portaltela.pt\/"],"url":"https:\/\/portaltela.pt\/por\/367410592786\/"}]}},"_links":{"self":[{"href":"https:\/\/portaltela.pt\/api\/wp\/v2\/posts\/438977","targetHints":{"allow":["GET"]}}],"collection":[{"href":"https:\/\/portaltela.pt\/api\/wp\/v2\/posts"}],"about":[{"href":"https:\/\/portaltela.pt\/api\/wp\/v2\/types\/post"}],"author":[{"embeddable":true,"href":"https:\/\/portaltela.pt\/api\/wp\/v2\/users\/2"}],"replies":[{"embeddable":true,"href":"https:\/\/portaltela.pt\/api\/wp\/v2\/comments?post=438977"}],"version-history":[{"count":0,"href":"https:\/\/portaltela.pt\/api\/wp\/v2\/posts\/438977\/revisions"}],"wp:featuredmedia":[{"embeddable":true,"href":"https:\/\/portaltela.pt\/api\/wp\/v2\/media\/438981"}],"wp:attachment":[{"href":"https:\/\/portaltela.pt\/api\/wp\/v2\/media?parent=438977"}],"wp:term":[{"taxonomy":"category","embeddable":true,"href":"https:\/\/portaltela.pt\/api\/wp\/v2\/categories?post=438977"},{"taxonomy":"post_tag","embeddable":true,"href":"https:\/\/portaltela.pt\/api\/wp\/v2\/tags?post=438977"}],"curies":[{"name":"wp","href":"https:\/\/api.w.org\/{rel}","templated":true}]}}