{"id":438976,"date":"2026-04-10T06:02:33","date_gmt":"2026-04-10T09:02:33","guid":{"rendered":"https:\/\/portaltela.pt\/noticias\/2026\/04\/10\/emboscada-em-montijo-fere-arguido-e-amigo\/"},"modified":"2026-04-10T06:02:33","modified_gmt":"2026-04-10T09:02:33","slug":"emboscada-em-montijo-fere-arguido-e-amigo","status":"publish","type":"post","link":"https:\/\/portaltela.pt\/policia\/2026\/04\/10\/emboscada-em-montijo-fere-arguido-e-amigo\/","title":{"rendered":"Emboscada em Montijo fere arguido e amigo"},"content":{"rendered":"<p>Uma emboscada perto de uma escola no Montijo, na \u00e1rea metropolitana de Lisboa, deixou dois homens feridos: um arguido de 19 anos e o seu amigo, de 23. O ataque ocorreu com seis tiros e os agressores fugiram de trotinetes.<\/p>\n<p>As v\u00edtimas foram atingidas junto \u00e0 escola. Ambos foram encaminhados para tratamento m\u00e9dico, ainda sem dados oficiais sobre o estado de sa\u00fade. O incidente mobilizou os Bombeiros e a PSP no local.<\/p>\n<h3>Investiga\u00e7\u00e3o em curso<\/h3>\n<p>A Pol\u00edcia Judici\u00e1ria (PJ) est\u00e1 a investigar as circunst\u00e2ncias do ataque. J\u00e1 foram recolhidos depoimentos e imagens de videovigil\u00e2ncia para identificar os suspeitos e esclarecer motiva\u00e7\u00e3o. N\u00e3o h\u00e1 informa\u00e7\u00f5es sobre pris\u00f5es at\u00e9 ao momento.<\/p>\n","protected":false},"excerpt":{"rendered":"<ul>\n<li>Em Montijo, seis tiros feriram um arguido de 19 anos e um amigo, junto a uma escola.<\/li>\n<li>Os alvos do ataque estavam no local quando ocorreram os disparos.<\/li>\n<li>Os agressores fugiram em trotinetes ap\u00f3s o incidente.<\/li>\n<li>A Pol\u00edcia Judici\u00e1ria est\u00e1 a investigar as circunst\u00e2ncias e a motiva\u00e7\u00e3o do ataque.<\/li>\n<li>N\u00e3o foram divulgadas informa\u00e7\u00f5es adicionais sobre os envolvidos ou o que ter\u00e1 motivado a emboscada.<\/li>\n<\/ul>\n","protected":false},"author":2,"featured_media":438980,"comment_status":"closed","ping_status":"closed","sticky":false,"template":"","format":"standard","meta":{"footnotes":""},"categories":[6907,6781],"tags":[124,147,215,1058,1802,2234],"class_list":["post-438976","post","type-post","status-publish","format-standard","has-post-thumbnail","hentry","category-crime","category-policia","tag-arma-de-fogo","tag-crime","tag-investigacao","tag-montijo","tag-policia-judiciaria","tag-videovigilancia"],"yoast_head":"<!-- This site is optimized with the Yoast SEO plugin v27.2 - https:\/\/yoast.com\/product\/yoast-seo-wordpress\/ -->\n<title>Emboscada em Montijo fere arguido e amigo - Portal Tela Portugal<\/title>\n<meta name=\"robots\" content=\"index, follow, max-snippet:-1, max-image-preview:large, max-video-preview:-1\" \/>\n<meta property=\"og:locale\" content=\"pt_PT\" \/>\n<meta property=\"og:type\" content=\"article\" \/>\n<meta property=\"og:title\" content=\"Emboscada em Montijo fere arguido e amigo - Portal Tela Portugal\" \/>\n<meta property=\"og:description\" content=\"Em Montijo, seis tiros feriram um arguido de 19 anos e um amigo, junto a uma escola. Os alvos do ataque estavam no local quando ocorreram os disparos. Os agressores fugiram em trotinetes ap\u00f3s o incidente. A Pol\u00edcia Judici\u00e1ria est\u00e1 a investigar as circunst\u00e2ncias e a motiva\u00e7\u00e3o do ataque. N\u00e3o foram divulgadas informa\u00e7\u00f5es adicionais sobre os envolvidos ou o que ter\u00e1 motivado a emboscada.\" \/>\n<meta property=\"og:url\" content=\"https:\/\/portaltela.pt\/noticias\/2026\/04\/10\/emboscada-em-montijo-fere-arguido-e-amigo\/\" \/>\n<meta property=\"og:site_name\" content=\"Portal Tela Portugal\" \/>\n<meta property=\"article:published_time\" content=\"2026-04-10T09:02:33+00:00\" \/>\n<meta name=\"author\" content=\"Telinha\" \/>\n<meta name=\"twitter:card\" content=\"summary_large_image\" \/>\n<meta name=\"twitter:label1\" content=\"Escrito por\" \/>\n\t<meta name=\"twitter:data1\" content=\"Telinha\" \/>\n\t<meta name=\"twitter:label2\" content=\"Tempo estimado de leitura\" \/>\n\t<meta name=\"twitter:data2\" content=\"1 minuto\" \/>\n<script type=\"application\/ld+json\" class=\"yoast-schema-graph\">{\"@context\":\"https:\/\/schema.org\",\"@graph\":[{\"@type\":\"Article\",\"@id\":\"https:\/\/portaltela.pt\/noticias\/2026\/04\/10\/emboscada-em-montijo-fere-arguido-e-amigo\/#article\",\"isPartOf\":{\"@id\":\"https:\/\/portaltela.pt\/noticias\/2026\/04\/10\/emboscada-em-montijo-fere-arguido-e-amigo\/\"},\"author\":{\"name\":\"Telinha\",\"@id\":\"https:\/\/portaltela.pt\/#\/schema\/person\/c4278d4a6028830caff9ee44b42d32ed\"},\"headline\":\"Emboscada em Montijo fere arguido e amigo\",\"datePublished\":\"2026-04-10T09:02:33+00:00\",\"mainEntityOfPage\":{\"@id\":\"https:\/\/portaltela.pt\/noticias\/2026\/04\/10\/emboscada-em-montijo-fere-arguido-e-amigo\/\"},\"wordCount\":125,\"image\":{\"@id\":\"https:\/\/portaltela.pt\/noticias\/2026\/04\/10\/emboscada-em-montijo-fere-arguido-e-amigo\/#primaryimage\"},\"thumbnailUrl\":\"https:\/\/portaltela.pt\/s.01k8rhncp4jt1\/2026\/04\/img_1280x722uu2026-04-09-13-07-42-2277475-im-639113368833346267.jpg\",\"keywords\":[\"arma de fogo\",\"crime\",\"investiga\u00e7\u00e3o\",\"Montijo\",\"Pol\u00edcia Judici\u00e1ria\",\"videovigil\u00e2ncia\"],\"articleSection\":[\"Crime\",\"Pol\u00edcia\"],\"inLanguage\":\"pt-PT\"},{\"@type\":\"WebPage\",\"@id\":\"https:\/\/portaltela.pt\/noticias\/2026\/04\/10\/emboscada-em-montijo-fere-arguido-e-amigo\/\",\"url\":\"https:\/\/portaltela.pt\/noticias\/2026\/04\/10\/emboscada-em-montijo-fere-arguido-e-amigo\/\",\"name\":\"Emboscada em Montijo fere arguido e amigo - Portal Tela Portugal\",\"isPartOf\":{\"@id\":\"https:\/\/portaltela.pt\/#website\"},\"primaryImageOfPage\":{\"@id\":\"https:\/\/portaltela.pt\/noticias\/2026\/04\/10\/emboscada-em-montijo-fere-arguido-e-amigo\/#primaryimage\"},\"image\":{\"@id\":\"https:\/\/portaltela.pt\/noticias\/2026\/04\/10\/emboscada-em-montijo-fere-arguido-e-amigo\/#primaryimage\"},\"thumbnailUrl\":\"https:\/\/portaltela.pt\/s.01k8rhncp4jt1\/2026\/04\/img_1280x722uu2026-04-09-13-07-42-2277475-im-639113368833346267.jpg\",\"datePublished\":\"2026-04-10T09:02:33+00:00\",\"author\":{\"@id\":\"https:\/\/portaltela.pt\/#\/schema\/person\/c4278d4a6028830caff9ee44b42d32ed\"},\"breadcrumb\":{\"@id\":\"https:\/\/portaltela.pt\/noticias\/2026\/04\/10\/emboscada-em-montijo-fere-arguido-e-amigo\/#breadcrumb\"},\"inLanguage\":\"pt-PT\",\"potentialAction\":[{\"@type\":\"ReadAction\",\"target\":[\"https:\/\/portaltela.pt\/noticias\/2026\/04\/10\/emboscada-em-montijo-fere-arguido-e-amigo\/\"]}]},{\"@type\":\"ImageObject\",\"inLanguage\":\"pt-PT\",\"@id\":\"https:\/\/portaltela.pt\/noticias\/2026\/04\/10\/emboscada-em-montijo-fere-arguido-e-amigo\/#primaryimage\",\"url\":\"https:\/\/portaltela.pt\/s.01k8rhncp4jt1\/2026\/04\/img_1280x722uu2026-04-09-13-07-42-2277475-im-639113368833346267.jpg\",\"contentUrl\":\"https:\/\/portaltela.pt\/s.01k8rhncp4jt1\/2026\/04\/img_1280x722uu2026-04-09-13-07-42-2277475-im-639113368833346267.jpg\",\"width\":796,\"height\":448,\"caption\":\"Photo\"},{\"@type\":\"BreadcrumbList\",\"@id\":\"https:\/\/portaltela.pt\/noticias\/2026\/04\/10\/emboscada-em-montijo-fere-arguido-e-amigo\/#breadcrumb\",\"itemListElement\":[{\"@type\":\"ListItem\",\"position\":1,\"name\":\"In\u00edcio\",\"item\":\"https:\/\/portaltela.pt\/\"},{\"@type\":\"ListItem\",\"position\":2,\"name\":\"Emboscada em Montijo fere arguido e amigo\"}]},{\"@type\":\"WebSite\",\"@id\":\"https:\/\/portaltela.pt\/#website\",\"url\":\"https:\/\/portaltela.pt\/\",\"name\":\"Portal Tela Portugal\",\"description\":\"\",\"potentialAction\":[{\"@type\":\"SearchAction\",\"target\":{\"@type\":\"EntryPoint\",\"urlTemplate\":\"https:\/\/portaltela.pt\/?s={search_term_string}\"},\"query-input\":{\"@type\":\"PropertyValueSpecification\",\"valueRequired\":true,\"valueName\":\"search_term_string\"}}],\"inLanguage\":\"pt-PT\"},{\"@type\":\"Person\",\"@id\":\"https:\/\/portaltela.pt\/#\/schema\/person\/c4278d4a6028830caff9ee44b42d32ed\",\"name\":\"Telinha\",\"image\":{\"@type\":\"ImageObject\",\"inLanguage\":\"pt-PT\",\"@id\":\"https:\/\/portaltela.pt\/s.01k8rhncp4jt1\/2025\/11\/talking-bot-125x125.png\",\"url\":\"https:\/\/portaltela.pt\/s.01k8rhncp4jt1\/2025\/11\/talking-bot-125x125.png\",\"contentUrl\":\"https:\/\/portaltela.pt\/s.01k8rhncp4jt1\/2025\/11\/talking-bot-125x125.png\",\"caption\":\"Telinha\"},\"sameAs\":[\"https:\/\/portaltela.pt\/\"],\"url\":\"https:\/\/portaltela.pt\/por\/367410592786\/\"}]}<\/script>\n<!-- \/ Yoast SEO plugin. -->","yoast_head_json":{"title":"Emboscada em Montijo fere arguido e amigo - Portal Tela Portugal","robots":{"index":"index","follow":"follow","max-snippet":"max-snippet:-1","max-image-preview":"max-image-preview:large","max-video-preview":"max-video-preview:-1"},"og_locale":"pt_PT","og_type":"article","og_title":"Emboscada em Montijo fere arguido e amigo - Portal Tela Portugal","og_description":"Em Montijo, seis tiros feriram um arguido de 19 anos e um amigo, junto a uma escola. Os alvos do ataque estavam no local quando ocorreram os disparos. Os agressores fugiram em trotinetes ap\u00f3s o incidente. A Pol\u00edcia Judici\u00e1ria est\u00e1 a investigar as circunst\u00e2ncias e a motiva\u00e7\u00e3o do ataque. N\u00e3o foram divulgadas informa\u00e7\u00f5es adicionais sobre os envolvidos ou o que ter\u00e1 motivado a emboscada.","og_url":"https:\/\/portaltela.pt\/noticias\/2026\/04\/10\/emboscada-em-montijo-fere-arguido-e-amigo\/","og_site_name":"Portal Tela Portugal","article_published_time":"2026-04-10T09:02:33+00:00","author":"Telinha","twitter_card":"summary_large_image","twitter_misc":{"Escrito por":"Telinha","Tempo estimado de leitura":"1 minuto"},"schema":{"@context":"https:\/\/schema.org","@graph":[{"@type":"Article","@id":"https:\/\/portaltela.pt\/noticias\/2026\/04\/10\/emboscada-em-montijo-fere-arguido-e-amigo\/#article","isPartOf":{"@id":"https:\/\/portaltela.pt\/noticias\/2026\/04\/10\/emboscada-em-montijo-fere-arguido-e-amigo\/"},"author":{"name":"Telinha","@id":"https:\/\/portaltela.pt\/#\/schema\/person\/c4278d4a6028830caff9ee44b42d32ed"},"headline":"Emboscada em Montijo fere arguido e amigo","datePublished":"2026-04-10T09:02:33+00:00","mainEntityOfPage":{"@id":"https:\/\/portaltela.pt\/noticias\/2026\/04\/10\/emboscada-em-montijo-fere-arguido-e-amigo\/"},"wordCount":125,"image":{"@id":"https:\/\/portaltela.pt\/noticias\/2026\/04\/10\/emboscada-em-montijo-fere-arguido-e-amigo\/#primaryimage"},"thumbnailUrl":"https:\/\/portaltela.pt\/s.01k8rhncp4jt1\/2026\/04\/img_1280x722uu2026-04-09-13-07-42-2277475-im-639113368833346267.jpg","keywords":["arma de fogo","crime","investiga\u00e7\u00e3o","Montijo","Pol\u00edcia Judici\u00e1ria","videovigil\u00e2ncia"],"articleSection":["Crime","Pol\u00edcia"],"inLanguage":"pt-PT"},{"@type":"WebPage","@id":"https:\/\/portaltela.pt\/noticias\/2026\/04\/10\/emboscada-em-montijo-fere-arguido-e-amigo\/","url":"https:\/\/portaltela.pt\/noticias\/2026\/04\/10\/emboscada-em-montijo-fere-arguido-e-amigo\/","name":"Emboscada em Montijo fere arguido e amigo - Portal Tela Portugal","isPartOf":{"@id":"https:\/\/portaltela.pt\/#website"},"primaryImageOfPage":{"@id":"https:\/\/portaltela.pt\/noticias\/2026\/04\/10\/emboscada-em-montijo-fere-arguido-e-amigo\/#primaryimage"},"image":{"@id":"https:\/\/portaltela.pt\/noticias\/2026\/04\/10\/emboscada-em-montijo-fere-arguido-e-amigo\/#primaryimage"},"thumbnailUrl":"https:\/\/portaltela.pt\/s.01k8rhncp4jt1\/2026\/04\/img_1280x722uu2026-04-09-13-07-42-2277475-im-639113368833346267.jpg","datePublished":"2026-04-10T09:02:33+00:00","author":{"@id":"https:\/\/portaltela.pt\/#\/schema\/person\/c4278d4a6028830caff9ee44b42d32ed"},"breadcrumb":{"@id":"https:\/\/portaltela.pt\/noticias\/2026\/04\/10\/emboscada-em-montijo-fere-arguido-e-amigo\/#breadcrumb"},"inLanguage":"pt-PT","potentialAction":[{"@type":"ReadAction","target":["https:\/\/portaltela.pt\/noticias\/2026\/04\/10\/emboscada-em-montijo-fere-arguido-e-amigo\/"]}]},{"@type":"ImageObject","inLanguage":"pt-PT","@id":"https:\/\/portaltela.pt\/noticias\/2026\/04\/10\/emboscada-em-montijo-fere-arguido-e-amigo\/#primaryimage","url":"https:\/\/portaltela.pt\/s.01k8rhncp4jt1\/2026\/04\/img_1280x722uu2026-04-09-13-07-42-2277475-im-639113368833346267.jpg","contentUrl":"https:\/\/portaltela.pt\/s.01k8rhncp4jt1\/2026\/04\/img_1280x722uu2026-04-09-13-07-42-2277475-im-639113368833346267.jpg","width":796,"height":448,"caption":"Photo"},{"@type":"BreadcrumbList","@id":"https:\/\/portaltela.pt\/noticias\/2026\/04\/10\/emboscada-em-montijo-fere-arguido-e-amigo\/#breadcrumb","itemListElement":[{"@type":"ListItem","position":1,"name":"In\u00edcio","item":"https:\/\/portaltela.pt\/"},{"@type":"ListItem","position":2,"name":"Emboscada em Montijo fere arguido e amigo"}]},{"@type":"WebSite","@id":"https:\/\/portaltela.pt\/#website","url":"https:\/\/portaltela.pt\/","name":"Portal Tela Portugal","description":"","potentialAction":[{"@type":"SearchAction","target":{"@type":"EntryPoint","urlTemplate":"https:\/\/portaltela.pt\/?s={search_term_string}"},"query-input":{"@type":"PropertyValueSpecification","valueRequired":true,"valueName":"search_term_string"}}],"inLanguage":"pt-PT"},{"@type":"Person","@id":"https:\/\/portaltela.pt\/#\/schema\/person\/c4278d4a6028830caff9ee44b42d32ed","name":"Telinha","image":{"@type":"ImageObject","inLanguage":"pt-PT","@id":"https:\/\/portaltela.pt\/s.01k8rhncp4jt1\/2025\/11\/talking-bot-125x125.png","url":"https:\/\/portaltela.pt\/s.01k8rhncp4jt1\/2025\/11\/talking-bot-125x125.png","contentUrl":"https:\/\/portaltela.pt\/s.01k8rhncp4jt1\/2025\/11\/talking-bot-125x125.png","caption":"Telinha"},"sameAs":["https:\/\/portaltela.pt\/"],"url":"https:\/\/portaltela.pt\/por\/367410592786\/"}]}},"_links":{"self":[{"href":"https:\/\/portaltela.pt\/api\/wp\/v2\/posts\/438976","targetHints":{"allow":["GET"]}}],"collection":[{"href":"https:\/\/portaltela.pt\/api\/wp\/v2\/posts"}],"about":[{"href":"https:\/\/portaltela.pt\/api\/wp\/v2\/types\/post"}],"author":[{"embeddable":true,"href":"https:\/\/portaltela.pt\/api\/wp\/v2\/users\/2"}],"replies":[{"embeddable":true,"href":"https:\/\/portaltela.pt\/api\/wp\/v2\/comments?post=438976"}],"version-history":[{"count":0,"href":"https:\/\/portaltela.pt\/api\/wp\/v2\/posts\/438976\/revisions"}],"wp:featuredmedia":[{"embeddable":true,"href":"https:\/\/portaltela.pt\/api\/wp\/v2\/media\/438980"}],"wp:attachment":[{"href":"https:\/\/portaltela.pt\/api\/wp\/v2\/media?parent=438976"}],"wp:term":[{"taxonomy":"category","embeddable":true,"href":"https:\/\/portaltela.pt\/api\/wp\/v2\/categories?post=438976"},{"taxonomy":"post_tag","embeddable":true,"href":"https:\/\/portaltela.pt\/api\/wp\/v2\/tags?post=438976"}],"curies":[{"name":"wp","href":"https:\/\/api.w.org\/{rel}","templated":true}]}}