{"id":438966,"date":"2026-04-10T05:32:28","date_gmt":"2026-04-10T08:32:28","guid":{"rendered":"https:\/\/portaltela.pt\/noticias\/2026\/04\/10\/sinais-nao-motores-da-doenca-de-parkinson-podem-surgir-20-anos-antes\/"},"modified":"2026-04-10T05:32:28","modified_gmt":"2026-04-10T08:32:28","slug":"sinais-nao-motores-da-doenca-de-parkinson-podem-surgir-20-anos-antes","status":"publish","type":"post","link":"https:\/\/portaltela.pt\/saude\/2026\/04\/10\/sinais-nao-motores-da-doenca-de-parkinson-podem-surgir-20-anos-antes\/","title":{"rendered":"Sinais n\u00e3o motores da doen\u00e7a de Parkinson podem surgir 20 anos antes"},"content":{"rendered":"<p>O neurologista Marcelo Mendon\u00e7a destacou que sintomas n\u00e3o motores da doen\u00e7a de Parkinson podem surgir at\u00e9 15 a 20 anos antes das manifesta\u00e7\u00f5es motoras. A afirma\u00e7\u00e3o foi feita \u00e0 ag\u00eancia Lusa, no \u00e2mbito das comemora\u00e7\u00f5es do Dia Mundial da Patologia, assinalado este s\u00e1bado.<\/p>\n<p>Entre os sinais n\u00e3o motores referidos est\u00e3o altera\u00e7\u00f5es do sono, a perda de olfato (hiposmia) e problemas intestinais, como obstipa\u00e7\u00e3o. Mendon\u00e7a explica que estes sintomas s\u00e3o comuns muito antes dos tremores, da lentid\u00e3o de movimentos ou da rigidez associadas \u00e0 doen\u00e7a.<\/p>\n<p>O m\u00e9dico, que atua na Funda\u00e7\u00e3o Champalimaud, lembra que estes ind\u00edcios n\u00e3o significam necessariamente que algu\u00e9m tenha Parkinson e que v\u00e1rias causas podem explicar cada sintoma. A obstipa\u00e7\u00e3o, por exemplo, pode ser o primeiro sintoma n\u00e3o motor.<\/p>\n<h3>Confer\u00eancia em Lisboa e impacto<\/h3>\n<p>A defesa de h\u00e1bitos de vida saud\u00e1veis, como n\u00e3o fumar, modera\u00e7\u00e3o no \u00e1lcool, atividade f\u00edsica regular e dieta equilibrada, pode reduzir o risco de desenvolver a doen\u00e7a, segundo o neurologista. Em rela\u00e7\u00e3o \u00e0 esperan\u00e7a de vida, Mendon\u00e7a afirma que muitos convivem com a doen\u00e7a por 20 a 30 anos.<\/p>\n<p>No s\u00e1bado, Mendon\u00e7a participa na IV Confer\u00eancia Anual da Young Parkies Portugal, em Lisboa, na Funda\u00e7\u00e3o Champalimaud, a prop\u00f3sito do Dia Mundial da Doen\u00e7a de Parkinson. Em Portugal, estima-se que cerca de 20 mil pessoas vivam com a patologia, com mais de 1.800 novos casos por ano.<\/p>\n<p>Cerca de 2.000 a 3.000 pessoas podem ter Parkinson de in\u00edcio precoce, isto \u00e9, diagnosticadas em idade ativa, segundo a Young Parkies Portugal. A organiza\u00e7\u00e3o acompanha quem est\u00e1 afetado e oferece apoio.<\/p>\n","protected":false},"excerpt":{"rendered":"<ul>\n<li>Sintomas n\u00e3o motores da doen\u00e7a de Parkinson, como altera\u00e7\u00f5es do sono, perda de olfato e obstipa\u00e7\u00e3o, podem aparecer 15 a 20 anos antes das limita\u00e7\u00f5es motoras.<\/li>\n<li>O neurologista Marcelo Mendon\u00e7a explica que esses sinais n\u00e3o motores podem indicar a patologia, mas n\u00e3o significam diagn\u00f3stico definitivo.<\/li>\n<li>A obstipa\u00e7\u00e3o \u00e9 considerado provavelmente o primeiro sintoma n\u00e3o motor; h\u00e1 tamb\u00e9m perturba\u00e7\u00e3o do sono REM, com movimentos, gritos e agita\u00e7\u00e3o noturna.<\/li>\n<li>A doen\u00e7a \u00e9 neurodegenerativa, cr\u00f3nica e incur\u00e1vel; pode ser diagnosticada antes dos 50 anos, ainda que comummente atinja pessoas com mais de 60.<\/li>\n<li>Em Portugal, estima-se cerca de 20 mil pessoas com a doen\u00e7a, com 1.800 a 2.000 novos casos por ano; entre 2.000 e 3.000 t\u00eam Parkinson precoce.<\/li>\n<\/ul>\n","protected":false},"author":2,"featured_media":438967,"comment_status":"closed","ping_status":"closed","sticky":false,"template":"","format":"standard","meta":{"footnotes":""},"categories":[7371,6745],"tags":[5723,981,7211,5234,1014,172],"class_list":["post-438966","post","type-post","status-publish","format-standard","has-post-thumbnail","hentry","category-medicina","category-saude","tag-doenca","tag-lisboa","tag-medicina","tag-neurociencia","tag-portugal","tag-saude"],"yoast_head":"<!-- This site is optimized with the Yoast SEO plugin v27.2 - https:\/\/yoast.com\/product\/yoast-seo-wordpress\/ -->\n<title>Sinais n\u00e3o motores da doen\u00e7a de Parkinson podem surgir 20 anos antes - Portal Tela Portugal<\/title>\n<meta name=\"robots\" content=\"index, follow, max-snippet:-1, max-image-preview:large, max-video-preview:-1\" \/>\n<meta property=\"og:locale\" content=\"pt_PT\" \/>\n<meta property=\"og:type\" content=\"article\" \/>\n<meta property=\"og:title\" content=\"Sinais n\u00e3o motores da doen\u00e7a de Parkinson podem surgir 20 anos antes - Portal Tela Portugal\" \/>\n<meta property=\"og:description\" content=\"Sintomas n\u00e3o motores da doen\u00e7a de Parkinson, como altera\u00e7\u00f5es do sono, perda de olfato e obstipa\u00e7\u00e3o, podem aparecer 15 a 20 anos antes das limita\u00e7\u00f5es motoras. O neurologista Marcelo Mendon\u00e7a explica que esses sinais n\u00e3o motores podem indicar a patologia, mas n\u00e3o significam diagn\u00f3stico definitivo. A obstipa\u00e7\u00e3o \u00e9 considerado provavelmente o primeiro sintoma n\u00e3o motor; h\u00e1 tamb\u00e9m perturba\u00e7\u00e3o do sono REM, com movimentos, gritos e agita\u00e7\u00e3o noturna. A doen\u00e7a \u00e9 neurodegenerativa, cr\u00f3nica e incur\u00e1vel; pode ser diagnosticada antes dos 50 anos, ainda que comummente atinja pessoas com mais de 60. Em Portugal, estima-se cerca de 20 mil pessoas com a doen\u00e7a, com 1.800 a 2.000 novos casos por ano; entre 2.000 e 3.000 t\u00eam Parkinson precoce.\" \/>\n<meta property=\"og:url\" content=\"https:\/\/portaltela.pt\/noticias\/2026\/04\/10\/sinais-nao-motores-da-doenca-de-parkinson-podem-surgir-20-anos-antes\/\" \/>\n<meta property=\"og:site_name\" content=\"Portal Tela Portugal\" \/>\n<meta property=\"article:published_time\" content=\"2026-04-10T08:32:28+00:00\" \/>\n<meta name=\"author\" content=\"Telinha\" \/>\n<meta name=\"twitter:card\" content=\"summary_large_image\" \/>\n<meta name=\"twitter:label1\" content=\"Escrito por\" \/>\n\t<meta name=\"twitter:data1\" content=\"Telinha\" \/>\n\t<meta name=\"twitter:label2\" content=\"Tempo estimado de leitura\" \/>\n\t<meta name=\"twitter:data2\" content=\"1 minuto\" \/>\n<script type=\"application\/ld+json\" class=\"yoast-schema-graph\">{\"@context\":\"https:\/\/schema.org\",\"@graph\":[{\"@type\":\"Article\",\"@id\":\"https:\/\/portaltela.pt\/noticias\/2026\/04\/10\/sinais-nao-motores-da-doenca-de-parkinson-podem-surgir-20-anos-antes\/#article\",\"isPartOf\":{\"@id\":\"https:\/\/portaltela.pt\/noticias\/2026\/04\/10\/sinais-nao-motores-da-doenca-de-parkinson-podem-surgir-20-anos-antes\/\"},\"author\":{\"name\":\"Telinha\",\"@id\":\"https:\/\/portaltela.pt\/#\/schema\/person\/c4278d4a6028830caff9ee44b42d32ed\"},\"headline\":\"Sinais n\u00e3o motores da doen\u00e7a de Parkinson podem surgir 20 anos antes\",\"datePublished\":\"2026-04-10T08:32:28+00:00\",\"mainEntityOfPage\":{\"@id\":\"https:\/\/portaltela.pt\/noticias\/2026\/04\/10\/sinais-nao-motores-da-doenca-de-parkinson-podem-surgir-20-anos-antes\/\"},\"wordCount\":298,\"image\":{\"@id\":\"https:\/\/portaltela.pt\/noticias\/2026\/04\/10\/sinais-nao-motores-da-doenca-de-parkinson-podem-surgir-20-anos-antes\/#primaryimage\"},\"thumbnailUrl\":\"https:\/\/portaltela.pt\/s.01k8rhncp4jt1\/2026\/04\/img_1500x1000uu2015-04-10-12-16-00-445912.jpg\",\"keywords\":[\"doen\u00e7a\",\"Lisboa\",\"medicina\",\"neuroci\u00eancia\",\"Portugal\",\"sa\u00fade\"],\"articleSection\":[\"Medicina\",\"Sa\u00fade\"],\"inLanguage\":\"pt-PT\"},{\"@type\":\"WebPage\",\"@id\":\"https:\/\/portaltela.pt\/noticias\/2026\/04\/10\/sinais-nao-motores-da-doenca-de-parkinson-podem-surgir-20-anos-antes\/\",\"url\":\"https:\/\/portaltela.pt\/noticias\/2026\/04\/10\/sinais-nao-motores-da-doenca-de-parkinson-podem-surgir-20-anos-antes\/\",\"name\":\"Sinais n\u00e3o motores da doen\u00e7a de Parkinson podem surgir 20 anos antes - Portal Tela Portugal\",\"isPartOf\":{\"@id\":\"https:\/\/portaltela.pt\/#website\"},\"primaryImageOfPage\":{\"@id\":\"https:\/\/portaltela.pt\/noticias\/2026\/04\/10\/sinais-nao-motores-da-doenca-de-parkinson-podem-surgir-20-anos-antes\/#primaryimage\"},\"image\":{\"@id\":\"https:\/\/portaltela.pt\/noticias\/2026\/04\/10\/sinais-nao-motores-da-doenca-de-parkinson-podem-surgir-20-anos-antes\/#primaryimage\"},\"thumbnailUrl\":\"https:\/\/portaltela.pt\/s.01k8rhncp4jt1\/2026\/04\/img_1500x1000uu2015-04-10-12-16-00-445912.jpg\",\"datePublished\":\"2026-04-10T08:32:28+00:00\",\"author\":{\"@id\":\"https:\/\/portaltela.pt\/#\/schema\/person\/c4278d4a6028830caff9ee44b42d32ed\"},\"breadcrumb\":{\"@id\":\"https:\/\/portaltela.pt\/noticias\/2026\/04\/10\/sinais-nao-motores-da-doenca-de-parkinson-podem-surgir-20-anos-antes\/#breadcrumb\"},\"inLanguage\":\"pt-PT\",\"potentialAction\":[{\"@type\":\"ReadAction\",\"target\":[\"https:\/\/portaltela.pt\/noticias\/2026\/04\/10\/sinais-nao-motores-da-doenca-de-parkinson-podem-surgir-20-anos-antes\/\"]}]},{\"@type\":\"ImageObject\",\"inLanguage\":\"pt-PT\",\"@id\":\"https:\/\/portaltela.pt\/noticias\/2026\/04\/10\/sinais-nao-motores-da-doenca-de-parkinson-podem-surgir-20-anos-antes\/#primaryimage\",\"url\":\"https:\/\/portaltela.pt\/s.01k8rhncp4jt1\/2026\/04\/img_1500x1000uu2015-04-10-12-16-00-445912.jpg\",\"contentUrl\":\"https:\/\/portaltela.pt\/s.01k8rhncp4jt1\/2026\/04\/img_1500x1000uu2015-04-10-12-16-00-445912.jpg\",\"width\":796,\"height\":448,\"caption\":\"Doen\u00e7a de Parkinson\"},{\"@type\":\"BreadcrumbList\",\"@id\":\"https:\/\/portaltela.pt\/noticias\/2026\/04\/10\/sinais-nao-motores-da-doenca-de-parkinson-podem-surgir-20-anos-antes\/#breadcrumb\",\"itemListElement\":[{\"@type\":\"ListItem\",\"position\":1,\"name\":\"In\u00edcio\",\"item\":\"https:\/\/portaltela.pt\/\"},{\"@type\":\"ListItem\",\"position\":2,\"name\":\"Sinais n\u00e3o motores da doen\u00e7a de Parkinson podem surgir 20 anos antes\"}]},{\"@type\":\"WebSite\",\"@id\":\"https:\/\/portaltela.pt\/#website\",\"url\":\"https:\/\/portaltela.pt\/\",\"name\":\"Portal Tela Portugal\",\"description\":\"\",\"potentialAction\":[{\"@type\":\"SearchAction\",\"target\":{\"@type\":\"EntryPoint\",\"urlTemplate\":\"https:\/\/portaltela.pt\/?s={search_term_string}\"},\"query-input\":{\"@type\":\"PropertyValueSpecification\",\"valueRequired\":true,\"valueName\":\"search_term_string\"}}],\"inLanguage\":\"pt-PT\"},{\"@type\":\"Person\",\"@id\":\"https:\/\/portaltela.pt\/#\/schema\/person\/c4278d4a6028830caff9ee44b42d32ed\",\"name\":\"Telinha\",\"image\":{\"@type\":\"ImageObject\",\"inLanguage\":\"pt-PT\",\"@id\":\"https:\/\/portaltela.pt\/s.01k8rhncp4jt1\/2025\/11\/talking-bot-125x125.png\",\"url\":\"https:\/\/portaltela.pt\/s.01k8rhncp4jt1\/2025\/11\/talking-bot-125x125.png\",\"contentUrl\":\"https:\/\/portaltela.pt\/s.01k8rhncp4jt1\/2025\/11\/talking-bot-125x125.png\",\"caption\":\"Telinha\"},\"sameAs\":[\"https:\/\/portaltela.pt\/\"],\"url\":\"https:\/\/portaltela.pt\/por\/367410592786\/\"}]}<\/script>\n<!-- \/ Yoast SEO plugin. -->","yoast_head_json":{"title":"Sinais n\u00e3o motores da doen\u00e7a de Parkinson podem surgir 20 anos antes - Portal Tela Portugal","robots":{"index":"index","follow":"follow","max-snippet":"max-snippet:-1","max-image-preview":"max-image-preview:large","max-video-preview":"max-video-preview:-1"},"og_locale":"pt_PT","og_type":"article","og_title":"Sinais n\u00e3o motores da doen\u00e7a de Parkinson podem surgir 20 anos antes - Portal Tela Portugal","og_description":"Sintomas n\u00e3o motores da doen\u00e7a de Parkinson, como altera\u00e7\u00f5es do sono, perda de olfato e obstipa\u00e7\u00e3o, podem aparecer 15 a 20 anos antes das limita\u00e7\u00f5es motoras. O neurologista Marcelo Mendon\u00e7a explica que esses sinais n\u00e3o motores podem indicar a patologia, mas n\u00e3o significam diagn\u00f3stico definitivo. A obstipa\u00e7\u00e3o \u00e9 considerado provavelmente o primeiro sintoma n\u00e3o motor; h\u00e1 tamb\u00e9m perturba\u00e7\u00e3o do sono REM, com movimentos, gritos e agita\u00e7\u00e3o noturna. A doen\u00e7a \u00e9 neurodegenerativa, cr\u00f3nica e incur\u00e1vel; pode ser diagnosticada antes dos 50 anos, ainda que comummente atinja pessoas com mais de 60. Em Portugal, estima-se cerca de 20 mil pessoas com a doen\u00e7a, com 1.800 a 2.000 novos casos por ano; entre 2.000 e 3.000 t\u00eam Parkinson precoce.","og_url":"https:\/\/portaltela.pt\/noticias\/2026\/04\/10\/sinais-nao-motores-da-doenca-de-parkinson-podem-surgir-20-anos-antes\/","og_site_name":"Portal Tela Portugal","article_published_time":"2026-04-10T08:32:28+00:00","author":"Telinha","twitter_card":"summary_large_image","twitter_misc":{"Escrito por":"Telinha","Tempo estimado de leitura":"1 minuto"},"schema":{"@context":"https:\/\/schema.org","@graph":[{"@type":"Article","@id":"https:\/\/portaltela.pt\/noticias\/2026\/04\/10\/sinais-nao-motores-da-doenca-de-parkinson-podem-surgir-20-anos-antes\/#article","isPartOf":{"@id":"https:\/\/portaltela.pt\/noticias\/2026\/04\/10\/sinais-nao-motores-da-doenca-de-parkinson-podem-surgir-20-anos-antes\/"},"author":{"name":"Telinha","@id":"https:\/\/portaltela.pt\/#\/schema\/person\/c4278d4a6028830caff9ee44b42d32ed"},"headline":"Sinais n\u00e3o motores da doen\u00e7a de Parkinson podem surgir 20 anos antes","datePublished":"2026-04-10T08:32:28+00:00","mainEntityOfPage":{"@id":"https:\/\/portaltela.pt\/noticias\/2026\/04\/10\/sinais-nao-motores-da-doenca-de-parkinson-podem-surgir-20-anos-antes\/"},"wordCount":298,"image":{"@id":"https:\/\/portaltela.pt\/noticias\/2026\/04\/10\/sinais-nao-motores-da-doenca-de-parkinson-podem-surgir-20-anos-antes\/#primaryimage"},"thumbnailUrl":"https:\/\/portaltela.pt\/s.01k8rhncp4jt1\/2026\/04\/img_1500x1000uu2015-04-10-12-16-00-445912.jpg","keywords":["doen\u00e7a","Lisboa","medicina","neuroci\u00eancia","Portugal","sa\u00fade"],"articleSection":["Medicina","Sa\u00fade"],"inLanguage":"pt-PT"},{"@type":"WebPage","@id":"https:\/\/portaltela.pt\/noticias\/2026\/04\/10\/sinais-nao-motores-da-doenca-de-parkinson-podem-surgir-20-anos-antes\/","url":"https:\/\/portaltela.pt\/noticias\/2026\/04\/10\/sinais-nao-motores-da-doenca-de-parkinson-podem-surgir-20-anos-antes\/","name":"Sinais n\u00e3o motores da doen\u00e7a de Parkinson podem surgir 20 anos antes - Portal Tela Portugal","isPartOf":{"@id":"https:\/\/portaltela.pt\/#website"},"primaryImageOfPage":{"@id":"https:\/\/portaltela.pt\/noticias\/2026\/04\/10\/sinais-nao-motores-da-doenca-de-parkinson-podem-surgir-20-anos-antes\/#primaryimage"},"image":{"@id":"https:\/\/portaltela.pt\/noticias\/2026\/04\/10\/sinais-nao-motores-da-doenca-de-parkinson-podem-surgir-20-anos-antes\/#primaryimage"},"thumbnailUrl":"https:\/\/portaltela.pt\/s.01k8rhncp4jt1\/2026\/04\/img_1500x1000uu2015-04-10-12-16-00-445912.jpg","datePublished":"2026-04-10T08:32:28+00:00","author":{"@id":"https:\/\/portaltela.pt\/#\/schema\/person\/c4278d4a6028830caff9ee44b42d32ed"},"breadcrumb":{"@id":"https:\/\/portaltela.pt\/noticias\/2026\/04\/10\/sinais-nao-motores-da-doenca-de-parkinson-podem-surgir-20-anos-antes\/#breadcrumb"},"inLanguage":"pt-PT","potentialAction":[{"@type":"ReadAction","target":["https:\/\/portaltela.pt\/noticias\/2026\/04\/10\/sinais-nao-motores-da-doenca-de-parkinson-podem-surgir-20-anos-antes\/"]}]},{"@type":"ImageObject","inLanguage":"pt-PT","@id":"https:\/\/portaltela.pt\/noticias\/2026\/04\/10\/sinais-nao-motores-da-doenca-de-parkinson-podem-surgir-20-anos-antes\/#primaryimage","url":"https:\/\/portaltela.pt\/s.01k8rhncp4jt1\/2026\/04\/img_1500x1000uu2015-04-10-12-16-00-445912.jpg","contentUrl":"https:\/\/portaltela.pt\/s.01k8rhncp4jt1\/2026\/04\/img_1500x1000uu2015-04-10-12-16-00-445912.jpg","width":796,"height":448,"caption":"Doen\u00e7a de Parkinson"},{"@type":"BreadcrumbList","@id":"https:\/\/portaltela.pt\/noticias\/2026\/04\/10\/sinais-nao-motores-da-doenca-de-parkinson-podem-surgir-20-anos-antes\/#breadcrumb","itemListElement":[{"@type":"ListItem","position":1,"name":"In\u00edcio","item":"https:\/\/portaltela.pt\/"},{"@type":"ListItem","position":2,"name":"Sinais n\u00e3o motores da doen\u00e7a de Parkinson podem surgir 20 anos antes"}]},{"@type":"WebSite","@id":"https:\/\/portaltela.pt\/#website","url":"https:\/\/portaltela.pt\/","name":"Portal Tela Portugal","description":"","potentialAction":[{"@type":"SearchAction","target":{"@type":"EntryPoint","urlTemplate":"https:\/\/portaltela.pt\/?s={search_term_string}"},"query-input":{"@type":"PropertyValueSpecification","valueRequired":true,"valueName":"search_term_string"}}],"inLanguage":"pt-PT"},{"@type":"Person","@id":"https:\/\/portaltela.pt\/#\/schema\/person\/c4278d4a6028830caff9ee44b42d32ed","name":"Telinha","image":{"@type":"ImageObject","inLanguage":"pt-PT","@id":"https:\/\/portaltela.pt\/s.01k8rhncp4jt1\/2025\/11\/talking-bot-125x125.png","url":"https:\/\/portaltela.pt\/s.01k8rhncp4jt1\/2025\/11\/talking-bot-125x125.png","contentUrl":"https:\/\/portaltela.pt\/s.01k8rhncp4jt1\/2025\/11\/talking-bot-125x125.png","caption":"Telinha"},"sameAs":["https:\/\/portaltela.pt\/"],"url":"https:\/\/portaltela.pt\/por\/367410592786\/"}]}},"_links":{"self":[{"href":"https:\/\/portaltela.pt\/api\/wp\/v2\/posts\/438966","targetHints":{"allow":["GET"]}}],"collection":[{"href":"https:\/\/portaltela.pt\/api\/wp\/v2\/posts"}],"about":[{"href":"https:\/\/portaltela.pt\/api\/wp\/v2\/types\/post"}],"author":[{"embeddable":true,"href":"https:\/\/portaltela.pt\/api\/wp\/v2\/users\/2"}],"replies":[{"embeddable":true,"href":"https:\/\/portaltela.pt\/api\/wp\/v2\/comments?post=438966"}],"version-history":[{"count":0,"href":"https:\/\/portaltela.pt\/api\/wp\/v2\/posts\/438966\/revisions"}],"wp:featuredmedia":[{"embeddable":true,"href":"https:\/\/portaltela.pt\/api\/wp\/v2\/media\/438967"}],"wp:attachment":[{"href":"https:\/\/portaltela.pt\/api\/wp\/v2\/media?parent=438966"}],"wp:term":[{"taxonomy":"category","embeddable":true,"href":"https:\/\/portaltela.pt\/api\/wp\/v2\/categories?post=438966"},{"taxonomy":"post_tag","embeddable":true,"href":"https:\/\/portaltela.pt\/api\/wp\/v2\/tags?post=438966"}],"curies":[{"name":"wp","href":"https:\/\/api.w.org\/{rel}","templated":true}]}}