{"id":438956,"date":"2026-04-10T05:32:20","date_gmt":"2026-04-10T08:32:20","guid":{"rendered":"https:\/\/portaltela.pt\/noticias\/2026\/04\/10\/orban-acusa-opositores-de-conspirarem-para-desaloja-lo-do-poder\/"},"modified":"2026-04-10T05:32:20","modified_gmt":"2026-04-10T08:32:20","slug":"orban-acusa-opositores-de-conspirarem-para-desaloja-lo-do-poder","status":"publish","type":"post","link":"https:\/\/portaltela.pt\/noticias\/internacional\/2026\/04\/10\/orban-acusa-opositores-de-conspirarem-para-desaloja-lo-do-poder\/","title":{"rendered":"Orb\u00e1n acusa opositores de conspirarem para desaloj\u00e1-lo do poder"},"content":{"rendered":"<p>Viktor Orb\u00e1n, primeiro-ministro h\u00fangaro, acusou esta sexta-feira os opositores de conspirarem para lan\u00e7ar caos, press\u00e3o e demoniza\u00e7\u00e3o internacional, numa fala publicada nas redes sociais a dois dias das elei\u00e7\u00f5es no pa\u00eds. O chefe do governo afirmou que as a\u00e7\u00f5es visam afast\u00e1-lo do poder, que ocupa h\u00e1 16 anos.<\/p>\n<p>O premi\u00ea afirmou que os advers\u00e1rios contam com c\u00famplices entre servi\u00e7os de intelig\u00eancia estrangeiros e n\u00e3o poupam meios para tomar o poder. A mensagem de Orb\u00e1n tamb\u00e9m mencionou acusa\u00e7\u00f5es de fraude eleitoral e manifesta\u00e7\u00f5es pr\u00e9-organizadas, antes da contagem oficial dos votos.<\/p>\n<p>O contexto eleitoral \u00e9 marcado por uma viragem para a direita, com sondagens indicando que o parlamento pode ficar dominado por tr\u00eas forma\u00e7\u00f5es, num cen\u00e1rio em que o movimento Nossa P\u00e1tria de extrema-direita pode ter peso determinante. O ultranacionalista aponta para uma escalada de tens\u00f5es pol\u00edticas.<\/p>\n<h3>Contexto eleitoral<\/h3>\n<p>As estimativas apontam para a vit\u00f3ria prov\u00e1vel do partido opositor Tisza (centro-direita), liderado por P\u00e9ter Magyar, que poderia afastar o Fidesz do poder. Ainda assim, analistas destacam o sistema eleitoral h\u00fangaro, considerado favor\u00e1vel ao partido no poder, devido a altera\u00e7\u00f5es legislativas promovidas por Orb\u00e1n.<\/p>\n","protected":false},"excerpt":{"rendered":"<ul>\n<li>O primeiro-ministro h\u00fangaro Viktor Orb\u00e1n acusou os opositores de conspirarem para provocar caos, press\u00e3o e demoniza\u00e7\u00e3o internacional a dois dias das elei\u00e7\u00f5es.<\/li>\n<li>Orb\u00e1n afirmou que os advers\u00e1rios t\u00eam c\u00famplices \u201cservi\u00e7os de intelig\u00eancia estrangeiros\u201d e que n\u00e3o olham a meios para tomar o poder, numa mensagem nas redes sociais.<\/li>\n<li>O chefe do governo disse ainda que existem amea\u00e7as de viol\u00eancia contra os apoiantes, acusa\u00e7\u00f5es de fraude eleitoral e manifesta\u00e7\u00f5es pr\u00e9-organizadas antes da contagem dos votos.<\/li>\n<li>As elei\u00e7\u00f5es no domingo podem marcar uma viragem para a direita, com sondagens a sugerirem que o parlamento pode ficar limitado a tr\u00eas partidos, e o movimento Nossa P\u00e1tria a ter um papel determinante.<\/li>\n<li>Analistas pol\u00edticos n\u00e3o arriscam prever o resultado, apontando para o sistema eleitoral complexo que favorece o partido no poder ap\u00f3s altera\u00e7\u00f5es legislativas promovidas por Orb\u00e1n.<\/li>\n<\/ul>\n","protected":false},"author":2,"featured_media":438961,"comment_status":"closed","ping_status":"closed","sticky":false,"template":"","format":"standard","meta":{"footnotes":""},"categories":[4,7127],"tags":[68,5517,3446,34,2579,2832],"class_list":["post-438956","post","type-post","status-publish","format-standard","has-post-thumbnail","hentry","category-internacional","category-politica-internacional","tag-eleicoes","tag-extrema-direita","tag-extremismo","tag-governo","tag-hungria","tag-politica"],"yoast_head":"<!-- This site is optimized with the Yoast SEO plugin v27.2 - https:\/\/yoast.com\/product\/yoast-seo-wordpress\/ -->\n<title>Orb\u00e1n acusa opositores de conspirarem para desaloj\u00e1-lo do poder - Portal Tela Portugal<\/title>\n<meta name=\"robots\" content=\"index, follow, max-snippet:-1, max-image-preview:large, max-video-preview:-1\" \/>\n<meta property=\"og:locale\" content=\"pt_PT\" \/>\n<meta property=\"og:type\" content=\"article\" \/>\n<meta property=\"og:title\" content=\"Orb\u00e1n acusa opositores de conspirarem para desaloj\u00e1-lo do poder - Portal Tela Portugal\" \/>\n<meta property=\"og:description\" content=\"O primeiro-ministro h\u00fangaro Viktor Orb\u00e1n acusou os opositores de conspirarem para provocar caos, press\u00e3o e demoniza\u00e7\u00e3o internacional a dois dias das elei\u00e7\u00f5es. Orb\u00e1n afirmou que os advers\u00e1rios t\u00eam c\u00famplices \u201cservi\u00e7os de intelig\u00eancia estrangeiros\u201d e que n\u00e3o olham a meios para tomar o poder, numa mensagem nas redes sociais. O chefe do governo disse ainda que existem amea\u00e7as de viol\u00eancia contra os apoiantes, acusa\u00e7\u00f5es de fraude eleitoral e manifesta\u00e7\u00f5es pr\u00e9-organizadas antes da contagem dos votos. As elei\u00e7\u00f5es no domingo podem marcar uma viragem para a direita, com sondagens a sugerirem que o parlamento pode ficar limitado a tr\u00eas partidos, e o movimento Nossa P\u00e1tria a ter um papel determinante. Analistas pol\u00edticos n\u00e3o arriscam prever o resultado, apontando para o sistema eleitoral complexo que favorece o partido no poder ap\u00f3s altera\u00e7\u00f5es legislativas promovidas por Orb\u00e1n.\" \/>\n<meta property=\"og:url\" content=\"https:\/\/portaltela.pt\/noticias\/2026\/04\/10\/orban-acusa-opositores-de-conspirarem-para-desaloja-lo-do-poder\/\" \/>\n<meta property=\"og:site_name\" content=\"Portal Tela Portugal\" \/>\n<meta property=\"article:published_time\" content=\"2026-04-10T08:32:20+00:00\" \/>\n<meta name=\"author\" content=\"Telinha\" \/>\n<meta name=\"twitter:card\" content=\"summary_large_image\" \/>\n<meta name=\"twitter:label1\" content=\"Escrito por\" \/>\n\t<meta name=\"twitter:data1\" content=\"Telinha\" \/>\n\t<meta name=\"twitter:label2\" content=\"Tempo estimado de leitura\" \/>\n\t<meta name=\"twitter:data2\" content=\"1 minuto\" \/>\n<script type=\"application\/ld+json\" class=\"yoast-schema-graph\">{\"@context\":\"https:\/\/schema.org\",\"@graph\":[{\"@type\":\"Article\",\"@id\":\"https:\/\/portaltela.pt\/noticias\/2026\/04\/10\/orban-acusa-opositores-de-conspirarem-para-desaloja-lo-do-poder\/#article\",\"isPartOf\":{\"@id\":\"https:\/\/portaltela.pt\/noticias\/2026\/04\/10\/orban-acusa-opositores-de-conspirarem-para-desaloja-lo-do-poder\/\"},\"author\":{\"name\":\"Telinha\",\"@id\":\"https:\/\/portaltela.pt\/#\/schema\/person\/c4278d4a6028830caff9ee44b42d32ed\"},\"headline\":\"Orb\u00e1n acusa opositores de conspirarem para desaloj\u00e1-lo do poder\",\"datePublished\":\"2026-04-10T08:32:20+00:00\",\"mainEntityOfPage\":{\"@id\":\"https:\/\/portaltela.pt\/noticias\/2026\/04\/10\/orban-acusa-opositores-de-conspirarem-para-desaloja-lo-do-poder\/\"},\"wordCount\":222,\"image\":{\"@id\":\"https:\/\/portaltela.pt\/noticias\/2026\/04\/10\/orban-acusa-opositores-de-conspirarem-para-desaloja-lo-do-poder\/#primaryimage\"},\"thumbnailUrl\":\"https:\/\/portaltela.pt\/s.01k8rhncp4jt1\/2026\/04\/img_1500x1000uu2026-04-10-09-18-47-2274840.jpg\",\"keywords\":[\"elei\u00e7\u00f5es\",\"extrema-direita\",\"extremismo\",\"governo\",\"Hungria\",\"pol\u00edtica\"],\"articleSection\":[\"Internacional\",\"Pol\u00edtica Internacional\"],\"inLanguage\":\"pt-PT\"},{\"@type\":\"WebPage\",\"@id\":\"https:\/\/portaltela.pt\/noticias\/2026\/04\/10\/orban-acusa-opositores-de-conspirarem-para-desaloja-lo-do-poder\/\",\"url\":\"https:\/\/portaltela.pt\/noticias\/2026\/04\/10\/orban-acusa-opositores-de-conspirarem-para-desaloja-lo-do-poder\/\",\"name\":\"Orb\u00e1n acusa opositores de conspirarem para desaloj\u00e1-lo do poder - Portal Tela Portugal\",\"isPartOf\":{\"@id\":\"https:\/\/portaltela.pt\/#website\"},\"primaryImageOfPage\":{\"@id\":\"https:\/\/portaltela.pt\/noticias\/2026\/04\/10\/orban-acusa-opositores-de-conspirarem-para-desaloja-lo-do-poder\/#primaryimage\"},\"image\":{\"@id\":\"https:\/\/portaltela.pt\/noticias\/2026\/04\/10\/orban-acusa-opositores-de-conspirarem-para-desaloja-lo-do-poder\/#primaryimage\"},\"thumbnailUrl\":\"https:\/\/portaltela.pt\/s.01k8rhncp4jt1\/2026\/04\/img_1500x1000uu2026-04-10-09-18-47-2274840.jpg\",\"datePublished\":\"2026-04-10T08:32:20+00:00\",\"author\":{\"@id\":\"https:\/\/portaltela.pt\/#\/schema\/person\/c4278d4a6028830caff9ee44b42d32ed\"},\"breadcrumb\":{\"@id\":\"https:\/\/portaltela.pt\/noticias\/2026\/04\/10\/orban-acusa-opositores-de-conspirarem-para-desaloja-lo-do-poder\/#breadcrumb\"},\"inLanguage\":\"pt-PT\",\"potentialAction\":[{\"@type\":\"ReadAction\",\"target\":[\"https:\/\/portaltela.pt\/noticias\/2026\/04\/10\/orban-acusa-opositores-de-conspirarem-para-desaloja-lo-do-poder\/\"]}]},{\"@type\":\"ImageObject\",\"inLanguage\":\"pt-PT\",\"@id\":\"https:\/\/portaltela.pt\/noticias\/2026\/04\/10\/orban-acusa-opositores-de-conspirarem-para-desaloja-lo-do-poder\/#primaryimage\",\"url\":\"https:\/\/portaltela.pt\/s.01k8rhncp4jt1\/2026\/04\/img_1500x1000uu2026-04-10-09-18-47-2274840.jpg\",\"contentUrl\":\"https:\/\/portaltela.pt\/s.01k8rhncp4jt1\/2026\/04\/img_1500x1000uu2026-04-10-09-18-47-2274840.jpg\",\"width\":796,\"height\":448,\"caption\":\"Viktor Orb\u00e1n, primeiro-ministro h\u00fangaro\"},{\"@type\":\"BreadcrumbList\",\"@id\":\"https:\/\/portaltela.pt\/noticias\/2026\/04\/10\/orban-acusa-opositores-de-conspirarem-para-desaloja-lo-do-poder\/#breadcrumb\",\"itemListElement\":[{\"@type\":\"ListItem\",\"position\":1,\"name\":\"In\u00edcio\",\"item\":\"https:\/\/portaltela.pt\/\"},{\"@type\":\"ListItem\",\"position\":2,\"name\":\"Orb\u00e1n acusa opositores de conspirarem para desaloj\u00e1-lo do poder\"}]},{\"@type\":\"WebSite\",\"@id\":\"https:\/\/portaltela.pt\/#website\",\"url\":\"https:\/\/portaltela.pt\/\",\"name\":\"Portal Tela Portugal\",\"description\":\"\",\"potentialAction\":[{\"@type\":\"SearchAction\",\"target\":{\"@type\":\"EntryPoint\",\"urlTemplate\":\"https:\/\/portaltela.pt\/?s={search_term_string}\"},\"query-input\":{\"@type\":\"PropertyValueSpecification\",\"valueRequired\":true,\"valueName\":\"search_term_string\"}}],\"inLanguage\":\"pt-PT\"},{\"@type\":\"Person\",\"@id\":\"https:\/\/portaltela.pt\/#\/schema\/person\/c4278d4a6028830caff9ee44b42d32ed\",\"name\":\"Telinha\",\"image\":{\"@type\":\"ImageObject\",\"inLanguage\":\"pt-PT\",\"@id\":\"https:\/\/portaltela.pt\/s.01k8rhncp4jt1\/2025\/11\/talking-bot-125x125.png\",\"url\":\"https:\/\/portaltela.pt\/s.01k8rhncp4jt1\/2025\/11\/talking-bot-125x125.png\",\"contentUrl\":\"https:\/\/portaltela.pt\/s.01k8rhncp4jt1\/2025\/11\/talking-bot-125x125.png\",\"caption\":\"Telinha\"},\"sameAs\":[\"https:\/\/portaltela.pt\/\"],\"url\":\"https:\/\/portaltela.pt\/por\/367410592786\/\"}]}<\/script>\n<!-- \/ Yoast SEO plugin. -->","yoast_head_json":{"title":"Orb\u00e1n acusa opositores de conspirarem para desaloj\u00e1-lo do poder - Portal Tela Portugal","robots":{"index":"index","follow":"follow","max-snippet":"max-snippet:-1","max-image-preview":"max-image-preview:large","max-video-preview":"max-video-preview:-1"},"og_locale":"pt_PT","og_type":"article","og_title":"Orb\u00e1n acusa opositores de conspirarem para desaloj\u00e1-lo do poder - Portal Tela Portugal","og_description":"O primeiro-ministro h\u00fangaro Viktor Orb\u00e1n acusou os opositores de conspirarem para provocar caos, press\u00e3o e demoniza\u00e7\u00e3o internacional a dois dias das elei\u00e7\u00f5es. Orb\u00e1n afirmou que os advers\u00e1rios t\u00eam c\u00famplices \u201cservi\u00e7os de intelig\u00eancia estrangeiros\u201d e que n\u00e3o olham a meios para tomar o poder, numa mensagem nas redes sociais. O chefe do governo disse ainda que existem amea\u00e7as de viol\u00eancia contra os apoiantes, acusa\u00e7\u00f5es de fraude eleitoral e manifesta\u00e7\u00f5es pr\u00e9-organizadas antes da contagem dos votos. As elei\u00e7\u00f5es no domingo podem marcar uma viragem para a direita, com sondagens a sugerirem que o parlamento pode ficar limitado a tr\u00eas partidos, e o movimento Nossa P\u00e1tria a ter um papel determinante. Analistas pol\u00edticos n\u00e3o arriscam prever o resultado, apontando para o sistema eleitoral complexo que favorece o partido no poder ap\u00f3s altera\u00e7\u00f5es legislativas promovidas por Orb\u00e1n.","og_url":"https:\/\/portaltela.pt\/noticias\/2026\/04\/10\/orban-acusa-opositores-de-conspirarem-para-desaloja-lo-do-poder\/","og_site_name":"Portal Tela Portugal","article_published_time":"2026-04-10T08:32:20+00:00","author":"Telinha","twitter_card":"summary_large_image","twitter_misc":{"Escrito por":"Telinha","Tempo estimado de leitura":"1 minuto"},"schema":{"@context":"https:\/\/schema.org","@graph":[{"@type":"Article","@id":"https:\/\/portaltela.pt\/noticias\/2026\/04\/10\/orban-acusa-opositores-de-conspirarem-para-desaloja-lo-do-poder\/#article","isPartOf":{"@id":"https:\/\/portaltela.pt\/noticias\/2026\/04\/10\/orban-acusa-opositores-de-conspirarem-para-desaloja-lo-do-poder\/"},"author":{"name":"Telinha","@id":"https:\/\/portaltela.pt\/#\/schema\/person\/c4278d4a6028830caff9ee44b42d32ed"},"headline":"Orb\u00e1n acusa opositores de conspirarem para desaloj\u00e1-lo do poder","datePublished":"2026-04-10T08:32:20+00:00","mainEntityOfPage":{"@id":"https:\/\/portaltela.pt\/noticias\/2026\/04\/10\/orban-acusa-opositores-de-conspirarem-para-desaloja-lo-do-poder\/"},"wordCount":222,"image":{"@id":"https:\/\/portaltela.pt\/noticias\/2026\/04\/10\/orban-acusa-opositores-de-conspirarem-para-desaloja-lo-do-poder\/#primaryimage"},"thumbnailUrl":"https:\/\/portaltela.pt\/s.01k8rhncp4jt1\/2026\/04\/img_1500x1000uu2026-04-10-09-18-47-2274840.jpg","keywords":["elei\u00e7\u00f5es","extrema-direita","extremismo","governo","Hungria","pol\u00edtica"],"articleSection":["Internacional","Pol\u00edtica Internacional"],"inLanguage":"pt-PT"},{"@type":"WebPage","@id":"https:\/\/portaltela.pt\/noticias\/2026\/04\/10\/orban-acusa-opositores-de-conspirarem-para-desaloja-lo-do-poder\/","url":"https:\/\/portaltela.pt\/noticias\/2026\/04\/10\/orban-acusa-opositores-de-conspirarem-para-desaloja-lo-do-poder\/","name":"Orb\u00e1n acusa opositores de conspirarem para desaloj\u00e1-lo do poder - Portal Tela Portugal","isPartOf":{"@id":"https:\/\/portaltela.pt\/#website"},"primaryImageOfPage":{"@id":"https:\/\/portaltela.pt\/noticias\/2026\/04\/10\/orban-acusa-opositores-de-conspirarem-para-desaloja-lo-do-poder\/#primaryimage"},"image":{"@id":"https:\/\/portaltela.pt\/noticias\/2026\/04\/10\/orban-acusa-opositores-de-conspirarem-para-desaloja-lo-do-poder\/#primaryimage"},"thumbnailUrl":"https:\/\/portaltela.pt\/s.01k8rhncp4jt1\/2026\/04\/img_1500x1000uu2026-04-10-09-18-47-2274840.jpg","datePublished":"2026-04-10T08:32:20+00:00","author":{"@id":"https:\/\/portaltela.pt\/#\/schema\/person\/c4278d4a6028830caff9ee44b42d32ed"},"breadcrumb":{"@id":"https:\/\/portaltela.pt\/noticias\/2026\/04\/10\/orban-acusa-opositores-de-conspirarem-para-desaloja-lo-do-poder\/#breadcrumb"},"inLanguage":"pt-PT","potentialAction":[{"@type":"ReadAction","target":["https:\/\/portaltela.pt\/noticias\/2026\/04\/10\/orban-acusa-opositores-de-conspirarem-para-desaloja-lo-do-poder\/"]}]},{"@type":"ImageObject","inLanguage":"pt-PT","@id":"https:\/\/portaltela.pt\/noticias\/2026\/04\/10\/orban-acusa-opositores-de-conspirarem-para-desaloja-lo-do-poder\/#primaryimage","url":"https:\/\/portaltela.pt\/s.01k8rhncp4jt1\/2026\/04\/img_1500x1000uu2026-04-10-09-18-47-2274840.jpg","contentUrl":"https:\/\/portaltela.pt\/s.01k8rhncp4jt1\/2026\/04\/img_1500x1000uu2026-04-10-09-18-47-2274840.jpg","width":796,"height":448,"caption":"Viktor Orb\u00e1n, primeiro-ministro h\u00fangaro"},{"@type":"BreadcrumbList","@id":"https:\/\/portaltela.pt\/noticias\/2026\/04\/10\/orban-acusa-opositores-de-conspirarem-para-desaloja-lo-do-poder\/#breadcrumb","itemListElement":[{"@type":"ListItem","position":1,"name":"In\u00edcio","item":"https:\/\/portaltela.pt\/"},{"@type":"ListItem","position":2,"name":"Orb\u00e1n acusa opositores de conspirarem para desaloj\u00e1-lo do poder"}]},{"@type":"WebSite","@id":"https:\/\/portaltela.pt\/#website","url":"https:\/\/portaltela.pt\/","name":"Portal Tela Portugal","description":"","potentialAction":[{"@type":"SearchAction","target":{"@type":"EntryPoint","urlTemplate":"https:\/\/portaltela.pt\/?s={search_term_string}"},"query-input":{"@type":"PropertyValueSpecification","valueRequired":true,"valueName":"search_term_string"}}],"inLanguage":"pt-PT"},{"@type":"Person","@id":"https:\/\/portaltela.pt\/#\/schema\/person\/c4278d4a6028830caff9ee44b42d32ed","name":"Telinha","image":{"@type":"ImageObject","inLanguage":"pt-PT","@id":"https:\/\/portaltela.pt\/s.01k8rhncp4jt1\/2025\/11\/talking-bot-125x125.png","url":"https:\/\/portaltela.pt\/s.01k8rhncp4jt1\/2025\/11\/talking-bot-125x125.png","contentUrl":"https:\/\/portaltela.pt\/s.01k8rhncp4jt1\/2025\/11\/talking-bot-125x125.png","caption":"Telinha"},"sameAs":["https:\/\/portaltela.pt\/"],"url":"https:\/\/portaltela.pt\/por\/367410592786\/"}]}},"_links":{"self":[{"href":"https:\/\/portaltela.pt\/api\/wp\/v2\/posts\/438956","targetHints":{"allow":["GET"]}}],"collection":[{"href":"https:\/\/portaltela.pt\/api\/wp\/v2\/posts"}],"about":[{"href":"https:\/\/portaltela.pt\/api\/wp\/v2\/types\/post"}],"author":[{"embeddable":true,"href":"https:\/\/portaltela.pt\/api\/wp\/v2\/users\/2"}],"replies":[{"embeddable":true,"href":"https:\/\/portaltela.pt\/api\/wp\/v2\/comments?post=438956"}],"version-history":[{"count":0,"href":"https:\/\/portaltela.pt\/api\/wp\/v2\/posts\/438956\/revisions"}],"wp:featuredmedia":[{"embeddable":true,"href":"https:\/\/portaltela.pt\/api\/wp\/v2\/media\/438961"}],"wp:attachment":[{"href":"https:\/\/portaltela.pt\/api\/wp\/v2\/media?parent=438956"}],"wp:term":[{"taxonomy":"category","embeddable":true,"href":"https:\/\/portaltela.pt\/api\/wp\/v2\/categories?post=438956"},{"taxonomy":"post_tag","embeddable":true,"href":"https:\/\/portaltela.pt\/api\/wp\/v2\/tags?post=438956"}],"curies":[{"name":"wp","href":"https:\/\/api.w.org\/{rel}","templated":true}]}}