{"id":438949,"date":"2026-04-10T05:32:12","date_gmt":"2026-04-10T08:32:12","guid":{"rendered":"https:\/\/portaltela.pt\/noticias\/2026\/04\/10\/portugueses-com-menos-amigos-sao-os-mais-jovens-e-pobres-revela-estudo\/"},"modified":"2026-04-10T05:32:12","modified_gmt":"2026-04-10T08:32:12","slug":"portugueses-com-menos-amigos-sao-os-mais-jovens-e-pobres-revela-estudo","status":"publish","type":"post","link":"https:\/\/portaltela.pt\/sociedade\/2026\/04\/10\/portugueses-com-menos-amigos-sao-os-mais-jovens-e-pobres-revela-estudo\/","title":{"rendered":"Portugueses com menos amigos s\u00e3o os mais jovens e pobres, revela estudo"},"content":{"rendered":"<p>Os portugueses t\u00eam hoje menos amigos do que h\u00e1 uma d\u00e9cada. A conclus\u00e3o \u00e9 de um estudo divulgado hoje pelo ISCTE, em Portugal. O trabalho aponta tamb\u00e9m que a conviv\u00eancia social diminuiu entre v\u00e1rias camadas da popula\u00e7\u00e3o.<\/p>\n<p>Segundo o estudo, os portugueses mais jovens e os com menos recursos convivem menos com amigos e conhecidos. A an\u00e1lise levanta preocupa\u00e7\u00f5es sobre o impacto da socializa\u00e7\u00e3o reduzida no bem-estar.<\/p>\n<p>O ISCTE refor\u00e7a a necessidade de espa\u00e7os p\u00fablicos de conv\u00edvio para incentivar encontros entre pessoas. A ideia \u00e9 promover oportunidades de intera\u00e7\u00e3o social e reduzir o isolamento, com pol\u00edticas p\u00fablicas adequadas.<\/p>\n","protected":false},"excerpt":{"rendered":"<ul>\n<li>Estudo do ISCTE indica que os portugueses t\u00eam hoje menos amigos do que h\u00e1 dez anos.<\/li>\n<li>O estudo aponta que os mais jovens e os mais pobres convivem menos.<\/li>\n<li>A investiga\u00e7\u00e3o defende a cria\u00e7\u00e3o de espa\u00e7os p\u00fablicos de conv\u00edvio.<\/li>\n<\/ul>\n","protected":false},"author":2,"featured_media":438954,"comment_status":"closed","ping_status":"closed","sticky":false,"template":"","format":"standard","meta":{"footnotes":""},"categories":[7384,6871],"tags":[1323,75,1697,5292,251,2318],"class_list":["post-438949","post","type-post","status-publish","format-standard","has-post-thumbnail","hentry","category-curiosidades","category-sociedade","tag-coesao-social","tag-convivencia","tag-espaco-publico","tag-isolamento","tag-juventude","tag-sociedade"],"yoast_head":"<!-- This site is optimized with the Yoast SEO plugin v27.2 - https:\/\/yoast.com\/product\/yoast-seo-wordpress\/ -->\n<title>Portugueses com menos amigos s\u00e3o os mais jovens e pobres, revela estudo - Portal Tela Portugal<\/title>\n<meta name=\"robots\" content=\"index, follow, max-snippet:-1, max-image-preview:large, max-video-preview:-1\" \/>\n<meta property=\"og:locale\" content=\"pt_PT\" \/>\n<meta property=\"og:type\" content=\"article\" \/>\n<meta property=\"og:title\" content=\"Portugueses com menos amigos s\u00e3o os mais jovens e pobres, revela estudo - Portal Tela Portugal\" \/>\n<meta property=\"og:description\" content=\"Estudo do ISCTE indica que os portugueses t\u00eam hoje menos amigos do que h\u00e1 dez anos. O estudo aponta que os mais jovens e os mais pobres convivem menos. A investiga\u00e7\u00e3o defende a cria\u00e7\u00e3o de espa\u00e7os p\u00fablicos de conv\u00edvio.\" \/>\n<meta property=\"og:url\" content=\"https:\/\/portaltela.pt\/noticias\/2026\/04\/10\/portugueses-com-menos-amigos-sao-os-mais-jovens-e-pobres-revela-estudo\/\" \/>\n<meta property=\"og:site_name\" content=\"Portal Tela Portugal\" \/>\n<meta property=\"article:published_time\" content=\"2026-04-10T08:32:12+00:00\" \/>\n<meta name=\"author\" content=\"Telinha\" \/>\n<meta name=\"twitter:card\" content=\"summary_large_image\" \/>\n<meta name=\"twitter:label1\" content=\"Escrito por\" \/>\n\t<meta name=\"twitter:data1\" content=\"Telinha\" \/>\n\t<meta name=\"twitter:label2\" content=\"Tempo estimado de leitura\" \/>\n\t<meta name=\"twitter:data2\" content=\"1 minuto\" \/>\n<script type=\"application\/ld+json\" class=\"yoast-schema-graph\">{\"@context\":\"https:\/\/schema.org\",\"@graph\":[{\"@type\":\"Article\",\"@id\":\"https:\/\/portaltela.pt\/noticias\/2026\/04\/10\/portugueses-com-menos-amigos-sao-os-mais-jovens-e-pobres-revela-estudo\/#article\",\"isPartOf\":{\"@id\":\"https:\/\/portaltela.pt\/noticias\/2026\/04\/10\/portugueses-com-menos-amigos-sao-os-mais-jovens-e-pobres-revela-estudo\/\"},\"author\":{\"name\":\"Telinha\",\"@id\":\"https:\/\/portaltela.pt\/#\/schema\/person\/c4278d4a6028830caff9ee44b42d32ed\"},\"headline\":\"Portugueses com menos amigos s\u00e3o os mais jovens e pobres, revela estudo\",\"datePublished\":\"2026-04-10T08:32:12+00:00\",\"mainEntityOfPage\":{\"@id\":\"https:\/\/portaltela.pt\/noticias\/2026\/04\/10\/portugueses-com-menos-amigos-sao-os-mais-jovens-e-pobres-revela-estudo\/\"},\"wordCount\":126,\"image\":{\"@id\":\"https:\/\/portaltela.pt\/noticias\/2026\/04\/10\/portugueses-com-menos-amigos-sao-os-mais-jovens-e-pobres-revela-estudo\/#primaryimage\"},\"thumbnailUrl\":\"https:\/\/portaltela.pt\/s.01k8rhncp4jt1\/2026\/04\/CACHE_780X1200_ANALOG_WATERMARKED_45711710_7248742_23092025124242.jpg\",\"keywords\":[\"Coes\u00e3o social\",\"conviv\u00eancia\",\"Espa\u00e7o P\u00fablico\",\"isolamento\",\"juventude\",\"sociedade\"],\"articleSection\":[\"Curiosidades\",\"Sociedade\"],\"inLanguage\":\"pt-PT\"},{\"@type\":\"WebPage\",\"@id\":\"https:\/\/portaltela.pt\/noticias\/2026\/04\/10\/portugueses-com-menos-amigos-sao-os-mais-jovens-e-pobres-revela-estudo\/\",\"url\":\"https:\/\/portaltela.pt\/noticias\/2026\/04\/10\/portugueses-com-menos-amigos-sao-os-mais-jovens-e-pobres-revela-estudo\/\",\"name\":\"Portugueses com menos amigos s\u00e3o os mais jovens e pobres, revela estudo - Portal Tela Portugal\",\"isPartOf\":{\"@id\":\"https:\/\/portaltela.pt\/#website\"},\"primaryImageOfPage\":{\"@id\":\"https:\/\/portaltela.pt\/noticias\/2026\/04\/10\/portugueses-com-menos-amigos-sao-os-mais-jovens-e-pobres-revela-estudo\/#primaryimage\"},\"image\":{\"@id\":\"https:\/\/portaltela.pt\/noticias\/2026\/04\/10\/portugueses-com-menos-amigos-sao-os-mais-jovens-e-pobres-revela-estudo\/#primaryimage\"},\"thumbnailUrl\":\"https:\/\/portaltela.pt\/s.01k8rhncp4jt1\/2026\/04\/CACHE_780X1200_ANALOG_WATERMARKED_45711710_7248742_23092025124242.jpg\",\"datePublished\":\"2026-04-10T08:32:12+00:00\",\"author\":{\"@id\":\"https:\/\/portaltela.pt\/#\/schema\/person\/c4278d4a6028830caff9ee44b42d32ed\"},\"breadcrumb\":{\"@id\":\"https:\/\/portaltela.pt\/noticias\/2026\/04\/10\/portugueses-com-menos-amigos-sao-os-mais-jovens-e-pobres-revela-estudo\/#breadcrumb\"},\"inLanguage\":\"pt-PT\",\"potentialAction\":[{\"@type\":\"ReadAction\",\"target\":[\"https:\/\/portaltela.pt\/noticias\/2026\/04\/10\/portugueses-com-menos-amigos-sao-os-mais-jovens-e-pobres-revela-estudo\/\"]}]},{\"@type\":\"ImageObject\",\"inLanguage\":\"pt-PT\",\"@id\":\"https:\/\/portaltela.pt\/noticias\/2026\/04\/10\/portugueses-com-menos-amigos-sao-os-mais-jovens-e-pobres-revela-estudo\/#primaryimage\",\"url\":\"https:\/\/portaltela.pt\/s.01k8rhncp4jt1\/2026\/04\/CACHE_780X1200_ANALOG_WATERMARKED_45711710_7248742_23092025124242.jpg\",\"contentUrl\":\"https:\/\/portaltela.pt\/s.01k8rhncp4jt1\/2026\/04\/CACHE_780X1200_ANALOG_WATERMARKED_45711710_7248742_23092025124242.jpg\",\"width\":796,\"height\":448,\"caption\":\"Portugueses com menos amigos sendo os mais jovens e pobres os que convivem menos - Estudo\"},{\"@type\":\"BreadcrumbList\",\"@id\":\"https:\/\/portaltela.pt\/noticias\/2026\/04\/10\/portugueses-com-menos-amigos-sao-os-mais-jovens-e-pobres-revela-estudo\/#breadcrumb\",\"itemListElement\":[{\"@type\":\"ListItem\",\"position\":1,\"name\":\"In\u00edcio\",\"item\":\"https:\/\/portaltela.pt\/\"},{\"@type\":\"ListItem\",\"position\":2,\"name\":\"Portugueses com menos amigos s\u00e3o os mais jovens e pobres, revela estudo\"}]},{\"@type\":\"WebSite\",\"@id\":\"https:\/\/portaltela.pt\/#website\",\"url\":\"https:\/\/portaltela.pt\/\",\"name\":\"Portal Tela Portugal\",\"description\":\"\",\"potentialAction\":[{\"@type\":\"SearchAction\",\"target\":{\"@type\":\"EntryPoint\",\"urlTemplate\":\"https:\/\/portaltela.pt\/?s={search_term_string}\"},\"query-input\":{\"@type\":\"PropertyValueSpecification\",\"valueRequired\":true,\"valueName\":\"search_term_string\"}}],\"inLanguage\":\"pt-PT\"},{\"@type\":\"Person\",\"@id\":\"https:\/\/portaltela.pt\/#\/schema\/person\/c4278d4a6028830caff9ee44b42d32ed\",\"name\":\"Telinha\",\"image\":{\"@type\":\"ImageObject\",\"inLanguage\":\"pt-PT\",\"@id\":\"https:\/\/portaltela.pt\/s.01k8rhncp4jt1\/2025\/11\/talking-bot-125x125.png\",\"url\":\"https:\/\/portaltela.pt\/s.01k8rhncp4jt1\/2025\/11\/talking-bot-125x125.png\",\"contentUrl\":\"https:\/\/portaltela.pt\/s.01k8rhncp4jt1\/2025\/11\/talking-bot-125x125.png\",\"caption\":\"Telinha\"},\"sameAs\":[\"https:\/\/portaltela.pt\/\"],\"url\":\"https:\/\/portaltela.pt\/por\/367410592786\/\"}]}<\/script>\n<!-- \/ Yoast SEO plugin. -->","yoast_head_json":{"title":"Portugueses com menos amigos s\u00e3o os mais jovens e pobres, revela estudo - Portal Tela Portugal","robots":{"index":"index","follow":"follow","max-snippet":"max-snippet:-1","max-image-preview":"max-image-preview:large","max-video-preview":"max-video-preview:-1"},"og_locale":"pt_PT","og_type":"article","og_title":"Portugueses com menos amigos s\u00e3o os mais jovens e pobres, revela estudo - Portal Tela Portugal","og_description":"Estudo do ISCTE indica que os portugueses t\u00eam hoje menos amigos do que h\u00e1 dez anos. O estudo aponta que os mais jovens e os mais pobres convivem menos. A investiga\u00e7\u00e3o defende a cria\u00e7\u00e3o de espa\u00e7os p\u00fablicos de conv\u00edvio.","og_url":"https:\/\/portaltela.pt\/noticias\/2026\/04\/10\/portugueses-com-menos-amigos-sao-os-mais-jovens-e-pobres-revela-estudo\/","og_site_name":"Portal Tela Portugal","article_published_time":"2026-04-10T08:32:12+00:00","author":"Telinha","twitter_card":"summary_large_image","twitter_misc":{"Escrito por":"Telinha","Tempo estimado de leitura":"1 minuto"},"schema":{"@context":"https:\/\/schema.org","@graph":[{"@type":"Article","@id":"https:\/\/portaltela.pt\/noticias\/2026\/04\/10\/portugueses-com-menos-amigos-sao-os-mais-jovens-e-pobres-revela-estudo\/#article","isPartOf":{"@id":"https:\/\/portaltela.pt\/noticias\/2026\/04\/10\/portugueses-com-menos-amigos-sao-os-mais-jovens-e-pobres-revela-estudo\/"},"author":{"name":"Telinha","@id":"https:\/\/portaltela.pt\/#\/schema\/person\/c4278d4a6028830caff9ee44b42d32ed"},"headline":"Portugueses com menos amigos s\u00e3o os mais jovens e pobres, revela estudo","datePublished":"2026-04-10T08:32:12+00:00","mainEntityOfPage":{"@id":"https:\/\/portaltela.pt\/noticias\/2026\/04\/10\/portugueses-com-menos-amigos-sao-os-mais-jovens-e-pobres-revela-estudo\/"},"wordCount":126,"image":{"@id":"https:\/\/portaltela.pt\/noticias\/2026\/04\/10\/portugueses-com-menos-amigos-sao-os-mais-jovens-e-pobres-revela-estudo\/#primaryimage"},"thumbnailUrl":"https:\/\/portaltela.pt\/s.01k8rhncp4jt1\/2026\/04\/CACHE_780X1200_ANALOG_WATERMARKED_45711710_7248742_23092025124242.jpg","keywords":["Coes\u00e3o social","conviv\u00eancia","Espa\u00e7o P\u00fablico","isolamento","juventude","sociedade"],"articleSection":["Curiosidades","Sociedade"],"inLanguage":"pt-PT"},{"@type":"WebPage","@id":"https:\/\/portaltela.pt\/noticias\/2026\/04\/10\/portugueses-com-menos-amigos-sao-os-mais-jovens-e-pobres-revela-estudo\/","url":"https:\/\/portaltela.pt\/noticias\/2026\/04\/10\/portugueses-com-menos-amigos-sao-os-mais-jovens-e-pobres-revela-estudo\/","name":"Portugueses com menos amigos s\u00e3o os mais jovens e pobres, revela estudo - Portal Tela Portugal","isPartOf":{"@id":"https:\/\/portaltela.pt\/#website"},"primaryImageOfPage":{"@id":"https:\/\/portaltela.pt\/noticias\/2026\/04\/10\/portugueses-com-menos-amigos-sao-os-mais-jovens-e-pobres-revela-estudo\/#primaryimage"},"image":{"@id":"https:\/\/portaltela.pt\/noticias\/2026\/04\/10\/portugueses-com-menos-amigos-sao-os-mais-jovens-e-pobres-revela-estudo\/#primaryimage"},"thumbnailUrl":"https:\/\/portaltela.pt\/s.01k8rhncp4jt1\/2026\/04\/CACHE_780X1200_ANALOG_WATERMARKED_45711710_7248742_23092025124242.jpg","datePublished":"2026-04-10T08:32:12+00:00","author":{"@id":"https:\/\/portaltela.pt\/#\/schema\/person\/c4278d4a6028830caff9ee44b42d32ed"},"breadcrumb":{"@id":"https:\/\/portaltela.pt\/noticias\/2026\/04\/10\/portugueses-com-menos-amigos-sao-os-mais-jovens-e-pobres-revela-estudo\/#breadcrumb"},"inLanguage":"pt-PT","potentialAction":[{"@type":"ReadAction","target":["https:\/\/portaltela.pt\/noticias\/2026\/04\/10\/portugueses-com-menos-amigos-sao-os-mais-jovens-e-pobres-revela-estudo\/"]}]},{"@type":"ImageObject","inLanguage":"pt-PT","@id":"https:\/\/portaltela.pt\/noticias\/2026\/04\/10\/portugueses-com-menos-amigos-sao-os-mais-jovens-e-pobres-revela-estudo\/#primaryimage","url":"https:\/\/portaltela.pt\/s.01k8rhncp4jt1\/2026\/04\/CACHE_780X1200_ANALOG_WATERMARKED_45711710_7248742_23092025124242.jpg","contentUrl":"https:\/\/portaltela.pt\/s.01k8rhncp4jt1\/2026\/04\/CACHE_780X1200_ANALOG_WATERMARKED_45711710_7248742_23092025124242.jpg","width":796,"height":448,"caption":"Portugueses com menos amigos sendo os mais jovens e pobres os que convivem menos - Estudo"},{"@type":"BreadcrumbList","@id":"https:\/\/portaltela.pt\/noticias\/2026\/04\/10\/portugueses-com-menos-amigos-sao-os-mais-jovens-e-pobres-revela-estudo\/#breadcrumb","itemListElement":[{"@type":"ListItem","position":1,"name":"In\u00edcio","item":"https:\/\/portaltela.pt\/"},{"@type":"ListItem","position":2,"name":"Portugueses com menos amigos s\u00e3o os mais jovens e pobres, revela estudo"}]},{"@type":"WebSite","@id":"https:\/\/portaltela.pt\/#website","url":"https:\/\/portaltela.pt\/","name":"Portal Tela Portugal","description":"","potentialAction":[{"@type":"SearchAction","target":{"@type":"EntryPoint","urlTemplate":"https:\/\/portaltela.pt\/?s={search_term_string}"},"query-input":{"@type":"PropertyValueSpecification","valueRequired":true,"valueName":"search_term_string"}}],"inLanguage":"pt-PT"},{"@type":"Person","@id":"https:\/\/portaltela.pt\/#\/schema\/person\/c4278d4a6028830caff9ee44b42d32ed","name":"Telinha","image":{"@type":"ImageObject","inLanguage":"pt-PT","@id":"https:\/\/portaltela.pt\/s.01k8rhncp4jt1\/2025\/11\/talking-bot-125x125.png","url":"https:\/\/portaltela.pt\/s.01k8rhncp4jt1\/2025\/11\/talking-bot-125x125.png","contentUrl":"https:\/\/portaltela.pt\/s.01k8rhncp4jt1\/2025\/11\/talking-bot-125x125.png","caption":"Telinha"},"sameAs":["https:\/\/portaltela.pt\/"],"url":"https:\/\/portaltela.pt\/por\/367410592786\/"}]}},"_links":{"self":[{"href":"https:\/\/portaltela.pt\/api\/wp\/v2\/posts\/438949","targetHints":{"allow":["GET"]}}],"collection":[{"href":"https:\/\/portaltela.pt\/api\/wp\/v2\/posts"}],"about":[{"href":"https:\/\/portaltela.pt\/api\/wp\/v2\/types\/post"}],"author":[{"embeddable":true,"href":"https:\/\/portaltela.pt\/api\/wp\/v2\/users\/2"}],"replies":[{"embeddable":true,"href":"https:\/\/portaltela.pt\/api\/wp\/v2\/comments?post=438949"}],"version-history":[{"count":0,"href":"https:\/\/portaltela.pt\/api\/wp\/v2\/posts\/438949\/revisions"}],"wp:featuredmedia":[{"embeddable":true,"href":"https:\/\/portaltela.pt\/api\/wp\/v2\/media\/438954"}],"wp:attachment":[{"href":"https:\/\/portaltela.pt\/api\/wp\/v2\/media?parent=438949"}],"wp:term":[{"taxonomy":"category","embeddable":true,"href":"https:\/\/portaltela.pt\/api\/wp\/v2\/categories?post=438949"},{"taxonomy":"post_tag","embeddable":true,"href":"https:\/\/portaltela.pt\/api\/wp\/v2\/tags?post=438949"}],"curies":[{"name":"wp","href":"https:\/\/api.w.org\/{rel}","templated":true}]}}