{"id":438948,"date":"2026-04-10T05:32:15","date_gmt":"2026-04-10T08:32:15","guid":{"rendered":"https:\/\/portaltela.pt\/noticias\/2026\/04\/10\/escultura-teto-criada-por-quem-nao-tem-teto\/"},"modified":"2026-04-10T05:32:15","modified_gmt":"2026-04-10T08:32:15","slug":"escultura-teto-criada-por-quem-nao-tem-teto","status":"publish","type":"post","link":"https:\/\/portaltela.pt\/noticias\/2026\/04\/10\/escultura-teto-criada-por-quem-nao-tem-teto\/","title":{"rendered":"Escultura-teto criada por quem n\u00e3o tem teto"},"content":{"rendered":"<p>Um projeto de arquitetura que funciona tamb\u00e9m como obra de arte apresenta uma escultura-teto de palha. A interven\u00e7\u00e3o envolve a cria\u00e7\u00e3o de um restaurante executada com a participa\u00e7\u00e3o de v\u00e1rias pessoas sem abrigo.<\/p>\n<p>A pe\u00e7a central \u00e9 um campo de palha dourada suspenso, em vez de emergir do ch\u00e3o. Dois homens sobem ao andaime para acrescentar pain\u00e9is de r\u00e1fia, que ficam ocultos por milhares de fios. Apenas parte do corpo fica \u00e0 vista.<\/p>\n<p>A artista Fernanda Fragateiro descreve a pe\u00e7a como um mundo invertido, no qual elementos tradicionais aparecem ao contr\u00e1rio e ganham outra leitura est\u00e9tica. A instala\u00e7\u00e3o junta t\u00e9cnica, desenho e escultura em conjunto com o espa\u00e7o p\u00fablico.<\/p>\n<p>A iniciativa re\u00fane atelier, escultora e comunidade, cruzando arte e socializa\u00e7\u00e3o. O projeto, ainda em desenvolvimento, \u00e9 apresentado como uma proposta de espa\u00e7o de encontro que une design, produ\u00e7\u00e3o art\u00edstica e participa\u00e7\u00e3o coletiva.<\/p>\n","protected":false},"excerpt":{"rendered":"<ul>\n<li>Um atelier e uma escultora trabalham num restaurante que \u00e9 tamb\u00e9m uma obra de arte, com a participa\u00e7\u00e3o de v\u00e1rias pessoas sem abrigo.<\/li>\n<li>O tecto \u00e9 feito com palha dourada suspensa, invertendo a ideia convencional de o elemento surgir do ch\u00e3o.<\/li>\n<li>Dois homens sobem ao andaime para acrescentar pain\u00e9is de r\u00e1fia, parcialmente escondidos pelos fios, com apenas parte do corpo \u00e0 vista.<\/li>\n<li>A artista Fernanda Fragateiro comenta que, neste processo, parece haver uma seara virada ao contr\u00e1rio.<\/li>\n<li>O projeto une arquitetura e arte, destacando a colabora\u00e7\u00e3o com pessoas sem abrigo na constru\u00e7\u00e3o da instala\u00e7\u00e3o.<\/li>\n<\/ul>\n","protected":false},"author":2,"featured_media":438953,"comment_status":"closed","ping_status":"closed","sticky":false,"template":"","format":"standard","meta":{"footnotes":""},"categories":[7375,1],"tags":[7756,7815,7816,6005,70,1697],"class_list":["post-438948","post","type-post","status-publish","format-standard","has-post-thumbnail","hentry","category-cultura","category-noticias","tag-_cultura","tag-_habitacao-publica","tag-_habitacao-social","tag-a-cultura","tag-arte","tag-espaco-publico"],"yoast_head":"<!-- This site is optimized with the Yoast SEO plugin v27.2 - https:\/\/yoast.com\/product\/yoast-seo-wordpress\/ -->\n<title>Escultura-teto criada por quem n\u00e3o tem teto - Portal Tela Portugal<\/title>\n<meta name=\"robots\" content=\"index, follow, max-snippet:-1, max-image-preview:large, max-video-preview:-1\" \/>\n<meta property=\"og:locale\" content=\"pt_PT\" \/>\n<meta property=\"og:type\" content=\"article\" \/>\n<meta property=\"og:title\" content=\"Escultura-teto criada por quem n\u00e3o tem teto - Portal Tela Portugal\" \/>\n<meta property=\"og:description\" content=\"Um atelier e uma escultora trabalham num restaurante que \u00e9 tamb\u00e9m uma obra de arte, com a participa\u00e7\u00e3o de v\u00e1rias pessoas sem abrigo. O tecto \u00e9 feito com palha dourada suspensa, invertendo a ideia convencional de o elemento surgir do ch\u00e3o. Dois homens sobem ao andaime para acrescentar pain\u00e9is de r\u00e1fia, parcialmente escondidos pelos fios, com apenas parte do corpo \u00e0 vista. A artista Fernanda Fragateiro comenta que, neste processo, parece haver uma seara virada ao contr\u00e1rio. O projeto une arquitetura e arte, destacando a colabora\u00e7\u00e3o com pessoas sem abrigo na constru\u00e7\u00e3o da instala\u00e7\u00e3o.\" \/>\n<meta property=\"og:url\" content=\"https:\/\/portaltela.pt\/noticias\/2026\/04\/10\/escultura-teto-criada-por-quem-nao-tem-teto\/\" \/>\n<meta property=\"og:site_name\" content=\"Portal Tela Portugal\" \/>\n<meta property=\"article:published_time\" content=\"2026-04-10T08:32:15+00:00\" \/>\n<meta name=\"author\" content=\"Telinha\" \/>\n<meta name=\"twitter:card\" content=\"summary_large_image\" \/>\n<meta name=\"twitter:label1\" content=\"Escrito por\" \/>\n\t<meta name=\"twitter:data1\" content=\"Telinha\" \/>\n\t<meta name=\"twitter:label2\" content=\"Tempo estimado de leitura\" \/>\n\t<meta name=\"twitter:data2\" content=\"1 minuto\" \/>\n<script type=\"application\/ld+json\" class=\"yoast-schema-graph\">{\"@context\":\"https:\/\/schema.org\",\"@graph\":[{\"@type\":\"Article\",\"@id\":\"https:\/\/portaltela.pt\/noticias\/2026\/04\/10\/escultura-teto-criada-por-quem-nao-tem-teto\/#article\",\"isPartOf\":{\"@id\":\"https:\/\/portaltela.pt\/noticias\/2026\/04\/10\/escultura-teto-criada-por-quem-nao-tem-teto\/\"},\"author\":{\"name\":\"Telinha\",\"@id\":\"https:\/\/portaltela.pt\/#\/schema\/person\/c4278d4a6028830caff9ee44b42d32ed\"},\"headline\":\"Escultura-teto criada por quem n\u00e3o tem teto\",\"datePublished\":\"2026-04-10T08:32:15+00:00\",\"mainEntityOfPage\":{\"@id\":\"https:\/\/portaltela.pt\/noticias\/2026\/04\/10\/escultura-teto-criada-por-quem-nao-tem-teto\/\"},\"wordCount\":169,\"image\":{\"@id\":\"https:\/\/portaltela.pt\/noticias\/2026\/04\/10\/escultura-teto-criada-por-quem-nao-tem-teto\/#primaryimage\"},\"thumbnailUrl\":\"https:\/\/portaltela.pt\/s.01k8rhncp4jt1\/2026\/04\/2079920.jpg\",\"keywords\":[\"_cultura\",\"_habita\u00e7\u00e3o p\u00fablica\",\"_habita\u00e7\u00e3o social\",\"a cultura\",\"arte\",\"Espa\u00e7o P\u00fablico\"],\"articleSection\":[\"Cultura\",\"Not\u00edcias\"],\"inLanguage\":\"pt-PT\"},{\"@type\":\"WebPage\",\"@id\":\"https:\/\/portaltela.pt\/noticias\/2026\/04\/10\/escultura-teto-criada-por-quem-nao-tem-teto\/\",\"url\":\"https:\/\/portaltela.pt\/noticias\/2026\/04\/10\/escultura-teto-criada-por-quem-nao-tem-teto\/\",\"name\":\"Escultura-teto criada por quem n\u00e3o tem teto - Portal Tela Portugal\",\"isPartOf\":{\"@id\":\"https:\/\/portaltela.pt\/#website\"},\"primaryImageOfPage\":{\"@id\":\"https:\/\/portaltela.pt\/noticias\/2026\/04\/10\/escultura-teto-criada-por-quem-nao-tem-teto\/#primaryimage\"},\"image\":{\"@id\":\"https:\/\/portaltela.pt\/noticias\/2026\/04\/10\/escultura-teto-criada-por-quem-nao-tem-teto\/#primaryimage\"},\"thumbnailUrl\":\"https:\/\/portaltela.pt\/s.01k8rhncp4jt1\/2026\/04\/2079920.jpg\",\"datePublished\":\"2026-04-10T08:32:15+00:00\",\"author\":{\"@id\":\"https:\/\/portaltela.pt\/#\/schema\/person\/c4278d4a6028830caff9ee44b42d32ed\"},\"breadcrumb\":{\"@id\":\"https:\/\/portaltela.pt\/noticias\/2026\/04\/10\/escultura-teto-criada-por-quem-nao-tem-teto\/#breadcrumb\"},\"inLanguage\":\"pt-PT\",\"potentialAction\":[{\"@type\":\"ReadAction\",\"target\":[\"https:\/\/portaltela.pt\/noticias\/2026\/04\/10\/escultura-teto-criada-por-quem-nao-tem-teto\/\"]}]},{\"@type\":\"ImageObject\",\"inLanguage\":\"pt-PT\",\"@id\":\"https:\/\/portaltela.pt\/noticias\/2026\/04\/10\/escultura-teto-criada-por-quem-nao-tem-teto\/#primaryimage\",\"url\":\"https:\/\/portaltela.pt\/s.01k8rhncp4jt1\/2026\/04\/2079920.jpg\",\"contentUrl\":\"https:\/\/portaltela.pt\/s.01k8rhncp4jt1\/2026\/04\/2079920.jpg\",\"width\":796,\"height\":448,\"caption\":\"Se o programa pedia uma cozinha \u00e0 vista, o projecto opta por uma cozinha aberta, explica Andr\u00e9 Gon\u00e7alves, perante a grande abertura que rasga a sala ao centro e desenha tamb\u00e9m um dos tr\u00eas balc\u00f5es\"},{\"@type\":\"BreadcrumbList\",\"@id\":\"https:\/\/portaltela.pt\/noticias\/2026\/04\/10\/escultura-teto-criada-por-quem-nao-tem-teto\/#breadcrumb\",\"itemListElement\":[{\"@type\":\"ListItem\",\"position\":1,\"name\":\"In\u00edcio\",\"item\":\"https:\/\/portaltela.pt\/\"},{\"@type\":\"ListItem\",\"position\":2,\"name\":\"Escultura-teto criada por quem n\u00e3o tem teto\"}]},{\"@type\":\"WebSite\",\"@id\":\"https:\/\/portaltela.pt\/#website\",\"url\":\"https:\/\/portaltela.pt\/\",\"name\":\"Portal Tela Portugal\",\"description\":\"\",\"potentialAction\":[{\"@type\":\"SearchAction\",\"target\":{\"@type\":\"EntryPoint\",\"urlTemplate\":\"https:\/\/portaltela.pt\/?s={search_term_string}\"},\"query-input\":{\"@type\":\"PropertyValueSpecification\",\"valueRequired\":true,\"valueName\":\"search_term_string\"}}],\"inLanguage\":\"pt-PT\"},{\"@type\":\"Person\",\"@id\":\"https:\/\/portaltela.pt\/#\/schema\/person\/c4278d4a6028830caff9ee44b42d32ed\",\"name\":\"Telinha\",\"image\":{\"@type\":\"ImageObject\",\"inLanguage\":\"pt-PT\",\"@id\":\"https:\/\/portaltela.pt\/s.01k8rhncp4jt1\/2025\/11\/talking-bot-125x125.png\",\"url\":\"https:\/\/portaltela.pt\/s.01k8rhncp4jt1\/2025\/11\/talking-bot-125x125.png\",\"contentUrl\":\"https:\/\/portaltela.pt\/s.01k8rhncp4jt1\/2025\/11\/talking-bot-125x125.png\",\"caption\":\"Telinha\"},\"sameAs\":[\"https:\/\/portaltela.pt\/\"],\"url\":\"https:\/\/portaltela.pt\/por\/367410592786\/\"}]}<\/script>\n<!-- \/ Yoast SEO plugin. -->","yoast_head_json":{"title":"Escultura-teto criada por quem n\u00e3o tem teto - Portal Tela Portugal","robots":{"index":"index","follow":"follow","max-snippet":"max-snippet:-1","max-image-preview":"max-image-preview:large","max-video-preview":"max-video-preview:-1"},"og_locale":"pt_PT","og_type":"article","og_title":"Escultura-teto criada por quem n\u00e3o tem teto - Portal Tela Portugal","og_description":"Um atelier e uma escultora trabalham num restaurante que \u00e9 tamb\u00e9m uma obra de arte, com a participa\u00e7\u00e3o de v\u00e1rias pessoas sem abrigo. O tecto \u00e9 feito com palha dourada suspensa, invertendo a ideia convencional de o elemento surgir do ch\u00e3o. Dois homens sobem ao andaime para acrescentar pain\u00e9is de r\u00e1fia, parcialmente escondidos pelos fios, com apenas parte do corpo \u00e0 vista. A artista Fernanda Fragateiro comenta que, neste processo, parece haver uma seara virada ao contr\u00e1rio. O projeto une arquitetura e arte, destacando a colabora\u00e7\u00e3o com pessoas sem abrigo na constru\u00e7\u00e3o da instala\u00e7\u00e3o.","og_url":"https:\/\/portaltela.pt\/noticias\/2026\/04\/10\/escultura-teto-criada-por-quem-nao-tem-teto\/","og_site_name":"Portal Tela Portugal","article_published_time":"2026-04-10T08:32:15+00:00","author":"Telinha","twitter_card":"summary_large_image","twitter_misc":{"Escrito por":"Telinha","Tempo estimado de leitura":"1 minuto"},"schema":{"@context":"https:\/\/schema.org","@graph":[{"@type":"Article","@id":"https:\/\/portaltela.pt\/noticias\/2026\/04\/10\/escultura-teto-criada-por-quem-nao-tem-teto\/#article","isPartOf":{"@id":"https:\/\/portaltela.pt\/noticias\/2026\/04\/10\/escultura-teto-criada-por-quem-nao-tem-teto\/"},"author":{"name":"Telinha","@id":"https:\/\/portaltela.pt\/#\/schema\/person\/c4278d4a6028830caff9ee44b42d32ed"},"headline":"Escultura-teto criada por quem n\u00e3o tem teto","datePublished":"2026-04-10T08:32:15+00:00","mainEntityOfPage":{"@id":"https:\/\/portaltela.pt\/noticias\/2026\/04\/10\/escultura-teto-criada-por-quem-nao-tem-teto\/"},"wordCount":169,"image":{"@id":"https:\/\/portaltela.pt\/noticias\/2026\/04\/10\/escultura-teto-criada-por-quem-nao-tem-teto\/#primaryimage"},"thumbnailUrl":"https:\/\/portaltela.pt\/s.01k8rhncp4jt1\/2026\/04\/2079920.jpg","keywords":["_cultura","_habita\u00e7\u00e3o p\u00fablica","_habita\u00e7\u00e3o social","a cultura","arte","Espa\u00e7o P\u00fablico"],"articleSection":["Cultura","Not\u00edcias"],"inLanguage":"pt-PT"},{"@type":"WebPage","@id":"https:\/\/portaltela.pt\/noticias\/2026\/04\/10\/escultura-teto-criada-por-quem-nao-tem-teto\/","url":"https:\/\/portaltela.pt\/noticias\/2026\/04\/10\/escultura-teto-criada-por-quem-nao-tem-teto\/","name":"Escultura-teto criada por quem n\u00e3o tem teto - Portal Tela Portugal","isPartOf":{"@id":"https:\/\/portaltela.pt\/#website"},"primaryImageOfPage":{"@id":"https:\/\/portaltela.pt\/noticias\/2026\/04\/10\/escultura-teto-criada-por-quem-nao-tem-teto\/#primaryimage"},"image":{"@id":"https:\/\/portaltela.pt\/noticias\/2026\/04\/10\/escultura-teto-criada-por-quem-nao-tem-teto\/#primaryimage"},"thumbnailUrl":"https:\/\/portaltela.pt\/s.01k8rhncp4jt1\/2026\/04\/2079920.jpg","datePublished":"2026-04-10T08:32:15+00:00","author":{"@id":"https:\/\/portaltela.pt\/#\/schema\/person\/c4278d4a6028830caff9ee44b42d32ed"},"breadcrumb":{"@id":"https:\/\/portaltela.pt\/noticias\/2026\/04\/10\/escultura-teto-criada-por-quem-nao-tem-teto\/#breadcrumb"},"inLanguage":"pt-PT","potentialAction":[{"@type":"ReadAction","target":["https:\/\/portaltela.pt\/noticias\/2026\/04\/10\/escultura-teto-criada-por-quem-nao-tem-teto\/"]}]},{"@type":"ImageObject","inLanguage":"pt-PT","@id":"https:\/\/portaltela.pt\/noticias\/2026\/04\/10\/escultura-teto-criada-por-quem-nao-tem-teto\/#primaryimage","url":"https:\/\/portaltela.pt\/s.01k8rhncp4jt1\/2026\/04\/2079920.jpg","contentUrl":"https:\/\/portaltela.pt\/s.01k8rhncp4jt1\/2026\/04\/2079920.jpg","width":796,"height":448,"caption":"Se o programa pedia uma cozinha \u00e0 vista, o projecto opta por uma cozinha aberta, explica Andr\u00e9 Gon\u00e7alves, perante a grande abertura que rasga a sala ao centro e desenha tamb\u00e9m um dos tr\u00eas balc\u00f5es"},{"@type":"BreadcrumbList","@id":"https:\/\/portaltela.pt\/noticias\/2026\/04\/10\/escultura-teto-criada-por-quem-nao-tem-teto\/#breadcrumb","itemListElement":[{"@type":"ListItem","position":1,"name":"In\u00edcio","item":"https:\/\/portaltela.pt\/"},{"@type":"ListItem","position":2,"name":"Escultura-teto criada por quem n\u00e3o tem teto"}]},{"@type":"WebSite","@id":"https:\/\/portaltela.pt\/#website","url":"https:\/\/portaltela.pt\/","name":"Portal Tela Portugal","description":"","potentialAction":[{"@type":"SearchAction","target":{"@type":"EntryPoint","urlTemplate":"https:\/\/portaltela.pt\/?s={search_term_string}"},"query-input":{"@type":"PropertyValueSpecification","valueRequired":true,"valueName":"search_term_string"}}],"inLanguage":"pt-PT"},{"@type":"Person","@id":"https:\/\/portaltela.pt\/#\/schema\/person\/c4278d4a6028830caff9ee44b42d32ed","name":"Telinha","image":{"@type":"ImageObject","inLanguage":"pt-PT","@id":"https:\/\/portaltela.pt\/s.01k8rhncp4jt1\/2025\/11\/talking-bot-125x125.png","url":"https:\/\/portaltela.pt\/s.01k8rhncp4jt1\/2025\/11\/talking-bot-125x125.png","contentUrl":"https:\/\/portaltela.pt\/s.01k8rhncp4jt1\/2025\/11\/talking-bot-125x125.png","caption":"Telinha"},"sameAs":["https:\/\/portaltela.pt\/"],"url":"https:\/\/portaltela.pt\/por\/367410592786\/"}]}},"_links":{"self":[{"href":"https:\/\/portaltela.pt\/api\/wp\/v2\/posts\/438948","targetHints":{"allow":["GET"]}}],"collection":[{"href":"https:\/\/portaltela.pt\/api\/wp\/v2\/posts"}],"about":[{"href":"https:\/\/portaltela.pt\/api\/wp\/v2\/types\/post"}],"author":[{"embeddable":true,"href":"https:\/\/portaltela.pt\/api\/wp\/v2\/users\/2"}],"replies":[{"embeddable":true,"href":"https:\/\/portaltela.pt\/api\/wp\/v2\/comments?post=438948"}],"version-history":[{"count":0,"href":"https:\/\/portaltela.pt\/api\/wp\/v2\/posts\/438948\/revisions"}],"wp:featuredmedia":[{"embeddable":true,"href":"https:\/\/portaltela.pt\/api\/wp\/v2\/media\/438953"}],"wp:attachment":[{"href":"https:\/\/portaltela.pt\/api\/wp\/v2\/media?parent=438948"}],"wp:term":[{"taxonomy":"category","embeddable":true,"href":"https:\/\/portaltela.pt\/api\/wp\/v2\/categories?post=438948"},{"taxonomy":"post_tag","embeddable":true,"href":"https:\/\/portaltela.pt\/api\/wp\/v2\/tags?post=438948"}],"curies":[{"name":"wp","href":"https:\/\/api.w.org\/{rel}","templated":true}]}}