{"id":438946,"date":"2026-04-10T05:32:05","date_gmt":"2026-04-10T08:32:05","guid":{"rendered":"https:\/\/portaltela.pt\/noticias\/2026\/04\/10\/mp-investiga-medica-por-cobranca-de-mil-euros-para-reformas-por-invalidez\/"},"modified":"2026-04-10T05:32:05","modified_gmt":"2026-04-10T08:32:05","slug":"mp-investiga-medica-por-cobranca-de-mil-euros-para-reformas-por-invalidez","status":"publish","type":"post","link":"https:\/\/portaltela.pt\/justica\/2026\/04\/10\/mp-investiga-medica-por-cobranca-de-mil-euros-para-reformas-por-invalidez\/","title":{"rendered":"MP investiga m\u00e9dica por cobran\u00e7a de mil euros para reformas por invalidez"},"content":{"rendered":"<p>Uma m\u00e9dica reformada est\u00e1 a ser alvo de uma investiga\u00e7\u00e3o do Minist\u00e9rio P\u00fablico por alegadas fraudes ligadas ao Servi\u00e7o Nacional de Sa\u00fade (SNS). A acusa\u00e7\u00e3o envolve a cobran\u00e7a de cerca de 1 mil euros para assegurar reformas por invalidez.<\/p>\n<p>Segundo as autoridades, exames eram prescrevidos em nome de um lar, permitindo que o SNS comparticipasse 100% dos custos. O esquema, que alegadamente durava h\u00e1 v\u00e1rios anos, envolve fatura\u00e7\u00e3o irregular.<\/p>\n<p>A investiga\u00e7\u00e3o envolve a m\u00e9dica reformada, bem como entidades que gerem e fiscalizam as presta\u00e7\u00f5es de sa\u00fade. N\u00e3o foram divulgados elementos que indiquem recep\u00e7\u00e3o de recibos ou quita\u00e7\u00e3o de valores pelos pacientes.<\/p>\n<h3>Investiga\u00e7\u00e3o em curso<\/h3>\n<p>As autoridades n\u00e3o divulgaram detalhes operacionais da apurac\u0327a\u0303o, que continua em processo. Sabe-se que a eventual pr\u00e1tica ter\u00e1 impactado os custos do SNS e a transpar\u00eancia dos processos de invalidez.<\/p>\n<p>As informa\u00e7\u00f5es dispon\u00edveis indicam que as autoridades recolhem provas, revisam prescri\u00e7\u00f5es e avaliam a legitimidade de benef\u00edcios. O casos permanece sem conclus\u00e3o at\u00e9 ao momento.<\/p>\n","protected":false},"excerpt":{"rendered":"<ul>\n<li>A Procuradoria Mariana (MP) investiga uma m\u00e9dica reformada acusada de fraude que cobrava cerca de mil euros para garantir reformas por invalidez.<\/li>\n<li>A m\u00e9dica n\u00e3o emitia recibos e os exames eram prescritos em nome de um lar, para que o SNS comparticipasse integralmente.<\/li>\n<li>O esquema, que j\u00e1 durava h\u00e1 anos, envolvia a prescri\u00e7\u00e3o de exames para beneficiar o sistema p\u00fablico de sa\u00fade.<\/li>\n<li>O caso \u00e9 apresentado como exclusivo pela not\u00edcia, publicada a 10 de abril de 2026 \u00e0s 09:17.<\/li>\n<\/ul>\n","protected":false},"author":2,"featured_media":438947,"comment_status":"closed","ping_status":"closed","sticky":false,"template":"","format":"standard","meta":{"footnotes":""},"categories":[6907,6815],"tags":[6318,217,6854,4425,172,271],"class_list":["post-438946","post","type-post","status-publish","format-standard","has-post-thumbnail","hentry","category-crime","category-justica","tag-fraude","tag-investigacao-criminal","tag-medicos","tag-profissionais-de-saude","tag-saude","tag-saude-publica"],"yoast_head":"<!-- This site is optimized with the Yoast SEO plugin v27.2 - https:\/\/yoast.com\/product\/yoast-seo-wordpress\/ -->\n<title>MP investiga m\u00e9dica por cobran\u00e7a de mil euros para reformas por invalidez - Portal Tela Portugal<\/title>\n<meta name=\"robots\" content=\"index, follow, max-snippet:-1, max-image-preview:large, max-video-preview:-1\" \/>\n<meta property=\"og:locale\" content=\"pt_PT\" \/>\n<meta property=\"og:type\" content=\"article\" \/>\n<meta property=\"og:title\" content=\"MP investiga m\u00e9dica por cobran\u00e7a de mil euros para reformas por invalidez - Portal Tela Portugal\" \/>\n<meta property=\"og:description\" content=\"A Procuradoria Mariana (MP) investiga uma m\u00e9dica reformada acusada de fraude que cobrava cerca de mil euros para garantir reformas por invalidez. A m\u00e9dica n\u00e3o emitia recibos e os exames eram prescritos em nome de um lar, para que o SNS comparticipasse integralmente. O esquema, que j\u00e1 durava h\u00e1 anos, envolvia a prescri\u00e7\u00e3o de exames para beneficiar o sistema p\u00fablico de sa\u00fade. O caso \u00e9 apresentado como exclusivo pela not\u00edcia, publicada a 10 de abril de 2026 \u00e0s 09:17.\" \/>\n<meta property=\"og:url\" content=\"https:\/\/portaltela.pt\/noticias\/2026\/04\/10\/mp-investiga-medica-por-cobranca-de-mil-euros-para-reformas-por-invalidez\/\" \/>\n<meta property=\"og:site_name\" content=\"Portal Tela Portugal\" \/>\n<meta property=\"article:published_time\" content=\"2026-04-10T08:32:05+00:00\" \/>\n<meta name=\"author\" content=\"Telinha\" \/>\n<meta name=\"twitter:card\" content=\"summary_large_image\" \/>\n<meta name=\"twitter:label1\" content=\"Escrito por\" \/>\n\t<meta name=\"twitter:data1\" content=\"Telinha\" \/>\n\t<meta name=\"twitter:label2\" content=\"Tempo estimado de leitura\" \/>\n\t<meta name=\"twitter:data2\" content=\"1 minuto\" \/>\n<script type=\"application\/ld+json\" class=\"yoast-schema-graph\">{\"@context\":\"https:\/\/schema.org\",\"@graph\":[{\"@type\":\"Article\",\"@id\":\"https:\/\/portaltela.pt\/noticias\/2026\/04\/10\/mp-investiga-medica-por-cobranca-de-mil-euros-para-reformas-por-invalidez\/#article\",\"isPartOf\":{\"@id\":\"https:\/\/portaltela.pt\/noticias\/2026\/04\/10\/mp-investiga-medica-por-cobranca-de-mil-euros-para-reformas-por-invalidez\/\"},\"author\":{\"name\":\"Telinha\",\"@id\":\"https:\/\/portaltela.pt\/#\/schema\/person\/c4278d4a6028830caff9ee44b42d32ed\"},\"headline\":\"MP investiga m\u00e9dica por cobran\u00e7a de mil euros para reformas por invalidez\",\"datePublished\":\"2026-04-10T08:32:05+00:00\",\"mainEntityOfPage\":{\"@id\":\"https:\/\/portaltela.pt\/noticias\/2026\/04\/10\/mp-investiga-medica-por-cobranca-de-mil-euros-para-reformas-por-invalidez\/\"},\"wordCount\":199,\"image\":{\"@id\":\"https:\/\/portaltela.pt\/noticias\/2026\/04\/10\/mp-investiga-medica-por-cobranca-de-mil-euros-para-reformas-por-invalidez\/#primaryimage\"},\"thumbnailUrl\":\"https:\/\/portaltela.pt\/s.01k8rhncp4jt1\/2026\/04\/img_1280x722uu2026-04-09-18-27-57-2277542.jpg\",\"keywords\":[\"fraude\",\"investiga\u00e7\u00e3o criminal\",\"M\u00e9dicos\",\"profissionais de sa\u00fade\",\"sa\u00fade\",\"sa\u00fade p\u00fablica\"],\"articleSection\":[\"Crime\",\"Justi\u00e7a\"],\"inLanguage\":\"pt-PT\"},{\"@type\":\"WebPage\",\"@id\":\"https:\/\/portaltela.pt\/noticias\/2026\/04\/10\/mp-investiga-medica-por-cobranca-de-mil-euros-para-reformas-por-invalidez\/\",\"url\":\"https:\/\/portaltela.pt\/noticias\/2026\/04\/10\/mp-investiga-medica-por-cobranca-de-mil-euros-para-reformas-por-invalidez\/\",\"name\":\"MP investiga m\u00e9dica por cobran\u00e7a de mil euros para reformas por invalidez - Portal Tela Portugal\",\"isPartOf\":{\"@id\":\"https:\/\/portaltela.pt\/#website\"},\"primaryImageOfPage\":{\"@id\":\"https:\/\/portaltela.pt\/noticias\/2026\/04\/10\/mp-investiga-medica-por-cobranca-de-mil-euros-para-reformas-por-invalidez\/#primaryimage\"},\"image\":{\"@id\":\"https:\/\/portaltela.pt\/noticias\/2026\/04\/10\/mp-investiga-medica-por-cobranca-de-mil-euros-para-reformas-por-invalidez\/#primaryimage\"},\"thumbnailUrl\":\"https:\/\/portaltela.pt\/s.01k8rhncp4jt1\/2026\/04\/img_1280x722uu2026-04-09-18-27-57-2277542.jpg\",\"datePublished\":\"2026-04-10T08:32:05+00:00\",\"author\":{\"@id\":\"https:\/\/portaltela.pt\/#\/schema\/person\/c4278d4a6028830caff9ee44b42d32ed\"},\"breadcrumb\":{\"@id\":\"https:\/\/portaltela.pt\/noticias\/2026\/04\/10\/mp-investiga-medica-por-cobranca-de-mil-euros-para-reformas-por-invalidez\/#breadcrumb\"},\"inLanguage\":\"pt-PT\",\"potentialAction\":[{\"@type\":\"ReadAction\",\"target\":[\"https:\/\/portaltela.pt\/noticias\/2026\/04\/10\/mp-investiga-medica-por-cobranca-de-mil-euros-para-reformas-por-invalidez\/\"]}]},{\"@type\":\"ImageObject\",\"inLanguage\":\"pt-PT\",\"@id\":\"https:\/\/portaltela.pt\/noticias\/2026\/04\/10\/mp-investiga-medica-por-cobranca-de-mil-euros-para-reformas-por-invalidez\/#primaryimage\",\"url\":\"https:\/\/portaltela.pt\/s.01k8rhncp4jt1\/2026\/04\/img_1280x722uu2026-04-09-18-27-57-2277542.jpg\",\"contentUrl\":\"https:\/\/portaltela.pt\/s.01k8rhncp4jt1\/2026\/04\/img_1280x722uu2026-04-09-18-27-57-2277542.jpg\",\"width\":796,\"height\":448,\"caption\":\"Photo\"},{\"@type\":\"BreadcrumbList\",\"@id\":\"https:\/\/portaltela.pt\/noticias\/2026\/04\/10\/mp-investiga-medica-por-cobranca-de-mil-euros-para-reformas-por-invalidez\/#breadcrumb\",\"itemListElement\":[{\"@type\":\"ListItem\",\"position\":1,\"name\":\"In\u00edcio\",\"item\":\"https:\/\/portaltela.pt\/\"},{\"@type\":\"ListItem\",\"position\":2,\"name\":\"MP investiga m\u00e9dica por cobran\u00e7a de mil euros para reformas por invalidez\"}]},{\"@type\":\"WebSite\",\"@id\":\"https:\/\/portaltela.pt\/#website\",\"url\":\"https:\/\/portaltela.pt\/\",\"name\":\"Portal Tela Portugal\",\"description\":\"\",\"potentialAction\":[{\"@type\":\"SearchAction\",\"target\":{\"@type\":\"EntryPoint\",\"urlTemplate\":\"https:\/\/portaltela.pt\/?s={search_term_string}\"},\"query-input\":{\"@type\":\"PropertyValueSpecification\",\"valueRequired\":true,\"valueName\":\"search_term_string\"}}],\"inLanguage\":\"pt-PT\"},{\"@type\":\"Person\",\"@id\":\"https:\/\/portaltela.pt\/#\/schema\/person\/c4278d4a6028830caff9ee44b42d32ed\",\"name\":\"Telinha\",\"image\":{\"@type\":\"ImageObject\",\"inLanguage\":\"pt-PT\",\"@id\":\"https:\/\/portaltela.pt\/s.01k8rhncp4jt1\/2025\/11\/talking-bot-125x125.png\",\"url\":\"https:\/\/portaltela.pt\/s.01k8rhncp4jt1\/2025\/11\/talking-bot-125x125.png\",\"contentUrl\":\"https:\/\/portaltela.pt\/s.01k8rhncp4jt1\/2025\/11\/talking-bot-125x125.png\",\"caption\":\"Telinha\"},\"sameAs\":[\"https:\/\/portaltela.pt\/\"],\"url\":\"https:\/\/portaltela.pt\/por\/367410592786\/\"}]}<\/script>\n<!-- \/ Yoast SEO plugin. -->","yoast_head_json":{"title":"MP investiga m\u00e9dica por cobran\u00e7a de mil euros para reformas por invalidez - Portal Tela Portugal","robots":{"index":"index","follow":"follow","max-snippet":"max-snippet:-1","max-image-preview":"max-image-preview:large","max-video-preview":"max-video-preview:-1"},"og_locale":"pt_PT","og_type":"article","og_title":"MP investiga m\u00e9dica por cobran\u00e7a de mil euros para reformas por invalidez - Portal Tela Portugal","og_description":"A Procuradoria Mariana (MP) investiga uma m\u00e9dica reformada acusada de fraude que cobrava cerca de mil euros para garantir reformas por invalidez. A m\u00e9dica n\u00e3o emitia recibos e os exames eram prescritos em nome de um lar, para que o SNS comparticipasse integralmente. O esquema, que j\u00e1 durava h\u00e1 anos, envolvia a prescri\u00e7\u00e3o de exames para beneficiar o sistema p\u00fablico de sa\u00fade. O caso \u00e9 apresentado como exclusivo pela not\u00edcia, publicada a 10 de abril de 2026 \u00e0s 09:17.","og_url":"https:\/\/portaltela.pt\/noticias\/2026\/04\/10\/mp-investiga-medica-por-cobranca-de-mil-euros-para-reformas-por-invalidez\/","og_site_name":"Portal Tela Portugal","article_published_time":"2026-04-10T08:32:05+00:00","author":"Telinha","twitter_card":"summary_large_image","twitter_misc":{"Escrito por":"Telinha","Tempo estimado de leitura":"1 minuto"},"schema":{"@context":"https:\/\/schema.org","@graph":[{"@type":"Article","@id":"https:\/\/portaltela.pt\/noticias\/2026\/04\/10\/mp-investiga-medica-por-cobranca-de-mil-euros-para-reformas-por-invalidez\/#article","isPartOf":{"@id":"https:\/\/portaltela.pt\/noticias\/2026\/04\/10\/mp-investiga-medica-por-cobranca-de-mil-euros-para-reformas-por-invalidez\/"},"author":{"name":"Telinha","@id":"https:\/\/portaltela.pt\/#\/schema\/person\/c4278d4a6028830caff9ee44b42d32ed"},"headline":"MP investiga m\u00e9dica por cobran\u00e7a de mil euros para reformas por invalidez","datePublished":"2026-04-10T08:32:05+00:00","mainEntityOfPage":{"@id":"https:\/\/portaltela.pt\/noticias\/2026\/04\/10\/mp-investiga-medica-por-cobranca-de-mil-euros-para-reformas-por-invalidez\/"},"wordCount":199,"image":{"@id":"https:\/\/portaltela.pt\/noticias\/2026\/04\/10\/mp-investiga-medica-por-cobranca-de-mil-euros-para-reformas-por-invalidez\/#primaryimage"},"thumbnailUrl":"https:\/\/portaltela.pt\/s.01k8rhncp4jt1\/2026\/04\/img_1280x722uu2026-04-09-18-27-57-2277542.jpg","keywords":["fraude","investiga\u00e7\u00e3o criminal","M\u00e9dicos","profissionais de sa\u00fade","sa\u00fade","sa\u00fade p\u00fablica"],"articleSection":["Crime","Justi\u00e7a"],"inLanguage":"pt-PT"},{"@type":"WebPage","@id":"https:\/\/portaltela.pt\/noticias\/2026\/04\/10\/mp-investiga-medica-por-cobranca-de-mil-euros-para-reformas-por-invalidez\/","url":"https:\/\/portaltela.pt\/noticias\/2026\/04\/10\/mp-investiga-medica-por-cobranca-de-mil-euros-para-reformas-por-invalidez\/","name":"MP investiga m\u00e9dica por cobran\u00e7a de mil euros para reformas por invalidez - Portal Tela Portugal","isPartOf":{"@id":"https:\/\/portaltela.pt\/#website"},"primaryImageOfPage":{"@id":"https:\/\/portaltela.pt\/noticias\/2026\/04\/10\/mp-investiga-medica-por-cobranca-de-mil-euros-para-reformas-por-invalidez\/#primaryimage"},"image":{"@id":"https:\/\/portaltela.pt\/noticias\/2026\/04\/10\/mp-investiga-medica-por-cobranca-de-mil-euros-para-reformas-por-invalidez\/#primaryimage"},"thumbnailUrl":"https:\/\/portaltela.pt\/s.01k8rhncp4jt1\/2026\/04\/img_1280x722uu2026-04-09-18-27-57-2277542.jpg","datePublished":"2026-04-10T08:32:05+00:00","author":{"@id":"https:\/\/portaltela.pt\/#\/schema\/person\/c4278d4a6028830caff9ee44b42d32ed"},"breadcrumb":{"@id":"https:\/\/portaltela.pt\/noticias\/2026\/04\/10\/mp-investiga-medica-por-cobranca-de-mil-euros-para-reformas-por-invalidez\/#breadcrumb"},"inLanguage":"pt-PT","potentialAction":[{"@type":"ReadAction","target":["https:\/\/portaltela.pt\/noticias\/2026\/04\/10\/mp-investiga-medica-por-cobranca-de-mil-euros-para-reformas-por-invalidez\/"]}]},{"@type":"ImageObject","inLanguage":"pt-PT","@id":"https:\/\/portaltela.pt\/noticias\/2026\/04\/10\/mp-investiga-medica-por-cobranca-de-mil-euros-para-reformas-por-invalidez\/#primaryimage","url":"https:\/\/portaltela.pt\/s.01k8rhncp4jt1\/2026\/04\/img_1280x722uu2026-04-09-18-27-57-2277542.jpg","contentUrl":"https:\/\/portaltela.pt\/s.01k8rhncp4jt1\/2026\/04\/img_1280x722uu2026-04-09-18-27-57-2277542.jpg","width":796,"height":448,"caption":"Photo"},{"@type":"BreadcrumbList","@id":"https:\/\/portaltela.pt\/noticias\/2026\/04\/10\/mp-investiga-medica-por-cobranca-de-mil-euros-para-reformas-por-invalidez\/#breadcrumb","itemListElement":[{"@type":"ListItem","position":1,"name":"In\u00edcio","item":"https:\/\/portaltela.pt\/"},{"@type":"ListItem","position":2,"name":"MP investiga m\u00e9dica por cobran\u00e7a de mil euros para reformas por invalidez"}]},{"@type":"WebSite","@id":"https:\/\/portaltela.pt\/#website","url":"https:\/\/portaltela.pt\/","name":"Portal Tela Portugal","description":"","potentialAction":[{"@type":"SearchAction","target":{"@type":"EntryPoint","urlTemplate":"https:\/\/portaltela.pt\/?s={search_term_string}"},"query-input":{"@type":"PropertyValueSpecification","valueRequired":true,"valueName":"search_term_string"}}],"inLanguage":"pt-PT"},{"@type":"Person","@id":"https:\/\/portaltela.pt\/#\/schema\/person\/c4278d4a6028830caff9ee44b42d32ed","name":"Telinha","image":{"@type":"ImageObject","inLanguage":"pt-PT","@id":"https:\/\/portaltela.pt\/s.01k8rhncp4jt1\/2025\/11\/talking-bot-125x125.png","url":"https:\/\/portaltela.pt\/s.01k8rhncp4jt1\/2025\/11\/talking-bot-125x125.png","contentUrl":"https:\/\/portaltela.pt\/s.01k8rhncp4jt1\/2025\/11\/talking-bot-125x125.png","caption":"Telinha"},"sameAs":["https:\/\/portaltela.pt\/"],"url":"https:\/\/portaltela.pt\/por\/367410592786\/"}]}},"_links":{"self":[{"href":"https:\/\/portaltela.pt\/api\/wp\/v2\/posts\/438946","targetHints":{"allow":["GET"]}}],"collection":[{"href":"https:\/\/portaltela.pt\/api\/wp\/v2\/posts"}],"about":[{"href":"https:\/\/portaltela.pt\/api\/wp\/v2\/types\/post"}],"author":[{"embeddable":true,"href":"https:\/\/portaltela.pt\/api\/wp\/v2\/users\/2"}],"replies":[{"embeddable":true,"href":"https:\/\/portaltela.pt\/api\/wp\/v2\/comments?post=438946"}],"version-history":[{"count":0,"href":"https:\/\/portaltela.pt\/api\/wp\/v2\/posts\/438946\/revisions"}],"wp:featuredmedia":[{"embeddable":true,"href":"https:\/\/portaltela.pt\/api\/wp\/v2\/media\/438947"}],"wp:attachment":[{"href":"https:\/\/portaltela.pt\/api\/wp\/v2\/media?parent=438946"}],"wp:term":[{"taxonomy":"category","embeddable":true,"href":"https:\/\/portaltela.pt\/api\/wp\/v2\/categories?post=438946"},{"taxonomy":"post_tag","embeddable":true,"href":"https:\/\/portaltela.pt\/api\/wp\/v2\/tags?post=438946"}],"curies":[{"name":"wp","href":"https:\/\/api.w.org\/{rel}","templated":true}]}}