{"id":438937,"date":"2026-04-10T05:17:26","date_gmt":"2026-04-10T08:17:26","guid":{"rendered":"https:\/\/portaltela.pt\/noticias\/2026\/04\/10\/homem-ferido-gravemente-apos-colisao-com-separador-de-portagens-na-a42\/"},"modified":"2026-04-10T05:17:26","modified_gmt":"2026-04-10T08:17:26","slug":"homem-ferido-gravemente-apos-colisao-com-separador-de-portagens-na-a42","status":"publish","type":"post","link":"https:\/\/portaltela.pt\/acidentes\/2026\/04\/10\/homem-ferido-gravemente-apos-colisao-com-separador-de-portagens-na-a42\/","title":{"rendered":"Homem ferido gravemente ap\u00f3s colis\u00e3o com separador de portagens na A42"},"content":{"rendered":"<p>Um homem ficou ferido com gravidade ap\u00f3s um despiste na Autoestrada 42 (A42), no concelho de Felgueiras, na noite desta quinta-feira. O ve\u00edculo embateu num dos pilares das portagens em Rande, no quil\u00f3metro 26, no sentido Lousada\/Felgueiras.<\/p>\n<p>O acidente ocorreu \u00e0s 23:35. Pela viol\u00eancia do embate, a v\u00edtima ficou encarcerada e o processo de desencarceramento e estabiliza\u00e7\u00e3o foi prolongado pela madrugada, dadas as condi\u00e7\u00f5es da viatura.<\/p>\n<p>A opera\u00e7\u00e3o envolveu oito operacionais dos Bombeiros Volunt\u00e1rios de Felgueiras, com tr\u00eas viaturas, e a VMER de Guimar\u00e3es. A v\u00edtima foi estabilizada no local e transportada, em estado grave, para a urg\u00eancia do Hospital Padre Am\u00e9rico, em Penafiel. A GNR de Felgueiras assegurou a cadeia de responsabilidade do local.<\/p>\n","protected":false},"excerpt":{"rendered":"<ul>\n<li>Na noite de quinta-feira, um despiste na A42, em Felgueiras, junto ao quil\u00f3metro 26, fez o ve\u00edculo colidir com um pilar das portagens de Rande.<\/li>\n<li>O acidente ocorreu no sentido Lousada\/Felgueiras, com o alerta registado \u00e0s 23h35.<\/li>\n<li>A v\u00edtima ficou encarcerada, e o desencarceramento foi prolongado pela gravidade do sinistro e pela deforma\u00e7\u00e3o da viatura.<\/li>\n<li>Os Bombeiros Volunt\u00e1rios de Felgueiras, com oito operacionais e tr\u00eas viaturas, e a Viatura M\u00e9dica de Emerg\u00eancia e Reanima\u00e7\u00e3o de Guimar\u00e3es asseguraram os socorros.<\/li>\n<li>A pessoa foi estabilizada no local e transportada em estado grave para a urg\u00eancia do Hospital Padre Am\u00e9rico, em Penafiel, com a GNR de Felgueiras a acompanhar a ocorr\u00eancia.<\/li>\n<\/ul>\n","protected":false},"author":2,"featured_media":438938,"comment_status":"closed","ping_status":"closed","sticky":false,"template":"","format":"standard","meta":{"footnotes":""},"categories":[6849],"tags":[5487,4169,971,2210,633,4462],"class_list":["post-438937","post","type-post","status-publish","format-standard","has-post-thumbnail","hentry","category-acidentes","tag-acidente","tag-acidente-rodoviario","tag-bombeiros","tag-felgueiras","tag-hospital","tag-vmer"],"yoast_head":"<!-- This site is optimized with the Yoast SEO plugin v27.2 - https:\/\/yoast.com\/product\/yoast-seo-wordpress\/ -->\n<title>Homem ferido gravemente ap\u00f3s colis\u00e3o com separador de portagens na A42 - Portal Tela Portugal<\/title>\n<meta name=\"robots\" content=\"index, follow, max-snippet:-1, max-image-preview:large, max-video-preview:-1\" \/>\n<meta property=\"og:locale\" content=\"pt_PT\" \/>\n<meta property=\"og:type\" content=\"article\" \/>\n<meta property=\"og:title\" content=\"Homem ferido gravemente ap\u00f3s colis\u00e3o com separador de portagens na A42 - Portal Tela Portugal\" \/>\n<meta property=\"og:description\" content=\"Na noite de quinta-feira, um despiste na A42, em Felgueiras, junto ao quil\u00f3metro 26, fez o ve\u00edculo colidir com um pilar das portagens de Rande. O acidente ocorreu no sentido Lousada\/Felgueiras, com o alerta registado \u00e0s 23h35. A v\u00edtima ficou encarcerada, e o desencarceramento foi prolongado pela gravidade do sinistro e pela deforma\u00e7\u00e3o da viatura. Os Bombeiros Volunt\u00e1rios de Felgueiras, com oito operacionais e tr\u00eas viaturas, e a Viatura M\u00e9dica de Emerg\u00eancia e Reanima\u00e7\u00e3o de Guimar\u00e3es asseguraram os socorros. A pessoa foi estabilizada no local e transportada em estado grave para a urg\u00eancia do Hospital Padre Am\u00e9rico, em Penafiel, com a GNR de Felgueiras a acompanhar a ocorr\u00eancia.\" \/>\n<meta property=\"og:url\" content=\"https:\/\/portaltela.pt\/noticias\/2026\/04\/10\/homem-ferido-gravemente-apos-colisao-com-separador-de-portagens-na-a42\/\" \/>\n<meta property=\"og:site_name\" content=\"Portal Tela Portugal\" \/>\n<meta property=\"article:published_time\" content=\"2026-04-10T08:17:26+00:00\" \/>\n<meta name=\"author\" content=\"Telinha\" \/>\n<meta name=\"twitter:card\" content=\"summary_large_image\" \/>\n<meta name=\"twitter:label1\" content=\"Escrito por\" \/>\n\t<meta name=\"twitter:data1\" content=\"Telinha\" \/>\n\t<meta name=\"twitter:label2\" content=\"Tempo estimado de leitura\" \/>\n\t<meta name=\"twitter:data2\" content=\"1 minuto\" \/>\n<script type=\"application\/ld+json\" class=\"yoast-schema-graph\">{\"@context\":\"https:\/\/schema.org\",\"@graph\":[{\"@type\":\"Article\",\"@id\":\"https:\/\/portaltela.pt\/noticias\/2026\/04\/10\/homem-ferido-gravemente-apos-colisao-com-separador-de-portagens-na-a42\/#article\",\"isPartOf\":{\"@id\":\"https:\/\/portaltela.pt\/noticias\/2026\/04\/10\/homem-ferido-gravemente-apos-colisao-com-separador-de-portagens-na-a42\/\"},\"author\":{\"name\":\"Telinha\",\"@id\":\"https:\/\/portaltela.pt\/#\/schema\/person\/c4278d4a6028830caff9ee44b42d32ed\"},\"headline\":\"Homem ferido gravemente ap\u00f3s colis\u00e3o com separador de portagens na A42\",\"datePublished\":\"2026-04-10T08:17:26+00:00\",\"mainEntityOfPage\":{\"@id\":\"https:\/\/portaltela.pt\/noticias\/2026\/04\/10\/homem-ferido-gravemente-apos-colisao-com-separador-de-portagens-na-a42\/\"},\"wordCount\":140,\"image\":{\"@id\":\"https:\/\/portaltela.pt\/noticias\/2026\/04\/10\/homem-ferido-gravemente-apos-colisao-com-separador-de-portagens-na-a42\/#primaryimage\"},\"thumbnailUrl\":\"https:\/\/portaltela.pt\/s.01k8rhncp4jt1\/2026\/04\/image-24.webp\",\"keywords\":[\"acidente\",\"acidente rodovi\u00e1rio\",\"bombeiros\",\"Felgueiras\",\"hospital\",\"VMER\"],\"articleSection\":[\"Acidentes\"],\"inLanguage\":\"pt-PT\"},{\"@type\":\"WebPage\",\"@id\":\"https:\/\/portaltela.pt\/noticias\/2026\/04\/10\/homem-ferido-gravemente-apos-colisao-com-separador-de-portagens-na-a42\/\",\"url\":\"https:\/\/portaltela.pt\/noticias\/2026\/04\/10\/homem-ferido-gravemente-apos-colisao-com-separador-de-portagens-na-a42\/\",\"name\":\"Homem ferido gravemente ap\u00f3s colis\u00e3o com separador de portagens na A42 - Portal Tela Portugal\",\"isPartOf\":{\"@id\":\"https:\/\/portaltela.pt\/#website\"},\"primaryImageOfPage\":{\"@id\":\"https:\/\/portaltela.pt\/noticias\/2026\/04\/10\/homem-ferido-gravemente-apos-colisao-com-separador-de-portagens-na-a42\/#primaryimage\"},\"image\":{\"@id\":\"https:\/\/portaltela.pt\/noticias\/2026\/04\/10\/homem-ferido-gravemente-apos-colisao-com-separador-de-portagens-na-a42\/#primaryimage\"},\"thumbnailUrl\":\"https:\/\/portaltela.pt\/s.01k8rhncp4jt1\/2026\/04\/image-24.webp\",\"datePublished\":\"2026-04-10T08:17:26+00:00\",\"author\":{\"@id\":\"https:\/\/portaltela.pt\/#\/schema\/person\/c4278d4a6028830caff9ee44b42d32ed\"},\"breadcrumb\":{\"@id\":\"https:\/\/portaltela.pt\/noticias\/2026\/04\/10\/homem-ferido-gravemente-apos-colisao-com-separador-de-portagens-na-a42\/#breadcrumb\"},\"inLanguage\":\"pt-PT\",\"potentialAction\":[{\"@type\":\"ReadAction\",\"target\":[\"https:\/\/portaltela.pt\/noticias\/2026\/04\/10\/homem-ferido-gravemente-apos-colisao-com-separador-de-portagens-na-a42\/\"]}]},{\"@type\":\"ImageObject\",\"inLanguage\":\"pt-PT\",\"@id\":\"https:\/\/portaltela.pt\/noticias\/2026\/04\/10\/homem-ferido-gravemente-apos-colisao-com-separador-de-portagens-na-a42\/#primaryimage\",\"url\":\"https:\/\/portaltela.pt\/s.01k8rhncp4jt1\/2026\/04\/image-24.webp\",\"contentUrl\":\"https:\/\/portaltela.pt\/s.01k8rhncp4jt1\/2026\/04\/image-24.webp\",\"width\":1200,\"height\":900,\"caption\":\"Foto: Direitos reservados\"},{\"@type\":\"BreadcrumbList\",\"@id\":\"https:\/\/portaltela.pt\/noticias\/2026\/04\/10\/homem-ferido-gravemente-apos-colisao-com-separador-de-portagens-na-a42\/#breadcrumb\",\"itemListElement\":[{\"@type\":\"ListItem\",\"position\":1,\"name\":\"In\u00edcio\",\"item\":\"https:\/\/portaltela.pt\/\"},{\"@type\":\"ListItem\",\"position\":2,\"name\":\"Homem ferido gravemente ap\u00f3s colis\u00e3o com separador de portagens na A42\"}]},{\"@type\":\"WebSite\",\"@id\":\"https:\/\/portaltela.pt\/#website\",\"url\":\"https:\/\/portaltela.pt\/\",\"name\":\"Portal Tela Portugal\",\"description\":\"\",\"potentialAction\":[{\"@type\":\"SearchAction\",\"target\":{\"@type\":\"EntryPoint\",\"urlTemplate\":\"https:\/\/portaltela.pt\/?s={search_term_string}\"},\"query-input\":{\"@type\":\"PropertyValueSpecification\",\"valueRequired\":true,\"valueName\":\"search_term_string\"}}],\"inLanguage\":\"pt-PT\"},{\"@type\":\"Person\",\"@id\":\"https:\/\/portaltela.pt\/#\/schema\/person\/c4278d4a6028830caff9ee44b42d32ed\",\"name\":\"Telinha\",\"image\":{\"@type\":\"ImageObject\",\"inLanguage\":\"pt-PT\",\"@id\":\"https:\/\/portaltela.pt\/s.01k8rhncp4jt1\/2025\/11\/talking-bot-125x125.png\",\"url\":\"https:\/\/portaltela.pt\/s.01k8rhncp4jt1\/2025\/11\/talking-bot-125x125.png\",\"contentUrl\":\"https:\/\/portaltela.pt\/s.01k8rhncp4jt1\/2025\/11\/talking-bot-125x125.png\",\"caption\":\"Telinha\"},\"sameAs\":[\"https:\/\/portaltela.pt\/\"],\"url\":\"https:\/\/portaltela.pt\/por\/367410592786\/\"}]}<\/script>\n<!-- \/ Yoast SEO plugin. -->","yoast_head_json":{"title":"Homem ferido gravemente ap\u00f3s colis\u00e3o com separador de portagens na A42 - Portal Tela Portugal","robots":{"index":"index","follow":"follow","max-snippet":"max-snippet:-1","max-image-preview":"max-image-preview:large","max-video-preview":"max-video-preview:-1"},"og_locale":"pt_PT","og_type":"article","og_title":"Homem ferido gravemente ap\u00f3s colis\u00e3o com separador de portagens na A42 - Portal Tela Portugal","og_description":"Na noite de quinta-feira, um despiste na A42, em Felgueiras, junto ao quil\u00f3metro 26, fez o ve\u00edculo colidir com um pilar das portagens de Rande. O acidente ocorreu no sentido Lousada\/Felgueiras, com o alerta registado \u00e0s 23h35. A v\u00edtima ficou encarcerada, e o desencarceramento foi prolongado pela gravidade do sinistro e pela deforma\u00e7\u00e3o da viatura. Os Bombeiros Volunt\u00e1rios de Felgueiras, com oito operacionais e tr\u00eas viaturas, e a Viatura M\u00e9dica de Emerg\u00eancia e Reanima\u00e7\u00e3o de Guimar\u00e3es asseguraram os socorros. A pessoa foi estabilizada no local e transportada em estado grave para a urg\u00eancia do Hospital Padre Am\u00e9rico, em Penafiel, com a GNR de Felgueiras a acompanhar a ocorr\u00eancia.","og_url":"https:\/\/portaltela.pt\/noticias\/2026\/04\/10\/homem-ferido-gravemente-apos-colisao-com-separador-de-portagens-na-a42\/","og_site_name":"Portal Tela Portugal","article_published_time":"2026-04-10T08:17:26+00:00","author":"Telinha","twitter_card":"summary_large_image","twitter_misc":{"Escrito por":"Telinha","Tempo estimado de leitura":"1 minuto"},"schema":{"@context":"https:\/\/schema.org","@graph":[{"@type":"Article","@id":"https:\/\/portaltela.pt\/noticias\/2026\/04\/10\/homem-ferido-gravemente-apos-colisao-com-separador-de-portagens-na-a42\/#article","isPartOf":{"@id":"https:\/\/portaltela.pt\/noticias\/2026\/04\/10\/homem-ferido-gravemente-apos-colisao-com-separador-de-portagens-na-a42\/"},"author":{"name":"Telinha","@id":"https:\/\/portaltela.pt\/#\/schema\/person\/c4278d4a6028830caff9ee44b42d32ed"},"headline":"Homem ferido gravemente ap\u00f3s colis\u00e3o com separador de portagens na A42","datePublished":"2026-04-10T08:17:26+00:00","mainEntityOfPage":{"@id":"https:\/\/portaltela.pt\/noticias\/2026\/04\/10\/homem-ferido-gravemente-apos-colisao-com-separador-de-portagens-na-a42\/"},"wordCount":140,"image":{"@id":"https:\/\/portaltela.pt\/noticias\/2026\/04\/10\/homem-ferido-gravemente-apos-colisao-com-separador-de-portagens-na-a42\/#primaryimage"},"thumbnailUrl":"https:\/\/portaltela.pt\/s.01k8rhncp4jt1\/2026\/04\/image-24.webp","keywords":["acidente","acidente rodovi\u00e1rio","bombeiros","Felgueiras","hospital","VMER"],"articleSection":["Acidentes"],"inLanguage":"pt-PT"},{"@type":"WebPage","@id":"https:\/\/portaltela.pt\/noticias\/2026\/04\/10\/homem-ferido-gravemente-apos-colisao-com-separador-de-portagens-na-a42\/","url":"https:\/\/portaltela.pt\/noticias\/2026\/04\/10\/homem-ferido-gravemente-apos-colisao-com-separador-de-portagens-na-a42\/","name":"Homem ferido gravemente ap\u00f3s colis\u00e3o com separador de portagens na A42 - Portal Tela Portugal","isPartOf":{"@id":"https:\/\/portaltela.pt\/#website"},"primaryImageOfPage":{"@id":"https:\/\/portaltela.pt\/noticias\/2026\/04\/10\/homem-ferido-gravemente-apos-colisao-com-separador-de-portagens-na-a42\/#primaryimage"},"image":{"@id":"https:\/\/portaltela.pt\/noticias\/2026\/04\/10\/homem-ferido-gravemente-apos-colisao-com-separador-de-portagens-na-a42\/#primaryimage"},"thumbnailUrl":"https:\/\/portaltela.pt\/s.01k8rhncp4jt1\/2026\/04\/image-24.webp","datePublished":"2026-04-10T08:17:26+00:00","author":{"@id":"https:\/\/portaltela.pt\/#\/schema\/person\/c4278d4a6028830caff9ee44b42d32ed"},"breadcrumb":{"@id":"https:\/\/portaltela.pt\/noticias\/2026\/04\/10\/homem-ferido-gravemente-apos-colisao-com-separador-de-portagens-na-a42\/#breadcrumb"},"inLanguage":"pt-PT","potentialAction":[{"@type":"ReadAction","target":["https:\/\/portaltela.pt\/noticias\/2026\/04\/10\/homem-ferido-gravemente-apos-colisao-com-separador-de-portagens-na-a42\/"]}]},{"@type":"ImageObject","inLanguage":"pt-PT","@id":"https:\/\/portaltela.pt\/noticias\/2026\/04\/10\/homem-ferido-gravemente-apos-colisao-com-separador-de-portagens-na-a42\/#primaryimage","url":"https:\/\/portaltela.pt\/s.01k8rhncp4jt1\/2026\/04\/image-24.webp","contentUrl":"https:\/\/portaltela.pt\/s.01k8rhncp4jt1\/2026\/04\/image-24.webp","width":1200,"height":900,"caption":"Foto: Direitos reservados"},{"@type":"BreadcrumbList","@id":"https:\/\/portaltela.pt\/noticias\/2026\/04\/10\/homem-ferido-gravemente-apos-colisao-com-separador-de-portagens-na-a42\/#breadcrumb","itemListElement":[{"@type":"ListItem","position":1,"name":"In\u00edcio","item":"https:\/\/portaltela.pt\/"},{"@type":"ListItem","position":2,"name":"Homem ferido gravemente ap\u00f3s colis\u00e3o com separador de portagens na A42"}]},{"@type":"WebSite","@id":"https:\/\/portaltela.pt\/#website","url":"https:\/\/portaltela.pt\/","name":"Portal Tela Portugal","description":"","potentialAction":[{"@type":"SearchAction","target":{"@type":"EntryPoint","urlTemplate":"https:\/\/portaltela.pt\/?s={search_term_string}"},"query-input":{"@type":"PropertyValueSpecification","valueRequired":true,"valueName":"search_term_string"}}],"inLanguage":"pt-PT"},{"@type":"Person","@id":"https:\/\/portaltela.pt\/#\/schema\/person\/c4278d4a6028830caff9ee44b42d32ed","name":"Telinha","image":{"@type":"ImageObject","inLanguage":"pt-PT","@id":"https:\/\/portaltela.pt\/s.01k8rhncp4jt1\/2025\/11\/talking-bot-125x125.png","url":"https:\/\/portaltela.pt\/s.01k8rhncp4jt1\/2025\/11\/talking-bot-125x125.png","contentUrl":"https:\/\/portaltela.pt\/s.01k8rhncp4jt1\/2025\/11\/talking-bot-125x125.png","caption":"Telinha"},"sameAs":["https:\/\/portaltela.pt\/"],"url":"https:\/\/portaltela.pt\/por\/367410592786\/"}]}},"_links":{"self":[{"href":"https:\/\/portaltela.pt\/api\/wp\/v2\/posts\/438937","targetHints":{"allow":["GET"]}}],"collection":[{"href":"https:\/\/portaltela.pt\/api\/wp\/v2\/posts"}],"about":[{"href":"https:\/\/portaltela.pt\/api\/wp\/v2\/types\/post"}],"author":[{"embeddable":true,"href":"https:\/\/portaltela.pt\/api\/wp\/v2\/users\/2"}],"replies":[{"embeddable":true,"href":"https:\/\/portaltela.pt\/api\/wp\/v2\/comments?post=438937"}],"version-history":[{"count":0,"href":"https:\/\/portaltela.pt\/api\/wp\/v2\/posts\/438937\/revisions"}],"wp:featuredmedia":[{"embeddable":true,"href":"https:\/\/portaltela.pt\/api\/wp\/v2\/media\/438938"}],"wp:attachment":[{"href":"https:\/\/portaltela.pt\/api\/wp\/v2\/media?parent=438937"}],"wp:term":[{"taxonomy":"category","embeddable":true,"href":"https:\/\/portaltela.pt\/api\/wp\/v2\/categories?post=438937"},{"taxonomy":"post_tag","embeddable":true,"href":"https:\/\/portaltela.pt\/api\/wp\/v2\/tags?post=438937"}],"curies":[{"name":"wp","href":"https:\/\/api.w.org\/{rel}","templated":true}]}}