{"id":438935,"date":"2026-04-10T05:17:24","date_gmt":"2026-04-10T08:17:24","guid":{"rendered":"https:\/\/portaltela.pt\/noticias\/2026\/04\/10\/sintomas-nao-motores-da-doenca-de-parkinson-podem-surgir-20-anos-antes\/"},"modified":"2026-04-10T05:17:24","modified_gmt":"2026-04-10T08:17:24","slug":"sintomas-nao-motores-da-doenca-de-parkinson-podem-surgir-20-anos-antes","status":"publish","type":"post","link":"https:\/\/portaltela.pt\/saude\/2026\/04\/10\/sintomas-nao-motores-da-doenca-de-parkinson-podem-surgir-20-anos-antes\/","title":{"rendered":"Sintomas n\u00e3o motores da doen\u00e7a de Parkinson podem surgir 20 anos antes"},"content":{"rendered":"<p>Altera\u00e7\u00f5es do sono, falta de olfato e intestinos presos podem preceder as manifesta\u00e7\u00f5es motoras da doen\u00e7a de Parkinson em cerca de 15 a 20 anos, segundo o neurologista Marcelo Mendon\u00e7a. A afirma\u00e7\u00e3o foi feita \u00e0 ag\u00eancia Lusa, a prop\u00f3sito do Dia Mundial da Doen\u00e7a de Parkinson, que se celebra este s\u00e1bado.<\/p>\n<p>A doen\u00e7a \u00e9 neurodegenerativa, cr\u00f3nica e ainda sem cura. Embora o diagn\u00f3stico seja mais frequente ap\u00f3s os 60, pode ocorrer ainda antes dos 50. Os sintomas cl\u00e1ssicos incluem tremores, bradicinesia e rigidez, mas os n\u00e3o motores tamb\u00e9m aparecem precocemente.<\/p>\n<p>Marcelo Mendon\u00e7a sublinha que os sinais n\u00e3o motores podem anteceder o diagn\u00f3stico, sem significar que a pessoa tem Parkinson. Entre eles, o olfato pode ficar alterado, a obstipa\u00e7\u00e3o \u00e9 comum e surgem dist\u00farbios do sono, especialmente perturba\u00e7\u00e3o do sono REM.<\/p>\n<h3>Sinais n\u00e3o motores como ind\u00edcios<\/h3>\n<p>O especialista ressalta que a obstipa\u00e7\u00e3o \u00e9 provavelmente o primeiro sintoma n\u00e3o motor e que as altera\u00e7\u00f5es do sono REM podem envolver movimentos descoordenados durante a noite. A perda de olfato, por sua vez, n\u00e3o \u00e9 exclusiva da doen\u00e7a.<\/p>\n<p>Para o cl\u00ednico da Funda\u00e7\u00e3o Champalimaud, os sinais n\u00e3o motores n\u00e3o desaparecem necessariamente com o surgimento das limita\u00e7\u00f5es motoras; a intensidade pode variar ao longo da doen\u00e7a, independentemente do tratamento.<\/p>\n<p>Marcelo Mendon\u00e7a tamb\u00e9m esclarece que ter Parkinson n\u00e3o implica redu\u00e7\u00e3o autom\u00e1tica da expectativa de vida. Muitas pessoas convivem com a doen\u00e7a por 20, 30 anos, com gest\u00e3o cl\u00ednica adequada.<\/p>\n<h3>Dados em Portugal<\/h3>\n<p>\u00c9 poss\u00edvel reduzir o risco por meio de h\u00e1bitos de vida saud\u00e1veis, como evitar tabaco e \u00e1lcool e manter atividade f\u00edsica regular. Dieta equilibrada tamb\u00e9m \u00e9 apontada como contributo para a sa\u00fade geral.<\/p>\n<p>Este s\u00e1bado, Mendon\u00e7a participa na IV Confer\u00eancia Anual da Young Parkies Portugal, em Lisboa, no \u00e2mbito do Dia Mundial da Doen\u00e7a de Parkinson. O evento ocorre na funda\u00e7\u00e3o onde atua.<\/p>\n<p>Em Portugal, estima-se que cerca de 20 000 pessoas vivam com a doen\u00e7a, com mais de 1 800 novos casos por ano. A organiza\u00e7\u00e3o Young Parkies Portugal contabiliza entre 2 000 e 3 000 casos de Parkinson precoce, diagnosticados na idade ativa.<\/p>\n","protected":false},"excerpt":{"rendered":"<ul>\n<li>Sintomas n\u00e3o motores da doen\u00e7a de Parkinson podem aparecer at\u00e9 15 a 20 anos antes dos sinais motores, incluindo altera\u00e7\u00f5es do cheiro, obstipa\u00e7\u00e3o e dist\u00farbios do sono.<\/li>\n<li>O neurologista Marcelo Mendon\u00e7a, da Funda\u00e7\u00e3o Champalimaud, afirma que esses sinais n\u00e3o s\u00e3o, por si, indicativos da doen\u00e7a.<\/li>\n<li>A doen\u00e7a \u00e9 neurodegenerativa, cr\u00f3nica e incur\u00e1vel; pode ser diagnosticada antes dos 50 anos, mas costuma afetar quem tem mais de 60.<\/li>\n<li>Entre os n\u00e3o motores est\u00e3o a perturba\u00e7\u00e3o do sono REM e a obstipa\u00e7\u00e3o, que pode ser o primeiro sintoma n\u00e3o motor.<\/li>\n<li>Em Portugal estima-se que vivam com a doen\u00e7a cerca de 20.000 pessoas, com mais de 1.800 novos casos por ano; entre 2.000 e 3.000 t\u00eam Parkinson precoce.<\/li>\n<\/ul>\n","protected":false},"author":2,"featured_media":438939,"comment_status":"closed","ping_status":"closed","sticky":false,"template":"","format":"standard","meta":{"footnotes":""},"categories":[7371,6745],"tags":[5723,981,7211,5234,1014,172],"class_list":["post-438935","post","type-post","status-publish","format-standard","has-post-thumbnail","hentry","category-medicina","category-saude","tag-doenca","tag-lisboa","tag-medicina","tag-neurociencia","tag-portugal","tag-saude"],"yoast_head":"<!-- This site is optimized with the Yoast SEO plugin v27.2 - https:\/\/yoast.com\/product\/yoast-seo-wordpress\/ -->\n<title>Sintomas n\u00e3o motores da doen\u00e7a de Parkinson podem surgir 20 anos antes - Portal Tela Portugal<\/title>\n<meta name=\"robots\" content=\"index, follow, max-snippet:-1, max-image-preview:large, max-video-preview:-1\" \/>\n<meta property=\"og:locale\" content=\"pt_PT\" \/>\n<meta property=\"og:type\" content=\"article\" \/>\n<meta property=\"og:title\" content=\"Sintomas n\u00e3o motores da doen\u00e7a de Parkinson podem surgir 20 anos antes - Portal Tela Portugal\" \/>\n<meta property=\"og:description\" content=\"Sintomas n\u00e3o motores da doen\u00e7a de Parkinson podem aparecer at\u00e9 15 a 20 anos antes dos sinais motores, incluindo altera\u00e7\u00f5es do cheiro, obstipa\u00e7\u00e3o e dist\u00farbios do sono. O neurologista Marcelo Mendon\u00e7a, da Funda\u00e7\u00e3o Champalimaud, afirma que esses sinais n\u00e3o s\u00e3o, por si, indicativos da doen\u00e7a. A doen\u00e7a \u00e9 neurodegenerativa, cr\u00f3nica e incur\u00e1vel; pode ser diagnosticada antes dos 50 anos, mas costuma afetar quem tem mais de 60. Entre os n\u00e3o motores est\u00e3o a perturba\u00e7\u00e3o do sono REM e a obstipa\u00e7\u00e3o, que pode ser o primeiro sintoma n\u00e3o motor. Em Portugal estima-se que vivam com a doen\u00e7a cerca de 20.000 pessoas, com mais de 1.800 novos casos por ano; entre 2.000 e 3.000 t\u00eam Parkinson precoce.\" \/>\n<meta property=\"og:url\" content=\"https:\/\/portaltela.pt\/noticias\/2026\/04\/10\/sintomas-nao-motores-da-doenca-de-parkinson-podem-surgir-20-anos-antes\/\" \/>\n<meta property=\"og:site_name\" content=\"Portal Tela Portugal\" \/>\n<meta property=\"article:published_time\" content=\"2026-04-10T08:17:24+00:00\" \/>\n<meta name=\"author\" content=\"Telinha\" \/>\n<meta name=\"twitter:card\" content=\"summary_large_image\" \/>\n<meta name=\"twitter:label1\" content=\"Escrito por\" \/>\n\t<meta name=\"twitter:data1\" content=\"Telinha\" \/>\n\t<meta name=\"twitter:label2\" content=\"Tempo estimado de leitura\" \/>\n\t<meta name=\"twitter:data2\" content=\"2 minutos\" \/>\n<script type=\"application\/ld+json\" class=\"yoast-schema-graph\">{\"@context\":\"https:\/\/schema.org\",\"@graph\":[{\"@type\":\"Article\",\"@id\":\"https:\/\/portaltela.pt\/noticias\/2026\/04\/10\/sintomas-nao-motores-da-doenca-de-parkinson-podem-surgir-20-anos-antes\/#article\",\"isPartOf\":{\"@id\":\"https:\/\/portaltela.pt\/noticias\/2026\/04\/10\/sintomas-nao-motores-da-doenca-de-parkinson-podem-surgir-20-anos-antes\/\"},\"author\":{\"name\":\"Telinha\",\"@id\":\"https:\/\/portaltela.pt\/#\/schema\/person\/c4278d4a6028830caff9ee44b42d32ed\"},\"headline\":\"Sintomas n\u00e3o motores da doen\u00e7a de Parkinson podem surgir 20 anos antes\",\"datePublished\":\"2026-04-10T08:17:24+00:00\",\"mainEntityOfPage\":{\"@id\":\"https:\/\/portaltela.pt\/noticias\/2026\/04\/10\/sintomas-nao-motores-da-doenca-de-parkinson-podem-surgir-20-anos-antes\/\"},\"wordCount\":389,\"image\":{\"@id\":\"https:\/\/portaltela.pt\/noticias\/2026\/04\/10\/sintomas-nao-motores-da-doenca-de-parkinson-podem-surgir-20-anos-antes\/#primaryimage\"},\"thumbnailUrl\":\"https:\/\/portaltela.pt\/s.01k8rhncp4jt1\/2026\/04\/image-566.jpg\",\"keywords\":[\"doen\u00e7a\",\"Lisboa\",\"medicina\",\"neuroci\u00eancia\",\"Portugal\",\"sa\u00fade\"],\"articleSection\":[\"Medicina\",\"Sa\u00fade\"],\"inLanguage\":\"pt-PT\"},{\"@type\":\"WebPage\",\"@id\":\"https:\/\/portaltela.pt\/noticias\/2026\/04\/10\/sintomas-nao-motores-da-doenca-de-parkinson-podem-surgir-20-anos-antes\/\",\"url\":\"https:\/\/portaltela.pt\/noticias\/2026\/04\/10\/sintomas-nao-motores-da-doenca-de-parkinson-podem-surgir-20-anos-antes\/\",\"name\":\"Sintomas n\u00e3o motores da doen\u00e7a de Parkinson podem surgir 20 anos antes - Portal Tela Portugal\",\"isPartOf\":{\"@id\":\"https:\/\/portaltela.pt\/#website\"},\"primaryImageOfPage\":{\"@id\":\"https:\/\/portaltela.pt\/noticias\/2026\/04\/10\/sintomas-nao-motores-da-doenca-de-parkinson-podem-surgir-20-anos-antes\/#primaryimage\"},\"image\":{\"@id\":\"https:\/\/portaltela.pt\/noticias\/2026\/04\/10\/sintomas-nao-motores-da-doenca-de-parkinson-podem-surgir-20-anos-antes\/#primaryimage\"},\"thumbnailUrl\":\"https:\/\/portaltela.pt\/s.01k8rhncp4jt1\/2026\/04\/image-566.jpg\",\"datePublished\":\"2026-04-10T08:17:24+00:00\",\"author\":{\"@id\":\"https:\/\/portaltela.pt\/#\/schema\/person\/c4278d4a6028830caff9ee44b42d32ed\"},\"breadcrumb\":{\"@id\":\"https:\/\/portaltela.pt\/noticias\/2026\/04\/10\/sintomas-nao-motores-da-doenca-de-parkinson-podem-surgir-20-anos-antes\/#breadcrumb\"},\"inLanguage\":\"pt-PT\",\"potentialAction\":[{\"@type\":\"ReadAction\",\"target\":[\"https:\/\/portaltela.pt\/noticias\/2026\/04\/10\/sintomas-nao-motores-da-doenca-de-parkinson-podem-surgir-20-anos-antes\/\"]}]},{\"@type\":\"ImageObject\",\"inLanguage\":\"pt-PT\",\"@id\":\"https:\/\/portaltela.pt\/noticias\/2026\/04\/10\/sintomas-nao-motores-da-doenca-de-parkinson-podem-surgir-20-anos-antes\/#primaryimage\",\"url\":\"https:\/\/portaltela.pt\/s.01k8rhncp4jt1\/2026\/04\/image-566.jpg\",\"contentUrl\":\"https:\/\/portaltela.pt\/s.01k8rhncp4jt1\/2026\/04\/image-566.jpg\",\"width\":796,\"height\":448,\"caption\":\"Foto: Maria Jo\u00e3o Gala \/Arquivo\"},{\"@type\":\"BreadcrumbList\",\"@id\":\"https:\/\/portaltela.pt\/noticias\/2026\/04\/10\/sintomas-nao-motores-da-doenca-de-parkinson-podem-surgir-20-anos-antes\/#breadcrumb\",\"itemListElement\":[{\"@type\":\"ListItem\",\"position\":1,\"name\":\"In\u00edcio\",\"item\":\"https:\/\/portaltela.pt\/\"},{\"@type\":\"ListItem\",\"position\":2,\"name\":\"Sintomas n\u00e3o motores da doen\u00e7a de Parkinson podem surgir 20 anos antes\"}]},{\"@type\":\"WebSite\",\"@id\":\"https:\/\/portaltela.pt\/#website\",\"url\":\"https:\/\/portaltela.pt\/\",\"name\":\"Portal Tela Portugal\",\"description\":\"\",\"potentialAction\":[{\"@type\":\"SearchAction\",\"target\":{\"@type\":\"EntryPoint\",\"urlTemplate\":\"https:\/\/portaltela.pt\/?s={search_term_string}\"},\"query-input\":{\"@type\":\"PropertyValueSpecification\",\"valueRequired\":true,\"valueName\":\"search_term_string\"}}],\"inLanguage\":\"pt-PT\"},{\"@type\":\"Person\",\"@id\":\"https:\/\/portaltela.pt\/#\/schema\/person\/c4278d4a6028830caff9ee44b42d32ed\",\"name\":\"Telinha\",\"image\":{\"@type\":\"ImageObject\",\"inLanguage\":\"pt-PT\",\"@id\":\"https:\/\/portaltela.pt\/s.01k8rhncp4jt1\/2025\/11\/talking-bot-125x125.png\",\"url\":\"https:\/\/portaltela.pt\/s.01k8rhncp4jt1\/2025\/11\/talking-bot-125x125.png\",\"contentUrl\":\"https:\/\/portaltela.pt\/s.01k8rhncp4jt1\/2025\/11\/talking-bot-125x125.png\",\"caption\":\"Telinha\"},\"sameAs\":[\"https:\/\/portaltela.pt\/\"],\"url\":\"https:\/\/portaltela.pt\/por\/367410592786\/\"}]}<\/script>\n<!-- \/ Yoast SEO plugin. -->","yoast_head_json":{"title":"Sintomas n\u00e3o motores da doen\u00e7a de Parkinson podem surgir 20 anos antes - Portal Tela Portugal","robots":{"index":"index","follow":"follow","max-snippet":"max-snippet:-1","max-image-preview":"max-image-preview:large","max-video-preview":"max-video-preview:-1"},"og_locale":"pt_PT","og_type":"article","og_title":"Sintomas n\u00e3o motores da doen\u00e7a de Parkinson podem surgir 20 anos antes - Portal Tela Portugal","og_description":"Sintomas n\u00e3o motores da doen\u00e7a de Parkinson podem aparecer at\u00e9 15 a 20 anos antes dos sinais motores, incluindo altera\u00e7\u00f5es do cheiro, obstipa\u00e7\u00e3o e dist\u00farbios do sono. O neurologista Marcelo Mendon\u00e7a, da Funda\u00e7\u00e3o Champalimaud, afirma que esses sinais n\u00e3o s\u00e3o, por si, indicativos da doen\u00e7a. A doen\u00e7a \u00e9 neurodegenerativa, cr\u00f3nica e incur\u00e1vel; pode ser diagnosticada antes dos 50 anos, mas costuma afetar quem tem mais de 60. Entre os n\u00e3o motores est\u00e3o a perturba\u00e7\u00e3o do sono REM e a obstipa\u00e7\u00e3o, que pode ser o primeiro sintoma n\u00e3o motor. Em Portugal estima-se que vivam com a doen\u00e7a cerca de 20.000 pessoas, com mais de 1.800 novos casos por ano; entre 2.000 e 3.000 t\u00eam Parkinson precoce.","og_url":"https:\/\/portaltela.pt\/noticias\/2026\/04\/10\/sintomas-nao-motores-da-doenca-de-parkinson-podem-surgir-20-anos-antes\/","og_site_name":"Portal Tela Portugal","article_published_time":"2026-04-10T08:17:24+00:00","author":"Telinha","twitter_card":"summary_large_image","twitter_misc":{"Escrito por":"Telinha","Tempo estimado de leitura":"2 minutos"},"schema":{"@context":"https:\/\/schema.org","@graph":[{"@type":"Article","@id":"https:\/\/portaltela.pt\/noticias\/2026\/04\/10\/sintomas-nao-motores-da-doenca-de-parkinson-podem-surgir-20-anos-antes\/#article","isPartOf":{"@id":"https:\/\/portaltela.pt\/noticias\/2026\/04\/10\/sintomas-nao-motores-da-doenca-de-parkinson-podem-surgir-20-anos-antes\/"},"author":{"name":"Telinha","@id":"https:\/\/portaltela.pt\/#\/schema\/person\/c4278d4a6028830caff9ee44b42d32ed"},"headline":"Sintomas n\u00e3o motores da doen\u00e7a de Parkinson podem surgir 20 anos antes","datePublished":"2026-04-10T08:17:24+00:00","mainEntityOfPage":{"@id":"https:\/\/portaltela.pt\/noticias\/2026\/04\/10\/sintomas-nao-motores-da-doenca-de-parkinson-podem-surgir-20-anos-antes\/"},"wordCount":389,"image":{"@id":"https:\/\/portaltela.pt\/noticias\/2026\/04\/10\/sintomas-nao-motores-da-doenca-de-parkinson-podem-surgir-20-anos-antes\/#primaryimage"},"thumbnailUrl":"https:\/\/portaltela.pt\/s.01k8rhncp4jt1\/2026\/04\/image-566.jpg","keywords":["doen\u00e7a","Lisboa","medicina","neuroci\u00eancia","Portugal","sa\u00fade"],"articleSection":["Medicina","Sa\u00fade"],"inLanguage":"pt-PT"},{"@type":"WebPage","@id":"https:\/\/portaltela.pt\/noticias\/2026\/04\/10\/sintomas-nao-motores-da-doenca-de-parkinson-podem-surgir-20-anos-antes\/","url":"https:\/\/portaltela.pt\/noticias\/2026\/04\/10\/sintomas-nao-motores-da-doenca-de-parkinson-podem-surgir-20-anos-antes\/","name":"Sintomas n\u00e3o motores da doen\u00e7a de Parkinson podem surgir 20 anos antes - Portal Tela Portugal","isPartOf":{"@id":"https:\/\/portaltela.pt\/#website"},"primaryImageOfPage":{"@id":"https:\/\/portaltela.pt\/noticias\/2026\/04\/10\/sintomas-nao-motores-da-doenca-de-parkinson-podem-surgir-20-anos-antes\/#primaryimage"},"image":{"@id":"https:\/\/portaltela.pt\/noticias\/2026\/04\/10\/sintomas-nao-motores-da-doenca-de-parkinson-podem-surgir-20-anos-antes\/#primaryimage"},"thumbnailUrl":"https:\/\/portaltela.pt\/s.01k8rhncp4jt1\/2026\/04\/image-566.jpg","datePublished":"2026-04-10T08:17:24+00:00","author":{"@id":"https:\/\/portaltela.pt\/#\/schema\/person\/c4278d4a6028830caff9ee44b42d32ed"},"breadcrumb":{"@id":"https:\/\/portaltela.pt\/noticias\/2026\/04\/10\/sintomas-nao-motores-da-doenca-de-parkinson-podem-surgir-20-anos-antes\/#breadcrumb"},"inLanguage":"pt-PT","potentialAction":[{"@type":"ReadAction","target":["https:\/\/portaltela.pt\/noticias\/2026\/04\/10\/sintomas-nao-motores-da-doenca-de-parkinson-podem-surgir-20-anos-antes\/"]}]},{"@type":"ImageObject","inLanguage":"pt-PT","@id":"https:\/\/portaltela.pt\/noticias\/2026\/04\/10\/sintomas-nao-motores-da-doenca-de-parkinson-podem-surgir-20-anos-antes\/#primaryimage","url":"https:\/\/portaltela.pt\/s.01k8rhncp4jt1\/2026\/04\/image-566.jpg","contentUrl":"https:\/\/portaltela.pt\/s.01k8rhncp4jt1\/2026\/04\/image-566.jpg","width":796,"height":448,"caption":"Foto: Maria Jo\u00e3o Gala \/Arquivo"},{"@type":"BreadcrumbList","@id":"https:\/\/portaltela.pt\/noticias\/2026\/04\/10\/sintomas-nao-motores-da-doenca-de-parkinson-podem-surgir-20-anos-antes\/#breadcrumb","itemListElement":[{"@type":"ListItem","position":1,"name":"In\u00edcio","item":"https:\/\/portaltela.pt\/"},{"@type":"ListItem","position":2,"name":"Sintomas n\u00e3o motores da doen\u00e7a de Parkinson podem surgir 20 anos antes"}]},{"@type":"WebSite","@id":"https:\/\/portaltela.pt\/#website","url":"https:\/\/portaltela.pt\/","name":"Portal Tela Portugal","description":"","potentialAction":[{"@type":"SearchAction","target":{"@type":"EntryPoint","urlTemplate":"https:\/\/portaltela.pt\/?s={search_term_string}"},"query-input":{"@type":"PropertyValueSpecification","valueRequired":true,"valueName":"search_term_string"}}],"inLanguage":"pt-PT"},{"@type":"Person","@id":"https:\/\/portaltela.pt\/#\/schema\/person\/c4278d4a6028830caff9ee44b42d32ed","name":"Telinha","image":{"@type":"ImageObject","inLanguage":"pt-PT","@id":"https:\/\/portaltela.pt\/s.01k8rhncp4jt1\/2025\/11\/talking-bot-125x125.png","url":"https:\/\/portaltela.pt\/s.01k8rhncp4jt1\/2025\/11\/talking-bot-125x125.png","contentUrl":"https:\/\/portaltela.pt\/s.01k8rhncp4jt1\/2025\/11\/talking-bot-125x125.png","caption":"Telinha"},"sameAs":["https:\/\/portaltela.pt\/"],"url":"https:\/\/portaltela.pt\/por\/367410592786\/"}]}},"_links":{"self":[{"href":"https:\/\/portaltela.pt\/api\/wp\/v2\/posts\/438935","targetHints":{"allow":["GET"]}}],"collection":[{"href":"https:\/\/portaltela.pt\/api\/wp\/v2\/posts"}],"about":[{"href":"https:\/\/portaltela.pt\/api\/wp\/v2\/types\/post"}],"author":[{"embeddable":true,"href":"https:\/\/portaltela.pt\/api\/wp\/v2\/users\/2"}],"replies":[{"embeddable":true,"href":"https:\/\/portaltela.pt\/api\/wp\/v2\/comments?post=438935"}],"version-history":[{"count":0,"href":"https:\/\/portaltela.pt\/api\/wp\/v2\/posts\/438935\/revisions"}],"wp:featuredmedia":[{"embeddable":true,"href":"https:\/\/portaltela.pt\/api\/wp\/v2\/media\/438939"}],"wp:attachment":[{"href":"https:\/\/portaltela.pt\/api\/wp\/v2\/media?parent=438935"}],"wp:term":[{"taxonomy":"category","embeddable":true,"href":"https:\/\/portaltela.pt\/api\/wp\/v2\/categories?post=438935"},{"taxonomy":"post_tag","embeddable":true,"href":"https:\/\/portaltela.pt\/api\/wp\/v2\/tags?post=438935"}],"curies":[{"name":"wp","href":"https:\/\/api.w.org\/{rel}","templated":true}]}}