{"id":438930,"date":"2026-04-10T05:17:19","date_gmt":"2026-04-10T08:17:19","guid":{"rendered":"https:\/\/portaltela.pt\/noticias\/2026\/04\/10\/quem-conheceu-neemias-afirma-que-nao-chegou-a-nossa-liga\/"},"modified":"2026-04-10T05:17:19","modified_gmt":"2026-04-10T08:17:19","slug":"quem-conheceu-neemias-afirma-que-nao-chegou-a-nossa-liga","status":"publish","type":"post","link":"https:\/\/portaltela.pt\/desporto\/futebol\/2026\/04\/10\/quem-conheceu-neemias-afirma-que-nao-chegou-a-nossa-liga\/","title":{"rendered":"Quem conheceu Neemias afirma que n\u00e3o chegou \u00e0 nossa Liga"},"content":{"rendered":"<p>O que aconteceu: Jo\u00e3o e Tiago Castanho, pai e filho, falaram \u00e0 Record sobre o percurso de Neemias Queta, hoje jogador dos Boston Celtics. A entrevista ocorreu durante a Festa do Basquetebol, num contexto que ligou passado e presente da modalidade em Barreiro.<\/p>\n<p>Quem est\u00e1 envolvido: Jo\u00e3o Castanho \u00e9 coordenador sub-14 masculinos da AB Set\u00fabal e Tiago Castanho \u00e9 selecionador e treinador do Barreirense na mesma faixa et\u00e1ria. Ambos acompanham Neemias desde jovem, apoiando o seu desenvolvimento no basquetebol.<\/p>\n<p>Quando e onde: a conversa ocorreu durante a Festa do Basquetebol, com a dupla a remeter o encontro a Barreiros e ao Barreiro, locais onde Neemias cresceu na forma\u00e7\u00e3o antes de chegar aos palcos mais altos.<\/p>\n<p>Por qu\u00ea: os Castanho descrevem o percurso de Neemias desde a inf\u00e2ncia, destacando humildade, trabalho e as decis\u00f5es certas que moldaram a passagem do Barreirense para o Benfica, depois para o Utah e, por fim, para a NBA.<\/p>\n<h3>Do Barreirense ao Celtics<\/h3>\n<p>Jo\u00e3o recorda que Neemias, aos 12 anos, recebia boleias para treinos, superando dificuldades log\u00edsticas em casa. O trabalho de equipa e a humildade do jovem teriam sido determinantes para o seu progresso na modalidade.<\/p>\n<p>Tiago confirma a evolu\u00e7\u00e3o, lembrando que o mi\u00fado apresentava limita\u00e7\u00f5es t\u00e9cnicas e motoras no in\u00edcio, mas possu\u00eda altura e potencial. O treinador aponta a curiosidade dos respons\u00e1veis pela aposta no jogador.<\/p>\n<p>O que se conclui, segundo os relatos, \u00e9 que Neemias cresceu no Barreirense. Foi visto como um diamante em bruto, com dificuldades iniciais, mas com uma vontade f\u00e9rrea de evoluir e aprender.<\/p>\n<h3>Qualidades que marcaram a carreira<\/h3>\n<p>Os t\u00e9cnicos enfatizam a capacidade de trabalho, a humildade e a boa tomada de decis\u00f5es de Neemias. A troca do Barreirense para o Benfica, depois o salto para Utah no college, e, finalmente, a entrada no Draft foram citadas como escolhas estrat\u00e9gadas.<\/p>\n<p>Ambos destacam ainda a avalia\u00e7\u00e3o de momento certo para cada passo, atribuindo grande parte do sucesso \u00e0 combina\u00e7\u00e3o entre talento natural e escolhas bem orientadas ao longo da carreira do atleta.<\/p>\n","protected":false},"excerpt":{"rendered":"<ul>\n<li>Jo\u00e3o Castanho, coordenador da AB Set\u00fabal, e o filho Tiago Castanho, treinador do Barreirense sub-14, partilharam \u00e0 Record mem\u00f3rias da Festa do Basquetebol.<\/li>\n<li>Conheceram Neemias Queta quando ele tinha 12 anos no Barreirense, onde chegavam a dar boleias para que n\u00e3o faltasse aos treinos.<\/li>\n<li>Segundo Jo\u00e3o, Neemias era alto e forte, com t\u00e9cnica ainda em desenvolvimento; muitos duvidavam que pudesse chegar \u00e0 NBA.<\/li>\n<li>Tiago destaca a humildade de Neemias e descreve-o como diamante em bruto, exemplo para os atletas do Barreirense.<\/li>\n<li>O percurso de Neemias incluiu passagens do Barreirense para o Benfica e depois para Utah no College, antes de entrar no Draft da NBA e chegar aos Boston Celtics.<\/li>\n<\/ul>\n","protected":false},"author":2,"featured_media":438933,"comment_status":"closed","ping_status":"closed","sticky":false,"template":"","format":"standard","meta":{"footnotes":""},"categories":[21,24],"tags":[1416,1056,85,1946,152,1014],"class_list":["post-438930","post","type-post","status-publish","format-standard","has-post-thumbnail","hentry","category-desporto","category-futebol","tag-barreirense","tag-barreiro","tag-basquete","tag-benfica","tag-desporto","tag-portugal"],"yoast_head":"<!-- This site is optimized with the Yoast SEO plugin v27.2 - https:\/\/yoast.com\/product\/yoast-seo-wordpress\/ -->\n<title>Quem conheceu Neemias afirma que n\u00e3o chegou \u00e0 nossa Liga - Portal Tela Portugal<\/title>\n<meta name=\"robots\" content=\"index, follow, max-snippet:-1, max-image-preview:large, max-video-preview:-1\" \/>\n<meta property=\"og:locale\" content=\"pt_PT\" \/>\n<meta property=\"og:type\" content=\"article\" \/>\n<meta property=\"og:title\" content=\"Quem conheceu Neemias afirma que n\u00e3o chegou \u00e0 nossa Liga - Portal Tela Portugal\" \/>\n<meta property=\"og:description\" content=\"Jo\u00e3o Castanho, coordenador da AB Set\u00fabal, e o filho Tiago Castanho, treinador do Barreirense sub-14, partilharam \u00e0 Record mem\u00f3rias da Festa do Basquetebol. Conheceram Neemias Queta quando ele tinha 12 anos no Barreirense, onde chegavam a dar boleias para que n\u00e3o faltasse aos treinos. Segundo Jo\u00e3o, Neemias era alto e forte, com t\u00e9cnica ainda em desenvolvimento; muitos duvidavam que pudesse chegar \u00e0 NBA. Tiago destaca a humildade de Neemias e descreve-o como diamante em bruto, exemplo para os atletas do Barreirense. O percurso de Neemias incluiu passagens do Barreirense para o Benfica e depois para Utah no College, antes de entrar no Draft da NBA e chegar aos Boston Celtics.\" \/>\n<meta property=\"og:url\" content=\"https:\/\/portaltela.pt\/noticias\/2026\/04\/10\/quem-conheceu-neemias-afirma-que-nao-chegou-a-nossa-liga\/\" \/>\n<meta property=\"og:site_name\" content=\"Portal Tela Portugal\" \/>\n<meta property=\"article:published_time\" content=\"2026-04-10T08:17:19+00:00\" \/>\n<meta name=\"author\" content=\"Telinha\" \/>\n<meta name=\"twitter:card\" content=\"summary_large_image\" \/>\n<meta name=\"twitter:label1\" content=\"Escrito por\" \/>\n\t<meta name=\"twitter:data1\" content=\"Telinha\" \/>\n\t<meta name=\"twitter:label2\" content=\"Tempo estimado de leitura\" \/>\n\t<meta name=\"twitter:data2\" content=\"2 minutos\" \/>\n<script type=\"application\/ld+json\" class=\"yoast-schema-graph\">{\"@context\":\"https:\/\/schema.org\",\"@graph\":[{\"@type\":\"Article\",\"@id\":\"https:\/\/portaltela.pt\/noticias\/2026\/04\/10\/quem-conheceu-neemias-afirma-que-nao-chegou-a-nossa-liga\/#article\",\"isPartOf\":{\"@id\":\"https:\/\/portaltela.pt\/noticias\/2026\/04\/10\/quem-conheceu-neemias-afirma-que-nao-chegou-a-nossa-liga\/\"},\"author\":{\"name\":\"Telinha\",\"@id\":\"https:\/\/portaltela.pt\/#\/schema\/person\/c4278d4a6028830caff9ee44b42d32ed\"},\"headline\":\"Quem conheceu Neemias afirma que n\u00e3o chegou \u00e0 nossa Liga\",\"datePublished\":\"2026-04-10T08:17:19+00:00\",\"mainEntityOfPage\":{\"@id\":\"https:\/\/portaltela.pt\/noticias\/2026\/04\/10\/quem-conheceu-neemias-afirma-que-nao-chegou-a-nossa-liga\/\"},\"wordCount\":358,\"image\":{\"@id\":\"https:\/\/portaltela.pt\/noticias\/2026\/04\/10\/quem-conheceu-neemias-afirma-que-nao-chegou-a-nossa-liga\/#primaryimage\"},\"thumbnailUrl\":\"https:\/\/portaltela.pt\/s.01k8rhncp4jt1\/2026\/04\/img_920x518uu2026-04-09-22-37-13-2432096.jpg\",\"keywords\":[\"Barreirense\",\"Barreiro\",\"basquete\",\"Benfica\",\"desporto\",\"Portugal\"],\"articleSection\":[\"Desporto\",\"Futebol\"],\"inLanguage\":\"pt-PT\"},{\"@type\":\"WebPage\",\"@id\":\"https:\/\/portaltela.pt\/noticias\/2026\/04\/10\/quem-conheceu-neemias-afirma-que-nao-chegou-a-nossa-liga\/\",\"url\":\"https:\/\/portaltela.pt\/noticias\/2026\/04\/10\/quem-conheceu-neemias-afirma-que-nao-chegou-a-nossa-liga\/\",\"name\":\"Quem conheceu Neemias afirma que n\u00e3o chegou \u00e0 nossa Liga - Portal Tela Portugal\",\"isPartOf\":{\"@id\":\"https:\/\/portaltela.pt\/#website\"},\"primaryImageOfPage\":{\"@id\":\"https:\/\/portaltela.pt\/noticias\/2026\/04\/10\/quem-conheceu-neemias-afirma-que-nao-chegou-a-nossa-liga\/#primaryimage\"},\"image\":{\"@id\":\"https:\/\/portaltela.pt\/noticias\/2026\/04\/10\/quem-conheceu-neemias-afirma-que-nao-chegou-a-nossa-liga\/#primaryimage\"},\"thumbnailUrl\":\"https:\/\/portaltela.pt\/s.01k8rhncp4jt1\/2026\/04\/img_920x518uu2026-04-09-22-37-13-2432096.jpg\",\"datePublished\":\"2026-04-10T08:17:19+00:00\",\"author\":{\"@id\":\"https:\/\/portaltela.pt\/#\/schema\/person\/c4278d4a6028830caff9ee44b42d32ed\"},\"breadcrumb\":{\"@id\":\"https:\/\/portaltela.pt\/noticias\/2026\/04\/10\/quem-conheceu-neemias-afirma-que-nao-chegou-a-nossa-liga\/#breadcrumb\"},\"inLanguage\":\"pt-PT\",\"potentialAction\":[{\"@type\":\"ReadAction\",\"target\":[\"https:\/\/portaltela.pt\/noticias\/2026\/04\/10\/quem-conheceu-neemias-afirma-que-nao-chegou-a-nossa-liga\/\"]}]},{\"@type\":\"ImageObject\",\"inLanguage\":\"pt-PT\",\"@id\":\"https:\/\/portaltela.pt\/noticias\/2026\/04\/10\/quem-conheceu-neemias-afirma-que-nao-chegou-a-nossa-liga\/#primaryimage\",\"url\":\"https:\/\/portaltela.pt\/s.01k8rhncp4jt1\/2026\/04\/img_920x518uu2026-04-09-22-37-13-2432096.jpg\",\"contentUrl\":\"https:\/\/portaltela.pt\/s.01k8rhncp4jt1\/2026\/04\/img_920x518uu2026-04-09-22-37-13-2432096.jpg\",\"width\":796,\"height\":448,\"caption\":\"Jo\u00e3o e Tiago Castanho s\u00e3o pai e filho e fazem da equipa t\u00e9cnica da AB Set\u00fabal\"},{\"@type\":\"BreadcrumbList\",\"@id\":\"https:\/\/portaltela.pt\/noticias\/2026\/04\/10\/quem-conheceu-neemias-afirma-que-nao-chegou-a-nossa-liga\/#breadcrumb\",\"itemListElement\":[{\"@type\":\"ListItem\",\"position\":1,\"name\":\"In\u00edcio\",\"item\":\"https:\/\/portaltela.pt\/\"},{\"@type\":\"ListItem\",\"position\":2,\"name\":\"Quem conheceu Neemias afirma que n\u00e3o chegou \u00e0 nossa Liga\"}]},{\"@type\":\"WebSite\",\"@id\":\"https:\/\/portaltela.pt\/#website\",\"url\":\"https:\/\/portaltela.pt\/\",\"name\":\"Portal Tela Portugal\",\"description\":\"\",\"potentialAction\":[{\"@type\":\"SearchAction\",\"target\":{\"@type\":\"EntryPoint\",\"urlTemplate\":\"https:\/\/portaltela.pt\/?s={search_term_string}\"},\"query-input\":{\"@type\":\"PropertyValueSpecification\",\"valueRequired\":true,\"valueName\":\"search_term_string\"}}],\"inLanguage\":\"pt-PT\"},{\"@type\":\"Person\",\"@id\":\"https:\/\/portaltela.pt\/#\/schema\/person\/c4278d4a6028830caff9ee44b42d32ed\",\"name\":\"Telinha\",\"image\":{\"@type\":\"ImageObject\",\"inLanguage\":\"pt-PT\",\"@id\":\"https:\/\/portaltela.pt\/s.01k8rhncp4jt1\/2025\/11\/talking-bot-125x125.png\",\"url\":\"https:\/\/portaltela.pt\/s.01k8rhncp4jt1\/2025\/11\/talking-bot-125x125.png\",\"contentUrl\":\"https:\/\/portaltela.pt\/s.01k8rhncp4jt1\/2025\/11\/talking-bot-125x125.png\",\"caption\":\"Telinha\"},\"sameAs\":[\"https:\/\/portaltela.pt\/\"],\"url\":\"https:\/\/portaltela.pt\/por\/367410592786\/\"}]}<\/script>\n<!-- \/ Yoast SEO plugin. -->","yoast_head_json":{"title":"Quem conheceu Neemias afirma que n\u00e3o chegou \u00e0 nossa Liga - Portal Tela Portugal","robots":{"index":"index","follow":"follow","max-snippet":"max-snippet:-1","max-image-preview":"max-image-preview:large","max-video-preview":"max-video-preview:-1"},"og_locale":"pt_PT","og_type":"article","og_title":"Quem conheceu Neemias afirma que n\u00e3o chegou \u00e0 nossa Liga - Portal Tela Portugal","og_description":"Jo\u00e3o Castanho, coordenador da AB Set\u00fabal, e o filho Tiago Castanho, treinador do Barreirense sub-14, partilharam \u00e0 Record mem\u00f3rias da Festa do Basquetebol. Conheceram Neemias Queta quando ele tinha 12 anos no Barreirense, onde chegavam a dar boleias para que n\u00e3o faltasse aos treinos. Segundo Jo\u00e3o, Neemias era alto e forte, com t\u00e9cnica ainda em desenvolvimento; muitos duvidavam que pudesse chegar \u00e0 NBA. Tiago destaca a humildade de Neemias e descreve-o como diamante em bruto, exemplo para os atletas do Barreirense. O percurso de Neemias incluiu passagens do Barreirense para o Benfica e depois para Utah no College, antes de entrar no Draft da NBA e chegar aos Boston Celtics.","og_url":"https:\/\/portaltela.pt\/noticias\/2026\/04\/10\/quem-conheceu-neemias-afirma-que-nao-chegou-a-nossa-liga\/","og_site_name":"Portal Tela Portugal","article_published_time":"2026-04-10T08:17:19+00:00","author":"Telinha","twitter_card":"summary_large_image","twitter_misc":{"Escrito por":"Telinha","Tempo estimado de leitura":"2 minutos"},"schema":{"@context":"https:\/\/schema.org","@graph":[{"@type":"Article","@id":"https:\/\/portaltela.pt\/noticias\/2026\/04\/10\/quem-conheceu-neemias-afirma-que-nao-chegou-a-nossa-liga\/#article","isPartOf":{"@id":"https:\/\/portaltela.pt\/noticias\/2026\/04\/10\/quem-conheceu-neemias-afirma-que-nao-chegou-a-nossa-liga\/"},"author":{"name":"Telinha","@id":"https:\/\/portaltela.pt\/#\/schema\/person\/c4278d4a6028830caff9ee44b42d32ed"},"headline":"Quem conheceu Neemias afirma que n\u00e3o chegou \u00e0 nossa Liga","datePublished":"2026-04-10T08:17:19+00:00","mainEntityOfPage":{"@id":"https:\/\/portaltela.pt\/noticias\/2026\/04\/10\/quem-conheceu-neemias-afirma-que-nao-chegou-a-nossa-liga\/"},"wordCount":358,"image":{"@id":"https:\/\/portaltela.pt\/noticias\/2026\/04\/10\/quem-conheceu-neemias-afirma-que-nao-chegou-a-nossa-liga\/#primaryimage"},"thumbnailUrl":"https:\/\/portaltela.pt\/s.01k8rhncp4jt1\/2026\/04\/img_920x518uu2026-04-09-22-37-13-2432096.jpg","keywords":["Barreirense","Barreiro","basquete","Benfica","desporto","Portugal"],"articleSection":["Desporto","Futebol"],"inLanguage":"pt-PT"},{"@type":"WebPage","@id":"https:\/\/portaltela.pt\/noticias\/2026\/04\/10\/quem-conheceu-neemias-afirma-que-nao-chegou-a-nossa-liga\/","url":"https:\/\/portaltela.pt\/noticias\/2026\/04\/10\/quem-conheceu-neemias-afirma-que-nao-chegou-a-nossa-liga\/","name":"Quem conheceu Neemias afirma que n\u00e3o chegou \u00e0 nossa Liga - Portal Tela Portugal","isPartOf":{"@id":"https:\/\/portaltela.pt\/#website"},"primaryImageOfPage":{"@id":"https:\/\/portaltela.pt\/noticias\/2026\/04\/10\/quem-conheceu-neemias-afirma-que-nao-chegou-a-nossa-liga\/#primaryimage"},"image":{"@id":"https:\/\/portaltela.pt\/noticias\/2026\/04\/10\/quem-conheceu-neemias-afirma-que-nao-chegou-a-nossa-liga\/#primaryimage"},"thumbnailUrl":"https:\/\/portaltela.pt\/s.01k8rhncp4jt1\/2026\/04\/img_920x518uu2026-04-09-22-37-13-2432096.jpg","datePublished":"2026-04-10T08:17:19+00:00","author":{"@id":"https:\/\/portaltela.pt\/#\/schema\/person\/c4278d4a6028830caff9ee44b42d32ed"},"breadcrumb":{"@id":"https:\/\/portaltela.pt\/noticias\/2026\/04\/10\/quem-conheceu-neemias-afirma-que-nao-chegou-a-nossa-liga\/#breadcrumb"},"inLanguage":"pt-PT","potentialAction":[{"@type":"ReadAction","target":["https:\/\/portaltela.pt\/noticias\/2026\/04\/10\/quem-conheceu-neemias-afirma-que-nao-chegou-a-nossa-liga\/"]}]},{"@type":"ImageObject","inLanguage":"pt-PT","@id":"https:\/\/portaltela.pt\/noticias\/2026\/04\/10\/quem-conheceu-neemias-afirma-que-nao-chegou-a-nossa-liga\/#primaryimage","url":"https:\/\/portaltela.pt\/s.01k8rhncp4jt1\/2026\/04\/img_920x518uu2026-04-09-22-37-13-2432096.jpg","contentUrl":"https:\/\/portaltela.pt\/s.01k8rhncp4jt1\/2026\/04\/img_920x518uu2026-04-09-22-37-13-2432096.jpg","width":796,"height":448,"caption":"Jo\u00e3o e Tiago Castanho s\u00e3o pai e filho e fazem da equipa t\u00e9cnica da AB Set\u00fabal"},{"@type":"BreadcrumbList","@id":"https:\/\/portaltela.pt\/noticias\/2026\/04\/10\/quem-conheceu-neemias-afirma-que-nao-chegou-a-nossa-liga\/#breadcrumb","itemListElement":[{"@type":"ListItem","position":1,"name":"In\u00edcio","item":"https:\/\/portaltela.pt\/"},{"@type":"ListItem","position":2,"name":"Quem conheceu Neemias afirma que n\u00e3o chegou \u00e0 nossa Liga"}]},{"@type":"WebSite","@id":"https:\/\/portaltela.pt\/#website","url":"https:\/\/portaltela.pt\/","name":"Portal Tela Portugal","description":"","potentialAction":[{"@type":"SearchAction","target":{"@type":"EntryPoint","urlTemplate":"https:\/\/portaltela.pt\/?s={search_term_string}"},"query-input":{"@type":"PropertyValueSpecification","valueRequired":true,"valueName":"search_term_string"}}],"inLanguage":"pt-PT"},{"@type":"Person","@id":"https:\/\/portaltela.pt\/#\/schema\/person\/c4278d4a6028830caff9ee44b42d32ed","name":"Telinha","image":{"@type":"ImageObject","inLanguage":"pt-PT","@id":"https:\/\/portaltela.pt\/s.01k8rhncp4jt1\/2025\/11\/talking-bot-125x125.png","url":"https:\/\/portaltela.pt\/s.01k8rhncp4jt1\/2025\/11\/talking-bot-125x125.png","contentUrl":"https:\/\/portaltela.pt\/s.01k8rhncp4jt1\/2025\/11\/talking-bot-125x125.png","caption":"Telinha"},"sameAs":["https:\/\/portaltela.pt\/"],"url":"https:\/\/portaltela.pt\/por\/367410592786\/"}]}},"_links":{"self":[{"href":"https:\/\/portaltela.pt\/api\/wp\/v2\/posts\/438930","targetHints":{"allow":["GET"]}}],"collection":[{"href":"https:\/\/portaltela.pt\/api\/wp\/v2\/posts"}],"about":[{"href":"https:\/\/portaltela.pt\/api\/wp\/v2\/types\/post"}],"author":[{"embeddable":true,"href":"https:\/\/portaltela.pt\/api\/wp\/v2\/users\/2"}],"replies":[{"embeddable":true,"href":"https:\/\/portaltela.pt\/api\/wp\/v2\/comments?post=438930"}],"version-history":[{"count":0,"href":"https:\/\/portaltela.pt\/api\/wp\/v2\/posts\/438930\/revisions"}],"wp:featuredmedia":[{"embeddable":true,"href":"https:\/\/portaltela.pt\/api\/wp\/v2\/media\/438933"}],"wp:attachment":[{"href":"https:\/\/portaltela.pt\/api\/wp\/v2\/media?parent=438930"}],"wp:term":[{"taxonomy":"category","embeddable":true,"href":"https:\/\/portaltela.pt\/api\/wp\/v2\/categories?post=438930"},{"taxonomy":"post_tag","embeddable":true,"href":"https:\/\/portaltela.pt\/api\/wp\/v2\/tags?post=438930"}],"curies":[{"name":"wp","href":"https:\/\/api.w.org\/{rel}","templated":true}]}}