{"id":438926,"date":"2026-04-10T03:27:00","date_gmt":"2026-04-10T06:27:00","guid":{"rendered":"https:\/\/portaltela.pt\/noticias\/2026\/04\/10\/lusofonos-assinam-convencao-para-proteger-o-ambiente-marinho-do-atlantico-sul\/"},"modified":"2026-04-10T03:27:00","modified_gmt":"2026-04-10T06:27:00","slug":"lusofonos-assinam-convencao-para-proteger-o-ambiente-marinho-do-atlantico-sul","status":"publish","type":"post","link":"https:\/\/portaltela.pt\/meio-ambiente\/2026\/04\/10\/lusofonos-assinam-convencao-para-proteger-o-ambiente-marinho-do-atlantico-sul\/","title":{"rendered":"Lus\u00f3fonos assinam Conven\u00e7\u00e3o para proteger o ambiente marinho do Atl\u00e2ntico Sul"},"content":{"rendered":"<p>Lus\u00f3fonos assinaram uma Conven\u00e7\u00e3o para a Prote\u00e7\u00e3o do Ambiente Marinho no Atl\u00e2ntico Sul, num acordo recente entre pa\u00edses de l\u00edngua oficial portuguesa. O ato aconteceu num \u00e2mbito multilateral, com a participa\u00e7\u00e3o de representantes de v\u00e1rias na\u00e7\u00f5es lus\u00f3fonos.<\/p>\n<p>Os signat\u00e1rios envolvem Estados de percurso lus\u00f3fono, que trabalham na coopera\u00e7\u00e3o para a preserva\u00e7\u00e3o dos ecossistemas marinhos da regi\u00e3o. O texto do acordo ainda est\u00e1 a ser divulgado pelas autoridades competentes.<\/p>\n<p>A Conven\u00e7\u00e3o tem como objetivo proteger o ambiente marinho, reduzir a polui\u00e7\u00e3o e promover a ci\u00eancia, a tecnologia e a coopera\u00e7\u00e3o entre os pa\u00edses signat\u00e1rios. O mecanismo de implementa\u00e7\u00e3o dever\u00e1 ser definido nos pr\u00f3ximos encontros oficiais.<\/p>\n","protected":false},"excerpt":{"rendered":"<ul>\n<li>Pa\u00edses lus\u00f3fonos assinaram uma conven\u00e7\u00e3o para a prote\u00e7\u00e3o do ambiente marinho no Atl\u00e2ntico Sul.<\/li>\n<li>O acordo visa promover a coopera\u00e7\u00e3o entre Estados de l\u00edngua portuguesa na regi\u00e3o.<\/li>\n<li>O objetivo \u00e9 proteger ecossistemas marinhos e melhorar a gest\u00e3o ambiental das \u00e1guas do Atl\u00e2ntico Sul.<\/li>\n<li>O conte\u00fado completo da not\u00edcia est\u00e1 dispon\u00edvel apenas para subscritores.<\/li>\n<\/ul>\n","protected":false},"author":2,"featured_media":438929,"comment_status":"closed","ping_status":"closed","sticky":false,"template":"","format":"standard","meta":{"footnotes":""},"categories":[6725],"tags":[7767,6336,167,256,755,3750],"class_list":["post-438926","post","type-post","status-publish","format-standard","has-post-thumbnail","hentry","category-meio-ambiente","tag-_meio-ambiente","tag-a-agua","tag-ambiente","tag-cooperacao-internacional","tag-desenvolvimento-sustentavel","tag-poluicao-ambiental"],"yoast_head":"<!-- This site is optimized with the Yoast SEO plugin v27.2 - https:\/\/yoast.com\/product\/yoast-seo-wordpress\/ -->\n<title>Lus\u00f3fonos assinam Conven\u00e7\u00e3o para proteger o ambiente marinho do Atl\u00e2ntico Sul - Portal Tela Portugal<\/title>\n<meta name=\"robots\" content=\"index, follow, max-snippet:-1, max-image-preview:large, max-video-preview:-1\" \/>\n<meta property=\"og:locale\" content=\"pt_PT\" \/>\n<meta property=\"og:type\" content=\"article\" \/>\n<meta property=\"og:title\" content=\"Lus\u00f3fonos assinam Conven\u00e7\u00e3o para proteger o ambiente marinho do Atl\u00e2ntico Sul - Portal Tela Portugal\" \/>\n<meta property=\"og:description\" content=\"Pa\u00edses lus\u00f3fonos assinaram uma conven\u00e7\u00e3o para a prote\u00e7\u00e3o do ambiente marinho no Atl\u00e2ntico Sul. O acordo visa promover a coopera\u00e7\u00e3o entre Estados de l\u00edngua portuguesa na regi\u00e3o. O objetivo \u00e9 proteger ecossistemas marinhos e melhorar a gest\u00e3o ambiental das \u00e1guas do Atl\u00e2ntico Sul. O conte\u00fado completo da not\u00edcia est\u00e1 dispon\u00edvel apenas para subscritores.\" \/>\n<meta property=\"og:url\" content=\"https:\/\/portaltela.pt\/noticias\/2026\/04\/10\/lusofonos-assinam-convencao-para-proteger-o-ambiente-marinho-do-atlantico-sul\/\" \/>\n<meta property=\"og:site_name\" content=\"Portal Tela Portugal\" \/>\n<meta property=\"article:published_time\" content=\"2026-04-10T06:27:00+00:00\" \/>\n<meta name=\"author\" content=\"Telinha\" \/>\n<meta name=\"twitter:card\" content=\"summary_large_image\" \/>\n<meta name=\"twitter:label1\" content=\"Escrito por\" \/>\n\t<meta name=\"twitter:data1\" content=\"Telinha\" \/>\n\t<meta name=\"twitter:label2\" content=\"Tempo estimado de leitura\" \/>\n\t<meta name=\"twitter:data2\" content=\"1 minuto\" \/>\n<script type=\"application\/ld+json\" class=\"yoast-schema-graph\">{\"@context\":\"https:\/\/schema.org\",\"@graph\":[{\"@type\":\"Article\",\"@id\":\"https:\/\/portaltela.pt\/noticias\/2026\/04\/10\/lusofonos-assinam-convencao-para-proteger-o-ambiente-marinho-do-atlantico-sul\/#article\",\"isPartOf\":{\"@id\":\"https:\/\/portaltela.pt\/noticias\/2026\/04\/10\/lusofonos-assinam-convencao-para-proteger-o-ambiente-marinho-do-atlantico-sul\/\"},\"author\":{\"name\":\"Telinha\",\"@id\":\"https:\/\/portaltela.pt\/#\/schema\/person\/c4278d4a6028830caff9ee44b42d32ed\"},\"headline\":\"Lus\u00f3fonos assinam Conven\u00e7\u00e3o para proteger o ambiente marinho do Atl\u00e2ntico Sul\",\"datePublished\":\"2026-04-10T06:27:00+00:00\",\"mainEntityOfPage\":{\"@id\":\"https:\/\/portaltela.pt\/noticias\/2026\/04\/10\/lusofonos-assinam-convencao-para-proteger-o-ambiente-marinho-do-atlantico-sul\/\"},\"wordCount\":141,\"image\":{\"@id\":\"https:\/\/portaltela.pt\/noticias\/2026\/04\/10\/lusofonos-assinam-convencao-para-proteger-o-ambiente-marinho-do-atlantico-sul\/#primaryimage\"},\"thumbnailUrl\":\"https:\/\/portaltela.pt\/s.01k8rhncp4jt1\/2026\/04\/CACHE_780X1200_ANALOG_WATERMARKED_20276768_871818_21032019014149.jpg\",\"keywords\":[\"_meio-ambiente\",\"a \u00e1gua\",\"ambiente\",\"coopera\u00e7\u00e3o internacional\",\"desenvolvimento sustent\u00e1vel\",\"polui\u00e7\u00e3o ambiental\"],\"articleSection\":[\"Meio Ambiente\"],\"inLanguage\":\"pt-PT\"},{\"@type\":\"WebPage\",\"@id\":\"https:\/\/portaltela.pt\/noticias\/2026\/04\/10\/lusofonos-assinam-convencao-para-proteger-o-ambiente-marinho-do-atlantico-sul\/\",\"url\":\"https:\/\/portaltela.pt\/noticias\/2026\/04\/10\/lusofonos-assinam-convencao-para-proteger-o-ambiente-marinho-do-atlantico-sul\/\",\"name\":\"Lus\u00f3fonos assinam Conven\u00e7\u00e3o para proteger o ambiente marinho do Atl\u00e2ntico Sul - Portal Tela Portugal\",\"isPartOf\":{\"@id\":\"https:\/\/portaltela.pt\/#website\"},\"primaryImageOfPage\":{\"@id\":\"https:\/\/portaltela.pt\/noticias\/2026\/04\/10\/lusofonos-assinam-convencao-para-proteger-o-ambiente-marinho-do-atlantico-sul\/#primaryimage\"},\"image\":{\"@id\":\"https:\/\/portaltela.pt\/noticias\/2026\/04\/10\/lusofonos-assinam-convencao-para-proteger-o-ambiente-marinho-do-atlantico-sul\/#primaryimage\"},\"thumbnailUrl\":\"https:\/\/portaltela.pt\/s.01k8rhncp4jt1\/2026\/04\/CACHE_780X1200_ANALOG_WATERMARKED_20276768_871818_21032019014149.jpg\",\"datePublished\":\"2026-04-10T06:27:00+00:00\",\"author\":{\"@id\":\"https:\/\/portaltela.pt\/#\/schema\/person\/c4278d4a6028830caff9ee44b42d32ed\"},\"breadcrumb\":{\"@id\":\"https:\/\/portaltela.pt\/noticias\/2026\/04\/10\/lusofonos-assinam-convencao-para-proteger-o-ambiente-marinho-do-atlantico-sul\/#breadcrumb\"},\"inLanguage\":\"pt-PT\",\"potentialAction\":[{\"@type\":\"ReadAction\",\"target\":[\"https:\/\/portaltela.pt\/noticias\/2026\/04\/10\/lusofonos-assinam-convencao-para-proteger-o-ambiente-marinho-do-atlantico-sul\/\"]}]},{\"@type\":\"ImageObject\",\"inLanguage\":\"pt-PT\",\"@id\":\"https:\/\/portaltela.pt\/noticias\/2026\/04\/10\/lusofonos-assinam-convencao-para-proteger-o-ambiente-marinho-do-atlantico-sul\/#primaryimage\",\"url\":\"https:\/\/portaltela.pt\/s.01k8rhncp4jt1\/2026\/04\/CACHE_780X1200_ANALOG_WATERMARKED_20276768_871818_21032019014149.jpg\",\"contentUrl\":\"https:\/\/portaltela.pt\/s.01k8rhncp4jt1\/2026\/04\/CACHE_780X1200_ANALOG_WATERMARKED_20276768_871818_21032019014149.jpg\",\"width\":796,\"height\":448,\"caption\":\"Lus\u00f3fonos assinam Conven\u00e7\u00e3o para a Prote\u00e7\u00e3o do Ambiente Marinho no Atl\u00e2ntico Sul\"},{\"@type\":\"BreadcrumbList\",\"@id\":\"https:\/\/portaltela.pt\/noticias\/2026\/04\/10\/lusofonos-assinam-convencao-para-proteger-o-ambiente-marinho-do-atlantico-sul\/#breadcrumb\",\"itemListElement\":[{\"@type\":\"ListItem\",\"position\":1,\"name\":\"In\u00edcio\",\"item\":\"https:\/\/portaltela.pt\/\"},{\"@type\":\"ListItem\",\"position\":2,\"name\":\"Lus\u00f3fonos assinam Conven\u00e7\u00e3o para proteger o ambiente marinho do Atl\u00e2ntico Sul\"}]},{\"@type\":\"WebSite\",\"@id\":\"https:\/\/portaltela.pt\/#website\",\"url\":\"https:\/\/portaltela.pt\/\",\"name\":\"Portal Tela Portugal\",\"description\":\"\",\"potentialAction\":[{\"@type\":\"SearchAction\",\"target\":{\"@type\":\"EntryPoint\",\"urlTemplate\":\"https:\/\/portaltela.pt\/?s={search_term_string}\"},\"query-input\":{\"@type\":\"PropertyValueSpecification\",\"valueRequired\":true,\"valueName\":\"search_term_string\"}}],\"inLanguage\":\"pt-PT\"},{\"@type\":\"Person\",\"@id\":\"https:\/\/portaltela.pt\/#\/schema\/person\/c4278d4a6028830caff9ee44b42d32ed\",\"name\":\"Telinha\",\"image\":{\"@type\":\"ImageObject\",\"inLanguage\":\"pt-PT\",\"@id\":\"https:\/\/portaltela.pt\/s.01k8rhncp4jt1\/2025\/11\/talking-bot-125x125.png\",\"url\":\"https:\/\/portaltela.pt\/s.01k8rhncp4jt1\/2025\/11\/talking-bot-125x125.png\",\"contentUrl\":\"https:\/\/portaltela.pt\/s.01k8rhncp4jt1\/2025\/11\/talking-bot-125x125.png\",\"caption\":\"Telinha\"},\"sameAs\":[\"https:\/\/portaltela.pt\/\"],\"url\":\"https:\/\/portaltela.pt\/por\/367410592786\/\"}]}<\/script>\n<!-- \/ Yoast SEO plugin. -->","yoast_head_json":{"title":"Lus\u00f3fonos assinam Conven\u00e7\u00e3o para proteger o ambiente marinho do Atl\u00e2ntico Sul - Portal Tela Portugal","robots":{"index":"index","follow":"follow","max-snippet":"max-snippet:-1","max-image-preview":"max-image-preview:large","max-video-preview":"max-video-preview:-1"},"og_locale":"pt_PT","og_type":"article","og_title":"Lus\u00f3fonos assinam Conven\u00e7\u00e3o para proteger o ambiente marinho do Atl\u00e2ntico Sul - Portal Tela Portugal","og_description":"Pa\u00edses lus\u00f3fonos assinaram uma conven\u00e7\u00e3o para a prote\u00e7\u00e3o do ambiente marinho no Atl\u00e2ntico Sul. O acordo visa promover a coopera\u00e7\u00e3o entre Estados de l\u00edngua portuguesa na regi\u00e3o. O objetivo \u00e9 proteger ecossistemas marinhos e melhorar a gest\u00e3o ambiental das \u00e1guas do Atl\u00e2ntico Sul. O conte\u00fado completo da not\u00edcia est\u00e1 dispon\u00edvel apenas para subscritores.","og_url":"https:\/\/portaltela.pt\/noticias\/2026\/04\/10\/lusofonos-assinam-convencao-para-proteger-o-ambiente-marinho-do-atlantico-sul\/","og_site_name":"Portal Tela Portugal","article_published_time":"2026-04-10T06:27:00+00:00","author":"Telinha","twitter_card":"summary_large_image","twitter_misc":{"Escrito por":"Telinha","Tempo estimado de leitura":"1 minuto"},"schema":{"@context":"https:\/\/schema.org","@graph":[{"@type":"Article","@id":"https:\/\/portaltela.pt\/noticias\/2026\/04\/10\/lusofonos-assinam-convencao-para-proteger-o-ambiente-marinho-do-atlantico-sul\/#article","isPartOf":{"@id":"https:\/\/portaltela.pt\/noticias\/2026\/04\/10\/lusofonos-assinam-convencao-para-proteger-o-ambiente-marinho-do-atlantico-sul\/"},"author":{"name":"Telinha","@id":"https:\/\/portaltela.pt\/#\/schema\/person\/c4278d4a6028830caff9ee44b42d32ed"},"headline":"Lus\u00f3fonos assinam Conven\u00e7\u00e3o para proteger o ambiente marinho do Atl\u00e2ntico Sul","datePublished":"2026-04-10T06:27:00+00:00","mainEntityOfPage":{"@id":"https:\/\/portaltela.pt\/noticias\/2026\/04\/10\/lusofonos-assinam-convencao-para-proteger-o-ambiente-marinho-do-atlantico-sul\/"},"wordCount":141,"image":{"@id":"https:\/\/portaltela.pt\/noticias\/2026\/04\/10\/lusofonos-assinam-convencao-para-proteger-o-ambiente-marinho-do-atlantico-sul\/#primaryimage"},"thumbnailUrl":"https:\/\/portaltela.pt\/s.01k8rhncp4jt1\/2026\/04\/CACHE_780X1200_ANALOG_WATERMARKED_20276768_871818_21032019014149.jpg","keywords":["_meio-ambiente","a \u00e1gua","ambiente","coopera\u00e7\u00e3o internacional","desenvolvimento sustent\u00e1vel","polui\u00e7\u00e3o ambiental"],"articleSection":["Meio Ambiente"],"inLanguage":"pt-PT"},{"@type":"WebPage","@id":"https:\/\/portaltela.pt\/noticias\/2026\/04\/10\/lusofonos-assinam-convencao-para-proteger-o-ambiente-marinho-do-atlantico-sul\/","url":"https:\/\/portaltela.pt\/noticias\/2026\/04\/10\/lusofonos-assinam-convencao-para-proteger-o-ambiente-marinho-do-atlantico-sul\/","name":"Lus\u00f3fonos assinam Conven\u00e7\u00e3o para proteger o ambiente marinho do Atl\u00e2ntico Sul - Portal Tela Portugal","isPartOf":{"@id":"https:\/\/portaltela.pt\/#website"},"primaryImageOfPage":{"@id":"https:\/\/portaltela.pt\/noticias\/2026\/04\/10\/lusofonos-assinam-convencao-para-proteger-o-ambiente-marinho-do-atlantico-sul\/#primaryimage"},"image":{"@id":"https:\/\/portaltela.pt\/noticias\/2026\/04\/10\/lusofonos-assinam-convencao-para-proteger-o-ambiente-marinho-do-atlantico-sul\/#primaryimage"},"thumbnailUrl":"https:\/\/portaltela.pt\/s.01k8rhncp4jt1\/2026\/04\/CACHE_780X1200_ANALOG_WATERMARKED_20276768_871818_21032019014149.jpg","datePublished":"2026-04-10T06:27:00+00:00","author":{"@id":"https:\/\/portaltela.pt\/#\/schema\/person\/c4278d4a6028830caff9ee44b42d32ed"},"breadcrumb":{"@id":"https:\/\/portaltela.pt\/noticias\/2026\/04\/10\/lusofonos-assinam-convencao-para-proteger-o-ambiente-marinho-do-atlantico-sul\/#breadcrumb"},"inLanguage":"pt-PT","potentialAction":[{"@type":"ReadAction","target":["https:\/\/portaltela.pt\/noticias\/2026\/04\/10\/lusofonos-assinam-convencao-para-proteger-o-ambiente-marinho-do-atlantico-sul\/"]}]},{"@type":"ImageObject","inLanguage":"pt-PT","@id":"https:\/\/portaltela.pt\/noticias\/2026\/04\/10\/lusofonos-assinam-convencao-para-proteger-o-ambiente-marinho-do-atlantico-sul\/#primaryimage","url":"https:\/\/portaltela.pt\/s.01k8rhncp4jt1\/2026\/04\/CACHE_780X1200_ANALOG_WATERMARKED_20276768_871818_21032019014149.jpg","contentUrl":"https:\/\/portaltela.pt\/s.01k8rhncp4jt1\/2026\/04\/CACHE_780X1200_ANALOG_WATERMARKED_20276768_871818_21032019014149.jpg","width":796,"height":448,"caption":"Lus\u00f3fonos assinam Conven\u00e7\u00e3o para a Prote\u00e7\u00e3o do Ambiente Marinho no Atl\u00e2ntico Sul"},{"@type":"BreadcrumbList","@id":"https:\/\/portaltela.pt\/noticias\/2026\/04\/10\/lusofonos-assinam-convencao-para-proteger-o-ambiente-marinho-do-atlantico-sul\/#breadcrumb","itemListElement":[{"@type":"ListItem","position":1,"name":"In\u00edcio","item":"https:\/\/portaltela.pt\/"},{"@type":"ListItem","position":2,"name":"Lus\u00f3fonos assinam Conven\u00e7\u00e3o para proteger o ambiente marinho do Atl\u00e2ntico Sul"}]},{"@type":"WebSite","@id":"https:\/\/portaltela.pt\/#website","url":"https:\/\/portaltela.pt\/","name":"Portal Tela Portugal","description":"","potentialAction":[{"@type":"SearchAction","target":{"@type":"EntryPoint","urlTemplate":"https:\/\/portaltela.pt\/?s={search_term_string}"},"query-input":{"@type":"PropertyValueSpecification","valueRequired":true,"valueName":"search_term_string"}}],"inLanguage":"pt-PT"},{"@type":"Person","@id":"https:\/\/portaltela.pt\/#\/schema\/person\/c4278d4a6028830caff9ee44b42d32ed","name":"Telinha","image":{"@type":"ImageObject","inLanguage":"pt-PT","@id":"https:\/\/portaltela.pt\/s.01k8rhncp4jt1\/2025\/11\/talking-bot-125x125.png","url":"https:\/\/portaltela.pt\/s.01k8rhncp4jt1\/2025\/11\/talking-bot-125x125.png","contentUrl":"https:\/\/portaltela.pt\/s.01k8rhncp4jt1\/2025\/11\/talking-bot-125x125.png","caption":"Telinha"},"sameAs":["https:\/\/portaltela.pt\/"],"url":"https:\/\/portaltela.pt\/por\/367410592786\/"}]}},"_links":{"self":[{"href":"https:\/\/portaltela.pt\/api\/wp\/v2\/posts\/438926","targetHints":{"allow":["GET"]}}],"collection":[{"href":"https:\/\/portaltela.pt\/api\/wp\/v2\/posts"}],"about":[{"href":"https:\/\/portaltela.pt\/api\/wp\/v2\/types\/post"}],"author":[{"embeddable":true,"href":"https:\/\/portaltela.pt\/api\/wp\/v2\/users\/2"}],"replies":[{"embeddable":true,"href":"https:\/\/portaltela.pt\/api\/wp\/v2\/comments?post=438926"}],"version-history":[{"count":0,"href":"https:\/\/portaltela.pt\/api\/wp\/v2\/posts\/438926\/revisions"}],"wp:featuredmedia":[{"embeddable":true,"href":"https:\/\/portaltela.pt\/api\/wp\/v2\/media\/438929"}],"wp:attachment":[{"href":"https:\/\/portaltela.pt\/api\/wp\/v2\/media?parent=438926"}],"wp:term":[{"taxonomy":"category","embeddable":true,"href":"https:\/\/portaltela.pt\/api\/wp\/v2\/categories?post=438926"},{"taxonomy":"post_tag","embeddable":true,"href":"https:\/\/portaltela.pt\/api\/wp\/v2\/tags?post=438926"}],"curies":[{"name":"wp","href":"https:\/\/api.w.org\/{rel}","templated":true}]}}