{"id":438920,"date":"2026-04-10T02:18:00","date_gmt":"2026-04-10T05:18:00","guid":{"rendered":"https:\/\/portaltela.pt\/noticias\/2026\/04\/10\/sistema-de-deposito-de-embalagens-com-reembolso-inicia-hoje-no-pais\/"},"modified":"2026-04-10T02:18:00","modified_gmt":"2026-04-10T05:18:00","slug":"sistema-de-deposito-de-embalagens-com-reembolso-inicia-hoje-no-pais","status":"publish","type":"post","link":"https:\/\/portaltela.pt\/noticias\/2026\/04\/10\/sistema-de-deposito-de-embalagens-com-reembolso-inicia-hoje-no-pais\/","title":{"rendered":"Sistema de dep\u00f3sito de embalagens com reembolso inicia hoje no pa\u00eds"},"content":{"rendered":"<p>O sistema de dep\u00f3sito de embalagens com reembolso come\u00e7a hoje em todo o pa\u00eds, com o objetivo de incentivar a reciclagem e reduzir res\u00edduos. A medida entra em vigor de forma nacional, abrangendo v\u00e1rias lojas e pontos de recolha.<\/p>\n<p>As autoridades respons\u00e1veis anunciam o arranque do programa, com a participa\u00e7\u00e3o de entidades reguladoras, bem como empresas do setor e consumidores. Conte\u00fado completo dispon\u00edvel apenas para subscritores.<\/p>\n<p>O lan\u00e7amento acontece num momento em que o pa\u00eds refor\u00e7a pol\u00edticas de gest\u00e3o de res\u00edduos. O programa permite devolver embalagens vazias para cr\u00e9dito ou reembolso, visando facilitar a participa\u00e7\u00e3o p\u00fablica e a economia circular.<\/p>\n","protected":false},"excerpt":{"rendered":"<ul>\n<li>Sistema de dep\u00f3sito de embalagens com reembolso inicia hoje em todo o pa\u00eds.<\/li>\n<li>O conte\u00fado completo est\u00e1 dispon\u00edvel apenas para subscritores.<\/li>\n<li>A medida visa incentivar a devolu\u00e7\u00e3o de embalagens usadas mediante reembolso.<\/li>\n<li>O programa abrange todo o territ\u00f3rio nacional.<\/li>\n<\/ul>\n","protected":false},"author":2,"featured_media":438922,"comment_status":"closed","ping_status":"closed","sticky":false,"template":"","format":"standard","meta":{"footnotes":""},"categories":[6725,1],"tags":[6115,7767,1540,2667,7621,645],"class_list":["post-438920","post","type-post","status-publish","format-standard","has-post-thumbnail","hentry","category-meio-ambiente","category-noticias","tag-_economia","tag-_meio-ambiente","tag-economia-circular","tag-gestao-de-residuos","tag-reciclagem-urbana","tag-residuos"],"yoast_head":"<!-- This site is optimized with the Yoast SEO plugin v27.2 - https:\/\/yoast.com\/product\/yoast-seo-wordpress\/ -->\n<title>Sistema de dep\u00f3sito de embalagens com reembolso inicia hoje no pa\u00eds - Portal Tela Portugal<\/title>\n<meta name=\"robots\" content=\"index, follow, max-snippet:-1, max-image-preview:large, max-video-preview:-1\" \/>\n<meta property=\"og:locale\" content=\"pt_PT\" \/>\n<meta property=\"og:type\" content=\"article\" \/>\n<meta property=\"og:title\" content=\"Sistema de dep\u00f3sito de embalagens com reembolso inicia hoje no pa\u00eds - Portal Tela Portugal\" \/>\n<meta property=\"og:description\" content=\"Sistema de dep\u00f3sito de embalagens com reembolso inicia hoje em todo o pa\u00eds. O conte\u00fado completo est\u00e1 dispon\u00edvel apenas para subscritores. A medida visa incentivar a devolu\u00e7\u00e3o de embalagens usadas mediante reembolso. O programa abrange todo o territ\u00f3rio nacional.\" \/>\n<meta property=\"og:url\" content=\"https:\/\/portaltela.pt\/noticias\/2026\/04\/10\/sistema-de-deposito-de-embalagens-com-reembolso-inicia-hoje-no-pais\/\" \/>\n<meta property=\"og:site_name\" content=\"Portal Tela Portugal\" \/>\n<meta property=\"article:published_time\" content=\"2026-04-10T05:18:00+00:00\" \/>\n<meta name=\"author\" content=\"Telinha\" \/>\n<meta name=\"twitter:card\" content=\"summary_large_image\" \/>\n<meta name=\"twitter:label1\" content=\"Escrito por\" \/>\n\t<meta name=\"twitter:data1\" content=\"Telinha\" \/>\n\t<meta name=\"twitter:label2\" content=\"Tempo estimado de leitura\" \/>\n\t<meta name=\"twitter:data2\" content=\"1 minuto\" \/>\n<script type=\"application\/ld+json\" class=\"yoast-schema-graph\">{\"@context\":\"https:\/\/schema.org\",\"@graph\":[{\"@type\":\"Article\",\"@id\":\"https:\/\/portaltela.pt\/noticias\/2026\/04\/10\/sistema-de-deposito-de-embalagens-com-reembolso-inicia-hoje-no-pais\/#article\",\"isPartOf\":{\"@id\":\"https:\/\/portaltela.pt\/noticias\/2026\/04\/10\/sistema-de-deposito-de-embalagens-com-reembolso-inicia-hoje-no-pais\/\"},\"author\":{\"name\":\"Telinha\",\"@id\":\"https:\/\/portaltela.pt\/#\/schema\/person\/c4278d4a6028830caff9ee44b42d32ed\"},\"headline\":\"Sistema de dep\u00f3sito de embalagens com reembolso inicia hoje no pa\u00eds\",\"datePublished\":\"2026-04-10T05:18:00+00:00\",\"mainEntityOfPage\":{\"@id\":\"https:\/\/portaltela.pt\/noticias\/2026\/04\/10\/sistema-de-deposito-de-embalagens-com-reembolso-inicia-hoje-no-pais\/\"},\"wordCount\":131,\"image\":{\"@id\":\"https:\/\/portaltela.pt\/noticias\/2026\/04\/10\/sistema-de-deposito-de-embalagens-com-reembolso-inicia-hoje-no-pais\/#primaryimage\"},\"thumbnailUrl\":\"https:\/\/portaltela.pt\/s.01k8rhncp4jt1\/2026\/04\/CACHE_780X1200_ANALOG_WATERMARKED_46894697_3429414_08042026033626.jpg\",\"keywords\":[\"_economia\",\"_meio-ambiente\",\"economia circular\",\"gest\u00e3o de res\u00edduos\",\"reciclagem urbana\",\"res\u00edduos\"],\"articleSection\":[\"Meio Ambiente\",\"Not\u00edcias\"],\"inLanguage\":\"pt-PT\"},{\"@type\":\"WebPage\",\"@id\":\"https:\/\/portaltela.pt\/noticias\/2026\/04\/10\/sistema-de-deposito-de-embalagens-com-reembolso-inicia-hoje-no-pais\/\",\"url\":\"https:\/\/portaltela.pt\/noticias\/2026\/04\/10\/sistema-de-deposito-de-embalagens-com-reembolso-inicia-hoje-no-pais\/\",\"name\":\"Sistema de dep\u00f3sito de embalagens com reembolso inicia hoje no pa\u00eds - Portal Tela Portugal\",\"isPartOf\":{\"@id\":\"https:\/\/portaltela.pt\/#website\"},\"primaryImageOfPage\":{\"@id\":\"https:\/\/portaltela.pt\/noticias\/2026\/04\/10\/sistema-de-deposito-de-embalagens-com-reembolso-inicia-hoje-no-pais\/#primaryimage\"},\"image\":{\"@id\":\"https:\/\/portaltela.pt\/noticias\/2026\/04\/10\/sistema-de-deposito-de-embalagens-com-reembolso-inicia-hoje-no-pais\/#primaryimage\"},\"thumbnailUrl\":\"https:\/\/portaltela.pt\/s.01k8rhncp4jt1\/2026\/04\/CACHE_780X1200_ANALOG_WATERMARKED_46894697_3429414_08042026033626.jpg\",\"datePublished\":\"2026-04-10T05:18:00+00:00\",\"author\":{\"@id\":\"https:\/\/portaltela.pt\/#\/schema\/person\/c4278d4a6028830caff9ee44b42d32ed\"},\"breadcrumb\":{\"@id\":\"https:\/\/portaltela.pt\/noticias\/2026\/04\/10\/sistema-de-deposito-de-embalagens-com-reembolso-inicia-hoje-no-pais\/#breadcrumb\"},\"inLanguage\":\"pt-PT\",\"potentialAction\":[{\"@type\":\"ReadAction\",\"target\":[\"https:\/\/portaltela.pt\/noticias\/2026\/04\/10\/sistema-de-deposito-de-embalagens-com-reembolso-inicia-hoje-no-pais\/\"]}]},{\"@type\":\"ImageObject\",\"inLanguage\":\"pt-PT\",\"@id\":\"https:\/\/portaltela.pt\/noticias\/2026\/04\/10\/sistema-de-deposito-de-embalagens-com-reembolso-inicia-hoje-no-pais\/#primaryimage\",\"url\":\"https:\/\/portaltela.pt\/s.01k8rhncp4jt1\/2026\/04\/CACHE_780X1200_ANALOG_WATERMARKED_46894697_3429414_08042026033626.jpg\",\"contentUrl\":\"https:\/\/portaltela.pt\/s.01k8rhncp4jt1\/2026\/04\/CACHE_780X1200_ANALOG_WATERMARKED_46894697_3429414_08042026033626.jpg\",\"width\":768,\"height\":512,\"caption\":\"Sistema de dep\u00f3sito de embalagens com reembolso come\u00e7a hoje em todo o pa\u00eds\"},{\"@type\":\"BreadcrumbList\",\"@id\":\"https:\/\/portaltela.pt\/noticias\/2026\/04\/10\/sistema-de-deposito-de-embalagens-com-reembolso-inicia-hoje-no-pais\/#breadcrumb\",\"itemListElement\":[{\"@type\":\"ListItem\",\"position\":1,\"name\":\"In\u00edcio\",\"item\":\"https:\/\/portaltela.pt\/\"},{\"@type\":\"ListItem\",\"position\":2,\"name\":\"Sistema de dep\u00f3sito de embalagens com reembolso inicia hoje no pa\u00eds\"}]},{\"@type\":\"WebSite\",\"@id\":\"https:\/\/portaltela.pt\/#website\",\"url\":\"https:\/\/portaltela.pt\/\",\"name\":\"Portal Tela Portugal\",\"description\":\"\",\"potentialAction\":[{\"@type\":\"SearchAction\",\"target\":{\"@type\":\"EntryPoint\",\"urlTemplate\":\"https:\/\/portaltela.pt\/?s={search_term_string}\"},\"query-input\":{\"@type\":\"PropertyValueSpecification\",\"valueRequired\":true,\"valueName\":\"search_term_string\"}}],\"inLanguage\":\"pt-PT\"},{\"@type\":\"Person\",\"@id\":\"https:\/\/portaltela.pt\/#\/schema\/person\/c4278d4a6028830caff9ee44b42d32ed\",\"name\":\"Telinha\",\"image\":{\"@type\":\"ImageObject\",\"inLanguage\":\"pt-PT\",\"@id\":\"https:\/\/portaltela.pt\/s.01k8rhncp4jt1\/2025\/11\/talking-bot-125x125.png\",\"url\":\"https:\/\/portaltela.pt\/s.01k8rhncp4jt1\/2025\/11\/talking-bot-125x125.png\",\"contentUrl\":\"https:\/\/portaltela.pt\/s.01k8rhncp4jt1\/2025\/11\/talking-bot-125x125.png\",\"caption\":\"Telinha\"},\"sameAs\":[\"https:\/\/portaltela.pt\/\"],\"url\":\"https:\/\/portaltela.pt\/por\/367410592786\/\"}]}<\/script>\n<!-- \/ Yoast SEO plugin. -->","yoast_head_json":{"title":"Sistema de dep\u00f3sito de embalagens com reembolso inicia hoje no pa\u00eds - Portal Tela Portugal","robots":{"index":"index","follow":"follow","max-snippet":"max-snippet:-1","max-image-preview":"max-image-preview:large","max-video-preview":"max-video-preview:-1"},"og_locale":"pt_PT","og_type":"article","og_title":"Sistema de dep\u00f3sito de embalagens com reembolso inicia hoje no pa\u00eds - Portal Tela Portugal","og_description":"Sistema de dep\u00f3sito de embalagens com reembolso inicia hoje em todo o pa\u00eds. O conte\u00fado completo est\u00e1 dispon\u00edvel apenas para subscritores. A medida visa incentivar a devolu\u00e7\u00e3o de embalagens usadas mediante reembolso. O programa abrange todo o territ\u00f3rio nacional.","og_url":"https:\/\/portaltela.pt\/noticias\/2026\/04\/10\/sistema-de-deposito-de-embalagens-com-reembolso-inicia-hoje-no-pais\/","og_site_name":"Portal Tela Portugal","article_published_time":"2026-04-10T05:18:00+00:00","author":"Telinha","twitter_card":"summary_large_image","twitter_misc":{"Escrito por":"Telinha","Tempo estimado de leitura":"1 minuto"},"schema":{"@context":"https:\/\/schema.org","@graph":[{"@type":"Article","@id":"https:\/\/portaltela.pt\/noticias\/2026\/04\/10\/sistema-de-deposito-de-embalagens-com-reembolso-inicia-hoje-no-pais\/#article","isPartOf":{"@id":"https:\/\/portaltela.pt\/noticias\/2026\/04\/10\/sistema-de-deposito-de-embalagens-com-reembolso-inicia-hoje-no-pais\/"},"author":{"name":"Telinha","@id":"https:\/\/portaltela.pt\/#\/schema\/person\/c4278d4a6028830caff9ee44b42d32ed"},"headline":"Sistema de dep\u00f3sito de embalagens com reembolso inicia hoje no pa\u00eds","datePublished":"2026-04-10T05:18:00+00:00","mainEntityOfPage":{"@id":"https:\/\/portaltela.pt\/noticias\/2026\/04\/10\/sistema-de-deposito-de-embalagens-com-reembolso-inicia-hoje-no-pais\/"},"wordCount":131,"image":{"@id":"https:\/\/portaltela.pt\/noticias\/2026\/04\/10\/sistema-de-deposito-de-embalagens-com-reembolso-inicia-hoje-no-pais\/#primaryimage"},"thumbnailUrl":"https:\/\/portaltela.pt\/s.01k8rhncp4jt1\/2026\/04\/CACHE_780X1200_ANALOG_WATERMARKED_46894697_3429414_08042026033626.jpg","keywords":["_economia","_meio-ambiente","economia circular","gest\u00e3o de res\u00edduos","reciclagem urbana","res\u00edduos"],"articleSection":["Meio Ambiente","Not\u00edcias"],"inLanguage":"pt-PT"},{"@type":"WebPage","@id":"https:\/\/portaltela.pt\/noticias\/2026\/04\/10\/sistema-de-deposito-de-embalagens-com-reembolso-inicia-hoje-no-pais\/","url":"https:\/\/portaltela.pt\/noticias\/2026\/04\/10\/sistema-de-deposito-de-embalagens-com-reembolso-inicia-hoje-no-pais\/","name":"Sistema de dep\u00f3sito de embalagens com reembolso inicia hoje no pa\u00eds - Portal Tela Portugal","isPartOf":{"@id":"https:\/\/portaltela.pt\/#website"},"primaryImageOfPage":{"@id":"https:\/\/portaltela.pt\/noticias\/2026\/04\/10\/sistema-de-deposito-de-embalagens-com-reembolso-inicia-hoje-no-pais\/#primaryimage"},"image":{"@id":"https:\/\/portaltela.pt\/noticias\/2026\/04\/10\/sistema-de-deposito-de-embalagens-com-reembolso-inicia-hoje-no-pais\/#primaryimage"},"thumbnailUrl":"https:\/\/portaltela.pt\/s.01k8rhncp4jt1\/2026\/04\/CACHE_780X1200_ANALOG_WATERMARKED_46894697_3429414_08042026033626.jpg","datePublished":"2026-04-10T05:18:00+00:00","author":{"@id":"https:\/\/portaltela.pt\/#\/schema\/person\/c4278d4a6028830caff9ee44b42d32ed"},"breadcrumb":{"@id":"https:\/\/portaltela.pt\/noticias\/2026\/04\/10\/sistema-de-deposito-de-embalagens-com-reembolso-inicia-hoje-no-pais\/#breadcrumb"},"inLanguage":"pt-PT","potentialAction":[{"@type":"ReadAction","target":["https:\/\/portaltela.pt\/noticias\/2026\/04\/10\/sistema-de-deposito-de-embalagens-com-reembolso-inicia-hoje-no-pais\/"]}]},{"@type":"ImageObject","inLanguage":"pt-PT","@id":"https:\/\/portaltela.pt\/noticias\/2026\/04\/10\/sistema-de-deposito-de-embalagens-com-reembolso-inicia-hoje-no-pais\/#primaryimage","url":"https:\/\/portaltela.pt\/s.01k8rhncp4jt1\/2026\/04\/CACHE_780X1200_ANALOG_WATERMARKED_46894697_3429414_08042026033626.jpg","contentUrl":"https:\/\/portaltela.pt\/s.01k8rhncp4jt1\/2026\/04\/CACHE_780X1200_ANALOG_WATERMARKED_46894697_3429414_08042026033626.jpg","width":768,"height":512,"caption":"Sistema de dep\u00f3sito de embalagens com reembolso come\u00e7a hoje em todo o pa\u00eds"},{"@type":"BreadcrumbList","@id":"https:\/\/portaltela.pt\/noticias\/2026\/04\/10\/sistema-de-deposito-de-embalagens-com-reembolso-inicia-hoje-no-pais\/#breadcrumb","itemListElement":[{"@type":"ListItem","position":1,"name":"In\u00edcio","item":"https:\/\/portaltela.pt\/"},{"@type":"ListItem","position":2,"name":"Sistema de dep\u00f3sito de embalagens com reembolso inicia hoje no pa\u00eds"}]},{"@type":"WebSite","@id":"https:\/\/portaltela.pt\/#website","url":"https:\/\/portaltela.pt\/","name":"Portal Tela Portugal","description":"","potentialAction":[{"@type":"SearchAction","target":{"@type":"EntryPoint","urlTemplate":"https:\/\/portaltela.pt\/?s={search_term_string}"},"query-input":{"@type":"PropertyValueSpecification","valueRequired":true,"valueName":"search_term_string"}}],"inLanguage":"pt-PT"},{"@type":"Person","@id":"https:\/\/portaltela.pt\/#\/schema\/person\/c4278d4a6028830caff9ee44b42d32ed","name":"Telinha","image":{"@type":"ImageObject","inLanguage":"pt-PT","@id":"https:\/\/portaltela.pt\/s.01k8rhncp4jt1\/2025\/11\/talking-bot-125x125.png","url":"https:\/\/portaltela.pt\/s.01k8rhncp4jt1\/2025\/11\/talking-bot-125x125.png","contentUrl":"https:\/\/portaltela.pt\/s.01k8rhncp4jt1\/2025\/11\/talking-bot-125x125.png","caption":"Telinha"},"sameAs":["https:\/\/portaltela.pt\/"],"url":"https:\/\/portaltela.pt\/por\/367410592786\/"}]}},"_links":{"self":[{"href":"https:\/\/portaltela.pt\/api\/wp\/v2\/posts\/438920","targetHints":{"allow":["GET"]}}],"collection":[{"href":"https:\/\/portaltela.pt\/api\/wp\/v2\/posts"}],"about":[{"href":"https:\/\/portaltela.pt\/api\/wp\/v2\/types\/post"}],"author":[{"embeddable":true,"href":"https:\/\/portaltela.pt\/api\/wp\/v2\/users\/2"}],"replies":[{"embeddable":true,"href":"https:\/\/portaltela.pt\/api\/wp\/v2\/comments?post=438920"}],"version-history":[{"count":0,"href":"https:\/\/portaltela.pt\/api\/wp\/v2\/posts\/438920\/revisions"}],"wp:featuredmedia":[{"embeddable":true,"href":"https:\/\/portaltela.pt\/api\/wp\/v2\/media\/438922"}],"wp:attachment":[{"href":"https:\/\/portaltela.pt\/api\/wp\/v2\/media?parent=438920"}],"wp:term":[{"taxonomy":"category","embeddable":true,"href":"https:\/\/portaltela.pt\/api\/wp\/v2\/categories?post=438920"},{"taxonomy":"post_tag","embeddable":true,"href":"https:\/\/portaltela.pt\/api\/wp\/v2\/tags?post=438920"}],"curies":[{"name":"wp","href":"https:\/\/api.w.org\/{rel}","templated":true}]}}