{"id":438914,"date":"2026-04-10T05:16:50","date_gmt":"2026-04-10T08:16:50","guid":{"rendered":"https:\/\/portaltela.pt\/noticias\/2026\/04\/10\/alentejo-com-aviso-amarelo-por-chuva-e-vento-neste-sabado\/"},"modified":"2026-04-10T05:16:50","modified_gmt":"2026-04-10T08:16:50","slug":"alentejo-com-aviso-amarelo-por-chuva-e-vento-neste-sabado","status":"publish","type":"post","link":"https:\/\/portaltela.pt\/tempo\/2026\/04\/10\/alentejo-com-aviso-amarelo-por-chuva-e-vento-neste-sabado\/","title":{"rendered":"Alentejo com aviso amarelo por chuva e vento neste s\u00e1bado"},"content":{"rendered":"<p>Os distritos de Set\u00fabal, \u00c9vora e Beja est\u00e3o hoje sob aviso amarelo, o primeiro de tr\u00eas n\u00edveis, devido \u00e0 previs\u00e3o de chuva intensa e forma\u00e7\u00e3o de granizo, al\u00e9m de fortes rajadas de vento.<\/p>\n<p>O alerta indica que podem ocorrer precipita\u00e7\u00f5es fortes e granizo em parte do Alentejo, com ventos mais intensos em zonas costeiras e serranas. As autoridades recomendam precau\u00e7\u00e3o.<\/p>\n<p>N\u00e3o foram divulgados detalhes sobre hor\u00e1rios de pico ou \u00e1reas mais afetadas, mas o estado de alerta permanece ativo enquanto a previs\u00e3o atinge o territ\u00f3rio.<\/p>\n","protected":false},"excerpt":{"rendered":"<ul>\n<li>Os distritos de Set\u00fabal, \u00c9vora e Beja est\u00e3o hoje sob aviso amarelo.<\/li>\n<li>O aviso amarelo \u00e9 o primeiro de tr\u00eas n\u00edveis.<\/li>\n<li>A raz\u00e3o \u00e9 a prov\u00e1vel ocorr\u00eancia de chuva intensa, forma\u00e7\u00e3o de granizo e fortes rajadas de vento.<\/li>\n<li>A situa\u00e7\u00e3o \u00e9 relacionada com o Alentejo, segundo a informa\u00e7\u00e3o apresentada.<\/li>\n<\/ul>\n","protected":false},"author":2,"featured_media":438916,"comment_status":"closed","ping_status":"closed","sticky":false,"template":"","format":"standard","meta":{"footnotes":""},"categories":[7380,7365],"tags":[883,3658,943,1074,2161,994],"class_list":["post-438914","post","type-post","status-publish","format-standard","has-post-thumbnail","hentry","category-clima","category-tempo","tag-alentejo","tag-aviso-amarelo","tag-beja","tag-evora","tag-granizo","tag-setubal"],"yoast_head":"<!-- This site is optimized with the Yoast SEO plugin v27.2 - https:\/\/yoast.com\/product\/yoast-seo-wordpress\/ -->\n<title>Alentejo com aviso amarelo por chuva e vento neste s\u00e1bado - Portal Tela Portugal<\/title>\n<meta name=\"robots\" content=\"index, follow, max-snippet:-1, max-image-preview:large, max-video-preview:-1\" \/>\n<meta property=\"og:locale\" content=\"pt_PT\" \/>\n<meta property=\"og:type\" content=\"article\" \/>\n<meta property=\"og:title\" content=\"Alentejo com aviso amarelo por chuva e vento neste s\u00e1bado - Portal Tela Portugal\" \/>\n<meta property=\"og:description\" content=\"Os distritos de Set\u00fabal, \u00c9vora e Beja est\u00e3o hoje sob aviso amarelo. O aviso amarelo \u00e9 o primeiro de tr\u00eas n\u00edveis. A raz\u00e3o \u00e9 a prov\u00e1vel ocorr\u00eancia de chuva intensa, forma\u00e7\u00e3o de granizo e fortes rajadas de vento. A situa\u00e7\u00e3o \u00e9 relacionada com o Alentejo, segundo a informa\u00e7\u00e3o apresentada.\" \/>\n<meta property=\"og:url\" content=\"https:\/\/portaltela.pt\/noticias\/2026\/04\/10\/alentejo-com-aviso-amarelo-por-chuva-e-vento-neste-sabado\/\" \/>\n<meta property=\"og:site_name\" content=\"Portal Tela Portugal\" \/>\n<meta property=\"article:published_time\" content=\"2026-04-10T08:16:50+00:00\" \/>\n<meta name=\"author\" content=\"Telinha\" \/>\n<meta name=\"twitter:card\" content=\"summary_large_image\" \/>\n<meta name=\"twitter:label1\" content=\"Escrito por\" \/>\n\t<meta name=\"twitter:data1\" content=\"Telinha\" \/>\n<script type=\"application\/ld+json\" class=\"yoast-schema-graph\">{\"@context\":\"https:\/\/schema.org\",\"@graph\":[{\"@type\":\"Article\",\"@id\":\"https:\/\/portaltela.pt\/noticias\/2026\/04\/10\/alentejo-com-aviso-amarelo-por-chuva-e-vento-neste-sabado\/#article\",\"isPartOf\":{\"@id\":\"https:\/\/portaltela.pt\/noticias\/2026\/04\/10\/alentejo-com-aviso-amarelo-por-chuva-e-vento-neste-sabado\/\"},\"author\":{\"name\":\"Telinha\",\"@id\":\"https:\/\/portaltela.pt\/#\/schema\/person\/c4278d4a6028830caff9ee44b42d32ed\"},\"headline\":\"Alentejo com aviso amarelo por chuva e vento neste s\u00e1bado\",\"datePublished\":\"2026-04-10T08:16:50+00:00\",\"mainEntityOfPage\":{\"@id\":\"https:\/\/portaltela.pt\/noticias\/2026\/04\/10\/alentejo-com-aviso-amarelo-por-chuva-e-vento-neste-sabado\/\"},\"wordCount\":108,\"image\":{\"@id\":\"https:\/\/portaltela.pt\/noticias\/2026\/04\/10\/alentejo-com-aviso-amarelo-por-chuva-e-vento-neste-sabado\/#primaryimage\"},\"thumbnailUrl\":\"https:\/\/portaltela.pt\/s.01k8rhncp4jt1\/2026\/04\/CACHE_780X1200_ANALOG_WATERMARKED_46023975_2992087_13112025093640.jpg\",\"keywords\":[\"Alentejo\",\"aviso amarelo\",\"Beja\",\"\u00c9vora\",\"granizo\",\"Set\u00fabal\"],\"articleSection\":[\"Clima\",\"Tempo\"],\"inLanguage\":\"pt-PT\"},{\"@type\":\"WebPage\",\"@id\":\"https:\/\/portaltela.pt\/noticias\/2026\/04\/10\/alentejo-com-aviso-amarelo-por-chuva-e-vento-neste-sabado\/\",\"url\":\"https:\/\/portaltela.pt\/noticias\/2026\/04\/10\/alentejo-com-aviso-amarelo-por-chuva-e-vento-neste-sabado\/\",\"name\":\"Alentejo com aviso amarelo por chuva e vento neste s\u00e1bado - Portal Tela Portugal\",\"isPartOf\":{\"@id\":\"https:\/\/portaltela.pt\/#website\"},\"primaryImageOfPage\":{\"@id\":\"https:\/\/portaltela.pt\/noticias\/2026\/04\/10\/alentejo-com-aviso-amarelo-por-chuva-e-vento-neste-sabado\/#primaryimage\"},\"image\":{\"@id\":\"https:\/\/portaltela.pt\/noticias\/2026\/04\/10\/alentejo-com-aviso-amarelo-por-chuva-e-vento-neste-sabado\/#primaryimage\"},\"thumbnailUrl\":\"https:\/\/portaltela.pt\/s.01k8rhncp4jt1\/2026\/04\/CACHE_780X1200_ANALOG_WATERMARKED_46023975_2992087_13112025093640.jpg\",\"datePublished\":\"2026-04-10T08:16:50+00:00\",\"author\":{\"@id\":\"https:\/\/portaltela.pt\/#\/schema\/person\/c4278d4a6028830caff9ee44b42d32ed\"},\"breadcrumb\":{\"@id\":\"https:\/\/portaltela.pt\/noticias\/2026\/04\/10\/alentejo-com-aviso-amarelo-por-chuva-e-vento-neste-sabado\/#breadcrumb\"},\"inLanguage\":\"pt-PT\",\"potentialAction\":[{\"@type\":\"ReadAction\",\"target\":[\"https:\/\/portaltela.pt\/noticias\/2026\/04\/10\/alentejo-com-aviso-amarelo-por-chuva-e-vento-neste-sabado\/\"]}]},{\"@type\":\"ImageObject\",\"inLanguage\":\"pt-PT\",\"@id\":\"https:\/\/portaltela.pt\/noticias\/2026\/04\/10\/alentejo-com-aviso-amarelo-por-chuva-e-vento-neste-sabado\/#primaryimage\",\"url\":\"https:\/\/portaltela.pt\/s.01k8rhncp4jt1\/2026\/04\/CACHE_780X1200_ANALOG_WATERMARKED_46023975_2992087_13112025093640.jpg\",\"contentUrl\":\"https:\/\/portaltela.pt\/s.01k8rhncp4jt1\/2026\/04\/CACHE_780X1200_ANALOG_WATERMARKED_46023975_2992087_13112025093640.jpg\",\"width\":768,\"height\":512,\"caption\":\"Distritos do Alentejo com aviso amarelo devido \u00e0 chuva e vento chega no s\u00e1bado\"},{\"@type\":\"BreadcrumbList\",\"@id\":\"https:\/\/portaltela.pt\/noticias\/2026\/04\/10\/alentejo-com-aviso-amarelo-por-chuva-e-vento-neste-sabado\/#breadcrumb\",\"itemListElement\":[{\"@type\":\"ListItem\",\"position\":1,\"name\":\"In\u00edcio\",\"item\":\"https:\/\/portaltela.pt\/\"},{\"@type\":\"ListItem\",\"position\":2,\"name\":\"Alentejo com aviso amarelo por chuva e vento neste s\u00e1bado\"}]},{\"@type\":\"WebSite\",\"@id\":\"https:\/\/portaltela.pt\/#website\",\"url\":\"https:\/\/portaltela.pt\/\",\"name\":\"Portal Tela Portugal\",\"description\":\"\",\"potentialAction\":[{\"@type\":\"SearchAction\",\"target\":{\"@type\":\"EntryPoint\",\"urlTemplate\":\"https:\/\/portaltela.pt\/?s={search_term_string}\"},\"query-input\":{\"@type\":\"PropertyValueSpecification\",\"valueRequired\":true,\"valueName\":\"search_term_string\"}}],\"inLanguage\":\"pt-PT\"},{\"@type\":\"Person\",\"@id\":\"https:\/\/portaltela.pt\/#\/schema\/person\/c4278d4a6028830caff9ee44b42d32ed\",\"name\":\"Telinha\",\"image\":{\"@type\":\"ImageObject\",\"inLanguage\":\"pt-PT\",\"@id\":\"https:\/\/portaltela.pt\/s.01k8rhncp4jt1\/2025\/11\/talking-bot-125x125.png\",\"url\":\"https:\/\/portaltela.pt\/s.01k8rhncp4jt1\/2025\/11\/talking-bot-125x125.png\",\"contentUrl\":\"https:\/\/portaltela.pt\/s.01k8rhncp4jt1\/2025\/11\/talking-bot-125x125.png\",\"caption\":\"Telinha\"},\"sameAs\":[\"https:\/\/portaltela.pt\/\"],\"url\":\"https:\/\/portaltela.pt\/por\/367410592786\/\"}]}<\/script>\n<!-- \/ Yoast SEO plugin. -->","yoast_head_json":{"title":"Alentejo com aviso amarelo por chuva e vento neste s\u00e1bado - Portal Tela Portugal","robots":{"index":"index","follow":"follow","max-snippet":"max-snippet:-1","max-image-preview":"max-image-preview:large","max-video-preview":"max-video-preview:-1"},"og_locale":"pt_PT","og_type":"article","og_title":"Alentejo com aviso amarelo por chuva e vento neste s\u00e1bado - Portal Tela Portugal","og_description":"Os distritos de Set\u00fabal, \u00c9vora e Beja est\u00e3o hoje sob aviso amarelo. O aviso amarelo \u00e9 o primeiro de tr\u00eas n\u00edveis. A raz\u00e3o \u00e9 a prov\u00e1vel ocorr\u00eancia de chuva intensa, forma\u00e7\u00e3o de granizo e fortes rajadas de vento. A situa\u00e7\u00e3o \u00e9 relacionada com o Alentejo, segundo a informa\u00e7\u00e3o apresentada.","og_url":"https:\/\/portaltela.pt\/noticias\/2026\/04\/10\/alentejo-com-aviso-amarelo-por-chuva-e-vento-neste-sabado\/","og_site_name":"Portal Tela Portugal","article_published_time":"2026-04-10T08:16:50+00:00","author":"Telinha","twitter_card":"summary_large_image","twitter_misc":{"Escrito por":"Telinha"},"schema":{"@context":"https:\/\/schema.org","@graph":[{"@type":"Article","@id":"https:\/\/portaltela.pt\/noticias\/2026\/04\/10\/alentejo-com-aviso-amarelo-por-chuva-e-vento-neste-sabado\/#article","isPartOf":{"@id":"https:\/\/portaltela.pt\/noticias\/2026\/04\/10\/alentejo-com-aviso-amarelo-por-chuva-e-vento-neste-sabado\/"},"author":{"name":"Telinha","@id":"https:\/\/portaltela.pt\/#\/schema\/person\/c4278d4a6028830caff9ee44b42d32ed"},"headline":"Alentejo com aviso amarelo por chuva e vento neste s\u00e1bado","datePublished":"2026-04-10T08:16:50+00:00","mainEntityOfPage":{"@id":"https:\/\/portaltela.pt\/noticias\/2026\/04\/10\/alentejo-com-aviso-amarelo-por-chuva-e-vento-neste-sabado\/"},"wordCount":108,"image":{"@id":"https:\/\/portaltela.pt\/noticias\/2026\/04\/10\/alentejo-com-aviso-amarelo-por-chuva-e-vento-neste-sabado\/#primaryimage"},"thumbnailUrl":"https:\/\/portaltela.pt\/s.01k8rhncp4jt1\/2026\/04\/CACHE_780X1200_ANALOG_WATERMARKED_46023975_2992087_13112025093640.jpg","keywords":["Alentejo","aviso amarelo","Beja","\u00c9vora","granizo","Set\u00fabal"],"articleSection":["Clima","Tempo"],"inLanguage":"pt-PT"},{"@type":"WebPage","@id":"https:\/\/portaltela.pt\/noticias\/2026\/04\/10\/alentejo-com-aviso-amarelo-por-chuva-e-vento-neste-sabado\/","url":"https:\/\/portaltela.pt\/noticias\/2026\/04\/10\/alentejo-com-aviso-amarelo-por-chuva-e-vento-neste-sabado\/","name":"Alentejo com aviso amarelo por chuva e vento neste s\u00e1bado - Portal Tela Portugal","isPartOf":{"@id":"https:\/\/portaltela.pt\/#website"},"primaryImageOfPage":{"@id":"https:\/\/portaltela.pt\/noticias\/2026\/04\/10\/alentejo-com-aviso-amarelo-por-chuva-e-vento-neste-sabado\/#primaryimage"},"image":{"@id":"https:\/\/portaltela.pt\/noticias\/2026\/04\/10\/alentejo-com-aviso-amarelo-por-chuva-e-vento-neste-sabado\/#primaryimage"},"thumbnailUrl":"https:\/\/portaltela.pt\/s.01k8rhncp4jt1\/2026\/04\/CACHE_780X1200_ANALOG_WATERMARKED_46023975_2992087_13112025093640.jpg","datePublished":"2026-04-10T08:16:50+00:00","author":{"@id":"https:\/\/portaltela.pt\/#\/schema\/person\/c4278d4a6028830caff9ee44b42d32ed"},"breadcrumb":{"@id":"https:\/\/portaltela.pt\/noticias\/2026\/04\/10\/alentejo-com-aviso-amarelo-por-chuva-e-vento-neste-sabado\/#breadcrumb"},"inLanguage":"pt-PT","potentialAction":[{"@type":"ReadAction","target":["https:\/\/portaltela.pt\/noticias\/2026\/04\/10\/alentejo-com-aviso-amarelo-por-chuva-e-vento-neste-sabado\/"]}]},{"@type":"ImageObject","inLanguage":"pt-PT","@id":"https:\/\/portaltela.pt\/noticias\/2026\/04\/10\/alentejo-com-aviso-amarelo-por-chuva-e-vento-neste-sabado\/#primaryimage","url":"https:\/\/portaltela.pt\/s.01k8rhncp4jt1\/2026\/04\/CACHE_780X1200_ANALOG_WATERMARKED_46023975_2992087_13112025093640.jpg","contentUrl":"https:\/\/portaltela.pt\/s.01k8rhncp4jt1\/2026\/04\/CACHE_780X1200_ANALOG_WATERMARKED_46023975_2992087_13112025093640.jpg","width":768,"height":512,"caption":"Distritos do Alentejo com aviso amarelo devido \u00e0 chuva e vento chega no s\u00e1bado"},{"@type":"BreadcrumbList","@id":"https:\/\/portaltela.pt\/noticias\/2026\/04\/10\/alentejo-com-aviso-amarelo-por-chuva-e-vento-neste-sabado\/#breadcrumb","itemListElement":[{"@type":"ListItem","position":1,"name":"In\u00edcio","item":"https:\/\/portaltela.pt\/"},{"@type":"ListItem","position":2,"name":"Alentejo com aviso amarelo por chuva e vento neste s\u00e1bado"}]},{"@type":"WebSite","@id":"https:\/\/portaltela.pt\/#website","url":"https:\/\/portaltela.pt\/","name":"Portal Tela Portugal","description":"","potentialAction":[{"@type":"SearchAction","target":{"@type":"EntryPoint","urlTemplate":"https:\/\/portaltela.pt\/?s={search_term_string}"},"query-input":{"@type":"PropertyValueSpecification","valueRequired":true,"valueName":"search_term_string"}}],"inLanguage":"pt-PT"},{"@type":"Person","@id":"https:\/\/portaltela.pt\/#\/schema\/person\/c4278d4a6028830caff9ee44b42d32ed","name":"Telinha","image":{"@type":"ImageObject","inLanguage":"pt-PT","@id":"https:\/\/portaltela.pt\/s.01k8rhncp4jt1\/2025\/11\/talking-bot-125x125.png","url":"https:\/\/portaltela.pt\/s.01k8rhncp4jt1\/2025\/11\/talking-bot-125x125.png","contentUrl":"https:\/\/portaltela.pt\/s.01k8rhncp4jt1\/2025\/11\/talking-bot-125x125.png","caption":"Telinha"},"sameAs":["https:\/\/portaltela.pt\/"],"url":"https:\/\/portaltela.pt\/por\/367410592786\/"}]}},"_links":{"self":[{"href":"https:\/\/portaltela.pt\/api\/wp\/v2\/posts\/438914","targetHints":{"allow":["GET"]}}],"collection":[{"href":"https:\/\/portaltela.pt\/api\/wp\/v2\/posts"}],"about":[{"href":"https:\/\/portaltela.pt\/api\/wp\/v2\/types\/post"}],"author":[{"embeddable":true,"href":"https:\/\/portaltela.pt\/api\/wp\/v2\/users\/2"}],"replies":[{"embeddable":true,"href":"https:\/\/portaltela.pt\/api\/wp\/v2\/comments?post=438914"}],"version-history":[{"count":0,"href":"https:\/\/portaltela.pt\/api\/wp\/v2\/posts\/438914\/revisions"}],"wp:featuredmedia":[{"embeddable":true,"href":"https:\/\/portaltela.pt\/api\/wp\/v2\/media\/438916"}],"wp:attachment":[{"href":"https:\/\/portaltela.pt\/api\/wp\/v2\/media?parent=438914"}],"wp:term":[{"taxonomy":"category","embeddable":true,"href":"https:\/\/portaltela.pt\/api\/wp\/v2\/categories?post=438914"},{"taxonomy":"post_tag","embeddable":true,"href":"https:\/\/portaltela.pt\/api\/wp\/v2\/tags?post=438914"}],"curies":[{"name":"wp","href":"https:\/\/api.w.org\/{rel}","templated":true}]}}