{"id":438906,"date":"2026-04-10T05:02:23","date_gmt":"2026-04-10T08:02:23","guid":{"rendered":"https:\/\/portaltela.pt\/noticias\/2026\/04\/10\/o-labirinto-de-mourinho-valorizacao-de-ativos-e-criticas-publicas\/"},"modified":"2026-04-10T05:02:23","modified_gmt":"2026-04-10T08:02:23","slug":"o-labirinto-de-mourinho-valorizacao-de-ativos-e-criticas-publicas","status":"publish","type":"post","link":"https:\/\/portaltela.pt\/desporto\/futebol\/2026\/04\/10\/o-labirinto-de-mourinho-valorizacao-de-ativos-e-criticas-publicas\/","title":{"rendered":"O Labirinto de Mourinho: Valoriza\u00e7\u00e3o de ativos e cr\u00edticas p\u00fablicas"},"content":{"rendered":"<p>O Benfica vive um momento de escrut\u00ednio ap\u00f3s o \u00faltimo jogo frente ao Casa Pia. As declara\u00e7\u00f5es de Mourinho, ap\u00f3s o encontro, reacenderam o debate sobre a valoriza\u00e7\u00e3o de jogadores titulares e a forma de comunica\u00e7\u00e3o com o grupo. O foco recai sobre a gest\u00e3o interna e a continuidade do treinador.<\/p>\n<p>As observa\u00e7\u00f5es p\u00fablicas do t\u00e9cnico foram interpretadas como uma cr\u00edtica ao plantel, num momento de reconstru\u00e7\u00e3o ap\u00f3s uma \u00e9poca aqu\u00e9m das expectativas. Enquanto alguns defendem que a lideran\u00e7a exige transpar\u00eancia, outros alertam para o impacto emocional sobre os atletas e o ambiente dentro do balne\u00e1rio.<\/p>\n<p>A equipa tem mostrado lineage europeu contra grandes clubes, como Real Madrid e Atl\u00e9tico, mas aparenta maior dificuldade em jogos do campeonato interno. Este desequil\u00edbrio tem sido apontado como sintoma de uma alma ainda por encontrar no seio do clube.<\/p>\n<p>Analistas e adeptos perguntam se Mourinho pode manter o projeto a prazo sem recorrer a ajustes estrat\u00e9gicos. A prioridade passa pela estabilidade, organiza\u00e7\u00e3o e pela integra\u00e7\u00e3o de jovens da academia como pilares de um coletivo mais agressivo e identit\u00e1rio.<\/p>\n<h3>Perspetivas para o futuro<\/h3>\n<p>Para alguns, o Benfica precisa de um l\u00edder capaz de proteger a obra constru\u00edda. A continuidade de Mourinho \u00e9 vista como uma aposta na matura\u00e7\u00e3o de um projeto que n\u00e3o pode depender de impulsos. O objetivo \u00e9 transformar cr\u00edticas em prote\u00e7\u00e3o futura.<\/p>\n<p>A gest\u00e3o de equil\u00edbrio entre desempenho imediato e planeamento de m\u00e9dio prazo \u00e9 considerada crucial. O clube busca consolidar uma estrutura s\u00f3lida que permita o crescimento dos jovens e o aumento da consist\u00eancia competitiva.<\/p>\n","protected":false},"excerpt":{"rendered":"<ul>\n<li>Benfica atravessa uma fase de reconstru\u00e7\u00e3o, com foco na consist\u00eancia e numa redu\u00e7\u00e3o do fluxo de entradas e sa\u00eddas, valorizando as p\u00e9rolas da academia.<\/li>\n<li>As declara\u00e7\u00f5es de Jos\u00e9 Mourinho, ap\u00f3s o jogo com o Casa Pia, geraram controv\u00e9rsia ao valorizar alguns jogadores numatoque e, de seguida, critic\u00e1-los publicamente.<\/li>\n<li>Questiona-se por que a equipa se mostra bem-sucedida na Liga Europa contra grandes advers\u00e1rios, mas exibe apatia no campeonato dom\u00e9stico.<\/li>\n<li>Defende-se a necessidade de autocr\u00edtica por parte de Mourinho e de uma lideran\u00e7a que proteja o grupo e assegure a continuidade do projeto.<\/li>\n<li>Aponta-se a exig\u00eancia de um \u201carquiteto\u201d para estruturar o Benfica, promovendo um coletivo agressivo e identidade, para transformar cr\u00edticas em prote\u00e7\u00e3o futura e alcan\u00e7ar vit\u00f3rias.<\/li>\n<\/ul>\n","protected":false},"author":2,"featured_media":438909,"comment_status":"closed","ping_status":"closed","sticky":false,"template":"","format":"standard","meta":{"footnotes":""},"categories":[21,24],"tags":[4143,1946,152,32,4163,6802],"class_list":["post-438906","post","type-post","status-publish","format-standard","has-post-thumbnail","hentry","category-desporto","category-futebol","tag-1-liga","tag-benfica","tag-desporto","tag-futebol","tag-juniores","tag-lideranca"],"yoast_head":"<!-- This site is optimized with the Yoast SEO plugin v27.2 - https:\/\/yoast.com\/product\/yoast-seo-wordpress\/ -->\n<title>O Labirinto de Mourinho: Valoriza\u00e7\u00e3o de ativos e cr\u00edticas p\u00fablicas - Portal Tela Portugal<\/title>\n<meta name=\"robots\" content=\"index, follow, max-snippet:-1, max-image-preview:large, max-video-preview:-1\" \/>\n<meta property=\"og:locale\" content=\"pt_PT\" \/>\n<meta property=\"og:type\" content=\"article\" \/>\n<meta property=\"og:title\" content=\"O Labirinto de Mourinho: Valoriza\u00e7\u00e3o de ativos e cr\u00edticas p\u00fablicas - Portal Tela Portugal\" \/>\n<meta property=\"og:description\" content=\"Benfica atravessa uma fase de reconstru\u00e7\u00e3o, com foco na consist\u00eancia e numa redu\u00e7\u00e3o do fluxo de entradas e sa\u00eddas, valorizando as p\u00e9rolas da academia. As declara\u00e7\u00f5es de Jos\u00e9 Mourinho, ap\u00f3s o jogo com o Casa Pia, geraram controv\u00e9rsia ao valorizar alguns jogadores numatoque e, de seguida, critic\u00e1-los publicamente. Questiona-se por que a equipa se mostra bem-sucedida na Liga Europa contra grandes advers\u00e1rios, mas exibe apatia no campeonato dom\u00e9stico. Defende-se a necessidade de autocr\u00edtica por parte de Mourinho e de uma lideran\u00e7a que proteja o grupo e assegure a continuidade do projeto. Aponta-se a exig\u00eancia de um \u201carquiteto\u201d para estruturar o Benfica, promovendo um coletivo agressivo e identidade, para transformar cr\u00edticas em prote\u00e7\u00e3o futura e alcan\u00e7ar vit\u00f3rias.\" \/>\n<meta property=\"og:url\" content=\"https:\/\/portaltela.pt\/noticias\/2026\/04\/10\/o-labirinto-de-mourinho-valorizacao-de-ativos-e-criticas-publicas\/\" \/>\n<meta property=\"og:site_name\" content=\"Portal Tela Portugal\" \/>\n<meta property=\"article:published_time\" content=\"2026-04-10T08:02:23+00:00\" \/>\n<meta name=\"author\" content=\"Telinha\" \/>\n<meta name=\"twitter:card\" content=\"summary_large_image\" \/>\n<meta name=\"twitter:label1\" content=\"Escrito por\" \/>\n\t<meta name=\"twitter:data1\" content=\"Telinha\" \/>\n\t<meta name=\"twitter:label2\" content=\"Tempo estimado de leitura\" \/>\n\t<meta name=\"twitter:data2\" content=\"1 minuto\" \/>\n<script type=\"application\/ld+json\" class=\"yoast-schema-graph\">{\"@context\":\"https:\/\/schema.org\",\"@graph\":[{\"@type\":\"Article\",\"@id\":\"https:\/\/portaltela.pt\/noticias\/2026\/04\/10\/o-labirinto-de-mourinho-valorizacao-de-ativos-e-criticas-publicas\/#article\",\"isPartOf\":{\"@id\":\"https:\/\/portaltela.pt\/noticias\/2026\/04\/10\/o-labirinto-de-mourinho-valorizacao-de-ativos-e-criticas-publicas\/\"},\"author\":{\"name\":\"Telinha\",\"@id\":\"https:\/\/portaltela.pt\/#\/schema\/person\/c4278d4a6028830caff9ee44b42d32ed\"},\"headline\":\"O Labirinto de Mourinho: Valoriza\u00e7\u00e3o de ativos e cr\u00edticas p\u00fablicas\",\"datePublished\":\"2026-04-10T08:02:23+00:00\",\"mainEntityOfPage\":{\"@id\":\"https:\/\/portaltela.pt\/noticias\/2026\/04\/10\/o-labirinto-de-mourinho-valorizacao-de-ativos-e-criticas-publicas\/\"},\"wordCount\":299,\"image\":{\"@id\":\"https:\/\/portaltela.pt\/noticias\/2026\/04\/10\/o-labirinto-de-mourinho-valorizacao-de-ativos-e-criticas-publicas\/#primaryimage\"},\"thumbnailUrl\":\"https:\/\/portaltela.pt\/s.01k8rhncp4jt1\/2026\/04\/img_920x518uu2026-03-19-17-31-00-2428131.jpg\",\"keywords\":[\"1. Liga\",\"Benfica\",\"desporto\",\"futebol\",\"juniores\",\"lideran\u00e7a\"],\"articleSection\":[\"Desporto\",\"Futebol\"],\"inLanguage\":\"pt-PT\"},{\"@type\":\"WebPage\",\"@id\":\"https:\/\/portaltela.pt\/noticias\/2026\/04\/10\/o-labirinto-de-mourinho-valorizacao-de-ativos-e-criticas-publicas\/\",\"url\":\"https:\/\/portaltela.pt\/noticias\/2026\/04\/10\/o-labirinto-de-mourinho-valorizacao-de-ativos-e-criticas-publicas\/\",\"name\":\"O Labirinto de Mourinho: Valoriza\u00e7\u00e3o de ativos e cr\u00edticas p\u00fablicas - Portal Tela Portugal\",\"isPartOf\":{\"@id\":\"https:\/\/portaltela.pt\/#website\"},\"primaryImageOfPage\":{\"@id\":\"https:\/\/portaltela.pt\/noticias\/2026\/04\/10\/o-labirinto-de-mourinho-valorizacao-de-ativos-e-criticas-publicas\/#primaryimage\"},\"image\":{\"@id\":\"https:\/\/portaltela.pt\/noticias\/2026\/04\/10\/o-labirinto-de-mourinho-valorizacao-de-ativos-e-criticas-publicas\/#primaryimage\"},\"thumbnailUrl\":\"https:\/\/portaltela.pt\/s.01k8rhncp4jt1\/2026\/04\/img_920x518uu2026-03-19-17-31-00-2428131.jpg\",\"datePublished\":\"2026-04-10T08:02:23+00:00\",\"author\":{\"@id\":\"https:\/\/portaltela.pt\/#\/schema\/person\/c4278d4a6028830caff9ee44b42d32ed\"},\"breadcrumb\":{\"@id\":\"https:\/\/portaltela.pt\/noticias\/2026\/04\/10\/o-labirinto-de-mourinho-valorizacao-de-ativos-e-criticas-publicas\/#breadcrumb\"},\"inLanguage\":\"pt-PT\",\"potentialAction\":[{\"@type\":\"ReadAction\",\"target\":[\"https:\/\/portaltela.pt\/noticias\/2026\/04\/10\/o-labirinto-de-mourinho-valorizacao-de-ativos-e-criticas-publicas\/\"]}]},{\"@type\":\"ImageObject\",\"inLanguage\":\"pt-PT\",\"@id\":\"https:\/\/portaltela.pt\/noticias\/2026\/04\/10\/o-labirinto-de-mourinho-valorizacao-de-ativos-e-criticas-publicas\/#primaryimage\",\"url\":\"https:\/\/portaltela.pt\/s.01k8rhncp4jt1\/2026\/04\/img_920x518uu2026-03-19-17-31-00-2428131.jpg\",\"contentUrl\":\"https:\/\/portaltela.pt\/s.01k8rhncp4jt1\/2026\/04\/img_920x518uu2026-03-19-17-31-00-2428131.jpg\",\"width\":796,\"height\":448,\"caption\":\"Miguel Saraiva\"},{\"@type\":\"BreadcrumbList\",\"@id\":\"https:\/\/portaltela.pt\/noticias\/2026\/04\/10\/o-labirinto-de-mourinho-valorizacao-de-ativos-e-criticas-publicas\/#breadcrumb\",\"itemListElement\":[{\"@type\":\"ListItem\",\"position\":1,\"name\":\"In\u00edcio\",\"item\":\"https:\/\/portaltela.pt\/\"},{\"@type\":\"ListItem\",\"position\":2,\"name\":\"O Labirinto de Mourinho: Valoriza\u00e7\u00e3o de ativos e cr\u00edticas p\u00fablicas\"}]},{\"@type\":\"WebSite\",\"@id\":\"https:\/\/portaltela.pt\/#website\",\"url\":\"https:\/\/portaltela.pt\/\",\"name\":\"Portal Tela Portugal\",\"description\":\"\",\"potentialAction\":[{\"@type\":\"SearchAction\",\"target\":{\"@type\":\"EntryPoint\",\"urlTemplate\":\"https:\/\/portaltela.pt\/?s={search_term_string}\"},\"query-input\":{\"@type\":\"PropertyValueSpecification\",\"valueRequired\":true,\"valueName\":\"search_term_string\"}}],\"inLanguage\":\"pt-PT\"},{\"@type\":\"Person\",\"@id\":\"https:\/\/portaltela.pt\/#\/schema\/person\/c4278d4a6028830caff9ee44b42d32ed\",\"name\":\"Telinha\",\"image\":{\"@type\":\"ImageObject\",\"inLanguage\":\"pt-PT\",\"@id\":\"https:\/\/portaltela.pt\/s.01k8rhncp4jt1\/2025\/11\/talking-bot-125x125.png\",\"url\":\"https:\/\/portaltela.pt\/s.01k8rhncp4jt1\/2025\/11\/talking-bot-125x125.png\",\"contentUrl\":\"https:\/\/portaltela.pt\/s.01k8rhncp4jt1\/2025\/11\/talking-bot-125x125.png\",\"caption\":\"Telinha\"},\"sameAs\":[\"https:\/\/portaltela.pt\/\"],\"url\":\"https:\/\/portaltela.pt\/por\/367410592786\/\"}]}<\/script>\n<!-- \/ Yoast SEO plugin. -->","yoast_head_json":{"title":"O Labirinto de Mourinho: Valoriza\u00e7\u00e3o de ativos e cr\u00edticas p\u00fablicas - Portal Tela Portugal","robots":{"index":"index","follow":"follow","max-snippet":"max-snippet:-1","max-image-preview":"max-image-preview:large","max-video-preview":"max-video-preview:-1"},"og_locale":"pt_PT","og_type":"article","og_title":"O Labirinto de Mourinho: Valoriza\u00e7\u00e3o de ativos e cr\u00edticas p\u00fablicas - Portal Tela Portugal","og_description":"Benfica atravessa uma fase de reconstru\u00e7\u00e3o, com foco na consist\u00eancia e numa redu\u00e7\u00e3o do fluxo de entradas e sa\u00eddas, valorizando as p\u00e9rolas da academia. As declara\u00e7\u00f5es de Jos\u00e9 Mourinho, ap\u00f3s o jogo com o Casa Pia, geraram controv\u00e9rsia ao valorizar alguns jogadores numatoque e, de seguida, critic\u00e1-los publicamente. Questiona-se por que a equipa se mostra bem-sucedida na Liga Europa contra grandes advers\u00e1rios, mas exibe apatia no campeonato dom\u00e9stico. Defende-se a necessidade de autocr\u00edtica por parte de Mourinho e de uma lideran\u00e7a que proteja o grupo e assegure a continuidade do projeto. Aponta-se a exig\u00eancia de um \u201carquiteto\u201d para estruturar o Benfica, promovendo um coletivo agressivo e identidade, para transformar cr\u00edticas em prote\u00e7\u00e3o futura e alcan\u00e7ar vit\u00f3rias.","og_url":"https:\/\/portaltela.pt\/noticias\/2026\/04\/10\/o-labirinto-de-mourinho-valorizacao-de-ativos-e-criticas-publicas\/","og_site_name":"Portal Tela Portugal","article_published_time":"2026-04-10T08:02:23+00:00","author":"Telinha","twitter_card":"summary_large_image","twitter_misc":{"Escrito por":"Telinha","Tempo estimado de leitura":"1 minuto"},"schema":{"@context":"https:\/\/schema.org","@graph":[{"@type":"Article","@id":"https:\/\/portaltela.pt\/noticias\/2026\/04\/10\/o-labirinto-de-mourinho-valorizacao-de-ativos-e-criticas-publicas\/#article","isPartOf":{"@id":"https:\/\/portaltela.pt\/noticias\/2026\/04\/10\/o-labirinto-de-mourinho-valorizacao-de-ativos-e-criticas-publicas\/"},"author":{"name":"Telinha","@id":"https:\/\/portaltela.pt\/#\/schema\/person\/c4278d4a6028830caff9ee44b42d32ed"},"headline":"O Labirinto de Mourinho: Valoriza\u00e7\u00e3o de ativos e cr\u00edticas p\u00fablicas","datePublished":"2026-04-10T08:02:23+00:00","mainEntityOfPage":{"@id":"https:\/\/portaltela.pt\/noticias\/2026\/04\/10\/o-labirinto-de-mourinho-valorizacao-de-ativos-e-criticas-publicas\/"},"wordCount":299,"image":{"@id":"https:\/\/portaltela.pt\/noticias\/2026\/04\/10\/o-labirinto-de-mourinho-valorizacao-de-ativos-e-criticas-publicas\/#primaryimage"},"thumbnailUrl":"https:\/\/portaltela.pt\/s.01k8rhncp4jt1\/2026\/04\/img_920x518uu2026-03-19-17-31-00-2428131.jpg","keywords":["1. Liga","Benfica","desporto","futebol","juniores","lideran\u00e7a"],"articleSection":["Desporto","Futebol"],"inLanguage":"pt-PT"},{"@type":"WebPage","@id":"https:\/\/portaltela.pt\/noticias\/2026\/04\/10\/o-labirinto-de-mourinho-valorizacao-de-ativos-e-criticas-publicas\/","url":"https:\/\/portaltela.pt\/noticias\/2026\/04\/10\/o-labirinto-de-mourinho-valorizacao-de-ativos-e-criticas-publicas\/","name":"O Labirinto de Mourinho: Valoriza\u00e7\u00e3o de ativos e cr\u00edticas p\u00fablicas - Portal Tela Portugal","isPartOf":{"@id":"https:\/\/portaltela.pt\/#website"},"primaryImageOfPage":{"@id":"https:\/\/portaltela.pt\/noticias\/2026\/04\/10\/o-labirinto-de-mourinho-valorizacao-de-ativos-e-criticas-publicas\/#primaryimage"},"image":{"@id":"https:\/\/portaltela.pt\/noticias\/2026\/04\/10\/o-labirinto-de-mourinho-valorizacao-de-ativos-e-criticas-publicas\/#primaryimage"},"thumbnailUrl":"https:\/\/portaltela.pt\/s.01k8rhncp4jt1\/2026\/04\/img_920x518uu2026-03-19-17-31-00-2428131.jpg","datePublished":"2026-04-10T08:02:23+00:00","author":{"@id":"https:\/\/portaltela.pt\/#\/schema\/person\/c4278d4a6028830caff9ee44b42d32ed"},"breadcrumb":{"@id":"https:\/\/portaltela.pt\/noticias\/2026\/04\/10\/o-labirinto-de-mourinho-valorizacao-de-ativos-e-criticas-publicas\/#breadcrumb"},"inLanguage":"pt-PT","potentialAction":[{"@type":"ReadAction","target":["https:\/\/portaltela.pt\/noticias\/2026\/04\/10\/o-labirinto-de-mourinho-valorizacao-de-ativos-e-criticas-publicas\/"]}]},{"@type":"ImageObject","inLanguage":"pt-PT","@id":"https:\/\/portaltela.pt\/noticias\/2026\/04\/10\/o-labirinto-de-mourinho-valorizacao-de-ativos-e-criticas-publicas\/#primaryimage","url":"https:\/\/portaltela.pt\/s.01k8rhncp4jt1\/2026\/04\/img_920x518uu2026-03-19-17-31-00-2428131.jpg","contentUrl":"https:\/\/portaltela.pt\/s.01k8rhncp4jt1\/2026\/04\/img_920x518uu2026-03-19-17-31-00-2428131.jpg","width":796,"height":448,"caption":"Miguel Saraiva"},{"@type":"BreadcrumbList","@id":"https:\/\/portaltela.pt\/noticias\/2026\/04\/10\/o-labirinto-de-mourinho-valorizacao-de-ativos-e-criticas-publicas\/#breadcrumb","itemListElement":[{"@type":"ListItem","position":1,"name":"In\u00edcio","item":"https:\/\/portaltela.pt\/"},{"@type":"ListItem","position":2,"name":"O Labirinto de Mourinho: Valoriza\u00e7\u00e3o de ativos e cr\u00edticas p\u00fablicas"}]},{"@type":"WebSite","@id":"https:\/\/portaltela.pt\/#website","url":"https:\/\/portaltela.pt\/","name":"Portal Tela Portugal","description":"","potentialAction":[{"@type":"SearchAction","target":{"@type":"EntryPoint","urlTemplate":"https:\/\/portaltela.pt\/?s={search_term_string}"},"query-input":{"@type":"PropertyValueSpecification","valueRequired":true,"valueName":"search_term_string"}}],"inLanguage":"pt-PT"},{"@type":"Person","@id":"https:\/\/portaltela.pt\/#\/schema\/person\/c4278d4a6028830caff9ee44b42d32ed","name":"Telinha","image":{"@type":"ImageObject","inLanguage":"pt-PT","@id":"https:\/\/portaltela.pt\/s.01k8rhncp4jt1\/2025\/11\/talking-bot-125x125.png","url":"https:\/\/portaltela.pt\/s.01k8rhncp4jt1\/2025\/11\/talking-bot-125x125.png","contentUrl":"https:\/\/portaltela.pt\/s.01k8rhncp4jt1\/2025\/11\/talking-bot-125x125.png","caption":"Telinha"},"sameAs":["https:\/\/portaltela.pt\/"],"url":"https:\/\/portaltela.pt\/por\/367410592786\/"}]}},"_links":{"self":[{"href":"https:\/\/portaltela.pt\/api\/wp\/v2\/posts\/438906","targetHints":{"allow":["GET"]}}],"collection":[{"href":"https:\/\/portaltela.pt\/api\/wp\/v2\/posts"}],"about":[{"href":"https:\/\/portaltela.pt\/api\/wp\/v2\/types\/post"}],"author":[{"embeddable":true,"href":"https:\/\/portaltela.pt\/api\/wp\/v2\/users\/2"}],"replies":[{"embeddable":true,"href":"https:\/\/portaltela.pt\/api\/wp\/v2\/comments?post=438906"}],"version-history":[{"count":0,"href":"https:\/\/portaltela.pt\/api\/wp\/v2\/posts\/438906\/revisions"}],"wp:featuredmedia":[{"embeddable":true,"href":"https:\/\/portaltela.pt\/api\/wp\/v2\/media\/438909"}],"wp:attachment":[{"href":"https:\/\/portaltela.pt\/api\/wp\/v2\/media?parent=438906"}],"wp:term":[{"taxonomy":"category","embeddable":true,"href":"https:\/\/portaltela.pt\/api\/wp\/v2\/categories?post=438906"},{"taxonomy":"post_tag","embeddable":true,"href":"https:\/\/portaltela.pt\/api\/wp\/v2\/tags?post=438906"}],"curies":[{"name":"wp","href":"https:\/\/api.w.org\/{rel}","templated":true}]}}