{"id":438898,"date":"2026-04-10T04:47:03","date_gmt":"2026-04-10T07:47:03","guid":{"rendered":"https:\/\/portaltela.pt\/noticias\/2026\/04\/10\/pavel-talankin-e-facil-deixar-o-estado-mas-nao-a-patria\/"},"modified":"2026-04-10T04:47:03","modified_gmt":"2026-04-10T07:47:03","slug":"pavel-talankin-e-facil-deixar-o-estado-mas-nao-a-patria","status":"publish","type":"post","link":"https:\/\/portaltela.pt\/series-e-filmes\/2026\/04\/10\/pavel-talankin-e-facil-deixar-o-estado-mas-nao-a-patria\/","title":{"rendered":"Pavel Talankin: \u00e9 f\u00e1cil deixar o Estado, mas n\u00e3o a p\u00e1tria"},"content":{"rendered":"<p>Pavel Talankin tornou-se, num espa\u00e7o de quatro anos, uma figura central no cinema documental mundial, vindo de uma cidade de 10 000 habitantes no sul dos Urais. Desde o in\u00edcio da invas\u00e3o da Ucr\u00e2nia pela R\u00fassia em 2022, o realizador mudou de foco para a educa\u00e7\u00e3o obrigat\u00f3ria, propaganda e controv\u00e9rsia estatal, dando origem a um document\u00e1rio premiado.<\/p>\n<p>No in\u00edcio de 2025 lan\u00e7ou o filme Mr Nobody vs Putin, coescrito com David Borenstein. Em 16 de mar\u00e7o de 2026 recebeu o \u00d3scar de Melhor Document\u00e1rio em Los Angeles. Dez dias depois, a distribui\u00e7\u00e3o do filme foi proibida na R\u00fassia pelo tribunal de Chelyabinsk, e 11 dias mais tarde o Minist\u00e9rio da Justi\u00e7a inscreveu o projeto no registro de agentes estrangeiros.<\/p>\n<p>O document\u00e1rio aborda a transforma\u00e7\u00e3o de professores e alunos, mostrando escolas onde crian\u00e7as recebem forma\u00e7\u00e3o ligada a armas e \u00e0 militariza\u00e7\u00e3o. Talankin sustenta que o filme revela uma gera\u00e7\u00e3o de descartados pela sociedade e pelo Estado, expulsos da vida normal, sem revelar o destino dos jovens retratados.<\/p>\n<h3>Mudan\u00e7as de tema e desdobramentos<\/h3>\n<p>Talankin explica que mant\u00e9m contacto com todos os indiv\u00edduos retratados, recebendo relatos que v\u00e3o desde mensagens positivas at\u00e9 cr\u00edticas severas. O realizador defende que o filme oferece uma fixa\u00e7\u00e3o diagn\u00f3stica sobre a realidade pol\u00edtica de cada pa\u00eds, sem impor uma leitura \u00fanica.<\/p>\n<p>O artista, que deixou a R\u00fassia no ver\u00e3o, discorda da designa\u00e7\u00e3o de ex\u00edlio, preferindo o termo afastamento. Distingue entre Estado e p\u00e1tria, afirmando que \u00e9 f\u00e1cil abandonar o Estado, mas dif\u00edcil abandonar a p\u00e1tria, e destaca a diferen\u00e7a entre ambos.<\/p>\n<h3>Repercuss\u00f5es e mensagens<\/h3>\n<p>Cr\u00edticos destacam a abordagem direta ao tema, enquanto alguns espectadores consideram a obra simples. Talankin diz que a simplicidade \u00e9 a for\u00e7a do filme, por permitir leituras diversas sem perder o foco factual.<\/p>\n<p>O realizador detalha que recebe mensagens de suporte de estudantes e antigos alunos, que lhe relatam experi\u00eancias diferentes, atuais ou em curso. A obra permanece proibida na R\u00fassia, mas continua a ser divulgada internacionalmente.<\/p>\n","protected":false},"excerpt":{"rendered":"<ul>\n<li>Pavel Talankin ganhou o \u00d3scar 2026 de melhor document\u00e1rio com Mr Nobody vs Putin, co\u2011escrito com David Borenstein.<\/li>\n<li>Ap\u00f3s a vit\u00f3ria, a distribui\u00e7\u00e3o do filme foi proibida na R\u00fassia no dia 16 de mar\u00e7o, 10 dias depois o Minist\u00e9rio da Justi\u00e7a incluiu o filme no registo de agentes estrangeiros.<\/li>\n<li>O document\u00e1rio aborda a educa\u00e7\u00e3o obrigat\u00f3ria nas escolas russas, a propaganda do regime e a transforma\u00e7\u00e3o de professores e vide\u00f3grafos escolares em parte da narrativa oficial.<\/li>\n<li>Talankin afirma que o filme mostra uma gera\u00e7\u00e3o de descartados pela sociedade e pelo Estado, expulsos da vida normal, e que mant\u00e9m contactos com todos os que participaram no projeto.<\/li>\n<li>Em entrevista, o realizador defende que um filme \u00e9 uma fixa\u00e7\u00e3o do que acontece e que cada pa\u00eds pode retirar conclus\u00f5es diferentes, sem assumir verdades universais.<\/li>\n<\/ul>\n","protected":false},"author":2,"featured_media":438902,"comment_status":"closed","ping_status":"closed","sticky":false,"template":"","format":"standard","meta":{"footnotes":""},"categories":[7368],"tags":[7756,7795,2633,196,163,2832],"class_list":["post-438898","post","type-post","status-publish","format-standard","has-post-thumbnail","hentry","category-series-e-filmes","tag-_cultura","tag-_educacao","tag-direitos-humanos","tag-documentarios","tag-educacao","tag-politica"],"yoast_head":"<!-- This site is optimized with the Yoast SEO plugin v27.2 - https:\/\/yoast.com\/product\/yoast-seo-wordpress\/ -->\n<title>Pavel Talankin: \u00e9 f\u00e1cil deixar o Estado, mas n\u00e3o a p\u00e1tria - Portal Tela Portugal<\/title>\n<meta name=\"robots\" content=\"index, follow, max-snippet:-1, max-image-preview:large, max-video-preview:-1\" \/>\n<meta property=\"og:locale\" content=\"pt_PT\" \/>\n<meta property=\"og:type\" content=\"article\" \/>\n<meta property=\"og:title\" content=\"Pavel Talankin: \u00e9 f\u00e1cil deixar o Estado, mas n\u00e3o a p\u00e1tria - Portal Tela Portugal\" \/>\n<meta property=\"og:description\" content=\"Pavel Talankin ganhou o \u00d3scar 2026 de melhor document\u00e1rio com Mr Nobody vs Putin, co\u2011escrito com David Borenstein. Ap\u00f3s a vit\u00f3ria, a distribui\u00e7\u00e3o do filme foi proibida na R\u00fassia no dia 16 de mar\u00e7o, 10 dias depois o Minist\u00e9rio da Justi\u00e7a incluiu o filme no registo de agentes estrangeiros. O document\u00e1rio aborda a educa\u00e7\u00e3o obrigat\u00f3ria nas escolas russas, a propaganda do regime e a transforma\u00e7\u00e3o de professores e vide\u00f3grafos escolares em parte da narrativa oficial. Talankin afirma que o filme mostra uma gera\u00e7\u00e3o de descartados pela sociedade e pelo Estado, expulsos da vida normal, e que mant\u00e9m contactos com todos os que participaram no projeto. Em entrevista, o realizador defende que um filme \u00e9 uma fixa\u00e7\u00e3o do que acontece e que cada pa\u00eds pode retirar conclus\u00f5es diferentes, sem assumir verdades universais.\" \/>\n<meta property=\"og:url\" content=\"https:\/\/portaltela.pt\/noticias\/2026\/04\/10\/pavel-talankin-e-facil-deixar-o-estado-mas-nao-a-patria\/\" \/>\n<meta property=\"og:site_name\" content=\"Portal Tela Portugal\" \/>\n<meta property=\"article:published_time\" content=\"2026-04-10T07:47:03+00:00\" \/>\n<meta name=\"author\" content=\"Telinha\" \/>\n<meta name=\"twitter:card\" content=\"summary_large_image\" \/>\n<meta name=\"twitter:label1\" content=\"Escrito por\" \/>\n\t<meta name=\"twitter:data1\" content=\"Telinha\" \/>\n\t<meta name=\"twitter:label2\" content=\"Tempo estimado de leitura\" \/>\n\t<meta name=\"twitter:data2\" content=\"2 minutos\" \/>\n<script type=\"application\/ld+json\" class=\"yoast-schema-graph\">{\"@context\":\"https:\/\/schema.org\",\"@graph\":[{\"@type\":\"Article\",\"@id\":\"https:\/\/portaltela.pt\/noticias\/2026\/04\/10\/pavel-talankin-e-facil-deixar-o-estado-mas-nao-a-patria\/#article\",\"isPartOf\":{\"@id\":\"https:\/\/portaltela.pt\/noticias\/2026\/04\/10\/pavel-talankin-e-facil-deixar-o-estado-mas-nao-a-patria\/\"},\"author\":{\"name\":\"Telinha\",\"@id\":\"https:\/\/portaltela.pt\/#\/schema\/person\/c4278d4a6028830caff9ee44b42d32ed\"},\"headline\":\"Pavel Talankin: \u00e9 f\u00e1cil deixar o Estado, mas n\u00e3o a p\u00e1tria\",\"datePublished\":\"2026-04-10T07:47:03+00:00\",\"mainEntityOfPage\":{\"@id\":\"https:\/\/portaltela.pt\/noticias\/2026\/04\/10\/pavel-talankin-e-facil-deixar-o-estado-mas-nao-a-patria\/\"},\"wordCount\":372,\"image\":{\"@id\":\"https:\/\/portaltela.pt\/noticias\/2026\/04\/10\/pavel-talankin-e-facil-deixar-o-estado-mas-nao-a-patria\/#primaryimage\"},\"thumbnailUrl\":\"https:\/\/portaltela.pt\/s.01k8rhncp4jt1\/2026\/04\/1536x864_cmsv2_21bebfed-d583-5a35-98b2-4e96c440c931-9707739.jpg\",\"keywords\":[\"_cultura\",\"_educa\u00e7\u00e3o\",\"direitos humanos\",\"document\u00e1rios\",\"educa\u00e7\u00e3o\",\"pol\u00edtica\"],\"articleSection\":[\"S\u00e9ries e filmes\"],\"inLanguage\":\"pt-PT\"},{\"@type\":\"WebPage\",\"@id\":\"https:\/\/portaltela.pt\/noticias\/2026\/04\/10\/pavel-talankin-e-facil-deixar-o-estado-mas-nao-a-patria\/\",\"url\":\"https:\/\/portaltela.pt\/noticias\/2026\/04\/10\/pavel-talankin-e-facil-deixar-o-estado-mas-nao-a-patria\/\",\"name\":\"Pavel Talankin: \u00e9 f\u00e1cil deixar o Estado, mas n\u00e3o a p\u00e1tria - Portal Tela Portugal\",\"isPartOf\":{\"@id\":\"https:\/\/portaltela.pt\/#website\"},\"primaryImageOfPage\":{\"@id\":\"https:\/\/portaltela.pt\/noticias\/2026\/04\/10\/pavel-talankin-e-facil-deixar-o-estado-mas-nao-a-patria\/#primaryimage\"},\"image\":{\"@id\":\"https:\/\/portaltela.pt\/noticias\/2026\/04\/10\/pavel-talankin-e-facil-deixar-o-estado-mas-nao-a-patria\/#primaryimage\"},\"thumbnailUrl\":\"https:\/\/portaltela.pt\/s.01k8rhncp4jt1\/2026\/04\/1536x864_cmsv2_21bebfed-d583-5a35-98b2-4e96c440c931-9707739.jpg\",\"datePublished\":\"2026-04-10T07:47:03+00:00\",\"author\":{\"@id\":\"https:\/\/portaltela.pt\/#\/schema\/person\/c4278d4a6028830caff9ee44b42d32ed\"},\"breadcrumb\":{\"@id\":\"https:\/\/portaltela.pt\/noticias\/2026\/04\/10\/pavel-talankin-e-facil-deixar-o-estado-mas-nao-a-patria\/#breadcrumb\"},\"inLanguage\":\"pt-PT\",\"potentialAction\":[{\"@type\":\"ReadAction\",\"target\":[\"https:\/\/portaltela.pt\/noticias\/2026\/04\/10\/pavel-talankin-e-facil-deixar-o-estado-mas-nao-a-patria\/\"]}]},{\"@type\":\"ImageObject\",\"inLanguage\":\"pt-PT\",\"@id\":\"https:\/\/portaltela.pt\/noticias\/2026\/04\/10\/pavel-talankin-e-facil-deixar-o-estado-mas-nao-a-patria\/#primaryimage\",\"url\":\"https:\/\/portaltela.pt\/s.01k8rhncp4jt1\/2026\/04\/1536x864_cmsv2_21bebfed-d583-5a35-98b2-4e96c440c931-9707739.jpg\",\"contentUrl\":\"https:\/\/portaltela.pt\/s.01k8rhncp4jt1\/2026\/04\/1536x864_cmsv2_21bebfed-d583-5a35-98b2-4e96c440c931-9707739.jpg\",\"width\":796,\"height\":448,\"caption\":\"Arquivo pessoal de Pavel Talankin.\"},{\"@type\":\"BreadcrumbList\",\"@id\":\"https:\/\/portaltela.pt\/noticias\/2026\/04\/10\/pavel-talankin-e-facil-deixar-o-estado-mas-nao-a-patria\/#breadcrumb\",\"itemListElement\":[{\"@type\":\"ListItem\",\"position\":1,\"name\":\"In\u00edcio\",\"item\":\"https:\/\/portaltela.pt\/\"},{\"@type\":\"ListItem\",\"position\":2,\"name\":\"Pavel Talankin: \u00e9 f\u00e1cil deixar o Estado, mas n\u00e3o a p\u00e1tria\"}]},{\"@type\":\"WebSite\",\"@id\":\"https:\/\/portaltela.pt\/#website\",\"url\":\"https:\/\/portaltela.pt\/\",\"name\":\"Portal Tela Portugal\",\"description\":\"\",\"potentialAction\":[{\"@type\":\"SearchAction\",\"target\":{\"@type\":\"EntryPoint\",\"urlTemplate\":\"https:\/\/portaltela.pt\/?s={search_term_string}\"},\"query-input\":{\"@type\":\"PropertyValueSpecification\",\"valueRequired\":true,\"valueName\":\"search_term_string\"}}],\"inLanguage\":\"pt-PT\"},{\"@type\":\"Person\",\"@id\":\"https:\/\/portaltela.pt\/#\/schema\/person\/c4278d4a6028830caff9ee44b42d32ed\",\"name\":\"Telinha\",\"image\":{\"@type\":\"ImageObject\",\"inLanguage\":\"pt-PT\",\"@id\":\"https:\/\/portaltela.pt\/s.01k8rhncp4jt1\/2025\/11\/talking-bot-125x125.png\",\"url\":\"https:\/\/portaltela.pt\/s.01k8rhncp4jt1\/2025\/11\/talking-bot-125x125.png\",\"contentUrl\":\"https:\/\/portaltela.pt\/s.01k8rhncp4jt1\/2025\/11\/talking-bot-125x125.png\",\"caption\":\"Telinha\"},\"sameAs\":[\"https:\/\/portaltela.pt\/\"],\"url\":\"https:\/\/portaltela.pt\/por\/367410592786\/\"}]}<\/script>\n<!-- \/ Yoast SEO plugin. -->","yoast_head_json":{"title":"Pavel Talankin: \u00e9 f\u00e1cil deixar o Estado, mas n\u00e3o a p\u00e1tria - Portal Tela Portugal","robots":{"index":"index","follow":"follow","max-snippet":"max-snippet:-1","max-image-preview":"max-image-preview:large","max-video-preview":"max-video-preview:-1"},"og_locale":"pt_PT","og_type":"article","og_title":"Pavel Talankin: \u00e9 f\u00e1cil deixar o Estado, mas n\u00e3o a p\u00e1tria - Portal Tela Portugal","og_description":"Pavel Talankin ganhou o \u00d3scar 2026 de melhor document\u00e1rio com Mr Nobody vs Putin, co\u2011escrito com David Borenstein. Ap\u00f3s a vit\u00f3ria, a distribui\u00e7\u00e3o do filme foi proibida na R\u00fassia no dia 16 de mar\u00e7o, 10 dias depois o Minist\u00e9rio da Justi\u00e7a incluiu o filme no registo de agentes estrangeiros. O document\u00e1rio aborda a educa\u00e7\u00e3o obrigat\u00f3ria nas escolas russas, a propaganda do regime e a transforma\u00e7\u00e3o de professores e vide\u00f3grafos escolares em parte da narrativa oficial. Talankin afirma que o filme mostra uma gera\u00e7\u00e3o de descartados pela sociedade e pelo Estado, expulsos da vida normal, e que mant\u00e9m contactos com todos os que participaram no projeto. Em entrevista, o realizador defende que um filme \u00e9 uma fixa\u00e7\u00e3o do que acontece e que cada pa\u00eds pode retirar conclus\u00f5es diferentes, sem assumir verdades universais.","og_url":"https:\/\/portaltela.pt\/noticias\/2026\/04\/10\/pavel-talankin-e-facil-deixar-o-estado-mas-nao-a-patria\/","og_site_name":"Portal Tela Portugal","article_published_time":"2026-04-10T07:47:03+00:00","author":"Telinha","twitter_card":"summary_large_image","twitter_misc":{"Escrito por":"Telinha","Tempo estimado de leitura":"2 minutos"},"schema":{"@context":"https:\/\/schema.org","@graph":[{"@type":"Article","@id":"https:\/\/portaltela.pt\/noticias\/2026\/04\/10\/pavel-talankin-e-facil-deixar-o-estado-mas-nao-a-patria\/#article","isPartOf":{"@id":"https:\/\/portaltela.pt\/noticias\/2026\/04\/10\/pavel-talankin-e-facil-deixar-o-estado-mas-nao-a-patria\/"},"author":{"name":"Telinha","@id":"https:\/\/portaltela.pt\/#\/schema\/person\/c4278d4a6028830caff9ee44b42d32ed"},"headline":"Pavel Talankin: \u00e9 f\u00e1cil deixar o Estado, mas n\u00e3o a p\u00e1tria","datePublished":"2026-04-10T07:47:03+00:00","mainEntityOfPage":{"@id":"https:\/\/portaltela.pt\/noticias\/2026\/04\/10\/pavel-talankin-e-facil-deixar-o-estado-mas-nao-a-patria\/"},"wordCount":372,"image":{"@id":"https:\/\/portaltela.pt\/noticias\/2026\/04\/10\/pavel-talankin-e-facil-deixar-o-estado-mas-nao-a-patria\/#primaryimage"},"thumbnailUrl":"https:\/\/portaltela.pt\/s.01k8rhncp4jt1\/2026\/04\/1536x864_cmsv2_21bebfed-d583-5a35-98b2-4e96c440c931-9707739.jpg","keywords":["_cultura","_educa\u00e7\u00e3o","direitos humanos","document\u00e1rios","educa\u00e7\u00e3o","pol\u00edtica"],"articleSection":["S\u00e9ries e filmes"],"inLanguage":"pt-PT"},{"@type":"WebPage","@id":"https:\/\/portaltela.pt\/noticias\/2026\/04\/10\/pavel-talankin-e-facil-deixar-o-estado-mas-nao-a-patria\/","url":"https:\/\/portaltela.pt\/noticias\/2026\/04\/10\/pavel-talankin-e-facil-deixar-o-estado-mas-nao-a-patria\/","name":"Pavel Talankin: \u00e9 f\u00e1cil deixar o Estado, mas n\u00e3o a p\u00e1tria - Portal Tela Portugal","isPartOf":{"@id":"https:\/\/portaltela.pt\/#website"},"primaryImageOfPage":{"@id":"https:\/\/portaltela.pt\/noticias\/2026\/04\/10\/pavel-talankin-e-facil-deixar-o-estado-mas-nao-a-patria\/#primaryimage"},"image":{"@id":"https:\/\/portaltela.pt\/noticias\/2026\/04\/10\/pavel-talankin-e-facil-deixar-o-estado-mas-nao-a-patria\/#primaryimage"},"thumbnailUrl":"https:\/\/portaltela.pt\/s.01k8rhncp4jt1\/2026\/04\/1536x864_cmsv2_21bebfed-d583-5a35-98b2-4e96c440c931-9707739.jpg","datePublished":"2026-04-10T07:47:03+00:00","author":{"@id":"https:\/\/portaltela.pt\/#\/schema\/person\/c4278d4a6028830caff9ee44b42d32ed"},"breadcrumb":{"@id":"https:\/\/portaltela.pt\/noticias\/2026\/04\/10\/pavel-talankin-e-facil-deixar-o-estado-mas-nao-a-patria\/#breadcrumb"},"inLanguage":"pt-PT","potentialAction":[{"@type":"ReadAction","target":["https:\/\/portaltela.pt\/noticias\/2026\/04\/10\/pavel-talankin-e-facil-deixar-o-estado-mas-nao-a-patria\/"]}]},{"@type":"ImageObject","inLanguage":"pt-PT","@id":"https:\/\/portaltela.pt\/noticias\/2026\/04\/10\/pavel-talankin-e-facil-deixar-o-estado-mas-nao-a-patria\/#primaryimage","url":"https:\/\/portaltela.pt\/s.01k8rhncp4jt1\/2026\/04\/1536x864_cmsv2_21bebfed-d583-5a35-98b2-4e96c440c931-9707739.jpg","contentUrl":"https:\/\/portaltela.pt\/s.01k8rhncp4jt1\/2026\/04\/1536x864_cmsv2_21bebfed-d583-5a35-98b2-4e96c440c931-9707739.jpg","width":796,"height":448,"caption":"Arquivo pessoal de Pavel Talankin."},{"@type":"BreadcrumbList","@id":"https:\/\/portaltela.pt\/noticias\/2026\/04\/10\/pavel-talankin-e-facil-deixar-o-estado-mas-nao-a-patria\/#breadcrumb","itemListElement":[{"@type":"ListItem","position":1,"name":"In\u00edcio","item":"https:\/\/portaltela.pt\/"},{"@type":"ListItem","position":2,"name":"Pavel Talankin: \u00e9 f\u00e1cil deixar o Estado, mas n\u00e3o a p\u00e1tria"}]},{"@type":"WebSite","@id":"https:\/\/portaltela.pt\/#website","url":"https:\/\/portaltela.pt\/","name":"Portal Tela Portugal","description":"","potentialAction":[{"@type":"SearchAction","target":{"@type":"EntryPoint","urlTemplate":"https:\/\/portaltela.pt\/?s={search_term_string}"},"query-input":{"@type":"PropertyValueSpecification","valueRequired":true,"valueName":"search_term_string"}}],"inLanguage":"pt-PT"},{"@type":"Person","@id":"https:\/\/portaltela.pt\/#\/schema\/person\/c4278d4a6028830caff9ee44b42d32ed","name":"Telinha","image":{"@type":"ImageObject","inLanguage":"pt-PT","@id":"https:\/\/portaltela.pt\/s.01k8rhncp4jt1\/2025\/11\/talking-bot-125x125.png","url":"https:\/\/portaltela.pt\/s.01k8rhncp4jt1\/2025\/11\/talking-bot-125x125.png","contentUrl":"https:\/\/portaltela.pt\/s.01k8rhncp4jt1\/2025\/11\/talking-bot-125x125.png","caption":"Telinha"},"sameAs":["https:\/\/portaltela.pt\/"],"url":"https:\/\/portaltela.pt\/por\/367410592786\/"}]}},"_links":{"self":[{"href":"https:\/\/portaltela.pt\/api\/wp\/v2\/posts\/438898","targetHints":{"allow":["GET"]}}],"collection":[{"href":"https:\/\/portaltela.pt\/api\/wp\/v2\/posts"}],"about":[{"href":"https:\/\/portaltela.pt\/api\/wp\/v2\/types\/post"}],"author":[{"embeddable":true,"href":"https:\/\/portaltela.pt\/api\/wp\/v2\/users\/2"}],"replies":[{"embeddable":true,"href":"https:\/\/portaltela.pt\/api\/wp\/v2\/comments?post=438898"}],"version-history":[{"count":0,"href":"https:\/\/portaltela.pt\/api\/wp\/v2\/posts\/438898\/revisions"}],"wp:featuredmedia":[{"embeddable":true,"href":"https:\/\/portaltela.pt\/api\/wp\/v2\/media\/438902"}],"wp:attachment":[{"href":"https:\/\/portaltela.pt\/api\/wp\/v2\/media?parent=438898"}],"wp:term":[{"taxonomy":"category","embeddable":true,"href":"https:\/\/portaltela.pt\/api\/wp\/v2\/categories?post=438898"},{"taxonomy":"post_tag","embeddable":true,"href":"https:\/\/portaltela.pt\/api\/wp\/v2\/tags?post=438898"}],"curies":[{"name":"wp","href":"https:\/\/api.w.org\/{rel}","templated":true}]}}