{"id":438885,"date":"2026-04-10T04:32:16","date_gmt":"2026-04-10T07:32:16","guid":{"rendered":"https:\/\/portaltela.pt\/noticias\/2026\/04\/10\/foca-sonolenta-desvia-transito-numa-cidade-australiana\/"},"modified":"2026-04-10T04:32:16","modified_gmt":"2026-04-10T07:32:16","slug":"foca-sonolenta-desvia-transito-numa-cidade-australiana","status":"publish","type":"post","link":"https:\/\/portaltela.pt\/curiosidades\/2026\/04\/10\/foca-sonolenta-desvia-transito-numa-cidade-australiana\/","title":{"rendered":"Foca sonolenta desvia tr\u00e2nsito numa cidade australiana"},"content":{"rendered":"<p>Um incidente inusitado interrompeu o tr\u00e2nsito numa cidade costeira de Victoria, Austr\u00e1lia, na sexta-feira. Uma foca adormeceu na estrada em Dromana, obrigando as autoridades a desviar o tr\u00e1fego temporariamente.<\/p>\n<p>A pol\u00edcia local instalou cones \u00e0 volta do animal, que ficou exposto ao sol e ao movimento de ve\u00edculos. O desvio manteve-se at\u00e9 a foca ser removida com seguran\u00e7a para a praia.<\/p>\n<p>Uma residente local descreveu o momento de forma neutra, noting que o animal costumava passar o dia ao sol e que a situa\u00e7\u00e3o surpreendeu quem assistia. N\u00e3o houve feridos nem danos relevantes.<\/p>\n<p>Socorristas da vida selvagem recolocaram a foca na praia, e a circula\u00e7\u00e3o foi reposta. As focas s\u00e3o comuns na costa de Victoria e \u00e9 ilegal tocar ou alimentar estes animais.<\/p>\n","protected":false},"excerpt":{"rendered":"<ul>\n<li>Uma foca adormeceu numa estrada da cidade costeira de Dromana, em Victoria, Austr\u00e1lia, levando o tr\u00e2nsito a ser desviado temporariamente nesta sexta-feira.<\/li>\n<li>Cones foram colocados pela pol\u00edcia local para circundar o animal, que parecia apanhar sol sem se importar com o movimento rodovi\u00e1rio.<\/li>\n<li>A foca, apelidada por alguns moradores de Sammy, dormia no meio da via, conforme relatos de testemunhas \u00e0 AFP.<\/li>\n<li>Os socorristas da vida selvagem recolheram a foca e regressaram-na \u00e0 praia; a estrada foi reaberta ap\u00f3s o epis\u00f3dio.<\/li>\n<li>\u00c9 ilegal tocar ou alimentar focas na costa de Victoria.<\/li>\n<\/ul>\n","protected":false},"author":2,"featured_media":438888,"comment_status":"closed","ping_status":"closed","sticky":false,"template":"","format":"standard","meta":{"footnotes":""},"categories":[7384],"tags":[7767,3091,1602,4880],"class_list":["post-438885","post","type-post","status-publish","format-standard","has-post-thumbnail","hentry","category-curiosidades","tag-_meio-ambiente","tag-animais","tag-australia","tag-conservacao-ambiental"],"yoast_head":"<!-- This site is optimized with the Yoast SEO plugin v27.2 - https:\/\/yoast.com\/product\/yoast-seo-wordpress\/ -->\n<title>Foca sonolenta desvia tr\u00e2nsito numa cidade australiana - Portal Tela Portugal<\/title>\n<meta name=\"robots\" content=\"index, follow, max-snippet:-1, max-image-preview:large, max-video-preview:-1\" \/>\n<meta property=\"og:locale\" content=\"pt_PT\" \/>\n<meta property=\"og:type\" content=\"article\" \/>\n<meta property=\"og:title\" content=\"Foca sonolenta desvia tr\u00e2nsito numa cidade australiana - Portal Tela Portugal\" \/>\n<meta property=\"og:description\" content=\"Uma foca adormeceu numa estrada da cidade costeira de Dromana, em Victoria, Austr\u00e1lia, levando o tr\u00e2nsito a ser desviado temporariamente nesta sexta-feira. Cones foram colocados pela pol\u00edcia local para circundar o animal, que parecia apanhar sol sem se importar com o movimento rodovi\u00e1rio. A foca, apelidada por alguns moradores de Sammy, dormia no meio da via, conforme relatos de testemunhas \u00e0 AFP. Os socorristas da vida selvagem recolheram a foca e regressaram-na \u00e0 praia; a estrada foi reaberta ap\u00f3s o epis\u00f3dio. \u00c9 ilegal tocar ou alimentar focas na costa de Victoria.\" \/>\n<meta property=\"og:url\" content=\"https:\/\/portaltela.pt\/noticias\/2026\/04\/10\/foca-sonolenta-desvia-transito-numa-cidade-australiana\/\" \/>\n<meta property=\"og:site_name\" content=\"Portal Tela Portugal\" \/>\n<meta property=\"article:published_time\" content=\"2026-04-10T07:32:16+00:00\" \/>\n<meta name=\"author\" content=\"Telinha\" \/>\n<meta name=\"twitter:card\" content=\"summary_large_image\" \/>\n<meta name=\"twitter:label1\" content=\"Escrito por\" \/>\n\t<meta name=\"twitter:data1\" content=\"Telinha\" \/>\n\t<meta name=\"twitter:label2\" content=\"Tempo estimado de leitura\" \/>\n\t<meta name=\"twitter:data2\" content=\"1 minuto\" \/>\n<script type=\"application\/ld+json\" class=\"yoast-schema-graph\">{\"@context\":\"https:\/\/schema.org\",\"@graph\":[{\"@type\":\"Article\",\"@id\":\"https:\/\/portaltela.pt\/noticias\/2026\/04\/10\/foca-sonolenta-desvia-transito-numa-cidade-australiana\/#article\",\"isPartOf\":{\"@id\":\"https:\/\/portaltela.pt\/noticias\/2026\/04\/10\/foca-sonolenta-desvia-transito-numa-cidade-australiana\/\"},\"author\":{\"name\":\"Telinha\",\"@id\":\"https:\/\/portaltela.pt\/#\/schema\/person\/c4278d4a6028830caff9ee44b42d32ed\"},\"headline\":\"Foca sonolenta desvia tr\u00e2nsito numa cidade australiana\",\"datePublished\":\"2026-04-10T07:32:16+00:00\",\"mainEntityOfPage\":{\"@id\":\"https:\/\/portaltela.pt\/noticias\/2026\/04\/10\/foca-sonolenta-desvia-transito-numa-cidade-australiana\/\"},\"wordCount\":139,\"image\":{\"@id\":\"https:\/\/portaltela.pt\/noticias\/2026\/04\/10\/foca-sonolenta-desvia-transito-numa-cidade-australiana\/#primaryimage\"},\"thumbnailUrl\":\"https:\/\/portaltela.pt\/s.01k8rhncp4jt1\/2026\/04\/image-563.jpg\",\"keywords\":[\"_meio-ambiente\",\"animais\",\"Austr\u00e1lia\",\"conserva\u00e7\u00e3o ambiental\"],\"articleSection\":[\"Curiosidades\"],\"inLanguage\":\"pt-PT\"},{\"@type\":\"WebPage\",\"@id\":\"https:\/\/portaltela.pt\/noticias\/2026\/04\/10\/foca-sonolenta-desvia-transito-numa-cidade-australiana\/\",\"url\":\"https:\/\/portaltela.pt\/noticias\/2026\/04\/10\/foca-sonolenta-desvia-transito-numa-cidade-australiana\/\",\"name\":\"Foca sonolenta desvia tr\u00e2nsito numa cidade australiana - Portal Tela Portugal\",\"isPartOf\":{\"@id\":\"https:\/\/portaltela.pt\/#website\"},\"primaryImageOfPage\":{\"@id\":\"https:\/\/portaltela.pt\/noticias\/2026\/04\/10\/foca-sonolenta-desvia-transito-numa-cidade-australiana\/#primaryimage\"},\"image\":{\"@id\":\"https:\/\/portaltela.pt\/noticias\/2026\/04\/10\/foca-sonolenta-desvia-transito-numa-cidade-australiana\/#primaryimage\"},\"thumbnailUrl\":\"https:\/\/portaltela.pt\/s.01k8rhncp4jt1\/2026\/04\/image-563.jpg\",\"datePublished\":\"2026-04-10T07:32:16+00:00\",\"author\":{\"@id\":\"https:\/\/portaltela.pt\/#\/schema\/person\/c4278d4a6028830caff9ee44b42d32ed\"},\"breadcrumb\":{\"@id\":\"https:\/\/portaltela.pt\/noticias\/2026\/04\/10\/foca-sonolenta-desvia-transito-numa-cidade-australiana\/#breadcrumb\"},\"inLanguage\":\"pt-PT\",\"potentialAction\":[{\"@type\":\"ReadAction\",\"target\":[\"https:\/\/portaltela.pt\/noticias\/2026\/04\/10\/foca-sonolenta-desvia-transito-numa-cidade-australiana\/\"]}]},{\"@type\":\"ImageObject\",\"inLanguage\":\"pt-PT\",\"@id\":\"https:\/\/portaltela.pt\/noticias\/2026\/04\/10\/foca-sonolenta-desvia-transito-numa-cidade-australiana\/#primaryimage\",\"url\":\"https:\/\/portaltela.pt\/s.01k8rhncp4jt1\/2026\/04\/image-563.jpg\",\"contentUrl\":\"https:\/\/portaltela.pt\/s.01k8rhncp4jt1\/2026\/04\/image-563.jpg\",\"width\":796,\"height\":448,\"caption\":\"Imagem de contexto do artigo Foca sonolenta desvia tr\u00e2nsito em cidade na Austr\u00e1lia\"},{\"@type\":\"BreadcrumbList\",\"@id\":\"https:\/\/portaltela.pt\/noticias\/2026\/04\/10\/foca-sonolenta-desvia-transito-numa-cidade-australiana\/#breadcrumb\",\"itemListElement\":[{\"@type\":\"ListItem\",\"position\":1,\"name\":\"In\u00edcio\",\"item\":\"https:\/\/portaltela.pt\/\"},{\"@type\":\"ListItem\",\"position\":2,\"name\":\"Foca sonolenta desvia tr\u00e2nsito numa cidade australiana\"}]},{\"@type\":\"WebSite\",\"@id\":\"https:\/\/portaltela.pt\/#website\",\"url\":\"https:\/\/portaltela.pt\/\",\"name\":\"Portal Tela Portugal\",\"description\":\"\",\"potentialAction\":[{\"@type\":\"SearchAction\",\"target\":{\"@type\":\"EntryPoint\",\"urlTemplate\":\"https:\/\/portaltela.pt\/?s={search_term_string}\"},\"query-input\":{\"@type\":\"PropertyValueSpecification\",\"valueRequired\":true,\"valueName\":\"search_term_string\"}}],\"inLanguage\":\"pt-PT\"},{\"@type\":\"Person\",\"@id\":\"https:\/\/portaltela.pt\/#\/schema\/person\/c4278d4a6028830caff9ee44b42d32ed\",\"name\":\"Telinha\",\"image\":{\"@type\":\"ImageObject\",\"inLanguage\":\"pt-PT\",\"@id\":\"https:\/\/portaltela.pt\/s.01k8rhncp4jt1\/2025\/11\/talking-bot-125x125.png\",\"url\":\"https:\/\/portaltela.pt\/s.01k8rhncp4jt1\/2025\/11\/talking-bot-125x125.png\",\"contentUrl\":\"https:\/\/portaltela.pt\/s.01k8rhncp4jt1\/2025\/11\/talking-bot-125x125.png\",\"caption\":\"Telinha\"},\"sameAs\":[\"https:\/\/portaltela.pt\/\"],\"url\":\"https:\/\/portaltela.pt\/por\/367410592786\/\"}]}<\/script>\n<!-- \/ Yoast SEO plugin. -->","yoast_head_json":{"title":"Foca sonolenta desvia tr\u00e2nsito numa cidade australiana - Portal Tela Portugal","robots":{"index":"index","follow":"follow","max-snippet":"max-snippet:-1","max-image-preview":"max-image-preview:large","max-video-preview":"max-video-preview:-1"},"og_locale":"pt_PT","og_type":"article","og_title":"Foca sonolenta desvia tr\u00e2nsito numa cidade australiana - Portal Tela Portugal","og_description":"Uma foca adormeceu numa estrada da cidade costeira de Dromana, em Victoria, Austr\u00e1lia, levando o tr\u00e2nsito a ser desviado temporariamente nesta sexta-feira. Cones foram colocados pela pol\u00edcia local para circundar o animal, que parecia apanhar sol sem se importar com o movimento rodovi\u00e1rio. A foca, apelidada por alguns moradores de Sammy, dormia no meio da via, conforme relatos de testemunhas \u00e0 AFP. Os socorristas da vida selvagem recolheram a foca e regressaram-na \u00e0 praia; a estrada foi reaberta ap\u00f3s o epis\u00f3dio. \u00c9 ilegal tocar ou alimentar focas na costa de Victoria.","og_url":"https:\/\/portaltela.pt\/noticias\/2026\/04\/10\/foca-sonolenta-desvia-transito-numa-cidade-australiana\/","og_site_name":"Portal Tela Portugal","article_published_time":"2026-04-10T07:32:16+00:00","author":"Telinha","twitter_card":"summary_large_image","twitter_misc":{"Escrito por":"Telinha","Tempo estimado de leitura":"1 minuto"},"schema":{"@context":"https:\/\/schema.org","@graph":[{"@type":"Article","@id":"https:\/\/portaltela.pt\/noticias\/2026\/04\/10\/foca-sonolenta-desvia-transito-numa-cidade-australiana\/#article","isPartOf":{"@id":"https:\/\/portaltela.pt\/noticias\/2026\/04\/10\/foca-sonolenta-desvia-transito-numa-cidade-australiana\/"},"author":{"name":"Telinha","@id":"https:\/\/portaltela.pt\/#\/schema\/person\/c4278d4a6028830caff9ee44b42d32ed"},"headline":"Foca sonolenta desvia tr\u00e2nsito numa cidade australiana","datePublished":"2026-04-10T07:32:16+00:00","mainEntityOfPage":{"@id":"https:\/\/portaltela.pt\/noticias\/2026\/04\/10\/foca-sonolenta-desvia-transito-numa-cidade-australiana\/"},"wordCount":139,"image":{"@id":"https:\/\/portaltela.pt\/noticias\/2026\/04\/10\/foca-sonolenta-desvia-transito-numa-cidade-australiana\/#primaryimage"},"thumbnailUrl":"https:\/\/portaltela.pt\/s.01k8rhncp4jt1\/2026\/04\/image-563.jpg","keywords":["_meio-ambiente","animais","Austr\u00e1lia","conserva\u00e7\u00e3o ambiental"],"articleSection":["Curiosidades"],"inLanguage":"pt-PT"},{"@type":"WebPage","@id":"https:\/\/portaltela.pt\/noticias\/2026\/04\/10\/foca-sonolenta-desvia-transito-numa-cidade-australiana\/","url":"https:\/\/portaltela.pt\/noticias\/2026\/04\/10\/foca-sonolenta-desvia-transito-numa-cidade-australiana\/","name":"Foca sonolenta desvia tr\u00e2nsito numa cidade australiana - Portal Tela Portugal","isPartOf":{"@id":"https:\/\/portaltela.pt\/#website"},"primaryImageOfPage":{"@id":"https:\/\/portaltela.pt\/noticias\/2026\/04\/10\/foca-sonolenta-desvia-transito-numa-cidade-australiana\/#primaryimage"},"image":{"@id":"https:\/\/portaltela.pt\/noticias\/2026\/04\/10\/foca-sonolenta-desvia-transito-numa-cidade-australiana\/#primaryimage"},"thumbnailUrl":"https:\/\/portaltela.pt\/s.01k8rhncp4jt1\/2026\/04\/image-563.jpg","datePublished":"2026-04-10T07:32:16+00:00","author":{"@id":"https:\/\/portaltela.pt\/#\/schema\/person\/c4278d4a6028830caff9ee44b42d32ed"},"breadcrumb":{"@id":"https:\/\/portaltela.pt\/noticias\/2026\/04\/10\/foca-sonolenta-desvia-transito-numa-cidade-australiana\/#breadcrumb"},"inLanguage":"pt-PT","potentialAction":[{"@type":"ReadAction","target":["https:\/\/portaltela.pt\/noticias\/2026\/04\/10\/foca-sonolenta-desvia-transito-numa-cidade-australiana\/"]}]},{"@type":"ImageObject","inLanguage":"pt-PT","@id":"https:\/\/portaltela.pt\/noticias\/2026\/04\/10\/foca-sonolenta-desvia-transito-numa-cidade-australiana\/#primaryimage","url":"https:\/\/portaltela.pt\/s.01k8rhncp4jt1\/2026\/04\/image-563.jpg","contentUrl":"https:\/\/portaltela.pt\/s.01k8rhncp4jt1\/2026\/04\/image-563.jpg","width":796,"height":448,"caption":"Imagem de contexto do artigo Foca sonolenta desvia tr\u00e2nsito em cidade na Austr\u00e1lia"},{"@type":"BreadcrumbList","@id":"https:\/\/portaltela.pt\/noticias\/2026\/04\/10\/foca-sonolenta-desvia-transito-numa-cidade-australiana\/#breadcrumb","itemListElement":[{"@type":"ListItem","position":1,"name":"In\u00edcio","item":"https:\/\/portaltela.pt\/"},{"@type":"ListItem","position":2,"name":"Foca sonolenta desvia tr\u00e2nsito numa cidade australiana"}]},{"@type":"WebSite","@id":"https:\/\/portaltela.pt\/#website","url":"https:\/\/portaltela.pt\/","name":"Portal Tela Portugal","description":"","potentialAction":[{"@type":"SearchAction","target":{"@type":"EntryPoint","urlTemplate":"https:\/\/portaltela.pt\/?s={search_term_string}"},"query-input":{"@type":"PropertyValueSpecification","valueRequired":true,"valueName":"search_term_string"}}],"inLanguage":"pt-PT"},{"@type":"Person","@id":"https:\/\/portaltela.pt\/#\/schema\/person\/c4278d4a6028830caff9ee44b42d32ed","name":"Telinha","image":{"@type":"ImageObject","inLanguage":"pt-PT","@id":"https:\/\/portaltela.pt\/s.01k8rhncp4jt1\/2025\/11\/talking-bot-125x125.png","url":"https:\/\/portaltela.pt\/s.01k8rhncp4jt1\/2025\/11\/talking-bot-125x125.png","contentUrl":"https:\/\/portaltela.pt\/s.01k8rhncp4jt1\/2025\/11\/talking-bot-125x125.png","caption":"Telinha"},"sameAs":["https:\/\/portaltela.pt\/"],"url":"https:\/\/portaltela.pt\/por\/367410592786\/"}]}},"_links":{"self":[{"href":"https:\/\/portaltela.pt\/api\/wp\/v2\/posts\/438885","targetHints":{"allow":["GET"]}}],"collection":[{"href":"https:\/\/portaltela.pt\/api\/wp\/v2\/posts"}],"about":[{"href":"https:\/\/portaltela.pt\/api\/wp\/v2\/types\/post"}],"author":[{"embeddable":true,"href":"https:\/\/portaltela.pt\/api\/wp\/v2\/users\/2"}],"replies":[{"embeddable":true,"href":"https:\/\/portaltela.pt\/api\/wp\/v2\/comments?post=438885"}],"version-history":[{"count":0,"href":"https:\/\/portaltela.pt\/api\/wp\/v2\/posts\/438885\/revisions"}],"wp:featuredmedia":[{"embeddable":true,"href":"https:\/\/portaltela.pt\/api\/wp\/v2\/media\/438888"}],"wp:attachment":[{"href":"https:\/\/portaltela.pt\/api\/wp\/v2\/media?parent=438885"}],"wp:term":[{"taxonomy":"category","embeddable":true,"href":"https:\/\/portaltela.pt\/api\/wp\/v2\/categories?post=438885"},{"taxonomy":"post_tag","embeddable":true,"href":"https:\/\/portaltela.pt\/api\/wp\/v2\/tags?post=438885"}],"curies":[{"name":"wp","href":"https:\/\/api.w.org\/{rel}","templated":true}]}}