{"id":438883,"date":"2026-04-10T04:32:16","date_gmt":"2026-04-10T07:32:16","guid":{"rendered":"https:\/\/portaltela.pt\/noticias\/2026\/04\/10\/maior-flotilha-para-gaza-parte-de-barcelona-no-domingo\/"},"modified":"2026-04-10T04:32:16","modified_gmt":"2026-04-10T07:32:16","slug":"maior-flotilha-para-gaza-parte-de-barcelona-no-domingo","status":"publish","type":"post","link":"https:\/\/portaltela.pt\/geopolitica\/2026\/04\/10\/maior-flotilha-para-gaza-parte-de-barcelona-no-domingo\/","title":{"rendered":"Maior flotilha para Gaza parte de Barcelona no domingo"},"content":{"rendered":"<p>Uma nova Flotilha Global Sumud, com pelo menos 70 barcos e mil pessoas, est\u00e1 prevista para partir no domingo de Barcelona, rumo a Gaza. A miss\u00e3o pretende ser a maior a\u00e7\u00e3o mar\u00edtima a defender a Palestina, segundo a organiza\u00e7\u00e3o organizadora. A chegada a Gaza continua condicionada pelo acesso mar\u00edtimo imposto por Israel.<\/p>\n<p>Os promotores destacam que, apesar do foco internacional se ter desviado para outras regi\u00f5es, o bloqueio a Gaza, bem como ataques na Cisjord\u00e2nia, persistem. Alegam que a press\u00e3o internacional \u00e9 necess\u00e1ria para manter a ajuda humanit\u00e1ria e a press\u00e3o sobre a situa\u00e7\u00e3o no territ\u00f3rio.<\/p>\n<p>A flotilha j\u00e1 conta com a participa\u00e7\u00e3o de quatro portugueses, al\u00e9m de figuras internacionais como a ativista sueca Greta Thunberg. A opera\u00e7\u00e3o de Israel na \u00faltima flotilha, em outubro, terminou com interceta\u00e7\u00e3o naval e deten\u00e7\u00f5es de centenas de ativistas, que foram deportados. Espera-se que a nova opera\u00e7\u00e3o inclua apoio t\u00e9cnico de barcos de ONG.<\/p>\n<h3>Participantes e log\u00edstica<\/h3>\n<p>Barcelona serve de ponto de partida para cerca de 70 embarca\u00e7\u00f5es, com a possibilidade de ades\u00f5es de outras portas. Espera-se que mais de mil pessoas viajem nos diversos barcos, oriundas de mais de 70 pa\u00edses, incluindo Portugal.<\/p>\n<p>Para al\u00e9m dos navios, entram em cena organiza\u00e7\u00f5es como Greenpeace, com o Arctic Sunrise, e a Open Arms, ONG dedicada ao resgate de migrantes no Mediterr\u00e2neo. A organiza\u00e7\u00e3o ressalva que o objetivo \u00e9 entregar ajuda humanit\u00e1ria e desafiar o bloqueio, mantendo a seguran\u00e7a de todas as a\u00e7\u00f5es.<\/p>\n<h3>Reivindica\u00e7\u00f5es da flotilha<\/h3>\n<p>O movimento defende a cria\u00e7\u00e3o de corredores mar\u00edtimos e terrestres para Gaza assegurando a passagem segura de ajuda e pessoal m\u00e9dico. Pede tamb\u00e9m o embargo de armas a Israel, a reconstru\u00e7\u00e3o de Gaza sob governa\u00e7\u00e3o palestiniana, o levantamento do bloqueio e o direito de regresso para os palestinianos.<\/p>\n","protected":false},"excerpt":{"rendered":"<ul>\n<li>Nova Flotilha Global Sumud parte de Barcelona no domingo, com cerca de 70 barcos e mil pessoas, rumo a Gaza.<\/li>\n<li>A organiza\u00e7\u00e3o pretende ser a maior miss\u00e3o mar\u00edtima em defesa da Palestina, visando abrir corredores de ajuda humanit\u00e1ria e acabar com o bloqueio.<\/li>\n<li>Participam quatro portugueses, Greta Thunberg e barcos da Greenpeace e Open Arms; pode haver ades\u00e3o de mais embarca\u00e7\u00f5es de outros portos.<\/li>\n<li>As quatro reivindica\u00e7\u00f5es incluem um corredor mar\u00edtimo e terrestre para Gaza, embargo de armas a Israel, reconstru\u00e7\u00e3o liderada pelos palestinianos e levantamento do bloqueio com direito de regresso.<\/li>\n<li>A iniciativa ocorre num contexto de viol\u00eancia cont\u00ednua na regi\u00e3o e de deten\u00e7\u00e3o de ativistas na opera\u00e7\u00e3o anterior.<\/li>\n<\/ul>\n","protected":false},"author":2,"featured_media":438887,"comment_status":"closed","ping_status":"closed","sticky":false,"template":"","format":"standard","meta":{"footnotes":""},"categories":[6814],"tags":[6567,2587,3651,1678,2023,2030],"class_list":["post-438883","post","type-post","status-publish","format-standard","has-post-thumbnail","hentry","category-geopolitica","tag-acao-humanitaria","tag-barcelona","tag-gaza","tag-migrantes","tag-organizacoes-internacionais","tag-palestina"],"yoast_head":"<!-- This site is optimized with the Yoast SEO plugin v27.2 - https:\/\/yoast.com\/product\/yoast-seo-wordpress\/ -->\n<title>Maior flotilha para Gaza parte de Barcelona no domingo - Portal Tela Portugal<\/title>\n<meta name=\"robots\" content=\"index, follow, max-snippet:-1, max-image-preview:large, max-video-preview:-1\" \/>\n<meta property=\"og:locale\" content=\"pt_PT\" \/>\n<meta property=\"og:type\" content=\"article\" \/>\n<meta property=\"og:title\" content=\"Maior flotilha para Gaza parte de Barcelona no domingo - Portal Tela Portugal\" \/>\n<meta property=\"og:description\" content=\"Nova Flotilha Global Sumud parte de Barcelona no domingo, com cerca de 70 barcos e mil pessoas, rumo a Gaza. A organiza\u00e7\u00e3o pretende ser a maior miss\u00e3o mar\u00edtima em defesa da Palestina, visando abrir corredores de ajuda humanit\u00e1ria e acabar com o bloqueio. Participam quatro portugueses, Greta Thunberg e barcos da Greenpeace e Open Arms; pode haver ades\u00e3o de mais embarca\u00e7\u00f5es de outros portos. As quatro reivindica\u00e7\u00f5es incluem um corredor mar\u00edtimo e terrestre para Gaza, embargo de armas a Israel, reconstru\u00e7\u00e3o liderada pelos palestinianos e levantamento do bloqueio com direito de regresso. A iniciativa ocorre num contexto de viol\u00eancia cont\u00ednua na regi\u00e3o e de deten\u00e7\u00e3o de ativistas na opera\u00e7\u00e3o anterior.\" \/>\n<meta property=\"og:url\" content=\"https:\/\/portaltela.pt\/noticias\/2026\/04\/10\/maior-flotilha-para-gaza-parte-de-barcelona-no-domingo\/\" \/>\n<meta property=\"og:site_name\" content=\"Portal Tela Portugal\" \/>\n<meta property=\"article:published_time\" content=\"2026-04-10T07:32:16+00:00\" \/>\n<meta name=\"author\" content=\"Telinha\" \/>\n<meta name=\"twitter:card\" content=\"summary_large_image\" \/>\n<meta name=\"twitter:label1\" content=\"Escrito por\" \/>\n\t<meta name=\"twitter:data1\" content=\"Telinha\" \/>\n\t<meta name=\"twitter:label2\" content=\"Tempo estimado de leitura\" \/>\n\t<meta name=\"twitter:data2\" content=\"2 minutos\" \/>\n<script type=\"application\/ld+json\" class=\"yoast-schema-graph\">{\"@context\":\"https:\/\/schema.org\",\"@graph\":[{\"@type\":\"Article\",\"@id\":\"https:\/\/portaltela.pt\/noticias\/2026\/04\/10\/maior-flotilha-para-gaza-parte-de-barcelona-no-domingo\/#article\",\"isPartOf\":{\"@id\":\"https:\/\/portaltela.pt\/noticias\/2026\/04\/10\/maior-flotilha-para-gaza-parte-de-barcelona-no-domingo\/\"},\"author\":{\"name\":\"Telinha\",\"@id\":\"https:\/\/portaltela.pt\/#\/schema\/person\/c4278d4a6028830caff9ee44b42d32ed\"},\"headline\":\"Maior flotilha para Gaza parte de Barcelona no domingo\",\"datePublished\":\"2026-04-10T07:32:16+00:00\",\"mainEntityOfPage\":{\"@id\":\"https:\/\/portaltela.pt\/noticias\/2026\/04\/10\/maior-flotilha-para-gaza-parte-de-barcelona-no-domingo\/\"},\"wordCount\":330,\"image\":{\"@id\":\"https:\/\/portaltela.pt\/noticias\/2026\/04\/10\/maior-flotilha-para-gaza-parte-de-barcelona-no-domingo\/#primaryimage\"},\"thumbnailUrl\":\"https:\/\/portaltela.pt\/s.01k8rhncp4jt1\/2026\/04\/image-562.jpg\",\"keywords\":[\"a\u00e7\u00e3o humanit\u00e1ria\",\"Barcelona\",\"Gaza\",\"migrantes\",\"organiza\u00e7\u00f5es internacionais\",\"Palestina\"],\"articleSection\":[\"Geopol\u00edtica\"],\"inLanguage\":\"pt-PT\"},{\"@type\":\"WebPage\",\"@id\":\"https:\/\/portaltela.pt\/noticias\/2026\/04\/10\/maior-flotilha-para-gaza-parte-de-barcelona-no-domingo\/\",\"url\":\"https:\/\/portaltela.pt\/noticias\/2026\/04\/10\/maior-flotilha-para-gaza-parte-de-barcelona-no-domingo\/\",\"name\":\"Maior flotilha para Gaza parte de Barcelona no domingo - Portal Tela Portugal\",\"isPartOf\":{\"@id\":\"https:\/\/portaltela.pt\/#website\"},\"primaryImageOfPage\":{\"@id\":\"https:\/\/portaltela.pt\/noticias\/2026\/04\/10\/maior-flotilha-para-gaza-parte-de-barcelona-no-domingo\/#primaryimage\"},\"image\":{\"@id\":\"https:\/\/portaltela.pt\/noticias\/2026\/04\/10\/maior-flotilha-para-gaza-parte-de-barcelona-no-domingo\/#primaryimage\"},\"thumbnailUrl\":\"https:\/\/portaltela.pt\/s.01k8rhncp4jt1\/2026\/04\/image-562.jpg\",\"datePublished\":\"2026-04-10T07:32:16+00:00\",\"author\":{\"@id\":\"https:\/\/portaltela.pt\/#\/schema\/person\/c4278d4a6028830caff9ee44b42d32ed\"},\"breadcrumb\":{\"@id\":\"https:\/\/portaltela.pt\/noticias\/2026\/04\/10\/maior-flotilha-para-gaza-parte-de-barcelona-no-domingo\/#breadcrumb\"},\"inLanguage\":\"pt-PT\",\"potentialAction\":[{\"@type\":\"ReadAction\",\"target\":[\"https:\/\/portaltela.pt\/noticias\/2026\/04\/10\/maior-flotilha-para-gaza-parte-de-barcelona-no-domingo\/\"]}]},{\"@type\":\"ImageObject\",\"inLanguage\":\"pt-PT\",\"@id\":\"https:\/\/portaltela.pt\/noticias\/2026\/04\/10\/maior-flotilha-para-gaza-parte-de-barcelona-no-domingo\/#primaryimage\",\"url\":\"https:\/\/portaltela.pt\/s.01k8rhncp4jt1\/2026\/04\/image-562.jpg\",\"contentUrl\":\"https:\/\/portaltela.pt\/s.01k8rhncp4jt1\/2026\/04\/image-562.jpg\",\"width\":796,\"height\":448,\"caption\":\"Imagem de contexto do artigo Maior flotilha de sempre para Gaza sai de Barcelona no domingo\"},{\"@type\":\"BreadcrumbList\",\"@id\":\"https:\/\/portaltela.pt\/noticias\/2026\/04\/10\/maior-flotilha-para-gaza-parte-de-barcelona-no-domingo\/#breadcrumb\",\"itemListElement\":[{\"@type\":\"ListItem\",\"position\":1,\"name\":\"In\u00edcio\",\"item\":\"https:\/\/portaltela.pt\/\"},{\"@type\":\"ListItem\",\"position\":2,\"name\":\"Maior flotilha para Gaza parte de Barcelona no domingo\"}]},{\"@type\":\"WebSite\",\"@id\":\"https:\/\/portaltela.pt\/#website\",\"url\":\"https:\/\/portaltela.pt\/\",\"name\":\"Portal Tela Portugal\",\"description\":\"\",\"potentialAction\":[{\"@type\":\"SearchAction\",\"target\":{\"@type\":\"EntryPoint\",\"urlTemplate\":\"https:\/\/portaltela.pt\/?s={search_term_string}\"},\"query-input\":{\"@type\":\"PropertyValueSpecification\",\"valueRequired\":true,\"valueName\":\"search_term_string\"}}],\"inLanguage\":\"pt-PT\"},{\"@type\":\"Person\",\"@id\":\"https:\/\/portaltela.pt\/#\/schema\/person\/c4278d4a6028830caff9ee44b42d32ed\",\"name\":\"Telinha\",\"image\":{\"@type\":\"ImageObject\",\"inLanguage\":\"pt-PT\",\"@id\":\"https:\/\/portaltela.pt\/s.01k8rhncp4jt1\/2025\/11\/talking-bot-125x125.png\",\"url\":\"https:\/\/portaltela.pt\/s.01k8rhncp4jt1\/2025\/11\/talking-bot-125x125.png\",\"contentUrl\":\"https:\/\/portaltela.pt\/s.01k8rhncp4jt1\/2025\/11\/talking-bot-125x125.png\",\"caption\":\"Telinha\"},\"sameAs\":[\"https:\/\/portaltela.pt\/\"],\"url\":\"https:\/\/portaltela.pt\/por\/367410592786\/\"}]}<\/script>\n<!-- \/ Yoast SEO plugin. -->","yoast_head_json":{"title":"Maior flotilha para Gaza parte de Barcelona no domingo - Portal Tela Portugal","robots":{"index":"index","follow":"follow","max-snippet":"max-snippet:-1","max-image-preview":"max-image-preview:large","max-video-preview":"max-video-preview:-1"},"og_locale":"pt_PT","og_type":"article","og_title":"Maior flotilha para Gaza parte de Barcelona no domingo - Portal Tela Portugal","og_description":"Nova Flotilha Global Sumud parte de Barcelona no domingo, com cerca de 70 barcos e mil pessoas, rumo a Gaza. A organiza\u00e7\u00e3o pretende ser a maior miss\u00e3o mar\u00edtima em defesa da Palestina, visando abrir corredores de ajuda humanit\u00e1ria e acabar com o bloqueio. Participam quatro portugueses, Greta Thunberg e barcos da Greenpeace e Open Arms; pode haver ades\u00e3o de mais embarca\u00e7\u00f5es de outros portos. As quatro reivindica\u00e7\u00f5es incluem um corredor mar\u00edtimo e terrestre para Gaza, embargo de armas a Israel, reconstru\u00e7\u00e3o liderada pelos palestinianos e levantamento do bloqueio com direito de regresso. A iniciativa ocorre num contexto de viol\u00eancia cont\u00ednua na regi\u00e3o e de deten\u00e7\u00e3o de ativistas na opera\u00e7\u00e3o anterior.","og_url":"https:\/\/portaltela.pt\/noticias\/2026\/04\/10\/maior-flotilha-para-gaza-parte-de-barcelona-no-domingo\/","og_site_name":"Portal Tela Portugal","article_published_time":"2026-04-10T07:32:16+00:00","author":"Telinha","twitter_card":"summary_large_image","twitter_misc":{"Escrito por":"Telinha","Tempo estimado de leitura":"2 minutos"},"schema":{"@context":"https:\/\/schema.org","@graph":[{"@type":"Article","@id":"https:\/\/portaltela.pt\/noticias\/2026\/04\/10\/maior-flotilha-para-gaza-parte-de-barcelona-no-domingo\/#article","isPartOf":{"@id":"https:\/\/portaltela.pt\/noticias\/2026\/04\/10\/maior-flotilha-para-gaza-parte-de-barcelona-no-domingo\/"},"author":{"name":"Telinha","@id":"https:\/\/portaltela.pt\/#\/schema\/person\/c4278d4a6028830caff9ee44b42d32ed"},"headline":"Maior flotilha para Gaza parte de Barcelona no domingo","datePublished":"2026-04-10T07:32:16+00:00","mainEntityOfPage":{"@id":"https:\/\/portaltela.pt\/noticias\/2026\/04\/10\/maior-flotilha-para-gaza-parte-de-barcelona-no-domingo\/"},"wordCount":330,"image":{"@id":"https:\/\/portaltela.pt\/noticias\/2026\/04\/10\/maior-flotilha-para-gaza-parte-de-barcelona-no-domingo\/#primaryimage"},"thumbnailUrl":"https:\/\/portaltela.pt\/s.01k8rhncp4jt1\/2026\/04\/image-562.jpg","keywords":["a\u00e7\u00e3o humanit\u00e1ria","Barcelona","Gaza","migrantes","organiza\u00e7\u00f5es internacionais","Palestina"],"articleSection":["Geopol\u00edtica"],"inLanguage":"pt-PT"},{"@type":"WebPage","@id":"https:\/\/portaltela.pt\/noticias\/2026\/04\/10\/maior-flotilha-para-gaza-parte-de-barcelona-no-domingo\/","url":"https:\/\/portaltela.pt\/noticias\/2026\/04\/10\/maior-flotilha-para-gaza-parte-de-barcelona-no-domingo\/","name":"Maior flotilha para Gaza parte de Barcelona no domingo - Portal Tela Portugal","isPartOf":{"@id":"https:\/\/portaltela.pt\/#website"},"primaryImageOfPage":{"@id":"https:\/\/portaltela.pt\/noticias\/2026\/04\/10\/maior-flotilha-para-gaza-parte-de-barcelona-no-domingo\/#primaryimage"},"image":{"@id":"https:\/\/portaltela.pt\/noticias\/2026\/04\/10\/maior-flotilha-para-gaza-parte-de-barcelona-no-domingo\/#primaryimage"},"thumbnailUrl":"https:\/\/portaltela.pt\/s.01k8rhncp4jt1\/2026\/04\/image-562.jpg","datePublished":"2026-04-10T07:32:16+00:00","author":{"@id":"https:\/\/portaltela.pt\/#\/schema\/person\/c4278d4a6028830caff9ee44b42d32ed"},"breadcrumb":{"@id":"https:\/\/portaltela.pt\/noticias\/2026\/04\/10\/maior-flotilha-para-gaza-parte-de-barcelona-no-domingo\/#breadcrumb"},"inLanguage":"pt-PT","potentialAction":[{"@type":"ReadAction","target":["https:\/\/portaltela.pt\/noticias\/2026\/04\/10\/maior-flotilha-para-gaza-parte-de-barcelona-no-domingo\/"]}]},{"@type":"ImageObject","inLanguage":"pt-PT","@id":"https:\/\/portaltela.pt\/noticias\/2026\/04\/10\/maior-flotilha-para-gaza-parte-de-barcelona-no-domingo\/#primaryimage","url":"https:\/\/portaltela.pt\/s.01k8rhncp4jt1\/2026\/04\/image-562.jpg","contentUrl":"https:\/\/portaltela.pt\/s.01k8rhncp4jt1\/2026\/04\/image-562.jpg","width":796,"height":448,"caption":"Imagem de contexto do artigo Maior flotilha de sempre para Gaza sai de Barcelona no domingo"},{"@type":"BreadcrumbList","@id":"https:\/\/portaltela.pt\/noticias\/2026\/04\/10\/maior-flotilha-para-gaza-parte-de-barcelona-no-domingo\/#breadcrumb","itemListElement":[{"@type":"ListItem","position":1,"name":"In\u00edcio","item":"https:\/\/portaltela.pt\/"},{"@type":"ListItem","position":2,"name":"Maior flotilha para Gaza parte de Barcelona no domingo"}]},{"@type":"WebSite","@id":"https:\/\/portaltela.pt\/#website","url":"https:\/\/portaltela.pt\/","name":"Portal Tela Portugal","description":"","potentialAction":[{"@type":"SearchAction","target":{"@type":"EntryPoint","urlTemplate":"https:\/\/portaltela.pt\/?s={search_term_string}"},"query-input":{"@type":"PropertyValueSpecification","valueRequired":true,"valueName":"search_term_string"}}],"inLanguage":"pt-PT"},{"@type":"Person","@id":"https:\/\/portaltela.pt\/#\/schema\/person\/c4278d4a6028830caff9ee44b42d32ed","name":"Telinha","image":{"@type":"ImageObject","inLanguage":"pt-PT","@id":"https:\/\/portaltela.pt\/s.01k8rhncp4jt1\/2025\/11\/talking-bot-125x125.png","url":"https:\/\/portaltela.pt\/s.01k8rhncp4jt1\/2025\/11\/talking-bot-125x125.png","contentUrl":"https:\/\/portaltela.pt\/s.01k8rhncp4jt1\/2025\/11\/talking-bot-125x125.png","caption":"Telinha"},"sameAs":["https:\/\/portaltela.pt\/"],"url":"https:\/\/portaltela.pt\/por\/367410592786\/"}]}},"_links":{"self":[{"href":"https:\/\/portaltela.pt\/api\/wp\/v2\/posts\/438883","targetHints":{"allow":["GET"]}}],"collection":[{"href":"https:\/\/portaltela.pt\/api\/wp\/v2\/posts"}],"about":[{"href":"https:\/\/portaltela.pt\/api\/wp\/v2\/types\/post"}],"author":[{"embeddable":true,"href":"https:\/\/portaltela.pt\/api\/wp\/v2\/users\/2"}],"replies":[{"embeddable":true,"href":"https:\/\/portaltela.pt\/api\/wp\/v2\/comments?post=438883"}],"version-history":[{"count":0,"href":"https:\/\/portaltela.pt\/api\/wp\/v2\/posts\/438883\/revisions"}],"wp:featuredmedia":[{"embeddable":true,"href":"https:\/\/portaltela.pt\/api\/wp\/v2\/media\/438887"}],"wp:attachment":[{"href":"https:\/\/portaltela.pt\/api\/wp\/v2\/media?parent=438883"}],"wp:term":[{"taxonomy":"category","embeddable":true,"href":"https:\/\/portaltela.pt\/api\/wp\/v2\/categories?post=438883"},{"taxonomy":"post_tag","embeddable":true,"href":"https:\/\/portaltela.pt\/api\/wp\/v2\/tags?post=438883"}],"curies":[{"name":"wp","href":"https:\/\/api.w.org\/{rel}","templated":true}]}}