{"id":438880,"date":"2026-04-10T04:31:54","date_gmt":"2026-04-10T07:31:54","guid":{"rendered":"https:\/\/portaltela.pt\/noticias\/2026\/04\/10\/israel-mantem-ataques-ao-libano-e-delegacao-iraniana-chega-a-islamabad\/"},"modified":"2026-04-10T04:31:54","modified_gmt":"2026-04-10T07:31:54","slug":"israel-mantem-ataques-ao-libano-e-delegacao-iraniana-chega-a-islamabad","status":"publish","type":"post","link":"https:\/\/portaltela.pt\/conflitos\/2026\/04\/10\/israel-mantem-ataques-ao-libano-e-delegacao-iraniana-chega-a-islamabad\/","title":{"rendered":"Israel mant\u00e9m ataques ao L\u00edbano e delega\u00e7\u00e3o iraniana chega a Islamabad"},"content":{"rendered":"<p>O conflito entre Israel e o L\u00edbano continua a intensificar-se, com for\u00e7as israelitas a manter ataques na regi\u00e3o. Apesar de o primeiro-ministro Benjamin Netanyahu ter afirmado estar aberto a negocia\u00e7\u00f5es com o Hezbollah, o fio de a\u00e7\u00f5es militares mant\u00e9m-se firme. O objetivo das movimenta\u00e7\u00f5es \u00e9 apresentar press\u00e3o estrat\u00e9gica e for\u00e7ar condi\u00e7\u00f5es no terreno.<\/p>\n<p>No terreno, bombardeamentos e alertas de evacua\u00e7\u00e3o continuam a exigir rea\u00e7\u00f5es r\u00e1pidas da popula\u00e7\u00e3o libanesa. Em Beirute, edif\u00edcios foram alvo de ataques, enquanto civis fogem para zonas mais seguras, segundo relatos de ag\u00eancias internacionais.<\/p>\n<p>Entretanto, a diplomacia est\u00e1 em curso: uma delega\u00e7\u00e3o iraniana j\u00e1 chegou a Islamabad, onde est\u00e3o marcadas negocia\u00e7\u00f5es de paz a partir deste s\u00e1bado. O encontro visa analisar caminhos de desescalada entre as partes, num contexto regional de tens\u00f5es crescentes.<\/p>\n","protected":false},"excerpt":{"rendered":"<ul>\n<li>For\u00e7as israelitas continuam a atacar o L\u00edbano, mesmo que o primeiro-ministro israelita, Binyamin Netanyahu, tenha dito estar dispon\u00edvel para negocia\u00e7\u00f5es com o Hezbollah.<\/li>\n<li>Uma delega\u00e7\u00e3o iraniana j\u00e1 chegou a Islamabad, capital do Paquist\u00e3o.<\/li>\n<li>As negocia\u00e7\u00f5es para a paz come\u00e7am neste s\u00e1bado em Islamabad.<\/li>\n<li>No L\u00edbano, h\u00e1 relatos de ataques a edif\u00edcios em Beirute e de evacua\u00e7\u00f5es em curso.<\/li>\n<li>Em Beirute, manifestantes mostram apoio ao Hezbollah.<\/li>\n<\/ul>\n","protected":false},"author":2,"featured_media":438881,"comment_status":"closed","ping_status":"closed","sticky":false,"template":"","format":"standard","meta":{"footnotes":""},"categories":[6790],"tags":[254,2792,81,3708,7439,5698],"class_list":["post-438880","post","type-post","status-publish","format-standard","has-post-thumbnail","hentry","category-conflitos","tag-conflito","tag-conflito-internacional","tag-internacionais","tag-israel","tag-politica-externa","tag-politica-internacional"],"yoast_head":"<!-- This site is optimized with the Yoast SEO plugin v27.2 - https:\/\/yoast.com\/product\/yoast-seo-wordpress\/ -->\n<title>Israel mant\u00e9m ataques ao L\u00edbano e delega\u00e7\u00e3o iraniana chega a Islamabad - Portal Tela Portugal<\/title>\n<meta name=\"robots\" content=\"index, follow, max-snippet:-1, max-image-preview:large, max-video-preview:-1\" \/>\n<meta property=\"og:locale\" content=\"pt_PT\" \/>\n<meta property=\"og:type\" content=\"article\" \/>\n<meta property=\"og:title\" content=\"Israel mant\u00e9m ataques ao L\u00edbano e delega\u00e7\u00e3o iraniana chega a Islamabad - Portal Tela Portugal\" \/>\n<meta property=\"og:description\" content=\"For\u00e7as israelitas continuam a atacar o L\u00edbano, mesmo que o primeiro-ministro israelita, Binyamin Netanyahu, tenha dito estar dispon\u00edvel para negocia\u00e7\u00f5es com o Hezbollah. Uma delega\u00e7\u00e3o iraniana j\u00e1 chegou a Islamabad, capital do Paquist\u00e3o. As negocia\u00e7\u00f5es para a paz come\u00e7am neste s\u00e1bado em Islamabad. No L\u00edbano, h\u00e1 relatos de ataques a edif\u00edcios em Beirute e de evacua\u00e7\u00f5es em curso. Em Beirute, manifestantes mostram apoio ao Hezbollah.\" \/>\n<meta property=\"og:url\" content=\"https:\/\/portaltela.pt\/noticias\/2026\/04\/10\/israel-mantem-ataques-ao-libano-e-delegacao-iraniana-chega-a-islamabad\/\" \/>\n<meta property=\"og:site_name\" content=\"Portal Tela Portugal\" \/>\n<meta property=\"article:published_time\" content=\"2026-04-10T07:31:54+00:00\" \/>\n<meta name=\"author\" content=\"Telinha\" \/>\n<meta name=\"twitter:card\" content=\"summary_large_image\" \/>\n<meta name=\"twitter:label1\" content=\"Escrito por\" \/>\n\t<meta name=\"twitter:data1\" content=\"Telinha\" \/>\n\t<meta name=\"twitter:label2\" content=\"Tempo estimado de leitura\" \/>\n\t<meta name=\"twitter:data2\" content=\"1 minuto\" \/>\n<script type=\"application\/ld+json\" class=\"yoast-schema-graph\">{\"@context\":\"https:\/\/schema.org\",\"@graph\":[{\"@type\":\"Article\",\"@id\":\"https:\/\/portaltela.pt\/noticias\/2026\/04\/10\/israel-mantem-ataques-ao-libano-e-delegacao-iraniana-chega-a-islamabad\/#article\",\"isPartOf\":{\"@id\":\"https:\/\/portaltela.pt\/noticias\/2026\/04\/10\/israel-mantem-ataques-ao-libano-e-delegacao-iraniana-chega-a-islamabad\/\"},\"author\":{\"name\":\"Telinha\",\"@id\":\"https:\/\/portaltela.pt\/#\/schema\/person\/c4278d4a6028830caff9ee44b42d32ed\"},\"headline\":\"Israel mant\u00e9m ataques ao L\u00edbano e delega\u00e7\u00e3o iraniana chega a Islamabad\",\"datePublished\":\"2026-04-10T07:31:54+00:00\",\"mainEntityOfPage\":{\"@id\":\"https:\/\/portaltela.pt\/noticias\/2026\/04\/10\/israel-mantem-ataques-ao-libano-e-delegacao-iraniana-chega-a-islamabad\/\"},\"wordCount\":161,\"image\":{\"@id\":\"https:\/\/portaltela.pt\/noticias\/2026\/04\/10\/israel-mantem-ataques-ao-libano-e-delegacao-iraniana-chega-a-islamabad\/#primaryimage\"},\"thumbnailUrl\":\"https:\/\/portaltela.pt\/s.01k8rhncp4jt1\/2026\/04\/2080397.jpg\",\"keywords\":[\"conflito\",\"conflito internacional\",\"internacionais\",\"Israel\",\"pol\u00edtica externa\",\"pol\u00edtica internacional\"],\"articleSection\":[\"Conflitos\"],\"inLanguage\":\"pt-PT\"},{\"@type\":\"WebPage\",\"@id\":\"https:\/\/portaltela.pt\/noticias\/2026\/04\/10\/israel-mantem-ataques-ao-libano-e-delegacao-iraniana-chega-a-islamabad\/\",\"url\":\"https:\/\/portaltela.pt\/noticias\/2026\/04\/10\/israel-mantem-ataques-ao-libano-e-delegacao-iraniana-chega-a-islamabad\/\",\"name\":\"Israel mant\u00e9m ataques ao L\u00edbano e delega\u00e7\u00e3o iraniana chega a Islamabad - Portal Tela Portugal\",\"isPartOf\":{\"@id\":\"https:\/\/portaltela.pt\/#website\"},\"primaryImageOfPage\":{\"@id\":\"https:\/\/portaltela.pt\/noticias\/2026\/04\/10\/israel-mantem-ataques-ao-libano-e-delegacao-iraniana-chega-a-islamabad\/#primaryimage\"},\"image\":{\"@id\":\"https:\/\/portaltela.pt\/noticias\/2026\/04\/10\/israel-mantem-ataques-ao-libano-e-delegacao-iraniana-chega-a-islamabad\/#primaryimage\"},\"thumbnailUrl\":\"https:\/\/portaltela.pt\/s.01k8rhncp4jt1\/2026\/04\/2080397.jpg\",\"datePublished\":\"2026-04-10T07:31:54+00:00\",\"author\":{\"@id\":\"https:\/\/portaltela.pt\/#\/schema\/person\/c4278d4a6028830caff9ee44b42d32ed\"},\"breadcrumb\":{\"@id\":\"https:\/\/portaltela.pt\/noticias\/2026\/04\/10\/israel-mantem-ataques-ao-libano-e-delegacao-iraniana-chega-a-islamabad\/#breadcrumb\"},\"inLanguage\":\"pt-PT\",\"potentialAction\":[{\"@type\":\"ReadAction\",\"target\":[\"https:\/\/portaltela.pt\/noticias\/2026\/04\/10\/israel-mantem-ataques-ao-libano-e-delegacao-iraniana-chega-a-islamabad\/\"]}]},{\"@type\":\"ImageObject\",\"inLanguage\":\"pt-PT\",\"@id\":\"https:\/\/portaltela.pt\/noticias\/2026\/04\/10\/israel-mantem-ataques-ao-libano-e-delegacao-iraniana-chega-a-islamabad\/#primaryimage\",\"url\":\"https:\/\/portaltela.pt\/s.01k8rhncp4jt1\/2026\/04\/2080397.jpg\",\"contentUrl\":\"https:\/\/portaltela.pt\/s.01k8rhncp4jt1\/2026\/04\/2080397.jpg\",\"width\":796,\"height\":448,\"caption\":\"Edif\u00edcio atacado por Israel em Beirute\"},{\"@type\":\"BreadcrumbList\",\"@id\":\"https:\/\/portaltela.pt\/noticias\/2026\/04\/10\/israel-mantem-ataques-ao-libano-e-delegacao-iraniana-chega-a-islamabad\/#breadcrumb\",\"itemListElement\":[{\"@type\":\"ListItem\",\"position\":1,\"name\":\"In\u00edcio\",\"item\":\"https:\/\/portaltela.pt\/\"},{\"@type\":\"ListItem\",\"position\":2,\"name\":\"Israel mant\u00e9m ataques ao L\u00edbano e delega\u00e7\u00e3o iraniana chega a Islamabad\"}]},{\"@type\":\"WebSite\",\"@id\":\"https:\/\/portaltela.pt\/#website\",\"url\":\"https:\/\/portaltela.pt\/\",\"name\":\"Portal Tela Portugal\",\"description\":\"\",\"potentialAction\":[{\"@type\":\"SearchAction\",\"target\":{\"@type\":\"EntryPoint\",\"urlTemplate\":\"https:\/\/portaltela.pt\/?s={search_term_string}\"},\"query-input\":{\"@type\":\"PropertyValueSpecification\",\"valueRequired\":true,\"valueName\":\"search_term_string\"}}],\"inLanguage\":\"pt-PT\"},{\"@type\":\"Person\",\"@id\":\"https:\/\/portaltela.pt\/#\/schema\/person\/c4278d4a6028830caff9ee44b42d32ed\",\"name\":\"Telinha\",\"image\":{\"@type\":\"ImageObject\",\"inLanguage\":\"pt-PT\",\"@id\":\"https:\/\/portaltela.pt\/s.01k8rhncp4jt1\/2025\/11\/talking-bot-125x125.png\",\"url\":\"https:\/\/portaltela.pt\/s.01k8rhncp4jt1\/2025\/11\/talking-bot-125x125.png\",\"contentUrl\":\"https:\/\/portaltela.pt\/s.01k8rhncp4jt1\/2025\/11\/talking-bot-125x125.png\",\"caption\":\"Telinha\"},\"sameAs\":[\"https:\/\/portaltela.pt\/\"],\"url\":\"https:\/\/portaltela.pt\/por\/367410592786\/\"}]}<\/script>\n<!-- \/ Yoast SEO plugin. -->","yoast_head_json":{"title":"Israel mant\u00e9m ataques ao L\u00edbano e delega\u00e7\u00e3o iraniana chega a Islamabad - Portal Tela Portugal","robots":{"index":"index","follow":"follow","max-snippet":"max-snippet:-1","max-image-preview":"max-image-preview:large","max-video-preview":"max-video-preview:-1"},"og_locale":"pt_PT","og_type":"article","og_title":"Israel mant\u00e9m ataques ao L\u00edbano e delega\u00e7\u00e3o iraniana chega a Islamabad - Portal Tela Portugal","og_description":"For\u00e7as israelitas continuam a atacar o L\u00edbano, mesmo que o primeiro-ministro israelita, Binyamin Netanyahu, tenha dito estar dispon\u00edvel para negocia\u00e7\u00f5es com o Hezbollah. Uma delega\u00e7\u00e3o iraniana j\u00e1 chegou a Islamabad, capital do Paquist\u00e3o. As negocia\u00e7\u00f5es para a paz come\u00e7am neste s\u00e1bado em Islamabad. No L\u00edbano, h\u00e1 relatos de ataques a edif\u00edcios em Beirute e de evacua\u00e7\u00f5es em curso. Em Beirute, manifestantes mostram apoio ao Hezbollah.","og_url":"https:\/\/portaltela.pt\/noticias\/2026\/04\/10\/israel-mantem-ataques-ao-libano-e-delegacao-iraniana-chega-a-islamabad\/","og_site_name":"Portal Tela Portugal","article_published_time":"2026-04-10T07:31:54+00:00","author":"Telinha","twitter_card":"summary_large_image","twitter_misc":{"Escrito por":"Telinha","Tempo estimado de leitura":"1 minuto"},"schema":{"@context":"https:\/\/schema.org","@graph":[{"@type":"Article","@id":"https:\/\/portaltela.pt\/noticias\/2026\/04\/10\/israel-mantem-ataques-ao-libano-e-delegacao-iraniana-chega-a-islamabad\/#article","isPartOf":{"@id":"https:\/\/portaltela.pt\/noticias\/2026\/04\/10\/israel-mantem-ataques-ao-libano-e-delegacao-iraniana-chega-a-islamabad\/"},"author":{"name":"Telinha","@id":"https:\/\/portaltela.pt\/#\/schema\/person\/c4278d4a6028830caff9ee44b42d32ed"},"headline":"Israel mant\u00e9m ataques ao L\u00edbano e delega\u00e7\u00e3o iraniana chega a Islamabad","datePublished":"2026-04-10T07:31:54+00:00","mainEntityOfPage":{"@id":"https:\/\/portaltela.pt\/noticias\/2026\/04\/10\/israel-mantem-ataques-ao-libano-e-delegacao-iraniana-chega-a-islamabad\/"},"wordCount":161,"image":{"@id":"https:\/\/portaltela.pt\/noticias\/2026\/04\/10\/israel-mantem-ataques-ao-libano-e-delegacao-iraniana-chega-a-islamabad\/#primaryimage"},"thumbnailUrl":"https:\/\/portaltela.pt\/s.01k8rhncp4jt1\/2026\/04\/2080397.jpg","keywords":["conflito","conflito internacional","internacionais","Israel","pol\u00edtica externa","pol\u00edtica internacional"],"articleSection":["Conflitos"],"inLanguage":"pt-PT"},{"@type":"WebPage","@id":"https:\/\/portaltela.pt\/noticias\/2026\/04\/10\/israel-mantem-ataques-ao-libano-e-delegacao-iraniana-chega-a-islamabad\/","url":"https:\/\/portaltela.pt\/noticias\/2026\/04\/10\/israel-mantem-ataques-ao-libano-e-delegacao-iraniana-chega-a-islamabad\/","name":"Israel mant\u00e9m ataques ao L\u00edbano e delega\u00e7\u00e3o iraniana chega a Islamabad - Portal Tela Portugal","isPartOf":{"@id":"https:\/\/portaltela.pt\/#website"},"primaryImageOfPage":{"@id":"https:\/\/portaltela.pt\/noticias\/2026\/04\/10\/israel-mantem-ataques-ao-libano-e-delegacao-iraniana-chega-a-islamabad\/#primaryimage"},"image":{"@id":"https:\/\/portaltela.pt\/noticias\/2026\/04\/10\/israel-mantem-ataques-ao-libano-e-delegacao-iraniana-chega-a-islamabad\/#primaryimage"},"thumbnailUrl":"https:\/\/portaltela.pt\/s.01k8rhncp4jt1\/2026\/04\/2080397.jpg","datePublished":"2026-04-10T07:31:54+00:00","author":{"@id":"https:\/\/portaltela.pt\/#\/schema\/person\/c4278d4a6028830caff9ee44b42d32ed"},"breadcrumb":{"@id":"https:\/\/portaltela.pt\/noticias\/2026\/04\/10\/israel-mantem-ataques-ao-libano-e-delegacao-iraniana-chega-a-islamabad\/#breadcrumb"},"inLanguage":"pt-PT","potentialAction":[{"@type":"ReadAction","target":["https:\/\/portaltela.pt\/noticias\/2026\/04\/10\/israel-mantem-ataques-ao-libano-e-delegacao-iraniana-chega-a-islamabad\/"]}]},{"@type":"ImageObject","inLanguage":"pt-PT","@id":"https:\/\/portaltela.pt\/noticias\/2026\/04\/10\/israel-mantem-ataques-ao-libano-e-delegacao-iraniana-chega-a-islamabad\/#primaryimage","url":"https:\/\/portaltela.pt\/s.01k8rhncp4jt1\/2026\/04\/2080397.jpg","contentUrl":"https:\/\/portaltela.pt\/s.01k8rhncp4jt1\/2026\/04\/2080397.jpg","width":796,"height":448,"caption":"Edif\u00edcio atacado por Israel em Beirute"},{"@type":"BreadcrumbList","@id":"https:\/\/portaltela.pt\/noticias\/2026\/04\/10\/israel-mantem-ataques-ao-libano-e-delegacao-iraniana-chega-a-islamabad\/#breadcrumb","itemListElement":[{"@type":"ListItem","position":1,"name":"In\u00edcio","item":"https:\/\/portaltela.pt\/"},{"@type":"ListItem","position":2,"name":"Israel mant\u00e9m ataques ao L\u00edbano e delega\u00e7\u00e3o iraniana chega a Islamabad"}]},{"@type":"WebSite","@id":"https:\/\/portaltela.pt\/#website","url":"https:\/\/portaltela.pt\/","name":"Portal Tela Portugal","description":"","potentialAction":[{"@type":"SearchAction","target":{"@type":"EntryPoint","urlTemplate":"https:\/\/portaltela.pt\/?s={search_term_string}"},"query-input":{"@type":"PropertyValueSpecification","valueRequired":true,"valueName":"search_term_string"}}],"inLanguage":"pt-PT"},{"@type":"Person","@id":"https:\/\/portaltela.pt\/#\/schema\/person\/c4278d4a6028830caff9ee44b42d32ed","name":"Telinha","image":{"@type":"ImageObject","inLanguage":"pt-PT","@id":"https:\/\/portaltela.pt\/s.01k8rhncp4jt1\/2025\/11\/talking-bot-125x125.png","url":"https:\/\/portaltela.pt\/s.01k8rhncp4jt1\/2025\/11\/talking-bot-125x125.png","contentUrl":"https:\/\/portaltela.pt\/s.01k8rhncp4jt1\/2025\/11\/talking-bot-125x125.png","caption":"Telinha"},"sameAs":["https:\/\/portaltela.pt\/"],"url":"https:\/\/portaltela.pt\/por\/367410592786\/"}]}},"_links":{"self":[{"href":"https:\/\/portaltela.pt\/api\/wp\/v2\/posts\/438880","targetHints":{"allow":["GET"]}}],"collection":[{"href":"https:\/\/portaltela.pt\/api\/wp\/v2\/posts"}],"about":[{"href":"https:\/\/portaltela.pt\/api\/wp\/v2\/types\/post"}],"author":[{"embeddable":true,"href":"https:\/\/portaltela.pt\/api\/wp\/v2\/users\/2"}],"replies":[{"embeddable":true,"href":"https:\/\/portaltela.pt\/api\/wp\/v2\/comments?post=438880"}],"version-history":[{"count":0,"href":"https:\/\/portaltela.pt\/api\/wp\/v2\/posts\/438880\/revisions"}],"wp:featuredmedia":[{"embeddable":true,"href":"https:\/\/portaltela.pt\/api\/wp\/v2\/media\/438881"}],"wp:attachment":[{"href":"https:\/\/portaltela.pt\/api\/wp\/v2\/media?parent=438880"}],"wp:term":[{"taxonomy":"category","embeddable":true,"href":"https:\/\/portaltela.pt\/api\/wp\/v2\/categories?post=438880"},{"taxonomy":"post_tag","embeddable":true,"href":"https:\/\/portaltela.pt\/api\/wp\/v2\/tags?post=438880"}],"curies":[{"name":"wp","href":"https:\/\/api.w.org\/{rel}","templated":true}]}}