{"id":438870,"date":"2026-04-10T04:17:00","date_gmt":"2026-04-10T07:17:00","guid":{"rendered":"https:\/\/portaltela.pt\/noticias\/2026\/04\/10\/album-de-familia-de-pz-ganha-novo-quadro-com-empadao-na-bimby-e-emmy-curl\/"},"modified":"2026-04-10T04:17:00","modified_gmt":"2026-04-10T07:17:00","slug":"album-de-familia-de-pz-ganha-novo-quadro-com-empadao-na-bimby-e-emmy-curl","status":"publish","type":"post","link":"https:\/\/portaltela.pt\/musica\/2026\/04\/10\/album-de-familia-de-pz-ganha-novo-quadro-com-empadao-na-bimby-e-emmy-curl\/","title":{"rendered":"\u00c1lbum de Fam\u00edlia de PZ ganha novo quadro com Empad\u00e3o na Bimby e Emmy Curl"},"content":{"rendered":"<p>O artista PZ, alter ego de Paulo Jos\u00e9 Pimenta, avan\u00e7a com o projeto \u00c1lbum de Fam\u00edlia. Desde janeiro, o m\u00fasico tem lan\u00e7ado mensalmente uma faixa gravada com convidados, totalizando 12 temas ao longo de 12 meses. O objetivo \u00e9 compor um disco integrado por mem\u00f3rias familiares.<\/p>\n<p>A quarta m\u00fasica, Empad\u00e3o na Bimby, estreia nesta sexta-feira e tem como convidada a cantora Emmy Curl. A can\u00e7\u00e3o foi criada durante o confinamento causado pela covid-19, com o uso da rotina dom\u00e9stica como fuga criativa, segundo o texto que acompanha o lan\u00e7amento. O videoclip decorre nos Est\u00fadios Arda, com a realiza\u00e7\u00e3o de Vasco Mendes.<\/p>\n<p>Ao longo de 2024 e 2025, PZ j\u00e1 revelou as faixas iniciais: Todo o santo dia, com Samuel \u00daria, em janeiro; Quem \u00e9 que vai lavar a banca, com Joana Espadinha, em fevereiro; e Sou pai de filhos, com os Retimbrar, em mar\u00e7o, dia do pai. Cada faixa apresenta um convidado distinto e uma abordagem \u00edntima.<\/p>\n<p>O percurso discogr\u00e1fico de PZ inclui os \u00e1lbuns Rude Sofisticado (2012), Mensagens da Nave-M\u00e3e (2015), Imp\u00e9rio Auto-Mano (2017), Do Outro Lado (2018), Selfie-Destruction (2020) e O Fim do Mundo em Cuecas (2024). Em 2023 lan\u00e7ou Tempo Para Nada, em formato alter ego O Vampiro Submarino. Em mar\u00e7o de 2025 publicou Apocalypse Later, com Joe Z\u00e9.<\/p>\n<p>O \u00c1lbum de Fam\u00edlia est\u00e1 previsto para lan\u00e7amento em vinil no dia 11 de dezembro. O projeto re\u00fane 12 can\u00e7\u00f5es inspiradas em momentos da vida familiar, todas gravadas com convidados. A proposta \u00e9 manter a cad\u00eancia mensal at\u00e9 completar o conjunto de 12 temas.<\/p>\n","protected":false},"excerpt":{"rendered":"<ul>\n<li>O projeto \u201c\u00c1lbum de Fam\u00edlia\u201d de PZ (Paulo Jos\u00e9 Pimenta) prossegue, com 12 m\u00fasicas gravadas com convidados, lan\u00e7adas mensalmente durante 12 meses.<\/li>\n<li>A quarta faixa, \u201cEmpad\u00e3o na Bimby\u201d, estreia nesta sexta-feira e tem a cantora Emmy Curl como convidada.<\/li>\n<li>O tema da can\u00e7\u00e3o nasceu no confinamento durante a pandemia de covid-19, buscando aligeirar a rotina familiar com uma vis\u00e3o leve e divertida.<\/li>\n<li>O videoclipe foi gravado nos Est\u00fadios Arda, por Vasco Mendes, seguindo o mesmo formato dos epis\u00f3dios anteriores.<\/li>\n<li>O \u00c1lbum de Fam\u00edlia dever\u00e1 ser publicado em vinil no dia 11 de Dezembro, com cada tema relacionado a momentos da vida familiar de PZ.<\/li>\n<\/ul>\n","protected":false},"author":2,"featured_media":438871,"comment_status":"closed","ping_status":"closed","sticky":false,"template":"","format":"standard","meta":{"footnotes":""},"categories":[7375,6676],"tags":[762,6163,145,122,1014],"class_list":["post-438870","post","type-post","status-publish","format-standard","has-post-thumbnail","hentry","category-cultura","category-musica","tag-artistas","tag-cantores","tag-cultura","tag-musica","tag-portugal"],"yoast_head":"<!-- This site is optimized with the Yoast SEO plugin v27.2 - https:\/\/yoast.com\/product\/yoast-seo-wordpress\/ -->\n<title>\u00c1lbum de Fam\u00edlia de PZ ganha novo quadro com Empad\u00e3o na Bimby e Emmy Curl - Portal Tela Portugal<\/title>\n<meta name=\"robots\" content=\"index, follow, max-snippet:-1, max-image-preview:large, max-video-preview:-1\" \/>\n<meta property=\"og:locale\" content=\"pt_PT\" \/>\n<meta property=\"og:type\" content=\"article\" \/>\n<meta property=\"og:title\" content=\"\u00c1lbum de Fam\u00edlia de PZ ganha novo quadro com Empad\u00e3o na Bimby e Emmy Curl - Portal Tela Portugal\" \/>\n<meta property=\"og:description\" content=\"O projeto \u201c\u00c1lbum de Fam\u00edlia\u201d de PZ (Paulo Jos\u00e9 Pimenta) prossegue, com 12 m\u00fasicas gravadas com convidados, lan\u00e7adas mensalmente durante 12 meses. A quarta faixa, \u201cEmpad\u00e3o na Bimby\u201d, estreia nesta sexta-feira e tem a cantora Emmy Curl como convidada. O tema da can\u00e7\u00e3o nasceu no confinamento durante a pandemia de covid-19, buscando aligeirar a rotina familiar com uma vis\u00e3o leve e divertida. O videoclipe foi gravado nos Est\u00fadios Arda, por Vasco Mendes, seguindo o mesmo formato dos epis\u00f3dios anteriores. O \u00c1lbum de Fam\u00edlia dever\u00e1 ser publicado em vinil no dia 11 de Dezembro, com cada tema relacionado a momentos da vida familiar de PZ.\" \/>\n<meta property=\"og:url\" content=\"https:\/\/portaltela.pt\/noticias\/2026\/04\/10\/album-de-familia-de-pz-ganha-novo-quadro-com-empadao-na-bimby-e-emmy-curl\/\" \/>\n<meta property=\"og:site_name\" content=\"Portal Tela Portugal\" \/>\n<meta property=\"article:published_time\" content=\"2026-04-10T07:17:00+00:00\" \/>\n<meta name=\"author\" content=\"Telinha\" \/>\n<meta name=\"twitter:card\" content=\"summary_large_image\" \/>\n<meta name=\"twitter:label1\" content=\"Escrito por\" \/>\n\t<meta name=\"twitter:data1\" content=\"Telinha\" \/>\n\t<meta name=\"twitter:label2\" content=\"Tempo estimado de leitura\" \/>\n\t<meta name=\"twitter:data2\" content=\"1 minuto\" \/>\n<script type=\"application\/ld+json\" class=\"yoast-schema-graph\">{\"@context\":\"https:\/\/schema.org\",\"@graph\":[{\"@type\":\"Article\",\"@id\":\"https:\/\/portaltela.pt\/noticias\/2026\/04\/10\/album-de-familia-de-pz-ganha-novo-quadro-com-empadao-na-bimby-e-emmy-curl\/#article\",\"isPartOf\":{\"@id\":\"https:\/\/portaltela.pt\/noticias\/2026\/04\/10\/album-de-familia-de-pz-ganha-novo-quadro-com-empadao-na-bimby-e-emmy-curl\/\"},\"author\":{\"name\":\"Telinha\",\"@id\":\"https:\/\/portaltela.pt\/#\/schema\/person\/c4278d4a6028830caff9ee44b42d32ed\"},\"headline\":\"\u00c1lbum de Fam\u00edlia de PZ ganha novo quadro com Empad\u00e3o na Bimby e Emmy Curl\",\"datePublished\":\"2026-04-10T07:17:00+00:00\",\"mainEntityOfPage\":{\"@id\":\"https:\/\/portaltela.pt\/noticias\/2026\/04\/10\/album-de-familia-de-pz-ganha-novo-quadro-com-empadao-na-bimby-e-emmy-curl\/\"},\"wordCount\":278,\"image\":{\"@id\":\"https:\/\/portaltela.pt\/noticias\/2026\/04\/10\/album-de-familia-de-pz-ganha-novo-quadro-com-empadao-na-bimby-e-emmy-curl\/#primaryimage\"},\"thumbnailUrl\":\"https:\/\/portaltela.pt\/s.01k8rhncp4jt1\/2026\/04\/PZfoto0497800.jpg\",\"keywords\":[\"artistas\",\"cantores\",\"cultura\",\"m\u00fasica\",\"Portugal\"],\"articleSection\":[\"Cultura\",\"M\u00fasica\"],\"inLanguage\":\"pt-PT\"},{\"@type\":\"WebPage\",\"@id\":\"https:\/\/portaltela.pt\/noticias\/2026\/04\/10\/album-de-familia-de-pz-ganha-novo-quadro-com-empadao-na-bimby-e-emmy-curl\/\",\"url\":\"https:\/\/portaltela.pt\/noticias\/2026\/04\/10\/album-de-familia-de-pz-ganha-novo-quadro-com-empadao-na-bimby-e-emmy-curl\/\",\"name\":\"\u00c1lbum de Fam\u00edlia de PZ ganha novo quadro com Empad\u00e3o na Bimby e Emmy Curl - Portal Tela Portugal\",\"isPartOf\":{\"@id\":\"https:\/\/portaltela.pt\/#website\"},\"primaryImageOfPage\":{\"@id\":\"https:\/\/portaltela.pt\/noticias\/2026\/04\/10\/album-de-familia-de-pz-ganha-novo-quadro-com-empadao-na-bimby-e-emmy-curl\/#primaryimage\"},\"image\":{\"@id\":\"https:\/\/portaltela.pt\/noticias\/2026\/04\/10\/album-de-familia-de-pz-ganha-novo-quadro-com-empadao-na-bimby-e-emmy-curl\/#primaryimage\"},\"thumbnailUrl\":\"https:\/\/portaltela.pt\/s.01k8rhncp4jt1\/2026\/04\/PZfoto0497800.jpg\",\"datePublished\":\"2026-04-10T07:17:00+00:00\",\"author\":{\"@id\":\"https:\/\/portaltela.pt\/#\/schema\/person\/c4278d4a6028830caff9ee44b42d32ed\"},\"breadcrumb\":{\"@id\":\"https:\/\/portaltela.pt\/noticias\/2026\/04\/10\/album-de-familia-de-pz-ganha-novo-quadro-com-empadao-na-bimby-e-emmy-curl\/#breadcrumb\"},\"inLanguage\":\"pt-PT\",\"potentialAction\":[{\"@type\":\"ReadAction\",\"target\":[\"https:\/\/portaltela.pt\/noticias\/2026\/04\/10\/album-de-familia-de-pz-ganha-novo-quadro-com-empadao-na-bimby-e-emmy-curl\/\"]}]},{\"@type\":\"ImageObject\",\"inLanguage\":\"pt-PT\",\"@id\":\"https:\/\/portaltela.pt\/noticias\/2026\/04\/10\/album-de-familia-de-pz-ganha-novo-quadro-com-empadao-na-bimby-e-emmy-curl\/#primaryimage\",\"url\":\"https:\/\/portaltela.pt\/s.01k8rhncp4jt1\/2026\/04\/PZfoto0497800.jpg\",\"contentUrl\":\"https:\/\/portaltela.pt\/s.01k8rhncp4jt1\/2026\/04\/PZfoto0497800.jpg\",\"width\":796,\"height\":448,\"caption\":\"Photo\"},{\"@type\":\"BreadcrumbList\",\"@id\":\"https:\/\/portaltela.pt\/noticias\/2026\/04\/10\/album-de-familia-de-pz-ganha-novo-quadro-com-empadao-na-bimby-e-emmy-curl\/#breadcrumb\",\"itemListElement\":[{\"@type\":\"ListItem\",\"position\":1,\"name\":\"In\u00edcio\",\"item\":\"https:\/\/portaltela.pt\/\"},{\"@type\":\"ListItem\",\"position\":2,\"name\":\"\u00c1lbum de Fam\u00edlia de PZ ganha novo quadro com Empad\u00e3o na Bimby e Emmy Curl\"}]},{\"@type\":\"WebSite\",\"@id\":\"https:\/\/portaltela.pt\/#website\",\"url\":\"https:\/\/portaltela.pt\/\",\"name\":\"Portal Tela Portugal\",\"description\":\"\",\"potentialAction\":[{\"@type\":\"SearchAction\",\"target\":{\"@type\":\"EntryPoint\",\"urlTemplate\":\"https:\/\/portaltela.pt\/?s={search_term_string}\"},\"query-input\":{\"@type\":\"PropertyValueSpecification\",\"valueRequired\":true,\"valueName\":\"search_term_string\"}}],\"inLanguage\":\"pt-PT\"},{\"@type\":\"Person\",\"@id\":\"https:\/\/portaltela.pt\/#\/schema\/person\/c4278d4a6028830caff9ee44b42d32ed\",\"name\":\"Telinha\",\"image\":{\"@type\":\"ImageObject\",\"inLanguage\":\"pt-PT\",\"@id\":\"https:\/\/portaltela.pt\/s.01k8rhncp4jt1\/2025\/11\/talking-bot-125x125.png\",\"url\":\"https:\/\/portaltela.pt\/s.01k8rhncp4jt1\/2025\/11\/talking-bot-125x125.png\",\"contentUrl\":\"https:\/\/portaltela.pt\/s.01k8rhncp4jt1\/2025\/11\/talking-bot-125x125.png\",\"caption\":\"Telinha\"},\"sameAs\":[\"https:\/\/portaltela.pt\/\"],\"url\":\"https:\/\/portaltela.pt\/por\/367410592786\/\"}]}<\/script>\n<!-- \/ Yoast SEO plugin. -->","yoast_head_json":{"title":"\u00c1lbum de Fam\u00edlia de PZ ganha novo quadro com Empad\u00e3o na Bimby e Emmy Curl - Portal Tela Portugal","robots":{"index":"index","follow":"follow","max-snippet":"max-snippet:-1","max-image-preview":"max-image-preview:large","max-video-preview":"max-video-preview:-1"},"og_locale":"pt_PT","og_type":"article","og_title":"\u00c1lbum de Fam\u00edlia de PZ ganha novo quadro com Empad\u00e3o na Bimby e Emmy Curl - Portal Tela Portugal","og_description":"O projeto \u201c\u00c1lbum de Fam\u00edlia\u201d de PZ (Paulo Jos\u00e9 Pimenta) prossegue, com 12 m\u00fasicas gravadas com convidados, lan\u00e7adas mensalmente durante 12 meses. A quarta faixa, \u201cEmpad\u00e3o na Bimby\u201d, estreia nesta sexta-feira e tem a cantora Emmy Curl como convidada. O tema da can\u00e7\u00e3o nasceu no confinamento durante a pandemia de covid-19, buscando aligeirar a rotina familiar com uma vis\u00e3o leve e divertida. O videoclipe foi gravado nos Est\u00fadios Arda, por Vasco Mendes, seguindo o mesmo formato dos epis\u00f3dios anteriores. O \u00c1lbum de Fam\u00edlia dever\u00e1 ser publicado em vinil no dia 11 de Dezembro, com cada tema relacionado a momentos da vida familiar de PZ.","og_url":"https:\/\/portaltela.pt\/noticias\/2026\/04\/10\/album-de-familia-de-pz-ganha-novo-quadro-com-empadao-na-bimby-e-emmy-curl\/","og_site_name":"Portal Tela Portugal","article_published_time":"2026-04-10T07:17:00+00:00","author":"Telinha","twitter_card":"summary_large_image","twitter_misc":{"Escrito por":"Telinha","Tempo estimado de leitura":"1 minuto"},"schema":{"@context":"https:\/\/schema.org","@graph":[{"@type":"Article","@id":"https:\/\/portaltela.pt\/noticias\/2026\/04\/10\/album-de-familia-de-pz-ganha-novo-quadro-com-empadao-na-bimby-e-emmy-curl\/#article","isPartOf":{"@id":"https:\/\/portaltela.pt\/noticias\/2026\/04\/10\/album-de-familia-de-pz-ganha-novo-quadro-com-empadao-na-bimby-e-emmy-curl\/"},"author":{"name":"Telinha","@id":"https:\/\/portaltela.pt\/#\/schema\/person\/c4278d4a6028830caff9ee44b42d32ed"},"headline":"\u00c1lbum de Fam\u00edlia de PZ ganha novo quadro com Empad\u00e3o na Bimby e Emmy Curl","datePublished":"2026-04-10T07:17:00+00:00","mainEntityOfPage":{"@id":"https:\/\/portaltela.pt\/noticias\/2026\/04\/10\/album-de-familia-de-pz-ganha-novo-quadro-com-empadao-na-bimby-e-emmy-curl\/"},"wordCount":278,"image":{"@id":"https:\/\/portaltela.pt\/noticias\/2026\/04\/10\/album-de-familia-de-pz-ganha-novo-quadro-com-empadao-na-bimby-e-emmy-curl\/#primaryimage"},"thumbnailUrl":"https:\/\/portaltela.pt\/s.01k8rhncp4jt1\/2026\/04\/PZfoto0497800.jpg","keywords":["artistas","cantores","cultura","m\u00fasica","Portugal"],"articleSection":["Cultura","M\u00fasica"],"inLanguage":"pt-PT"},{"@type":"WebPage","@id":"https:\/\/portaltela.pt\/noticias\/2026\/04\/10\/album-de-familia-de-pz-ganha-novo-quadro-com-empadao-na-bimby-e-emmy-curl\/","url":"https:\/\/portaltela.pt\/noticias\/2026\/04\/10\/album-de-familia-de-pz-ganha-novo-quadro-com-empadao-na-bimby-e-emmy-curl\/","name":"\u00c1lbum de Fam\u00edlia de PZ ganha novo quadro com Empad\u00e3o na Bimby e Emmy Curl - Portal Tela Portugal","isPartOf":{"@id":"https:\/\/portaltela.pt\/#website"},"primaryImageOfPage":{"@id":"https:\/\/portaltela.pt\/noticias\/2026\/04\/10\/album-de-familia-de-pz-ganha-novo-quadro-com-empadao-na-bimby-e-emmy-curl\/#primaryimage"},"image":{"@id":"https:\/\/portaltela.pt\/noticias\/2026\/04\/10\/album-de-familia-de-pz-ganha-novo-quadro-com-empadao-na-bimby-e-emmy-curl\/#primaryimage"},"thumbnailUrl":"https:\/\/portaltela.pt\/s.01k8rhncp4jt1\/2026\/04\/PZfoto0497800.jpg","datePublished":"2026-04-10T07:17:00+00:00","author":{"@id":"https:\/\/portaltela.pt\/#\/schema\/person\/c4278d4a6028830caff9ee44b42d32ed"},"breadcrumb":{"@id":"https:\/\/portaltela.pt\/noticias\/2026\/04\/10\/album-de-familia-de-pz-ganha-novo-quadro-com-empadao-na-bimby-e-emmy-curl\/#breadcrumb"},"inLanguage":"pt-PT","potentialAction":[{"@type":"ReadAction","target":["https:\/\/portaltela.pt\/noticias\/2026\/04\/10\/album-de-familia-de-pz-ganha-novo-quadro-com-empadao-na-bimby-e-emmy-curl\/"]}]},{"@type":"ImageObject","inLanguage":"pt-PT","@id":"https:\/\/portaltela.pt\/noticias\/2026\/04\/10\/album-de-familia-de-pz-ganha-novo-quadro-com-empadao-na-bimby-e-emmy-curl\/#primaryimage","url":"https:\/\/portaltela.pt\/s.01k8rhncp4jt1\/2026\/04\/PZfoto0497800.jpg","contentUrl":"https:\/\/portaltela.pt\/s.01k8rhncp4jt1\/2026\/04\/PZfoto0497800.jpg","width":796,"height":448,"caption":"Photo"},{"@type":"BreadcrumbList","@id":"https:\/\/portaltela.pt\/noticias\/2026\/04\/10\/album-de-familia-de-pz-ganha-novo-quadro-com-empadao-na-bimby-e-emmy-curl\/#breadcrumb","itemListElement":[{"@type":"ListItem","position":1,"name":"In\u00edcio","item":"https:\/\/portaltela.pt\/"},{"@type":"ListItem","position":2,"name":"\u00c1lbum de Fam\u00edlia de PZ ganha novo quadro com Empad\u00e3o na Bimby e Emmy Curl"}]},{"@type":"WebSite","@id":"https:\/\/portaltela.pt\/#website","url":"https:\/\/portaltela.pt\/","name":"Portal Tela Portugal","description":"","potentialAction":[{"@type":"SearchAction","target":{"@type":"EntryPoint","urlTemplate":"https:\/\/portaltela.pt\/?s={search_term_string}"},"query-input":{"@type":"PropertyValueSpecification","valueRequired":true,"valueName":"search_term_string"}}],"inLanguage":"pt-PT"},{"@type":"Person","@id":"https:\/\/portaltela.pt\/#\/schema\/person\/c4278d4a6028830caff9ee44b42d32ed","name":"Telinha","image":{"@type":"ImageObject","inLanguage":"pt-PT","@id":"https:\/\/portaltela.pt\/s.01k8rhncp4jt1\/2025\/11\/talking-bot-125x125.png","url":"https:\/\/portaltela.pt\/s.01k8rhncp4jt1\/2025\/11\/talking-bot-125x125.png","contentUrl":"https:\/\/portaltela.pt\/s.01k8rhncp4jt1\/2025\/11\/talking-bot-125x125.png","caption":"Telinha"},"sameAs":["https:\/\/portaltela.pt\/"],"url":"https:\/\/portaltela.pt\/por\/367410592786\/"}]}},"_links":{"self":[{"href":"https:\/\/portaltela.pt\/api\/wp\/v2\/posts\/438870","targetHints":{"allow":["GET"]}}],"collection":[{"href":"https:\/\/portaltela.pt\/api\/wp\/v2\/posts"}],"about":[{"href":"https:\/\/portaltela.pt\/api\/wp\/v2\/types\/post"}],"author":[{"embeddable":true,"href":"https:\/\/portaltela.pt\/api\/wp\/v2\/users\/2"}],"replies":[{"embeddable":true,"href":"https:\/\/portaltela.pt\/api\/wp\/v2\/comments?post=438870"}],"version-history":[{"count":0,"href":"https:\/\/portaltela.pt\/api\/wp\/v2\/posts\/438870\/revisions"}],"wp:featuredmedia":[{"embeddable":true,"href":"https:\/\/portaltela.pt\/api\/wp\/v2\/media\/438871"}],"wp:attachment":[{"href":"https:\/\/portaltela.pt\/api\/wp\/v2\/media?parent=438870"}],"wp:term":[{"taxonomy":"category","embeddable":true,"href":"https:\/\/portaltela.pt\/api\/wp\/v2\/categories?post=438870"},{"taxonomy":"post_tag","embeddable":true,"href":"https:\/\/portaltela.pt\/api\/wp\/v2\/tags?post=438870"}],"curies":[{"name":"wp","href":"https:\/\/api.w.org\/{rel}","templated":true}]}}