{"id":438850,"date":"2026-04-10T03:47:06","date_gmt":"2026-04-10T06:47:06","guid":{"rendered":"https:\/\/portaltela.pt\/noticias\/2026\/04\/10\/libano-sob-bombardeamentos-israelitas-apos-ataques-que-deixaram-300-mortos\/"},"modified":"2026-04-10T03:47:06","modified_gmt":"2026-04-10T06:47:06","slug":"libano-sob-bombardeamentos-israelitas-apos-ataques-que-deixaram-300-mortos","status":"publish","type":"post","link":"https:\/\/portaltela.pt\/guerra\/2026\/04\/10\/libano-sob-bombardeamentos-israelitas-apos-ataques-que-deixaram-300-mortos\/","title":{"rendered":"L\u00edbano sob bombardeamentos israelitas ap\u00f3s ataques que deixaram 300 mortos"},"content":{"rendered":"<p>O L\u00edbano voltou a ser alvo de ataques a\u00e9reos israelitas, com novas incurs\u00f5es contra plataformas de lan\u00e7amento de rockets do Hezbollah no sul do pa\u00eds. Em Israel, sirenes soaram no norte, incluindo Haifa, num contexto de escalada e apelos para a extens\u00e3o de um cessar-fogo regional.<\/p>\n<p>No sul, as opera\u00e7\u00f5es mostraram-se focadas em posi\u00e7\u00f5es do Hezbollah, incluindo a aldeia de Chouk\u00eene, onde equipas de resgate retiravam corpos entre destro\u00e7os e inc\u00eandios em curso. N\u00e3o h\u00e1 ainda um balan\u00e7o oficial consolidado do dia.<\/p>\n<p>O ex\u00e9rcito de Israel afirmou ter come\u00e7ado a atingir plataformas de lan\u00e7amento de rockets h\u00e1 pouco, ap\u00f3s avisos de que o Hezbollah poderia ampliar os ataques para territ\u00f3rio israelita. A explos\u00e3o de viol\u00eancia prosseguia num dia de fortes ataques.<\/p>\n<h3>Nova ofensiva e contexto regional<\/h3>\n<p>A Ag\u00eancia Nacional de Not\u00edcias do L\u00edbano reportou ataques adicionais em Bint Jbeil e zonas vizinhas, com sirenes de alarme a\u00e9reo no norte de Israel a persistirem. As For\u00e7as Armadas de Israel alegaram intercep\u00e7\u00f5es e permitiram que alguns residentes deixassem os abrigos.<\/p>\n<p>Paralelamente, o menor de dois blocos de informa\u00e7\u00e3o aponta para um deterioramento das comunica\u00e7\u00f5es diplom\u00e1ticas: continuam os apelos para prolongar o cessar-fogo entre Estados Unidos e Ir\u00e3o, que Israel afirma n\u00e3o abranger o confronto com o Hezbollah.<\/p>\n<p>Ao longo desta quarta-feira, as informa\u00e7\u00f5es oficiais indicam que mais de 300 pessoas morreram no L\u00edbano, segundo o minist\u00e9rio da Sa\u00fade, num dos dias mais mort\u00edferos desde o in\u00edcio do conflito. As din\u00e2micas militares seguem sob estreita vigil\u00e2ncia internacional.<\/p>\n","protected":false},"excerpt":{"rendered":"<ul>\n<li>Ataques a\u00e9reos israelitas atingem posi\u00e7\u00f5es do Hezbollah no sul do L\u00edbano, incluindo a aldeia de Chouk\u00eene, onde equipes de resgate retiraram corpos dos escombros.<\/li>\n<li>O ex\u00e9rcito de Israel afirmou ter come\u00e7ado a atingir plataformas de lan\u00e7amento de rockets \u201ch\u00e1 pouco\u201d, ap\u00f3s avisos de que o Hezbollah poderia alargar os ataques a Israel.<\/li>\n<li>A Ag\u00eancia Nacional de Not\u00edcias do L\u00edbano reporta novos ataques em Bint Jbeil e zonas pr\u00f3ximas; sirenes de alarme a\u00e9reo soaram no norte de Israel, incluindo Haifa.<\/li>\n<li>As for\u00e7as israelitas indicaram ter realizado intercepta\u00e7\u00f5es e que os residentes puderam abandonar os abrigos.<\/li>\n<li>O ataque de quarta-feira deixou mais de 300 mortos no L\u00edbano, num dos dias mais mort\u00edferos desde o in\u00edcio do conflito, enquanto apelos para prolongar o cessar-fogo entre os Estados Unidos e o Ir\u00e3o n\u00e3o s\u00e3o vistos como aplic\u00e1veis por Israel.<\/li>\n<\/ul>\n","protected":false},"author":2,"featured_media":438853,"comment_status":"closed","ping_status":"closed","sticky":false,"template":"","format":"standard","meta":{"footnotes":""},"categories":[6790,6804],"tags":[26,2198,62,3708,4222,939],"class_list":["post-438850","post","type-post","status-publish","format-standard","has-post-thumbnail","hentry","category-conflitos","category-guerra","tag-acontecimentos-internacionais","tag-conflitos-internacionais","tag-guerra","tag-israel","tag-seguranca-internacional","tag-violencia"],"yoast_head":"<!-- This site is optimized with the Yoast SEO plugin v27.2 - https:\/\/yoast.com\/product\/yoast-seo-wordpress\/ -->\n<title>L\u00edbano sob bombardeamentos israelitas ap\u00f3s ataques que deixaram 300 mortos - Portal Tela Portugal<\/title>\n<meta name=\"robots\" content=\"index, follow, max-snippet:-1, max-image-preview:large, max-video-preview:-1\" \/>\n<meta property=\"og:locale\" content=\"pt_PT\" \/>\n<meta property=\"og:type\" content=\"article\" \/>\n<meta property=\"og:title\" content=\"L\u00edbano sob bombardeamentos israelitas ap\u00f3s ataques que deixaram 300 mortos - Portal Tela Portugal\" \/>\n<meta property=\"og:description\" content=\"Ataques a\u00e9reos israelitas atingem posi\u00e7\u00f5es do Hezbollah no sul do L\u00edbano, incluindo a aldeia de Chouk\u00eene, onde equipes de resgate retiraram corpos dos escombros. O ex\u00e9rcito de Israel afirmou ter come\u00e7ado a atingir plataformas de lan\u00e7amento de rockets \u201ch\u00e1 pouco\u201d, ap\u00f3s avisos de que o Hezbollah poderia alargar os ataques a Israel. A Ag\u00eancia Nacional de Not\u00edcias do L\u00edbano reporta novos ataques em Bint Jbeil e zonas pr\u00f3ximas; sirenes de alarme a\u00e9reo soaram no norte de Israel, incluindo Haifa. As for\u00e7as israelitas indicaram ter realizado intercepta\u00e7\u00f5es e que os residentes puderam abandonar os abrigos. O ataque de quarta-feira deixou mais de 300 mortos no L\u00edbano, num dos dias mais mort\u00edferos desde o in\u00edcio do conflito, enquanto apelos para prolongar o cessar-fogo entre os Estados Unidos e o Ir\u00e3o n\u00e3o s\u00e3o vistos como aplic\u00e1veis por Israel.\" \/>\n<meta property=\"og:url\" content=\"https:\/\/portaltela.pt\/noticias\/2026\/04\/10\/libano-sob-bombardeamentos-israelitas-apos-ataques-que-deixaram-300-mortos\/\" \/>\n<meta property=\"og:site_name\" content=\"Portal Tela Portugal\" \/>\n<meta property=\"article:published_time\" content=\"2026-04-10T06:47:06+00:00\" \/>\n<meta name=\"author\" content=\"Telinha\" \/>\n<meta name=\"twitter:card\" content=\"summary_large_image\" \/>\n<meta name=\"twitter:label1\" content=\"Escrito por\" \/>\n\t<meta name=\"twitter:data1\" content=\"Telinha\" \/>\n\t<meta name=\"twitter:label2\" content=\"Tempo estimado de leitura\" \/>\n\t<meta name=\"twitter:data2\" content=\"1 minuto\" \/>\n<script type=\"application\/ld+json\" class=\"yoast-schema-graph\">{\"@context\":\"https:\/\/schema.org\",\"@graph\":[{\"@type\":\"Article\",\"@id\":\"https:\/\/portaltela.pt\/noticias\/2026\/04\/10\/libano-sob-bombardeamentos-israelitas-apos-ataques-que-deixaram-300-mortos\/#article\",\"isPartOf\":{\"@id\":\"https:\/\/portaltela.pt\/noticias\/2026\/04\/10\/libano-sob-bombardeamentos-israelitas-apos-ataques-que-deixaram-300-mortos\/\"},\"author\":{\"name\":\"Telinha\",\"@id\":\"https:\/\/portaltela.pt\/#\/schema\/person\/c4278d4a6028830caff9ee44b42d32ed\"},\"headline\":\"L\u00edbano sob bombardeamentos israelitas ap\u00f3s ataques que deixaram 300 mortos\",\"datePublished\":\"2026-04-10T06:47:06+00:00\",\"mainEntityOfPage\":{\"@id\":\"https:\/\/portaltela.pt\/noticias\/2026\/04\/10\/libano-sob-bombardeamentos-israelitas-apos-ataques-que-deixaram-300-mortos\/\"},\"wordCount\":293,\"image\":{\"@id\":\"https:\/\/portaltela.pt\/noticias\/2026\/04\/10\/libano-sob-bombardeamentos-israelitas-apos-ataques-que-deixaram-300-mortos\/#primaryimage\"},\"thumbnailUrl\":\"https:\/\/portaltela.pt\/s.01k8rhncp4jt1\/2026\/04\/1536x864_cmsv2_42f70e54-ffcb-5576-9708-cd3335965d10-9716728.jpg\",\"keywords\":[\"acontecimentos internacionais\",\"conflitos internacionais\",\"guerra\",\"Israel\",\"seguran\u00e7a internacional\",\"viol\u00eancia\"],\"articleSection\":[\"Conflitos\",\"Guerra\"],\"inLanguage\":\"pt-PT\"},{\"@type\":\"WebPage\",\"@id\":\"https:\/\/portaltela.pt\/noticias\/2026\/04\/10\/libano-sob-bombardeamentos-israelitas-apos-ataques-que-deixaram-300-mortos\/\",\"url\":\"https:\/\/portaltela.pt\/noticias\/2026\/04\/10\/libano-sob-bombardeamentos-israelitas-apos-ataques-que-deixaram-300-mortos\/\",\"name\":\"L\u00edbano sob bombardeamentos israelitas ap\u00f3s ataques que deixaram 300 mortos - Portal Tela Portugal\",\"isPartOf\":{\"@id\":\"https:\/\/portaltela.pt\/#website\"},\"primaryImageOfPage\":{\"@id\":\"https:\/\/portaltela.pt\/noticias\/2026\/04\/10\/libano-sob-bombardeamentos-israelitas-apos-ataques-que-deixaram-300-mortos\/#primaryimage\"},\"image\":{\"@id\":\"https:\/\/portaltela.pt\/noticias\/2026\/04\/10\/libano-sob-bombardeamentos-israelitas-apos-ataques-que-deixaram-300-mortos\/#primaryimage\"},\"thumbnailUrl\":\"https:\/\/portaltela.pt\/s.01k8rhncp4jt1\/2026\/04\/1536x864_cmsv2_42f70e54-ffcb-5576-9708-cd3335965d10-9716728.jpg\",\"datePublished\":\"2026-04-10T06:47:06+00:00\",\"author\":{\"@id\":\"https:\/\/portaltela.pt\/#\/schema\/person\/c4278d4a6028830caff9ee44b42d32ed\"},\"breadcrumb\":{\"@id\":\"https:\/\/portaltela.pt\/noticias\/2026\/04\/10\/libano-sob-bombardeamentos-israelitas-apos-ataques-que-deixaram-300-mortos\/#breadcrumb\"},\"inLanguage\":\"pt-PT\",\"potentialAction\":[{\"@type\":\"ReadAction\",\"target\":[\"https:\/\/portaltela.pt\/noticias\/2026\/04\/10\/libano-sob-bombardeamentos-israelitas-apos-ataques-que-deixaram-300-mortos\/\"]}]},{\"@type\":\"ImageObject\",\"inLanguage\":\"pt-PT\",\"@id\":\"https:\/\/portaltela.pt\/noticias\/2026\/04\/10\/libano-sob-bombardeamentos-israelitas-apos-ataques-que-deixaram-300-mortos\/#primaryimage\",\"url\":\"https:\/\/portaltela.pt\/s.01k8rhncp4jt1\/2026\/04\/1536x864_cmsv2_42f70e54-ffcb-5576-9708-cd3335965d10-9716728.jpg\",\"contentUrl\":\"https:\/\/portaltela.pt\/s.01k8rhncp4jt1\/2026\/04\/1536x864_cmsv2_42f70e54-ffcb-5576-9708-cd3335965d10-9716728.jpg\",\"width\":1536,\"height\":864,\"caption\":\"Socorristas da Cruz Vermelha Libanesa no local de um ataque israelita contra a aldeia de Choukin, no sul do L\u00edbano\"},{\"@type\":\"BreadcrumbList\",\"@id\":\"https:\/\/portaltela.pt\/noticias\/2026\/04\/10\/libano-sob-bombardeamentos-israelitas-apos-ataques-que-deixaram-300-mortos\/#breadcrumb\",\"itemListElement\":[{\"@type\":\"ListItem\",\"position\":1,\"name\":\"In\u00edcio\",\"item\":\"https:\/\/portaltela.pt\/\"},{\"@type\":\"ListItem\",\"position\":2,\"name\":\"L\u00edbano sob bombardeamentos israelitas ap\u00f3s ataques que deixaram 300 mortos\"}]},{\"@type\":\"WebSite\",\"@id\":\"https:\/\/portaltela.pt\/#website\",\"url\":\"https:\/\/portaltela.pt\/\",\"name\":\"Portal Tela Portugal\",\"description\":\"\",\"potentialAction\":[{\"@type\":\"SearchAction\",\"target\":{\"@type\":\"EntryPoint\",\"urlTemplate\":\"https:\/\/portaltela.pt\/?s={search_term_string}\"},\"query-input\":{\"@type\":\"PropertyValueSpecification\",\"valueRequired\":true,\"valueName\":\"search_term_string\"}}],\"inLanguage\":\"pt-PT\"},{\"@type\":\"Person\",\"@id\":\"https:\/\/portaltela.pt\/#\/schema\/person\/c4278d4a6028830caff9ee44b42d32ed\",\"name\":\"Telinha\",\"image\":{\"@type\":\"ImageObject\",\"inLanguage\":\"pt-PT\",\"@id\":\"https:\/\/portaltela.pt\/s.01k8rhncp4jt1\/2025\/11\/talking-bot-125x125.png\",\"url\":\"https:\/\/portaltela.pt\/s.01k8rhncp4jt1\/2025\/11\/talking-bot-125x125.png\",\"contentUrl\":\"https:\/\/portaltela.pt\/s.01k8rhncp4jt1\/2025\/11\/talking-bot-125x125.png\",\"caption\":\"Telinha\"},\"sameAs\":[\"https:\/\/portaltela.pt\/\"],\"url\":\"https:\/\/portaltela.pt\/por\/367410592786\/\"}]}<\/script>\n<!-- \/ Yoast SEO plugin. -->","yoast_head_json":{"title":"L\u00edbano sob bombardeamentos israelitas ap\u00f3s ataques que deixaram 300 mortos - Portal Tela Portugal","robots":{"index":"index","follow":"follow","max-snippet":"max-snippet:-1","max-image-preview":"max-image-preview:large","max-video-preview":"max-video-preview:-1"},"og_locale":"pt_PT","og_type":"article","og_title":"L\u00edbano sob bombardeamentos israelitas ap\u00f3s ataques que deixaram 300 mortos - Portal Tela Portugal","og_description":"Ataques a\u00e9reos israelitas atingem posi\u00e7\u00f5es do Hezbollah no sul do L\u00edbano, incluindo a aldeia de Chouk\u00eene, onde equipes de resgate retiraram corpos dos escombros. O ex\u00e9rcito de Israel afirmou ter come\u00e7ado a atingir plataformas de lan\u00e7amento de rockets \u201ch\u00e1 pouco\u201d, ap\u00f3s avisos de que o Hezbollah poderia alargar os ataques a Israel. A Ag\u00eancia Nacional de Not\u00edcias do L\u00edbano reporta novos ataques em Bint Jbeil e zonas pr\u00f3ximas; sirenes de alarme a\u00e9reo soaram no norte de Israel, incluindo Haifa. As for\u00e7as israelitas indicaram ter realizado intercepta\u00e7\u00f5es e que os residentes puderam abandonar os abrigos. O ataque de quarta-feira deixou mais de 300 mortos no L\u00edbano, num dos dias mais mort\u00edferos desde o in\u00edcio do conflito, enquanto apelos para prolongar o cessar-fogo entre os Estados Unidos e o Ir\u00e3o n\u00e3o s\u00e3o vistos como aplic\u00e1veis por Israel.","og_url":"https:\/\/portaltela.pt\/noticias\/2026\/04\/10\/libano-sob-bombardeamentos-israelitas-apos-ataques-que-deixaram-300-mortos\/","og_site_name":"Portal Tela Portugal","article_published_time":"2026-04-10T06:47:06+00:00","author":"Telinha","twitter_card":"summary_large_image","twitter_misc":{"Escrito por":"Telinha","Tempo estimado de leitura":"1 minuto"},"schema":{"@context":"https:\/\/schema.org","@graph":[{"@type":"Article","@id":"https:\/\/portaltela.pt\/noticias\/2026\/04\/10\/libano-sob-bombardeamentos-israelitas-apos-ataques-que-deixaram-300-mortos\/#article","isPartOf":{"@id":"https:\/\/portaltela.pt\/noticias\/2026\/04\/10\/libano-sob-bombardeamentos-israelitas-apos-ataques-que-deixaram-300-mortos\/"},"author":{"name":"Telinha","@id":"https:\/\/portaltela.pt\/#\/schema\/person\/c4278d4a6028830caff9ee44b42d32ed"},"headline":"L\u00edbano sob bombardeamentos israelitas ap\u00f3s ataques que deixaram 300 mortos","datePublished":"2026-04-10T06:47:06+00:00","mainEntityOfPage":{"@id":"https:\/\/portaltela.pt\/noticias\/2026\/04\/10\/libano-sob-bombardeamentos-israelitas-apos-ataques-que-deixaram-300-mortos\/"},"wordCount":293,"image":{"@id":"https:\/\/portaltela.pt\/noticias\/2026\/04\/10\/libano-sob-bombardeamentos-israelitas-apos-ataques-que-deixaram-300-mortos\/#primaryimage"},"thumbnailUrl":"https:\/\/portaltela.pt\/s.01k8rhncp4jt1\/2026\/04\/1536x864_cmsv2_42f70e54-ffcb-5576-9708-cd3335965d10-9716728.jpg","keywords":["acontecimentos internacionais","conflitos internacionais","guerra","Israel","seguran\u00e7a internacional","viol\u00eancia"],"articleSection":["Conflitos","Guerra"],"inLanguage":"pt-PT"},{"@type":"WebPage","@id":"https:\/\/portaltela.pt\/noticias\/2026\/04\/10\/libano-sob-bombardeamentos-israelitas-apos-ataques-que-deixaram-300-mortos\/","url":"https:\/\/portaltela.pt\/noticias\/2026\/04\/10\/libano-sob-bombardeamentos-israelitas-apos-ataques-que-deixaram-300-mortos\/","name":"L\u00edbano sob bombardeamentos israelitas ap\u00f3s ataques que deixaram 300 mortos - Portal Tela Portugal","isPartOf":{"@id":"https:\/\/portaltela.pt\/#website"},"primaryImageOfPage":{"@id":"https:\/\/portaltela.pt\/noticias\/2026\/04\/10\/libano-sob-bombardeamentos-israelitas-apos-ataques-que-deixaram-300-mortos\/#primaryimage"},"image":{"@id":"https:\/\/portaltela.pt\/noticias\/2026\/04\/10\/libano-sob-bombardeamentos-israelitas-apos-ataques-que-deixaram-300-mortos\/#primaryimage"},"thumbnailUrl":"https:\/\/portaltela.pt\/s.01k8rhncp4jt1\/2026\/04\/1536x864_cmsv2_42f70e54-ffcb-5576-9708-cd3335965d10-9716728.jpg","datePublished":"2026-04-10T06:47:06+00:00","author":{"@id":"https:\/\/portaltela.pt\/#\/schema\/person\/c4278d4a6028830caff9ee44b42d32ed"},"breadcrumb":{"@id":"https:\/\/portaltela.pt\/noticias\/2026\/04\/10\/libano-sob-bombardeamentos-israelitas-apos-ataques-que-deixaram-300-mortos\/#breadcrumb"},"inLanguage":"pt-PT","potentialAction":[{"@type":"ReadAction","target":["https:\/\/portaltela.pt\/noticias\/2026\/04\/10\/libano-sob-bombardeamentos-israelitas-apos-ataques-que-deixaram-300-mortos\/"]}]},{"@type":"ImageObject","inLanguage":"pt-PT","@id":"https:\/\/portaltela.pt\/noticias\/2026\/04\/10\/libano-sob-bombardeamentos-israelitas-apos-ataques-que-deixaram-300-mortos\/#primaryimage","url":"https:\/\/portaltela.pt\/s.01k8rhncp4jt1\/2026\/04\/1536x864_cmsv2_42f70e54-ffcb-5576-9708-cd3335965d10-9716728.jpg","contentUrl":"https:\/\/portaltela.pt\/s.01k8rhncp4jt1\/2026\/04\/1536x864_cmsv2_42f70e54-ffcb-5576-9708-cd3335965d10-9716728.jpg","width":1536,"height":864,"caption":"Socorristas da Cruz Vermelha Libanesa no local de um ataque israelita contra a aldeia de Choukin, no sul do L\u00edbano"},{"@type":"BreadcrumbList","@id":"https:\/\/portaltela.pt\/noticias\/2026\/04\/10\/libano-sob-bombardeamentos-israelitas-apos-ataques-que-deixaram-300-mortos\/#breadcrumb","itemListElement":[{"@type":"ListItem","position":1,"name":"In\u00edcio","item":"https:\/\/portaltela.pt\/"},{"@type":"ListItem","position":2,"name":"L\u00edbano sob bombardeamentos israelitas ap\u00f3s ataques que deixaram 300 mortos"}]},{"@type":"WebSite","@id":"https:\/\/portaltela.pt\/#website","url":"https:\/\/portaltela.pt\/","name":"Portal Tela Portugal","description":"","potentialAction":[{"@type":"SearchAction","target":{"@type":"EntryPoint","urlTemplate":"https:\/\/portaltela.pt\/?s={search_term_string}"},"query-input":{"@type":"PropertyValueSpecification","valueRequired":true,"valueName":"search_term_string"}}],"inLanguage":"pt-PT"},{"@type":"Person","@id":"https:\/\/portaltela.pt\/#\/schema\/person\/c4278d4a6028830caff9ee44b42d32ed","name":"Telinha","image":{"@type":"ImageObject","inLanguage":"pt-PT","@id":"https:\/\/portaltela.pt\/s.01k8rhncp4jt1\/2025\/11\/talking-bot-125x125.png","url":"https:\/\/portaltela.pt\/s.01k8rhncp4jt1\/2025\/11\/talking-bot-125x125.png","contentUrl":"https:\/\/portaltela.pt\/s.01k8rhncp4jt1\/2025\/11\/talking-bot-125x125.png","caption":"Telinha"},"sameAs":["https:\/\/portaltela.pt\/"],"url":"https:\/\/portaltela.pt\/por\/367410592786\/"}]}},"_links":{"self":[{"href":"https:\/\/portaltela.pt\/api\/wp\/v2\/posts\/438850","targetHints":{"allow":["GET"]}}],"collection":[{"href":"https:\/\/portaltela.pt\/api\/wp\/v2\/posts"}],"about":[{"href":"https:\/\/portaltela.pt\/api\/wp\/v2\/types\/post"}],"author":[{"embeddable":true,"href":"https:\/\/portaltela.pt\/api\/wp\/v2\/users\/2"}],"replies":[{"embeddable":true,"href":"https:\/\/portaltela.pt\/api\/wp\/v2\/comments?post=438850"}],"version-history":[{"count":0,"href":"https:\/\/portaltela.pt\/api\/wp\/v2\/posts\/438850\/revisions"}],"wp:featuredmedia":[{"embeddable":true,"href":"https:\/\/portaltela.pt\/api\/wp\/v2\/media\/438853"}],"wp:attachment":[{"href":"https:\/\/portaltela.pt\/api\/wp\/v2\/media?parent=438850"}],"wp:term":[{"taxonomy":"category","embeddable":true,"href":"https:\/\/portaltela.pt\/api\/wp\/v2\/categories?post=438850"},{"taxonomy":"post_tag","embeddable":true,"href":"https:\/\/portaltela.pt\/api\/wp\/v2\/tags?post=438850"}],"curies":[{"name":"wp","href":"https:\/\/api.w.org\/{rel}","templated":true}]}}