{"id":438849,"date":"2026-04-10T03:47:05","date_gmt":"2026-04-10T06:47:05","guid":{"rendered":"https:\/\/portaltela.pt\/noticias\/2026\/04\/10\/portugueses-com-menos-amigos-jovens-e-pobres-sao-os-que-convivem-menos\/"},"modified":"2026-04-10T03:47:05","modified_gmt":"2026-04-10T06:47:05","slug":"portugueses-com-menos-amigos-jovens-e-pobres-sao-os-que-convivem-menos","status":"publish","type":"post","link":"https:\/\/portaltela.pt\/sociedade\/2026\/04\/10\/portugueses-com-menos-amigos-jovens-e-pobres-sao-os-que-convivem-menos\/","title":{"rendered":"Portugueses com menos amigos, jovens e pobres s\u00e3o os que convivem menos"},"content":{"rendered":"<p>Dois a tr\u00eas par\u00e1grafos introdut\u00f3rios de texto antes de qualquer subt\u00edtulo.<\/p>\n<p>Os Portugueses t\u00eam hoje menos amigos do que h\u00e1 uma d\u00e9cada, revela um estudo do ISCTE divulgado nesta sexta-feira. A pesquisa compara 2025 com 2015 e mostra redu\u00e7\u00e3o do n\u00famero de amigos \u00edntimos, aumento da solid\u00e3o e menor integra\u00e7\u00e3o social. O relat\u00f3rio defende a cria\u00e7\u00e3o de espa\u00e7os p\u00fablicos de conv\u00edvio.<\/p>\n<p>A coordenadora do estudo, Lu\u00edsa Lima, aponta que, apesar da perce\u00e7\u00e3o p\u00fablica, a mudan\u00e7a \u00e9 mais acentuada do que parece. O documento sugere pol\u00edticas p\u00fablicas locais para facilitar encontros que n\u00e3o implique despesa, promovendo espa\u00e7os de conv\u00edvio com qualidade.<\/p>\n<h3>Transforma\u00e7\u00e3o social e impacto econ\u00f3mico<\/h3>\n<p>O estudo, intitulado A Amizade em Portugal &#8211; Como \u00e9? O que Mudou?, refor\u00e7a que os mais jovens sentem-se mais s\u00f3s, com menos amigos e menos pr\u00e1ticas sociais desde a pandemia de covid-19. A redu\u00e7\u00e3o \u00e9 mais marcada entre as classes com menor rendimento.<\/p>\n<p>Entre os 18 e 64 anos, Portugal segue uma tend\u00eancia internacional de isolamento dos mais novos e dos menos favorecidos. Jovens, pessoas prec\u00e1rias e com rendimentos baixos reportam maior solid\u00e3o.<\/p>\n<h3>Percep\u00e7\u00e3o p\u00fablica e fatores de solid\u00e3o<\/h3>\n<p>Segundo os autores, a maioria n\u00e3o reconhece a altera\u00e7\u00e3o nos relacionamentos: cerca de 60% dizem n\u00e3o ter notado mudan\u00e7as, e apenas 20% admitem piora. Relacionamentos com amigos permanecem determinantes para a felicidade, mais do que v\u00ednculos familiares.<\/p>\n<p>A pesquisadora sublinha que a conex\u00e3o social \u00e9 relevante para a sa\u00fade, com a Organiza\u00e7\u00e3o Mundial de Sa\u00fade a apontar a solid\u00e3o como problema de sa\u00fade p\u00fablica. O estudo tamb\u00e9m diferencia solid\u00e3o entre quem vive sozinho e quem vive com outras pessoas.<\/p>\n<h3>Demografia da solid\u00e3o<\/h3>\n<p>A solid\u00e3o \u00e9 mais acentuada entre pessoas LGBT+ (35%) do que entre heterossexuais (21%), entre prec\u00e1rios (24%) e desempregados (39%) frente a trabalhadores com contrato est\u00e1vel (18%). Pelos investigadores, estes resultados indicam causas estruturais associadas a grupos socialmente desvalorizados.<\/p>\n<p>O estudo refor\u00e7a que quem vive sozinho tem maior incid\u00eancia de solid\u00e3o (33%) do que quem vive com outras pessoas (20%), destacando a necessidade de pol\u00edticas de inclus\u00e3o social e de redu\u00e7\u00e3o de barreiras econ\u00f3micas.<\/p>\n","protected":false},"excerpt":{"rendered":"<ul>\n<li>Um estudo do ISCTE mostra que os portugueses t\u00eam hoje menos amigos do que em 2015, com os jovens e os mais pobres a convivirem menos.<\/li>\n<li>Em 2025, face a 2015, houve redu\u00e7\u00e3o de amigos \u00edntimos, aumento da solid\u00e3o e menor integra\u00e7\u00e3o social, ainda que as pessoas quase n\u00e3o percebam estas mudan\u00e7as.<\/li>\n<li>Os autores defendem a promo\u00e7\u00e3o de espa\u00e7os p\u00fablicos de conv\u00edvio com qualidade e pol\u00edticas locais que facilitem encontros sem custos.<\/li>\n<li>O estudo aponta que os relacionamentos de amizade t\u00eam impacto maior na felicidade e na sa\u00fade do que os la\u00e7os familiares, e que a pobreza est\u00e1 ligada a menos contactos e mais solid\u00e3o.<\/li>\n<li>Dados adicionais: cerca de 60% n\u00e3o v\u00ea altera\u00e7\u00f5es nos relacionamentos; a solid\u00e3o \u00e9 maior entre quem vive sozinho, pessoas LGBT+, prec\u00e1rios, desempregados e os mais pobres.<\/li>\n<\/ul>\n","protected":false},"author":2,"featured_media":438855,"comment_status":"closed","ping_status":"closed","sticky":false,"template":"","format":"standard","meta":{"footnotes":""},"categories":[6745,6871],"tags":[5437,4074,251,6165,2318,4071],"class_list":["post-438849","post","type-post","status-publish","format-standard","has-post-thumbnail","hentry","category-saude","category-sociedade","tag-desigualdades-sociais","tag-inclusao-social","tag-juventude","tag-pessoas-lgbt","tag-sociedade","tag-solidariedade-social"],"yoast_head":"<!-- This site is optimized with the Yoast SEO plugin v27.2 - https:\/\/yoast.com\/product\/yoast-seo-wordpress\/ -->\n<title>Portugueses com menos amigos, jovens e pobres s\u00e3o os que convivem menos - Portal Tela Portugal<\/title>\n<meta name=\"robots\" content=\"index, follow, max-snippet:-1, max-image-preview:large, max-video-preview:-1\" \/>\n<meta property=\"og:locale\" content=\"pt_PT\" \/>\n<meta property=\"og:type\" content=\"article\" \/>\n<meta property=\"og:title\" content=\"Portugueses com menos amigos, jovens e pobres s\u00e3o os que convivem menos - Portal Tela Portugal\" \/>\n<meta property=\"og:description\" content=\"Um estudo do ISCTE mostra que os portugueses t\u00eam hoje menos amigos do que em 2015, com os jovens e os mais pobres a convivirem menos. Em 2025, face a 2015, houve redu\u00e7\u00e3o de amigos \u00edntimos, aumento da solid\u00e3o e menor integra\u00e7\u00e3o social, ainda que as pessoas quase n\u00e3o percebam estas mudan\u00e7as. Os autores defendem a promo\u00e7\u00e3o de espa\u00e7os p\u00fablicos de conv\u00edvio com qualidade e pol\u00edticas locais que facilitem encontros sem custos. O estudo aponta que os relacionamentos de amizade t\u00eam impacto maior na felicidade e na sa\u00fade do que os la\u00e7os familiares, e que a pobreza est\u00e1 ligada a menos contactos e mais solid\u00e3o. Dados adicionais: cerca de 60% n\u00e3o v\u00ea altera\u00e7\u00f5es nos relacionamentos; a solid\u00e3o \u00e9 maior entre quem vive sozinho, pessoas LGBT+, prec\u00e1rios, desempregados e os mais pobres.\" \/>\n<meta property=\"og:url\" content=\"https:\/\/portaltela.pt\/noticias\/2026\/04\/10\/portugueses-com-menos-amigos-jovens-e-pobres-sao-os-que-convivem-menos\/\" \/>\n<meta property=\"og:site_name\" content=\"Portal Tela Portugal\" \/>\n<meta property=\"article:published_time\" content=\"2026-04-10T06:47:05+00:00\" \/>\n<meta name=\"author\" content=\"Telinha\" \/>\n<meta name=\"twitter:card\" content=\"summary_large_image\" \/>\n<meta name=\"twitter:label1\" content=\"Escrito por\" \/>\n\t<meta name=\"twitter:data1\" content=\"Telinha\" \/>\n\t<meta name=\"twitter:label2\" content=\"Tempo estimado de leitura\" \/>\n\t<meta name=\"twitter:data2\" content=\"2 minutos\" \/>\n<script type=\"application\/ld+json\" class=\"yoast-schema-graph\">{\"@context\":\"https:\/\/schema.org\",\"@graph\":[{\"@type\":\"Article\",\"@id\":\"https:\/\/portaltela.pt\/noticias\/2026\/04\/10\/portugueses-com-menos-amigos-jovens-e-pobres-sao-os-que-convivem-menos\/#article\",\"isPartOf\":{\"@id\":\"https:\/\/portaltela.pt\/noticias\/2026\/04\/10\/portugueses-com-menos-amigos-jovens-e-pobres-sao-os-que-convivem-menos\/\"},\"author\":{\"name\":\"Telinha\",\"@id\":\"https:\/\/portaltela.pt\/#\/schema\/person\/c4278d4a6028830caff9ee44b42d32ed\"},\"headline\":\"Portugueses com menos amigos, jovens e pobres s\u00e3o os que convivem menos\",\"datePublished\":\"2026-04-10T06:47:05+00:00\",\"mainEntityOfPage\":{\"@id\":\"https:\/\/portaltela.pt\/noticias\/2026\/04\/10\/portugueses-com-menos-amigos-jovens-e-pobres-sao-os-que-convivem-menos\/\"},\"wordCount\":397,\"image\":{\"@id\":\"https:\/\/portaltela.pt\/noticias\/2026\/04\/10\/portugueses-com-menos-amigos-jovens-e-pobres-sao-os-que-convivem-menos\/#primaryimage\"},\"thumbnailUrl\":\"https:\/\/portaltela.pt\/s.01k8rhncp4jt1\/2026\/04\/image-558.jpg\",\"keywords\":[\"desigualdades sociais\",\"inclus\u00e3o social\",\"juventude\",\"pessoas LGBT\",\"sociedade\",\"Solidariedade Social\"],\"articleSection\":[\"Sa\u00fade\",\"Sociedade\"],\"inLanguage\":\"pt-PT\"},{\"@type\":\"WebPage\",\"@id\":\"https:\/\/portaltela.pt\/noticias\/2026\/04\/10\/portugueses-com-menos-amigos-jovens-e-pobres-sao-os-que-convivem-menos\/\",\"url\":\"https:\/\/portaltela.pt\/noticias\/2026\/04\/10\/portugueses-com-menos-amigos-jovens-e-pobres-sao-os-que-convivem-menos\/\",\"name\":\"Portugueses com menos amigos, jovens e pobres s\u00e3o os que convivem menos - Portal Tela Portugal\",\"isPartOf\":{\"@id\":\"https:\/\/portaltela.pt\/#website\"},\"primaryImageOfPage\":{\"@id\":\"https:\/\/portaltela.pt\/noticias\/2026\/04\/10\/portugueses-com-menos-amigos-jovens-e-pobres-sao-os-que-convivem-menos\/#primaryimage\"},\"image\":{\"@id\":\"https:\/\/portaltela.pt\/noticias\/2026\/04\/10\/portugueses-com-menos-amigos-jovens-e-pobres-sao-os-que-convivem-menos\/#primaryimage\"},\"thumbnailUrl\":\"https:\/\/portaltela.pt\/s.01k8rhncp4jt1\/2026\/04\/image-558.jpg\",\"datePublished\":\"2026-04-10T06:47:05+00:00\",\"author\":{\"@id\":\"https:\/\/portaltela.pt\/#\/schema\/person\/c4278d4a6028830caff9ee44b42d32ed\"},\"breadcrumb\":{\"@id\":\"https:\/\/portaltela.pt\/noticias\/2026\/04\/10\/portugueses-com-menos-amigos-jovens-e-pobres-sao-os-que-convivem-menos\/#breadcrumb\"},\"inLanguage\":\"pt-PT\",\"potentialAction\":[{\"@type\":\"ReadAction\",\"target\":[\"https:\/\/portaltela.pt\/noticias\/2026\/04\/10\/portugueses-com-menos-amigos-jovens-e-pobres-sao-os-que-convivem-menos\/\"]}]},{\"@type\":\"ImageObject\",\"inLanguage\":\"pt-PT\",\"@id\":\"https:\/\/portaltela.pt\/noticias\/2026\/04\/10\/portugueses-com-menos-amigos-jovens-e-pobres-sao-os-que-convivem-menos\/#primaryimage\",\"url\":\"https:\/\/portaltela.pt\/s.01k8rhncp4jt1\/2026\/04\/image-558.jpg\",\"contentUrl\":\"https:\/\/portaltela.pt\/s.01k8rhncp4jt1\/2026\/04\/image-558.jpg\",\"width\":796,\"height\":448,\"caption\":\"Imagem de contexto do artigo Portugueses com menos amigos e os mais jovens e pobres s\u00e3o os que convivem menos\"},{\"@type\":\"BreadcrumbList\",\"@id\":\"https:\/\/portaltela.pt\/noticias\/2026\/04\/10\/portugueses-com-menos-amigos-jovens-e-pobres-sao-os-que-convivem-menos\/#breadcrumb\",\"itemListElement\":[{\"@type\":\"ListItem\",\"position\":1,\"name\":\"In\u00edcio\",\"item\":\"https:\/\/portaltela.pt\/\"},{\"@type\":\"ListItem\",\"position\":2,\"name\":\"Portugueses com menos amigos, jovens e pobres s\u00e3o os que convivem menos\"}]},{\"@type\":\"WebSite\",\"@id\":\"https:\/\/portaltela.pt\/#website\",\"url\":\"https:\/\/portaltela.pt\/\",\"name\":\"Portal Tela Portugal\",\"description\":\"\",\"potentialAction\":[{\"@type\":\"SearchAction\",\"target\":{\"@type\":\"EntryPoint\",\"urlTemplate\":\"https:\/\/portaltela.pt\/?s={search_term_string}\"},\"query-input\":{\"@type\":\"PropertyValueSpecification\",\"valueRequired\":true,\"valueName\":\"search_term_string\"}}],\"inLanguage\":\"pt-PT\"},{\"@type\":\"Person\",\"@id\":\"https:\/\/portaltela.pt\/#\/schema\/person\/c4278d4a6028830caff9ee44b42d32ed\",\"name\":\"Telinha\",\"image\":{\"@type\":\"ImageObject\",\"inLanguage\":\"pt-PT\",\"@id\":\"https:\/\/portaltela.pt\/s.01k8rhncp4jt1\/2025\/11\/talking-bot-125x125.png\",\"url\":\"https:\/\/portaltela.pt\/s.01k8rhncp4jt1\/2025\/11\/talking-bot-125x125.png\",\"contentUrl\":\"https:\/\/portaltela.pt\/s.01k8rhncp4jt1\/2025\/11\/talking-bot-125x125.png\",\"caption\":\"Telinha\"},\"sameAs\":[\"https:\/\/portaltela.pt\/\"],\"url\":\"https:\/\/portaltela.pt\/por\/367410592786\/\"}]}<\/script>\n<!-- \/ Yoast SEO plugin. -->","yoast_head_json":{"title":"Portugueses com menos amigos, jovens e pobres s\u00e3o os que convivem menos - Portal Tela Portugal","robots":{"index":"index","follow":"follow","max-snippet":"max-snippet:-1","max-image-preview":"max-image-preview:large","max-video-preview":"max-video-preview:-1"},"og_locale":"pt_PT","og_type":"article","og_title":"Portugueses com menos amigos, jovens e pobres s\u00e3o os que convivem menos - Portal Tela Portugal","og_description":"Um estudo do ISCTE mostra que os portugueses t\u00eam hoje menos amigos do que em 2015, com os jovens e os mais pobres a convivirem menos. Em 2025, face a 2015, houve redu\u00e7\u00e3o de amigos \u00edntimos, aumento da solid\u00e3o e menor integra\u00e7\u00e3o social, ainda que as pessoas quase n\u00e3o percebam estas mudan\u00e7as. Os autores defendem a promo\u00e7\u00e3o de espa\u00e7os p\u00fablicos de conv\u00edvio com qualidade e pol\u00edticas locais que facilitem encontros sem custos. O estudo aponta que os relacionamentos de amizade t\u00eam impacto maior na felicidade e na sa\u00fade do que os la\u00e7os familiares, e que a pobreza est\u00e1 ligada a menos contactos e mais solid\u00e3o. Dados adicionais: cerca de 60% n\u00e3o v\u00ea altera\u00e7\u00f5es nos relacionamentos; a solid\u00e3o \u00e9 maior entre quem vive sozinho, pessoas LGBT+, prec\u00e1rios, desempregados e os mais pobres.","og_url":"https:\/\/portaltela.pt\/noticias\/2026\/04\/10\/portugueses-com-menos-amigos-jovens-e-pobres-sao-os-que-convivem-menos\/","og_site_name":"Portal Tela Portugal","article_published_time":"2026-04-10T06:47:05+00:00","author":"Telinha","twitter_card":"summary_large_image","twitter_misc":{"Escrito por":"Telinha","Tempo estimado de leitura":"2 minutos"},"schema":{"@context":"https:\/\/schema.org","@graph":[{"@type":"Article","@id":"https:\/\/portaltela.pt\/noticias\/2026\/04\/10\/portugueses-com-menos-amigos-jovens-e-pobres-sao-os-que-convivem-menos\/#article","isPartOf":{"@id":"https:\/\/portaltela.pt\/noticias\/2026\/04\/10\/portugueses-com-menos-amigos-jovens-e-pobres-sao-os-que-convivem-menos\/"},"author":{"name":"Telinha","@id":"https:\/\/portaltela.pt\/#\/schema\/person\/c4278d4a6028830caff9ee44b42d32ed"},"headline":"Portugueses com menos amigos, jovens e pobres s\u00e3o os que convivem menos","datePublished":"2026-04-10T06:47:05+00:00","mainEntityOfPage":{"@id":"https:\/\/portaltela.pt\/noticias\/2026\/04\/10\/portugueses-com-menos-amigos-jovens-e-pobres-sao-os-que-convivem-menos\/"},"wordCount":397,"image":{"@id":"https:\/\/portaltela.pt\/noticias\/2026\/04\/10\/portugueses-com-menos-amigos-jovens-e-pobres-sao-os-que-convivem-menos\/#primaryimage"},"thumbnailUrl":"https:\/\/portaltela.pt\/s.01k8rhncp4jt1\/2026\/04\/image-558.jpg","keywords":["desigualdades sociais","inclus\u00e3o social","juventude","pessoas LGBT","sociedade","Solidariedade Social"],"articleSection":["Sa\u00fade","Sociedade"],"inLanguage":"pt-PT"},{"@type":"WebPage","@id":"https:\/\/portaltela.pt\/noticias\/2026\/04\/10\/portugueses-com-menos-amigos-jovens-e-pobres-sao-os-que-convivem-menos\/","url":"https:\/\/portaltela.pt\/noticias\/2026\/04\/10\/portugueses-com-menos-amigos-jovens-e-pobres-sao-os-que-convivem-menos\/","name":"Portugueses com menos amigos, jovens e pobres s\u00e3o os que convivem menos - Portal Tela Portugal","isPartOf":{"@id":"https:\/\/portaltela.pt\/#website"},"primaryImageOfPage":{"@id":"https:\/\/portaltela.pt\/noticias\/2026\/04\/10\/portugueses-com-menos-amigos-jovens-e-pobres-sao-os-que-convivem-menos\/#primaryimage"},"image":{"@id":"https:\/\/portaltela.pt\/noticias\/2026\/04\/10\/portugueses-com-menos-amigos-jovens-e-pobres-sao-os-que-convivem-menos\/#primaryimage"},"thumbnailUrl":"https:\/\/portaltela.pt\/s.01k8rhncp4jt1\/2026\/04\/image-558.jpg","datePublished":"2026-04-10T06:47:05+00:00","author":{"@id":"https:\/\/portaltela.pt\/#\/schema\/person\/c4278d4a6028830caff9ee44b42d32ed"},"breadcrumb":{"@id":"https:\/\/portaltela.pt\/noticias\/2026\/04\/10\/portugueses-com-menos-amigos-jovens-e-pobres-sao-os-que-convivem-menos\/#breadcrumb"},"inLanguage":"pt-PT","potentialAction":[{"@type":"ReadAction","target":["https:\/\/portaltela.pt\/noticias\/2026\/04\/10\/portugueses-com-menos-amigos-jovens-e-pobres-sao-os-que-convivem-menos\/"]}]},{"@type":"ImageObject","inLanguage":"pt-PT","@id":"https:\/\/portaltela.pt\/noticias\/2026\/04\/10\/portugueses-com-menos-amigos-jovens-e-pobres-sao-os-que-convivem-menos\/#primaryimage","url":"https:\/\/portaltela.pt\/s.01k8rhncp4jt1\/2026\/04\/image-558.jpg","contentUrl":"https:\/\/portaltela.pt\/s.01k8rhncp4jt1\/2026\/04\/image-558.jpg","width":796,"height":448,"caption":"Imagem de contexto do artigo Portugueses com menos amigos e os mais jovens e pobres s\u00e3o os que convivem menos"},{"@type":"BreadcrumbList","@id":"https:\/\/portaltela.pt\/noticias\/2026\/04\/10\/portugueses-com-menos-amigos-jovens-e-pobres-sao-os-que-convivem-menos\/#breadcrumb","itemListElement":[{"@type":"ListItem","position":1,"name":"In\u00edcio","item":"https:\/\/portaltela.pt\/"},{"@type":"ListItem","position":2,"name":"Portugueses com menos amigos, jovens e pobres s\u00e3o os que convivem menos"}]},{"@type":"WebSite","@id":"https:\/\/portaltela.pt\/#website","url":"https:\/\/portaltela.pt\/","name":"Portal Tela Portugal","description":"","potentialAction":[{"@type":"SearchAction","target":{"@type":"EntryPoint","urlTemplate":"https:\/\/portaltela.pt\/?s={search_term_string}"},"query-input":{"@type":"PropertyValueSpecification","valueRequired":true,"valueName":"search_term_string"}}],"inLanguage":"pt-PT"},{"@type":"Person","@id":"https:\/\/portaltela.pt\/#\/schema\/person\/c4278d4a6028830caff9ee44b42d32ed","name":"Telinha","image":{"@type":"ImageObject","inLanguage":"pt-PT","@id":"https:\/\/portaltela.pt\/s.01k8rhncp4jt1\/2025\/11\/talking-bot-125x125.png","url":"https:\/\/portaltela.pt\/s.01k8rhncp4jt1\/2025\/11\/talking-bot-125x125.png","contentUrl":"https:\/\/portaltela.pt\/s.01k8rhncp4jt1\/2025\/11\/talking-bot-125x125.png","caption":"Telinha"},"sameAs":["https:\/\/portaltela.pt\/"],"url":"https:\/\/portaltela.pt\/por\/367410592786\/"}]}},"_links":{"self":[{"href":"https:\/\/portaltela.pt\/api\/wp\/v2\/posts\/438849","targetHints":{"allow":["GET"]}}],"collection":[{"href":"https:\/\/portaltela.pt\/api\/wp\/v2\/posts"}],"about":[{"href":"https:\/\/portaltela.pt\/api\/wp\/v2\/types\/post"}],"author":[{"embeddable":true,"href":"https:\/\/portaltela.pt\/api\/wp\/v2\/users\/2"}],"replies":[{"embeddable":true,"href":"https:\/\/portaltela.pt\/api\/wp\/v2\/comments?post=438849"}],"version-history":[{"count":0,"href":"https:\/\/portaltela.pt\/api\/wp\/v2\/posts\/438849\/revisions"}],"wp:featuredmedia":[{"embeddable":true,"href":"https:\/\/portaltela.pt\/api\/wp\/v2\/media\/438855"}],"wp:attachment":[{"href":"https:\/\/portaltela.pt\/api\/wp\/v2\/media?parent=438849"}],"wp:term":[{"taxonomy":"category","embeddable":true,"href":"https:\/\/portaltela.pt\/api\/wp\/v2\/categories?post=438849"},{"taxonomy":"post_tag","embeddable":true,"href":"https:\/\/portaltela.pt\/api\/wp\/v2\/tags?post=438849"}],"curies":[{"name":"wp","href":"https:\/\/api.w.org\/{rel}","templated":true}]}}