{"id":438846,"date":"2026-04-10T03:46:54","date_gmt":"2026-04-10T06:46:54","guid":{"rendered":"https:\/\/portaltela.pt\/noticias\/2026\/04\/10\/processo-para-reativar-a-ponte-maria-pia-esta-parado-ha-10-anos\/"},"modified":"2026-04-10T03:46:54","modified_gmt":"2026-04-10T06:46:54","slug":"processo-para-reativar-a-ponte-maria-pia-esta-parado-ha-10-anos","status":"publish","type":"post","link":"https:\/\/portaltela.pt\/noticias\/politica\/2026\/04\/10\/processo-para-reativar-a-ponte-maria-pia-esta-parado-ha-10-anos\/","title":{"rendered":"Processo para reativar a Ponte Maria Pia est\u00e1 parado h\u00e1 10 anos"},"content":{"rendered":"<p>A C\u00e2mara de Gaia reativar a Ponte Maria Pia, entre Porto e Gaia, como percurso para bicicletas e ped\u00f5es, integrado num parque urbano com cafetarias, esplanadas e restaurantes. O objetivo \u00e9 criar uma passagem entre as duas margens do Douro.<\/p>\n<p>O projeto foi apresentado \u00e0 Infraestruturas de Portugal (IP). Segundo o vice-presidente da autarquia, Firmino Pereira, o IP assegurou o interesse em dar passos decisivos na concretiza\u00e7\u00e3o do uso da ponte.<\/p>\n<p>A autarquia pretende que o protocolo entre Gaia, Porto e IP defina o projeto a aprovar para a utiliza\u00e7\u00e3o da ponte e a reparti\u00e7\u00e3o dos encargos financeiros entre as tr\u00eas entidades.<\/p>\n<p>Firmino Pereira defende que o protocolo deve esclarecer o modelo de decis\u00e3o, o planeamento do percurso e o enquadramento financeiro, com vista a facilitar a reativa\u00e7\u00e3o do tra\u00e7ado.<\/p>\n","protected":false},"excerpt":{"rendered":"<ul>\n<li>A C\u00e2mara de Gaia quer reativar a Ponte Maria Pia como percurso de bicicletas e pe\u00f5es entre Gaia e o Porto, integrado num parque urbano com cafetarias, esplanadas e restaurantes.<\/li>\n<li>O projeto foi apresentado \u00e0 Infraestruturas de Portugal (IP).<\/li>\n<li>O vice-presidente da autarquia, Firmino Pereira, disse que a IP garantiu \u201co interesse em dar passos decisivos\u201d na concretiza\u00e7\u00e3o do projeto de utiliza\u00e7\u00e3o da ponte.<\/li>\n<li>A IP estabeleceu um entendimento com os munic\u00edpios do Porto e de Gaia para avan\u00e7ar com o projeto.<\/li>\n<li>O modelo defendido prev\u00ea a celebra\u00e7\u00e3o de um protocolo que defina o projeto a aprovar para a utiliza\u00e7\u00e3o da ponte e a reparti\u00e7\u00e3o de encargos entre as tr\u00eas entidades.<\/li>\n<\/ul>\n","protected":false},"author":2,"featured_media":438847,"comment_status":"closed","ping_status":"closed","sticky":false,"template":"","format":"standard","meta":{"footnotes":""},"categories":[1,5],"tags":[1194,1761,258,45,3263,982],"class_list":["post-438846","post","type-post","status-publish","format-standard","has-post-thumbnail","hentry","category-noticias","category-politica","tag-douro","tag-gaia","tag-infraestruturas","tag-meio-ambiente","tag-mobilidade-urbana","tag-porto"],"yoast_head":"<!-- This site is optimized with the Yoast SEO plugin v27.2 - https:\/\/yoast.com\/product\/yoast-seo-wordpress\/ -->\n<title>Processo para reativar a Ponte Maria Pia est\u00e1 parado h\u00e1 10 anos - Portal Tela Portugal<\/title>\n<meta name=\"robots\" content=\"index, follow, max-snippet:-1, max-image-preview:large, max-video-preview:-1\" \/>\n<meta property=\"og:locale\" content=\"pt_PT\" \/>\n<meta property=\"og:type\" content=\"article\" \/>\n<meta property=\"og:title\" content=\"Processo para reativar a Ponte Maria Pia est\u00e1 parado h\u00e1 10 anos - Portal Tela Portugal\" \/>\n<meta property=\"og:description\" content=\"A C\u00e2mara de Gaia quer reativar a Ponte Maria Pia como percurso de bicicletas e pe\u00f5es entre Gaia e o Porto, integrado num parque urbano com cafetarias, esplanadas e restaurantes. O projeto foi apresentado \u00e0 Infraestruturas de Portugal (IP). O vice-presidente da autarquia, Firmino Pereira, disse que a IP garantiu \u201co interesse em dar passos decisivos\u201d na concretiza\u00e7\u00e3o do projeto de utiliza\u00e7\u00e3o da ponte. A IP estabeleceu um entendimento com os munic\u00edpios do Porto e de Gaia para avan\u00e7ar com o projeto. O modelo defendido prev\u00ea a celebra\u00e7\u00e3o de um protocolo que defina o projeto a aprovar para a utiliza\u00e7\u00e3o da ponte e a reparti\u00e7\u00e3o de encargos entre as tr\u00eas entidades.\" \/>\n<meta property=\"og:url\" content=\"https:\/\/portaltela.pt\/noticias\/2026\/04\/10\/processo-para-reativar-a-ponte-maria-pia-esta-parado-ha-10-anos\/\" \/>\n<meta property=\"og:site_name\" content=\"Portal Tela Portugal\" \/>\n<meta property=\"article:published_time\" content=\"2026-04-10T06:46:54+00:00\" \/>\n<meta name=\"author\" content=\"Telinha\" \/>\n<meta name=\"twitter:card\" content=\"summary_large_image\" \/>\n<meta name=\"twitter:label1\" content=\"Escrito por\" \/>\n\t<meta name=\"twitter:data1\" content=\"Telinha\" \/>\n\t<meta name=\"twitter:label2\" content=\"Tempo estimado de leitura\" \/>\n\t<meta name=\"twitter:data2\" content=\"1 minuto\" \/>\n<script type=\"application\/ld+json\" class=\"yoast-schema-graph\">{\"@context\":\"https:\/\/schema.org\",\"@graph\":[{\"@type\":\"Article\",\"@id\":\"https:\/\/portaltela.pt\/noticias\/2026\/04\/10\/processo-para-reativar-a-ponte-maria-pia-esta-parado-ha-10-anos\/#article\",\"isPartOf\":{\"@id\":\"https:\/\/portaltela.pt\/noticias\/2026\/04\/10\/processo-para-reativar-a-ponte-maria-pia-esta-parado-ha-10-anos\/\"},\"author\":{\"name\":\"Telinha\",\"@id\":\"https:\/\/portaltela.pt\/#\/schema\/person\/c4278d4a6028830caff9ee44b42d32ed\"},\"headline\":\"Processo para reativar a Ponte Maria Pia est\u00e1 parado h\u00e1 10 anos\",\"datePublished\":\"2026-04-10T06:46:54+00:00\",\"mainEntityOfPage\":{\"@id\":\"https:\/\/portaltela.pt\/noticias\/2026\/04\/10\/processo-para-reativar-a-ponte-maria-pia-esta-parado-ha-10-anos\/\"},\"wordCount\":148,\"image\":{\"@id\":\"https:\/\/portaltela.pt\/noticias\/2026\/04\/10\/processo-para-reativar-a-ponte-maria-pia-esta-parado-ha-10-anos\/#primaryimage\"},\"thumbnailUrl\":\"https:\/\/portaltela.pt\/s.01k8rhncp4jt1\/2026\/04\/d50ecddf-7c3f-4cf6-86e1-d57f00f49556_1200x675.jpg\",\"keywords\":[\"Douro\",\"Gaia\",\"infraestruturas\",\"meio-ambiente\",\"mobilidade urbana\",\"Porto\"],\"articleSection\":[\"Not\u00edcias\",\"Pol\u00edtica\"],\"inLanguage\":\"pt-PT\"},{\"@type\":\"WebPage\",\"@id\":\"https:\/\/portaltela.pt\/noticias\/2026\/04\/10\/processo-para-reativar-a-ponte-maria-pia-esta-parado-ha-10-anos\/\",\"url\":\"https:\/\/portaltela.pt\/noticias\/2026\/04\/10\/processo-para-reativar-a-ponte-maria-pia-esta-parado-ha-10-anos\/\",\"name\":\"Processo para reativar a Ponte Maria Pia est\u00e1 parado h\u00e1 10 anos - Portal Tela Portugal\",\"isPartOf\":{\"@id\":\"https:\/\/portaltela.pt\/#website\"},\"primaryImageOfPage\":{\"@id\":\"https:\/\/portaltela.pt\/noticias\/2026\/04\/10\/processo-para-reativar-a-ponte-maria-pia-esta-parado-ha-10-anos\/#primaryimage\"},\"image\":{\"@id\":\"https:\/\/portaltela.pt\/noticias\/2026\/04\/10\/processo-para-reativar-a-ponte-maria-pia-esta-parado-ha-10-anos\/#primaryimage\"},\"thumbnailUrl\":\"https:\/\/portaltela.pt\/s.01k8rhncp4jt1\/2026\/04\/d50ecddf-7c3f-4cf6-86e1-d57f00f49556_1200x675.jpg\",\"datePublished\":\"2026-04-10T06:46:54+00:00\",\"author\":{\"@id\":\"https:\/\/portaltela.pt\/#\/schema\/person\/c4278d4a6028830caff9ee44b42d32ed\"},\"breadcrumb\":{\"@id\":\"https:\/\/portaltela.pt\/noticias\/2026\/04\/10\/processo-para-reativar-a-ponte-maria-pia-esta-parado-ha-10-anos\/#breadcrumb\"},\"inLanguage\":\"pt-PT\",\"potentialAction\":[{\"@type\":\"ReadAction\",\"target\":[\"https:\/\/portaltela.pt\/noticias\/2026\/04\/10\/processo-para-reativar-a-ponte-maria-pia-esta-parado-ha-10-anos\/\"]}]},{\"@type\":\"ImageObject\",\"inLanguage\":\"pt-PT\",\"@id\":\"https:\/\/portaltela.pt\/noticias\/2026\/04\/10\/processo-para-reativar-a-ponte-maria-pia-esta-parado-ha-10-anos\/#primaryimage\",\"url\":\"https:\/\/portaltela.pt\/s.01k8rhncp4jt1\/2026\/04\/d50ecddf-7c3f-4cf6-86e1-d57f00f49556_1200x675.jpg\",\"contentUrl\":\"https:\/\/portaltela.pt\/s.01k8rhncp4jt1\/2026\/04\/d50ecddf-7c3f-4cf6-86e1-d57f00f49556_1200x675.jpg\",\"width\":796,\"height\":448,\"caption\":\"Travessia foi desativada em 1991\"},{\"@type\":\"BreadcrumbList\",\"@id\":\"https:\/\/portaltela.pt\/noticias\/2026\/04\/10\/processo-para-reativar-a-ponte-maria-pia-esta-parado-ha-10-anos\/#breadcrumb\",\"itemListElement\":[{\"@type\":\"ListItem\",\"position\":1,\"name\":\"In\u00edcio\",\"item\":\"https:\/\/portaltela.pt\/\"},{\"@type\":\"ListItem\",\"position\":2,\"name\":\"Processo para reativar a Ponte Maria Pia est\u00e1 parado h\u00e1 10 anos\"}]},{\"@type\":\"WebSite\",\"@id\":\"https:\/\/portaltela.pt\/#website\",\"url\":\"https:\/\/portaltela.pt\/\",\"name\":\"Portal Tela Portugal\",\"description\":\"\",\"potentialAction\":[{\"@type\":\"SearchAction\",\"target\":{\"@type\":\"EntryPoint\",\"urlTemplate\":\"https:\/\/portaltela.pt\/?s={search_term_string}\"},\"query-input\":{\"@type\":\"PropertyValueSpecification\",\"valueRequired\":true,\"valueName\":\"search_term_string\"}}],\"inLanguage\":\"pt-PT\"},{\"@type\":\"Person\",\"@id\":\"https:\/\/portaltela.pt\/#\/schema\/person\/c4278d4a6028830caff9ee44b42d32ed\",\"name\":\"Telinha\",\"image\":{\"@type\":\"ImageObject\",\"inLanguage\":\"pt-PT\",\"@id\":\"https:\/\/portaltela.pt\/s.01k8rhncp4jt1\/2025\/11\/talking-bot-125x125.png\",\"url\":\"https:\/\/portaltela.pt\/s.01k8rhncp4jt1\/2025\/11\/talking-bot-125x125.png\",\"contentUrl\":\"https:\/\/portaltela.pt\/s.01k8rhncp4jt1\/2025\/11\/talking-bot-125x125.png\",\"caption\":\"Telinha\"},\"sameAs\":[\"https:\/\/portaltela.pt\/\"],\"url\":\"https:\/\/portaltela.pt\/por\/367410592786\/\"}]}<\/script>\n<!-- \/ Yoast SEO plugin. -->","yoast_head_json":{"title":"Processo para reativar a Ponte Maria Pia est\u00e1 parado h\u00e1 10 anos - Portal Tela Portugal","robots":{"index":"index","follow":"follow","max-snippet":"max-snippet:-1","max-image-preview":"max-image-preview:large","max-video-preview":"max-video-preview:-1"},"og_locale":"pt_PT","og_type":"article","og_title":"Processo para reativar a Ponte Maria Pia est\u00e1 parado h\u00e1 10 anos - Portal Tela Portugal","og_description":"A C\u00e2mara de Gaia quer reativar a Ponte Maria Pia como percurso de bicicletas e pe\u00f5es entre Gaia e o Porto, integrado num parque urbano com cafetarias, esplanadas e restaurantes. O projeto foi apresentado \u00e0 Infraestruturas de Portugal (IP). O vice-presidente da autarquia, Firmino Pereira, disse que a IP garantiu \u201co interesse em dar passos decisivos\u201d na concretiza\u00e7\u00e3o do projeto de utiliza\u00e7\u00e3o da ponte. A IP estabeleceu um entendimento com os munic\u00edpios do Porto e de Gaia para avan\u00e7ar com o projeto. O modelo defendido prev\u00ea a celebra\u00e7\u00e3o de um protocolo que defina o projeto a aprovar para a utiliza\u00e7\u00e3o da ponte e a reparti\u00e7\u00e3o de encargos entre as tr\u00eas entidades.","og_url":"https:\/\/portaltela.pt\/noticias\/2026\/04\/10\/processo-para-reativar-a-ponte-maria-pia-esta-parado-ha-10-anos\/","og_site_name":"Portal Tela Portugal","article_published_time":"2026-04-10T06:46:54+00:00","author":"Telinha","twitter_card":"summary_large_image","twitter_misc":{"Escrito por":"Telinha","Tempo estimado de leitura":"1 minuto"},"schema":{"@context":"https:\/\/schema.org","@graph":[{"@type":"Article","@id":"https:\/\/portaltela.pt\/noticias\/2026\/04\/10\/processo-para-reativar-a-ponte-maria-pia-esta-parado-ha-10-anos\/#article","isPartOf":{"@id":"https:\/\/portaltela.pt\/noticias\/2026\/04\/10\/processo-para-reativar-a-ponte-maria-pia-esta-parado-ha-10-anos\/"},"author":{"name":"Telinha","@id":"https:\/\/portaltela.pt\/#\/schema\/person\/c4278d4a6028830caff9ee44b42d32ed"},"headline":"Processo para reativar a Ponte Maria Pia est\u00e1 parado h\u00e1 10 anos","datePublished":"2026-04-10T06:46:54+00:00","mainEntityOfPage":{"@id":"https:\/\/portaltela.pt\/noticias\/2026\/04\/10\/processo-para-reativar-a-ponte-maria-pia-esta-parado-ha-10-anos\/"},"wordCount":148,"image":{"@id":"https:\/\/portaltela.pt\/noticias\/2026\/04\/10\/processo-para-reativar-a-ponte-maria-pia-esta-parado-ha-10-anos\/#primaryimage"},"thumbnailUrl":"https:\/\/portaltela.pt\/s.01k8rhncp4jt1\/2026\/04\/d50ecddf-7c3f-4cf6-86e1-d57f00f49556_1200x675.jpg","keywords":["Douro","Gaia","infraestruturas","meio-ambiente","mobilidade urbana","Porto"],"articleSection":["Not\u00edcias","Pol\u00edtica"],"inLanguage":"pt-PT"},{"@type":"WebPage","@id":"https:\/\/portaltela.pt\/noticias\/2026\/04\/10\/processo-para-reativar-a-ponte-maria-pia-esta-parado-ha-10-anos\/","url":"https:\/\/portaltela.pt\/noticias\/2026\/04\/10\/processo-para-reativar-a-ponte-maria-pia-esta-parado-ha-10-anos\/","name":"Processo para reativar a Ponte Maria Pia est\u00e1 parado h\u00e1 10 anos - Portal Tela Portugal","isPartOf":{"@id":"https:\/\/portaltela.pt\/#website"},"primaryImageOfPage":{"@id":"https:\/\/portaltela.pt\/noticias\/2026\/04\/10\/processo-para-reativar-a-ponte-maria-pia-esta-parado-ha-10-anos\/#primaryimage"},"image":{"@id":"https:\/\/portaltela.pt\/noticias\/2026\/04\/10\/processo-para-reativar-a-ponte-maria-pia-esta-parado-ha-10-anos\/#primaryimage"},"thumbnailUrl":"https:\/\/portaltela.pt\/s.01k8rhncp4jt1\/2026\/04\/d50ecddf-7c3f-4cf6-86e1-d57f00f49556_1200x675.jpg","datePublished":"2026-04-10T06:46:54+00:00","author":{"@id":"https:\/\/portaltela.pt\/#\/schema\/person\/c4278d4a6028830caff9ee44b42d32ed"},"breadcrumb":{"@id":"https:\/\/portaltela.pt\/noticias\/2026\/04\/10\/processo-para-reativar-a-ponte-maria-pia-esta-parado-ha-10-anos\/#breadcrumb"},"inLanguage":"pt-PT","potentialAction":[{"@type":"ReadAction","target":["https:\/\/portaltela.pt\/noticias\/2026\/04\/10\/processo-para-reativar-a-ponte-maria-pia-esta-parado-ha-10-anos\/"]}]},{"@type":"ImageObject","inLanguage":"pt-PT","@id":"https:\/\/portaltela.pt\/noticias\/2026\/04\/10\/processo-para-reativar-a-ponte-maria-pia-esta-parado-ha-10-anos\/#primaryimage","url":"https:\/\/portaltela.pt\/s.01k8rhncp4jt1\/2026\/04\/d50ecddf-7c3f-4cf6-86e1-d57f00f49556_1200x675.jpg","contentUrl":"https:\/\/portaltela.pt\/s.01k8rhncp4jt1\/2026\/04\/d50ecddf-7c3f-4cf6-86e1-d57f00f49556_1200x675.jpg","width":796,"height":448,"caption":"Travessia foi desativada em 1991"},{"@type":"BreadcrumbList","@id":"https:\/\/portaltela.pt\/noticias\/2026\/04\/10\/processo-para-reativar-a-ponte-maria-pia-esta-parado-ha-10-anos\/#breadcrumb","itemListElement":[{"@type":"ListItem","position":1,"name":"In\u00edcio","item":"https:\/\/portaltela.pt\/"},{"@type":"ListItem","position":2,"name":"Processo para reativar a Ponte Maria Pia est\u00e1 parado h\u00e1 10 anos"}]},{"@type":"WebSite","@id":"https:\/\/portaltela.pt\/#website","url":"https:\/\/portaltela.pt\/","name":"Portal Tela Portugal","description":"","potentialAction":[{"@type":"SearchAction","target":{"@type":"EntryPoint","urlTemplate":"https:\/\/portaltela.pt\/?s={search_term_string}"},"query-input":{"@type":"PropertyValueSpecification","valueRequired":true,"valueName":"search_term_string"}}],"inLanguage":"pt-PT"},{"@type":"Person","@id":"https:\/\/portaltela.pt\/#\/schema\/person\/c4278d4a6028830caff9ee44b42d32ed","name":"Telinha","image":{"@type":"ImageObject","inLanguage":"pt-PT","@id":"https:\/\/portaltela.pt\/s.01k8rhncp4jt1\/2025\/11\/talking-bot-125x125.png","url":"https:\/\/portaltela.pt\/s.01k8rhncp4jt1\/2025\/11\/talking-bot-125x125.png","contentUrl":"https:\/\/portaltela.pt\/s.01k8rhncp4jt1\/2025\/11\/talking-bot-125x125.png","caption":"Telinha"},"sameAs":["https:\/\/portaltela.pt\/"],"url":"https:\/\/portaltela.pt\/por\/367410592786\/"}]}},"_links":{"self":[{"href":"https:\/\/portaltela.pt\/api\/wp\/v2\/posts\/438846","targetHints":{"allow":["GET"]}}],"collection":[{"href":"https:\/\/portaltela.pt\/api\/wp\/v2\/posts"}],"about":[{"href":"https:\/\/portaltela.pt\/api\/wp\/v2\/types\/post"}],"author":[{"embeddable":true,"href":"https:\/\/portaltela.pt\/api\/wp\/v2\/users\/2"}],"replies":[{"embeddable":true,"href":"https:\/\/portaltela.pt\/api\/wp\/v2\/comments?post=438846"}],"version-history":[{"count":0,"href":"https:\/\/portaltela.pt\/api\/wp\/v2\/posts\/438846\/revisions"}],"wp:featuredmedia":[{"embeddable":true,"href":"https:\/\/portaltela.pt\/api\/wp\/v2\/media\/438847"}],"wp:attachment":[{"href":"https:\/\/portaltela.pt\/api\/wp\/v2\/media?parent=438846"}],"wp:term":[{"taxonomy":"category","embeddable":true,"href":"https:\/\/portaltela.pt\/api\/wp\/v2\/categories?post=438846"},{"taxonomy":"post_tag","embeddable":true,"href":"https:\/\/portaltela.pt\/api\/wp\/v2\/tags?post=438846"}],"curies":[{"name":"wp","href":"https:\/\/api.w.org\/{rel}","templated":true}]}}