{"id":438841,"date":"2026-04-10T03:32:13","date_gmt":"2026-04-10T06:32:13","guid":{"rendered":"https:\/\/portaltela.pt\/noticias\/2026\/04\/10\/marco-traz-indicios-de-el-nino-no-oceano\/"},"modified":"2026-04-10T03:32:13","modified_gmt":"2026-04-10T06:32:13","slug":"marco-traz-indicios-de-el-nino-no-oceano","status":"publish","type":"post","link":"https:\/\/portaltela.pt\/meio-ambiente\/2026\/04\/10\/marco-traz-indicios-de-el-nino-no-oceano\/","title":{"rendered":"Mar\u00e7o traz ind\u00edcios de El Ni\u00f1o no oceano"},"content":{"rendered":"<p>O oceano global est\u00e1 a aquecer, com sinais claros de El Ni\u00f1o a formar-se este ano, segundo o Cop\u00e9rnico. Em mar\u00e7o, a temperatura da \u00e1gua do mar \u00e0 superf\u00edcie manteve-se acima da m\u00e9dia hist\u00f3rica, aumentando o risco de padr\u00f5es clim\u00e1ticos more intensos.<\/p>\n<p>Na Europa, mar\u00e7o foi o segundo m\u00eas mais quente desde que existem registos. Em Portugal, fevereiro de 2026 foi o m\u00eas mais chuvoso dos \u00faltimos 47 anos, mas mar\u00e7o trouxe mais seca em muitas regi\u00f5es, com varia\u00e7\u00f5es entre \u00e1reas ainda muito \u00famidas e outras mais secas.<\/p>\n<h3>Sinais de El Ni\u00f1o e impactos previstos<\/h3>\n<p>O Cop\u00e9rnico indica que a assinatura do El Ni\u00f1o j\u00e1 se nota na \u00e1gua do Pac\u00edfico equatorial, o que pode trazer mudan\u00e7as na precipita\u00e7\u00e3o, secas e eventos extremos a n\u00edvel global. Cientistas destacam que 2023 j\u00e1 teve um padr\u00e3o El Ni\u00f1o forte, repetindo-se este ano com temperaturas recordeias no mar.<\/p>\n<p>Especialistas afirmam que \u00e9 prov\u00e1vel o formar do El Ni\u00f1o at\u00e9 ao final do ano, como \u00e9 habitual, com pico previsto para fim de ano. Um super El Ni\u00f1o, ocorrido uma vez a cada 10 a 15 anos, n\u00e3o est\u00e1 descartado, o que poderia intensificar os impactos clim\u00e1ticos em v\u00e1rias regi\u00f5es.<\/p>\n<p>Aquecimento da \u00e1gua no Pac\u00edfico ocorre quando as temperaturas sobem acima de dois graus Celsius em rela\u00e7\u00e3o \u00e0 m\u00e9dia, disparando uma forte resposta atmosf\u00e9rica. Os efeitos podem incluir altera\u00e7\u00f5es na chuva, ventos, furac\u00f5es e redu\u00e7\u00e3o do gelo marinho.<\/p>\n","protected":false},"excerpt":{"rendered":"<ul>\n<li>Mar\u00e7o de 2026 foi o segundo m\u00eas mais quente na Europa desde o in\u00edcio dos registos, e o oceano global continua a aquecer rapidamente.<\/li>\n<li>O Cop\u00e9rnico indica sinais de El Ni\u00f1o a formar-se, com a temperatura da \u00e1gua do mar \u00e0 superf\u00edcie em mar\u00e7o mais elevada do que em 2023, ano em que tamb\u00e9m houve El Ni\u00f1o.<\/li>\n<li>Em Portugal, Fevereiro de 2026 foi o m\u00eas mais chuvoso dos \u00faltimos 47 anos, e mar\u00e7o foi mais seco e quente noutras partes do mundo, com o \u00c1rtico a apresentar o menor gelo j\u00e1 registrado.<\/li>\n<li>Cientistas consideram muito prov\u00e1vel que, no fim do ano, se forme o El Ni\u00f1o t\u00edpico, com a possibilidade de surgir um super El Ni\u00f1o, o que pode intensificar os efeitos.<\/li>\n<li>O El Ni\u00f1o resulta do aquecimento das \u00e1guas do Pac\u00edfico equatorial e pode alterar padr\u00f5es de precipita\u00e7\u00e3o, secas, inunda\u00e7\u00f5es, calor extremo, furac\u00f5es e reduzir o gelo marinho.<\/li>\n<\/ul>\n","protected":false},"author":2,"featured_media":438845,"comment_status":"closed","ping_status":"closed","sticky":false,"template":"","format":"standard","meta":{"footnotes":""},"categories":[7380,6725],"tags":[7767,2665,5224,4880,755,5045],"class_list":["post-438841","post","type-post","status-publish","format-standard","has-post-thumbnail","hentry","category-clima","category-meio-ambiente","tag-_meio-ambiente","tag-alteracoes-climaticas","tag-clima","tag-conservacao-ambiental","tag-desenvolvimento-sustentavel","tag-precipitacao"],"yoast_head":"<!-- This site is optimized with the Yoast SEO plugin v27.2 - https:\/\/yoast.com\/product\/yoast-seo-wordpress\/ -->\n<title>Mar\u00e7o traz ind\u00edcios de El Ni\u00f1o no oceano - Portal Tela Portugal<\/title>\n<meta name=\"robots\" content=\"index, follow, max-snippet:-1, max-image-preview:large, max-video-preview:-1\" \/>\n<meta property=\"og:locale\" content=\"pt_PT\" \/>\n<meta property=\"og:type\" content=\"article\" \/>\n<meta property=\"og:title\" content=\"Mar\u00e7o traz ind\u00edcios de El Ni\u00f1o no oceano - Portal Tela Portugal\" \/>\n<meta property=\"og:description\" content=\"Mar\u00e7o de 2026 foi o segundo m\u00eas mais quente na Europa desde o in\u00edcio dos registos, e o oceano global continua a aquecer rapidamente. O Cop\u00e9rnico indica sinais de El Ni\u00f1o a formar-se, com a temperatura da \u00e1gua do mar \u00e0 superf\u00edcie em mar\u00e7o mais elevada do que em 2023, ano em que tamb\u00e9m houve El Ni\u00f1o. Em Portugal, Fevereiro de 2026 foi o m\u00eas mais chuvoso dos \u00faltimos 47 anos, e mar\u00e7o foi mais seco e quente noutras partes do mundo, com o \u00c1rtico a apresentar o menor gelo j\u00e1 registrado. Cientistas consideram muito prov\u00e1vel que, no fim do ano, se forme o El Ni\u00f1o t\u00edpico, com a possibilidade de surgir um super El Ni\u00f1o, o que pode intensificar os efeitos. O El Ni\u00f1o resulta do aquecimento das \u00e1guas do Pac\u00edfico equatorial e pode alterar padr\u00f5es de precipita\u00e7\u00e3o, secas, inunda\u00e7\u00f5es, calor extremo, furac\u00f5es e reduzir o gelo marinho.\" \/>\n<meta property=\"og:url\" content=\"https:\/\/portaltela.pt\/noticias\/2026\/04\/10\/marco-traz-indicios-de-el-nino-no-oceano\/\" \/>\n<meta property=\"og:site_name\" content=\"Portal Tela Portugal\" \/>\n<meta property=\"article:published_time\" content=\"2026-04-10T06:32:13+00:00\" \/>\n<meta name=\"author\" content=\"Telinha\" \/>\n<meta name=\"twitter:card\" content=\"summary_large_image\" \/>\n<meta name=\"twitter:label1\" content=\"Escrito por\" \/>\n\t<meta name=\"twitter:data1\" content=\"Telinha\" \/>\n\t<meta name=\"twitter:label2\" content=\"Tempo estimado de leitura\" \/>\n\t<meta name=\"twitter:data2\" content=\"1 minuto\" \/>\n<script type=\"application\/ld+json\" class=\"yoast-schema-graph\">{\"@context\":\"https:\/\/schema.org\",\"@graph\":[{\"@type\":\"Article\",\"@id\":\"https:\/\/portaltela.pt\/noticias\/2026\/04\/10\/marco-traz-indicios-de-el-nino-no-oceano\/#article\",\"isPartOf\":{\"@id\":\"https:\/\/portaltela.pt\/noticias\/2026\/04\/10\/marco-traz-indicios-de-el-nino-no-oceano\/\"},\"author\":{\"name\":\"Telinha\",\"@id\":\"https:\/\/portaltela.pt\/#\/schema\/person\/c4278d4a6028830caff9ee44b42d32ed\"},\"headline\":\"Mar\u00e7o traz ind\u00edcios de El Ni\u00f1o no oceano\",\"datePublished\":\"2026-04-10T06:32:13+00:00\",\"mainEntityOfPage\":{\"@id\":\"https:\/\/portaltela.pt\/noticias\/2026\/04\/10\/marco-traz-indicios-de-el-nino-no-oceano\/\"},\"wordCount\":273,\"image\":{\"@id\":\"https:\/\/portaltela.pt\/noticias\/2026\/04\/10\/marco-traz-indicios-de-el-nino-no-oceano\/#primaryimage\"},\"thumbnailUrl\":\"https:\/\/portaltela.pt\/s.01k8rhncp4jt1\/2026\/04\/2080297.jpg\",\"keywords\":[\"_meio-ambiente\",\"Altera\u00e7\u00f5es Clim\u00e1ticas\",\"clima\",\"conserva\u00e7\u00e3o ambiental\",\"desenvolvimento sustent\u00e1vel\",\"precipita\u00e7\u00e3o\"],\"articleSection\":[\"Clima\",\"Meio Ambiente\"],\"inLanguage\":\"pt-PT\"},{\"@type\":\"WebPage\",\"@id\":\"https:\/\/portaltela.pt\/noticias\/2026\/04\/10\/marco-traz-indicios-de-el-nino-no-oceano\/\",\"url\":\"https:\/\/portaltela.pt\/noticias\/2026\/04\/10\/marco-traz-indicios-de-el-nino-no-oceano\/\",\"name\":\"Mar\u00e7o traz ind\u00edcios de El Ni\u00f1o no oceano - Portal Tela Portugal\",\"isPartOf\":{\"@id\":\"https:\/\/portaltela.pt\/#website\"},\"primaryImageOfPage\":{\"@id\":\"https:\/\/portaltela.pt\/noticias\/2026\/04\/10\/marco-traz-indicios-de-el-nino-no-oceano\/#primaryimage\"},\"image\":{\"@id\":\"https:\/\/portaltela.pt\/noticias\/2026\/04\/10\/marco-traz-indicios-de-el-nino-no-oceano\/#primaryimage\"},\"thumbnailUrl\":\"https:\/\/portaltela.pt\/s.01k8rhncp4jt1\/2026\/04\/2080297.jpg\",\"datePublished\":\"2026-04-10T06:32:13+00:00\",\"author\":{\"@id\":\"https:\/\/portaltela.pt\/#\/schema\/person\/c4278d4a6028830caff9ee44b42d32ed\"},\"breadcrumb\":{\"@id\":\"https:\/\/portaltela.pt\/noticias\/2026\/04\/10\/marco-traz-indicios-de-el-nino-no-oceano\/#breadcrumb\"},\"inLanguage\":\"pt-PT\",\"potentialAction\":[{\"@type\":\"ReadAction\",\"target\":[\"https:\/\/portaltela.pt\/noticias\/2026\/04\/10\/marco-traz-indicios-de-el-nino-no-oceano\/\"]}]},{\"@type\":\"ImageObject\",\"inLanguage\":\"pt-PT\",\"@id\":\"https:\/\/portaltela.pt\/noticias\/2026\/04\/10\/marco-traz-indicios-de-el-nino-no-oceano\/#primaryimage\",\"url\":\"https:\/\/portaltela.pt\/s.01k8rhncp4jt1\/2026\/04\/2080297.jpg\",\"contentUrl\":\"https:\/\/portaltela.pt\/s.01k8rhncp4jt1\/2026\/04\/2080297.jpg\",\"width\":796,\"height\":448,\"caption\":\"Temperatura m\u00e9dia da \u00e1gua do mar \u00e0 superf\u00edcie no oceano (excluindo os P\u00f3los)\"},{\"@type\":\"BreadcrumbList\",\"@id\":\"https:\/\/portaltela.pt\/noticias\/2026\/04\/10\/marco-traz-indicios-de-el-nino-no-oceano\/#breadcrumb\",\"itemListElement\":[{\"@type\":\"ListItem\",\"position\":1,\"name\":\"In\u00edcio\",\"item\":\"https:\/\/portaltela.pt\/\"},{\"@type\":\"ListItem\",\"position\":2,\"name\":\"Mar\u00e7o traz ind\u00edcios de El Ni\u00f1o no oceano\"}]},{\"@type\":\"WebSite\",\"@id\":\"https:\/\/portaltela.pt\/#website\",\"url\":\"https:\/\/portaltela.pt\/\",\"name\":\"Portal Tela Portugal\",\"description\":\"\",\"potentialAction\":[{\"@type\":\"SearchAction\",\"target\":{\"@type\":\"EntryPoint\",\"urlTemplate\":\"https:\/\/portaltela.pt\/?s={search_term_string}\"},\"query-input\":{\"@type\":\"PropertyValueSpecification\",\"valueRequired\":true,\"valueName\":\"search_term_string\"}}],\"inLanguage\":\"pt-PT\"},{\"@type\":\"Person\",\"@id\":\"https:\/\/portaltela.pt\/#\/schema\/person\/c4278d4a6028830caff9ee44b42d32ed\",\"name\":\"Telinha\",\"image\":{\"@type\":\"ImageObject\",\"inLanguage\":\"pt-PT\",\"@id\":\"https:\/\/portaltela.pt\/s.01k8rhncp4jt1\/2025\/11\/talking-bot-125x125.png\",\"url\":\"https:\/\/portaltela.pt\/s.01k8rhncp4jt1\/2025\/11\/talking-bot-125x125.png\",\"contentUrl\":\"https:\/\/portaltela.pt\/s.01k8rhncp4jt1\/2025\/11\/talking-bot-125x125.png\",\"caption\":\"Telinha\"},\"sameAs\":[\"https:\/\/portaltela.pt\/\"],\"url\":\"https:\/\/portaltela.pt\/por\/367410592786\/\"}]}<\/script>\n<!-- \/ Yoast SEO plugin. -->","yoast_head_json":{"title":"Mar\u00e7o traz ind\u00edcios de El Ni\u00f1o no oceano - Portal Tela Portugal","robots":{"index":"index","follow":"follow","max-snippet":"max-snippet:-1","max-image-preview":"max-image-preview:large","max-video-preview":"max-video-preview:-1"},"og_locale":"pt_PT","og_type":"article","og_title":"Mar\u00e7o traz ind\u00edcios de El Ni\u00f1o no oceano - Portal Tela Portugal","og_description":"Mar\u00e7o de 2026 foi o segundo m\u00eas mais quente na Europa desde o in\u00edcio dos registos, e o oceano global continua a aquecer rapidamente. O Cop\u00e9rnico indica sinais de El Ni\u00f1o a formar-se, com a temperatura da \u00e1gua do mar \u00e0 superf\u00edcie em mar\u00e7o mais elevada do que em 2023, ano em que tamb\u00e9m houve El Ni\u00f1o. Em Portugal, Fevereiro de 2026 foi o m\u00eas mais chuvoso dos \u00faltimos 47 anos, e mar\u00e7o foi mais seco e quente noutras partes do mundo, com o \u00c1rtico a apresentar o menor gelo j\u00e1 registrado. Cientistas consideram muito prov\u00e1vel que, no fim do ano, se forme o El Ni\u00f1o t\u00edpico, com a possibilidade de surgir um super El Ni\u00f1o, o que pode intensificar os efeitos. O El Ni\u00f1o resulta do aquecimento das \u00e1guas do Pac\u00edfico equatorial e pode alterar padr\u00f5es de precipita\u00e7\u00e3o, secas, inunda\u00e7\u00f5es, calor extremo, furac\u00f5es e reduzir o gelo marinho.","og_url":"https:\/\/portaltela.pt\/noticias\/2026\/04\/10\/marco-traz-indicios-de-el-nino-no-oceano\/","og_site_name":"Portal Tela Portugal","article_published_time":"2026-04-10T06:32:13+00:00","author":"Telinha","twitter_card":"summary_large_image","twitter_misc":{"Escrito por":"Telinha","Tempo estimado de leitura":"1 minuto"},"schema":{"@context":"https:\/\/schema.org","@graph":[{"@type":"Article","@id":"https:\/\/portaltela.pt\/noticias\/2026\/04\/10\/marco-traz-indicios-de-el-nino-no-oceano\/#article","isPartOf":{"@id":"https:\/\/portaltela.pt\/noticias\/2026\/04\/10\/marco-traz-indicios-de-el-nino-no-oceano\/"},"author":{"name":"Telinha","@id":"https:\/\/portaltela.pt\/#\/schema\/person\/c4278d4a6028830caff9ee44b42d32ed"},"headline":"Mar\u00e7o traz ind\u00edcios de El Ni\u00f1o no oceano","datePublished":"2026-04-10T06:32:13+00:00","mainEntityOfPage":{"@id":"https:\/\/portaltela.pt\/noticias\/2026\/04\/10\/marco-traz-indicios-de-el-nino-no-oceano\/"},"wordCount":273,"image":{"@id":"https:\/\/portaltela.pt\/noticias\/2026\/04\/10\/marco-traz-indicios-de-el-nino-no-oceano\/#primaryimage"},"thumbnailUrl":"https:\/\/portaltela.pt\/s.01k8rhncp4jt1\/2026\/04\/2080297.jpg","keywords":["_meio-ambiente","Altera\u00e7\u00f5es Clim\u00e1ticas","clima","conserva\u00e7\u00e3o ambiental","desenvolvimento sustent\u00e1vel","precipita\u00e7\u00e3o"],"articleSection":["Clima","Meio Ambiente"],"inLanguage":"pt-PT"},{"@type":"WebPage","@id":"https:\/\/portaltela.pt\/noticias\/2026\/04\/10\/marco-traz-indicios-de-el-nino-no-oceano\/","url":"https:\/\/portaltela.pt\/noticias\/2026\/04\/10\/marco-traz-indicios-de-el-nino-no-oceano\/","name":"Mar\u00e7o traz ind\u00edcios de El Ni\u00f1o no oceano - Portal Tela Portugal","isPartOf":{"@id":"https:\/\/portaltela.pt\/#website"},"primaryImageOfPage":{"@id":"https:\/\/portaltela.pt\/noticias\/2026\/04\/10\/marco-traz-indicios-de-el-nino-no-oceano\/#primaryimage"},"image":{"@id":"https:\/\/portaltela.pt\/noticias\/2026\/04\/10\/marco-traz-indicios-de-el-nino-no-oceano\/#primaryimage"},"thumbnailUrl":"https:\/\/portaltela.pt\/s.01k8rhncp4jt1\/2026\/04\/2080297.jpg","datePublished":"2026-04-10T06:32:13+00:00","author":{"@id":"https:\/\/portaltela.pt\/#\/schema\/person\/c4278d4a6028830caff9ee44b42d32ed"},"breadcrumb":{"@id":"https:\/\/portaltela.pt\/noticias\/2026\/04\/10\/marco-traz-indicios-de-el-nino-no-oceano\/#breadcrumb"},"inLanguage":"pt-PT","potentialAction":[{"@type":"ReadAction","target":["https:\/\/portaltela.pt\/noticias\/2026\/04\/10\/marco-traz-indicios-de-el-nino-no-oceano\/"]}]},{"@type":"ImageObject","inLanguage":"pt-PT","@id":"https:\/\/portaltela.pt\/noticias\/2026\/04\/10\/marco-traz-indicios-de-el-nino-no-oceano\/#primaryimage","url":"https:\/\/portaltela.pt\/s.01k8rhncp4jt1\/2026\/04\/2080297.jpg","contentUrl":"https:\/\/portaltela.pt\/s.01k8rhncp4jt1\/2026\/04\/2080297.jpg","width":796,"height":448,"caption":"Temperatura m\u00e9dia da \u00e1gua do mar \u00e0 superf\u00edcie no oceano (excluindo os P\u00f3los)"},{"@type":"BreadcrumbList","@id":"https:\/\/portaltela.pt\/noticias\/2026\/04\/10\/marco-traz-indicios-de-el-nino-no-oceano\/#breadcrumb","itemListElement":[{"@type":"ListItem","position":1,"name":"In\u00edcio","item":"https:\/\/portaltela.pt\/"},{"@type":"ListItem","position":2,"name":"Mar\u00e7o traz ind\u00edcios de El Ni\u00f1o no oceano"}]},{"@type":"WebSite","@id":"https:\/\/portaltela.pt\/#website","url":"https:\/\/portaltela.pt\/","name":"Portal Tela Portugal","description":"","potentialAction":[{"@type":"SearchAction","target":{"@type":"EntryPoint","urlTemplate":"https:\/\/portaltela.pt\/?s={search_term_string}"},"query-input":{"@type":"PropertyValueSpecification","valueRequired":true,"valueName":"search_term_string"}}],"inLanguage":"pt-PT"},{"@type":"Person","@id":"https:\/\/portaltela.pt\/#\/schema\/person\/c4278d4a6028830caff9ee44b42d32ed","name":"Telinha","image":{"@type":"ImageObject","inLanguage":"pt-PT","@id":"https:\/\/portaltela.pt\/s.01k8rhncp4jt1\/2025\/11\/talking-bot-125x125.png","url":"https:\/\/portaltela.pt\/s.01k8rhncp4jt1\/2025\/11\/talking-bot-125x125.png","contentUrl":"https:\/\/portaltela.pt\/s.01k8rhncp4jt1\/2025\/11\/talking-bot-125x125.png","caption":"Telinha"},"sameAs":["https:\/\/portaltela.pt\/"],"url":"https:\/\/portaltela.pt\/por\/367410592786\/"}]}},"_links":{"self":[{"href":"https:\/\/portaltela.pt\/api\/wp\/v2\/posts\/438841","targetHints":{"allow":["GET"]}}],"collection":[{"href":"https:\/\/portaltela.pt\/api\/wp\/v2\/posts"}],"about":[{"href":"https:\/\/portaltela.pt\/api\/wp\/v2\/types\/post"}],"author":[{"embeddable":true,"href":"https:\/\/portaltela.pt\/api\/wp\/v2\/users\/2"}],"replies":[{"embeddable":true,"href":"https:\/\/portaltela.pt\/api\/wp\/v2\/comments?post=438841"}],"version-history":[{"count":0,"href":"https:\/\/portaltela.pt\/api\/wp\/v2\/posts\/438841\/revisions"}],"wp:featuredmedia":[{"embeddable":true,"href":"https:\/\/portaltela.pt\/api\/wp\/v2\/media\/438845"}],"wp:attachment":[{"href":"https:\/\/portaltela.pt\/api\/wp\/v2\/media?parent=438841"}],"wp:term":[{"taxonomy":"category","embeddable":true,"href":"https:\/\/portaltela.pt\/api\/wp\/v2\/categories?post=438841"},{"taxonomy":"post_tag","embeddable":true,"href":"https:\/\/portaltela.pt\/api\/wp\/v2\/tags?post=438841"}],"curies":[{"name":"wp","href":"https:\/\/api.w.org\/{rel}","templated":true}]}}