{"id":438829,"date":"2026-04-10T03:17:22","date_gmt":"2026-04-10T06:17:22","guid":{"rendered":"https:\/\/portaltela.pt\/noticias\/2026\/04\/10\/crimes-na-estrada-sobem-pela-maior-subida-da-ultima-decada-alcool-e-responsavel\/"},"modified":"2026-04-10T03:17:22","modified_gmt":"2026-04-10T06:17:22","slug":"crimes-na-estrada-sobem-pela-maior-subida-da-ultima-decada-alcool-e-responsavel","status":"publish","type":"post","link":"https:\/\/portaltela.pt\/noticias\/2026\/04\/10\/crimes-na-estrada-sobem-pela-maior-subida-da-ultima-decada-alcool-e-responsavel\/","title":{"rendered":"Crimes na estrada sobem pela maior subida da \u00faltima d\u00e9cada, \u00e1lcool \u00e9 respons\u00e1vel"},"content":{"rendered":"<p>A criminalidade rodovi\u00e1ria em Portugal cresceu 24% em 2025 face a 2024, segundo o Relat\u00f3rio Anual de Seguran\u00e7a Interna (RASI). Este foi o maior aumento anual da \u00faltima d\u00e9cada.<\/p>\n<p>As infra\u00e7\u00f5es ligadas ao \u00e1lcool ao volante representam 59% do total, com 22 806 casos. No conjunto, foram contabilizadas 38 463 participa\u00e7\u00f5es, mais 7 441 do que no ano anterior.<\/p>\n<p>Entre as tipologias, a condu\u00e7\u00e3o sob efeito de \u00e1lcool permanece no topo, seguida pela condu\u00e7\u00e3o sem habilita\u00e7\u00e3o legal (14 301) e pela condu\u00e7\u00e3o perigosa (538).<\/p>\n<p>Outras categorias incluem a ofensa \u00e0 integridade f\u00edsica (485) e, mais raramente, homic\u00eddios por neglig\u00eancia (333).<\/p>\n","protected":false},"excerpt":{"rendered":"<ul>\n<li>Em 2025, a criminalidade rodovi\u00e1ria em Portugal aumentou 24% em rela\u00e7\u00e3o a 2024, a maior subida anual da d\u00e9cada, segundo o Relat\u00f3rio Anual de Seguran\u00e7a Interna.<\/li>\n<li>O \u00e1lcool ao volante representa 59% do total de crimes, com 22.806 casos.<\/li>\n<li>No total houve 38 463 participa\u00e7\u00f5es, mais 7 441 do que em 2024, o segundo valor mais alto em dez anos, apenas atr\u00e1s de 2023.<\/li>\n<li>Entre as tipologias, a condu\u00e7\u00e3o sob o efeito do \u00e1lcool surge no topo (22.806 casos) e seguem-se condu\u00e7\u00e3o sem habilita\u00e7\u00e3o legal (14.301) e condu\u00e7\u00e3o perigosa (538).<\/li>\n<li>Registaram-se ainda ofensa \u00e0 integridade f\u00edsica (485) e homic\u00eddios por neglig\u00eancia (333).<\/li>\n<\/ul>\n","protected":false},"author":2,"featured_media":438831,"comment_status":"closed","ping_status":"closed","sticky":false,"template":"","format":"standard","meta":{"footnotes":""},"categories":[7374,1],"tags":[160,2074,147,177,250,2761],"class_list":["post-438829","post","type-post","status-publish","format-standard","has-post-thumbnail","hentry","category-criminalidade","category-noticias","tag-conducao-sem-habilitacao","tag-conducao-sob-o-efeito-de-alcool","tag-crime","tag-crimes","tag-seguranca-publica","tag-seguranca-rodoviaria"],"yoast_head":"<!-- This site is optimized with the Yoast SEO plugin v27.2 - https:\/\/yoast.com\/product\/yoast-seo-wordpress\/ -->\n<title>Crimes na estrada sobem pela maior subida da \u00faltima d\u00e9cada, \u00e1lcool \u00e9 respons\u00e1vel - Portal Tela Portugal<\/title>\n<meta name=\"robots\" content=\"index, follow, max-snippet:-1, max-image-preview:large, max-video-preview:-1\" \/>\n<meta property=\"og:locale\" content=\"pt_PT\" \/>\n<meta property=\"og:type\" content=\"article\" \/>\n<meta property=\"og:title\" content=\"Crimes na estrada sobem pela maior subida da \u00faltima d\u00e9cada, \u00e1lcool \u00e9 respons\u00e1vel - Portal Tela Portugal\" \/>\n<meta property=\"og:description\" content=\"Em 2025, a criminalidade rodovi\u00e1ria em Portugal aumentou 24% em rela\u00e7\u00e3o a 2024, a maior subida anual da d\u00e9cada, segundo o Relat\u00f3rio Anual de Seguran\u00e7a Interna. O \u00e1lcool ao volante representa 59% do total de crimes, com 22.806 casos. No total houve 38 463 participa\u00e7\u00f5es, mais 7 441 do que em 2024, o segundo valor mais alto em dez anos, apenas atr\u00e1s de 2023. Entre as tipologias, a condu\u00e7\u00e3o sob o efeito do \u00e1lcool surge no topo (22.806 casos) e seguem-se condu\u00e7\u00e3o sem habilita\u00e7\u00e3o legal (14.301) e condu\u00e7\u00e3o perigosa (538). Registaram-se ainda ofensa \u00e0 integridade f\u00edsica (485) e homic\u00eddios por neglig\u00eancia (333).\" \/>\n<meta property=\"og:url\" content=\"https:\/\/portaltela.pt\/noticias\/2026\/04\/10\/crimes-na-estrada-sobem-pela-maior-subida-da-ultima-decada-alcool-e-responsavel\/\" \/>\n<meta property=\"og:site_name\" content=\"Portal Tela Portugal\" \/>\n<meta property=\"article:published_time\" content=\"2026-04-10T06:17:22+00:00\" \/>\n<meta name=\"author\" content=\"Telinha\" \/>\n<meta name=\"twitter:card\" content=\"summary_large_image\" \/>\n<meta name=\"twitter:label1\" content=\"Escrito por\" \/>\n\t<meta name=\"twitter:data1\" content=\"Telinha\" \/>\n<script type=\"application\/ld+json\" class=\"yoast-schema-graph\">{\"@context\":\"https:\/\/schema.org\",\"@graph\":[{\"@type\":\"Article\",\"@id\":\"https:\/\/portaltela.pt\/noticias\/2026\/04\/10\/crimes-na-estrada-sobem-pela-maior-subida-da-ultima-decada-alcool-e-responsavel\/#article\",\"isPartOf\":{\"@id\":\"https:\/\/portaltela.pt\/noticias\/2026\/04\/10\/crimes-na-estrada-sobem-pela-maior-subida-da-ultima-decada-alcool-e-responsavel\/\"},\"author\":{\"name\":\"Telinha\",\"@id\":\"https:\/\/portaltela.pt\/#\/schema\/person\/c4278d4a6028830caff9ee44b42d32ed\"},\"headline\":\"Crimes na estrada sobem pela maior subida da \u00faltima d\u00e9cada, \u00e1lcool \u00e9 respons\u00e1vel\",\"datePublished\":\"2026-04-10T06:17:22+00:00\",\"mainEntityOfPage\":{\"@id\":\"https:\/\/portaltela.pt\/noticias\/2026\/04\/10\/crimes-na-estrada-sobem-pela-maior-subida-da-ultima-decada-alcool-e-responsavel\/\"},\"wordCount\":111,\"image\":{\"@id\":\"https:\/\/portaltela.pt\/noticias\/2026\/04\/10\/crimes-na-estrada-sobem-pela-maior-subida-da-ultima-decada-alcool-e-responsavel\/#primaryimage\"},\"thumbnailUrl\":\"https:\/\/portaltela.pt\/s.01k8rhncp4jt1\/2026\/04\/image-557.jpg\",\"keywords\":[\"condu\u00e7\u00e3o sem habilita\u00e7\u00e3o\",\"condu\u00e7\u00e3o sob o efeito de \u00e1lcool\",\"crime\",\"crimes\",\"seguran\u00e7a p\u00fablica\",\"seguran\u00e7a rodovi\u00e1ria\"],\"articleSection\":[\"Criminalidade\",\"Not\u00edcias\"],\"inLanguage\":\"pt-PT\"},{\"@type\":\"WebPage\",\"@id\":\"https:\/\/portaltela.pt\/noticias\/2026\/04\/10\/crimes-na-estrada-sobem-pela-maior-subida-da-ultima-decada-alcool-e-responsavel\/\",\"url\":\"https:\/\/portaltela.pt\/noticias\/2026\/04\/10\/crimes-na-estrada-sobem-pela-maior-subida-da-ultima-decada-alcool-e-responsavel\/\",\"name\":\"Crimes na estrada sobem pela maior subida da \u00faltima d\u00e9cada, \u00e1lcool \u00e9 respons\u00e1vel - Portal Tela Portugal\",\"isPartOf\":{\"@id\":\"https:\/\/portaltela.pt\/#website\"},\"primaryImageOfPage\":{\"@id\":\"https:\/\/portaltela.pt\/noticias\/2026\/04\/10\/crimes-na-estrada-sobem-pela-maior-subida-da-ultima-decada-alcool-e-responsavel\/#primaryimage\"},\"image\":{\"@id\":\"https:\/\/portaltela.pt\/noticias\/2026\/04\/10\/crimes-na-estrada-sobem-pela-maior-subida-da-ultima-decada-alcool-e-responsavel\/#primaryimage\"},\"thumbnailUrl\":\"https:\/\/portaltela.pt\/s.01k8rhncp4jt1\/2026\/04\/image-557.jpg\",\"datePublished\":\"2026-04-10T06:17:22+00:00\",\"author\":{\"@id\":\"https:\/\/portaltela.pt\/#\/schema\/person\/c4278d4a6028830caff9ee44b42d32ed\"},\"breadcrumb\":{\"@id\":\"https:\/\/portaltela.pt\/noticias\/2026\/04\/10\/crimes-na-estrada-sobem-pela-maior-subida-da-ultima-decada-alcool-e-responsavel\/#breadcrumb\"},\"inLanguage\":\"pt-PT\",\"potentialAction\":[{\"@type\":\"ReadAction\",\"target\":[\"https:\/\/portaltela.pt\/noticias\/2026\/04\/10\/crimes-na-estrada-sobem-pela-maior-subida-da-ultima-decada-alcool-e-responsavel\/\"]}]},{\"@type\":\"ImageObject\",\"inLanguage\":\"pt-PT\",\"@id\":\"https:\/\/portaltela.pt\/noticias\/2026\/04\/10\/crimes-na-estrada-sobem-pela-maior-subida-da-ultima-decada-alcool-e-responsavel\/#primaryimage\",\"url\":\"https:\/\/portaltela.pt\/s.01k8rhncp4jt1\/2026\/04\/image-557.jpg\",\"contentUrl\":\"https:\/\/portaltela.pt\/s.01k8rhncp4jt1\/2026\/04\/image-557.jpg\",\"width\":796,\"height\":448,\"caption\":\"Houve mais acidentes e menos mortos em Portugal\"},{\"@type\":\"BreadcrumbList\",\"@id\":\"https:\/\/portaltela.pt\/noticias\/2026\/04\/10\/crimes-na-estrada-sobem-pela-maior-subida-da-ultima-decada-alcool-e-responsavel\/#breadcrumb\",\"itemListElement\":[{\"@type\":\"ListItem\",\"position\":1,\"name\":\"In\u00edcio\",\"item\":\"https:\/\/portaltela.pt\/\"},{\"@type\":\"ListItem\",\"position\":2,\"name\":\"Crimes na estrada sobem pela maior subida da \u00faltima d\u00e9cada, \u00e1lcool \u00e9 respons\u00e1vel\"}]},{\"@type\":\"WebSite\",\"@id\":\"https:\/\/portaltela.pt\/#website\",\"url\":\"https:\/\/portaltela.pt\/\",\"name\":\"Portal Tela Portugal\",\"description\":\"\",\"potentialAction\":[{\"@type\":\"SearchAction\",\"target\":{\"@type\":\"EntryPoint\",\"urlTemplate\":\"https:\/\/portaltela.pt\/?s={search_term_string}\"},\"query-input\":{\"@type\":\"PropertyValueSpecification\",\"valueRequired\":true,\"valueName\":\"search_term_string\"}}],\"inLanguage\":\"pt-PT\"},{\"@type\":\"Person\",\"@id\":\"https:\/\/portaltela.pt\/#\/schema\/person\/c4278d4a6028830caff9ee44b42d32ed\",\"name\":\"Telinha\",\"image\":{\"@type\":\"ImageObject\",\"inLanguage\":\"pt-PT\",\"@id\":\"https:\/\/portaltela.pt\/s.01k8rhncp4jt1\/2025\/11\/talking-bot-125x125.png\",\"url\":\"https:\/\/portaltela.pt\/s.01k8rhncp4jt1\/2025\/11\/talking-bot-125x125.png\",\"contentUrl\":\"https:\/\/portaltela.pt\/s.01k8rhncp4jt1\/2025\/11\/talking-bot-125x125.png\",\"caption\":\"Telinha\"},\"sameAs\":[\"https:\/\/portaltela.pt\/\"],\"url\":\"https:\/\/portaltela.pt\/por\/367410592786\/\"}]}<\/script>\n<!-- \/ Yoast SEO plugin. -->","yoast_head_json":{"title":"Crimes na estrada sobem pela maior subida da \u00faltima d\u00e9cada, \u00e1lcool \u00e9 respons\u00e1vel - Portal Tela Portugal","robots":{"index":"index","follow":"follow","max-snippet":"max-snippet:-1","max-image-preview":"max-image-preview:large","max-video-preview":"max-video-preview:-1"},"og_locale":"pt_PT","og_type":"article","og_title":"Crimes na estrada sobem pela maior subida da \u00faltima d\u00e9cada, \u00e1lcool \u00e9 respons\u00e1vel - Portal Tela Portugal","og_description":"Em 2025, a criminalidade rodovi\u00e1ria em Portugal aumentou 24% em rela\u00e7\u00e3o a 2024, a maior subida anual da d\u00e9cada, segundo o Relat\u00f3rio Anual de Seguran\u00e7a Interna. O \u00e1lcool ao volante representa 59% do total de crimes, com 22.806 casos. No total houve 38 463 participa\u00e7\u00f5es, mais 7 441 do que em 2024, o segundo valor mais alto em dez anos, apenas atr\u00e1s de 2023. Entre as tipologias, a condu\u00e7\u00e3o sob o efeito do \u00e1lcool surge no topo (22.806 casos) e seguem-se condu\u00e7\u00e3o sem habilita\u00e7\u00e3o legal (14.301) e condu\u00e7\u00e3o perigosa (538). Registaram-se ainda ofensa \u00e0 integridade f\u00edsica (485) e homic\u00eddios por neglig\u00eancia (333).","og_url":"https:\/\/portaltela.pt\/noticias\/2026\/04\/10\/crimes-na-estrada-sobem-pela-maior-subida-da-ultima-decada-alcool-e-responsavel\/","og_site_name":"Portal Tela Portugal","article_published_time":"2026-04-10T06:17:22+00:00","author":"Telinha","twitter_card":"summary_large_image","twitter_misc":{"Escrito por":"Telinha"},"schema":{"@context":"https:\/\/schema.org","@graph":[{"@type":"Article","@id":"https:\/\/portaltela.pt\/noticias\/2026\/04\/10\/crimes-na-estrada-sobem-pela-maior-subida-da-ultima-decada-alcool-e-responsavel\/#article","isPartOf":{"@id":"https:\/\/portaltela.pt\/noticias\/2026\/04\/10\/crimes-na-estrada-sobem-pela-maior-subida-da-ultima-decada-alcool-e-responsavel\/"},"author":{"name":"Telinha","@id":"https:\/\/portaltela.pt\/#\/schema\/person\/c4278d4a6028830caff9ee44b42d32ed"},"headline":"Crimes na estrada sobem pela maior subida da \u00faltima d\u00e9cada, \u00e1lcool \u00e9 respons\u00e1vel","datePublished":"2026-04-10T06:17:22+00:00","mainEntityOfPage":{"@id":"https:\/\/portaltela.pt\/noticias\/2026\/04\/10\/crimes-na-estrada-sobem-pela-maior-subida-da-ultima-decada-alcool-e-responsavel\/"},"wordCount":111,"image":{"@id":"https:\/\/portaltela.pt\/noticias\/2026\/04\/10\/crimes-na-estrada-sobem-pela-maior-subida-da-ultima-decada-alcool-e-responsavel\/#primaryimage"},"thumbnailUrl":"https:\/\/portaltela.pt\/s.01k8rhncp4jt1\/2026\/04\/image-557.jpg","keywords":["condu\u00e7\u00e3o sem habilita\u00e7\u00e3o","condu\u00e7\u00e3o sob o efeito de \u00e1lcool","crime","crimes","seguran\u00e7a p\u00fablica","seguran\u00e7a rodovi\u00e1ria"],"articleSection":["Criminalidade","Not\u00edcias"],"inLanguage":"pt-PT"},{"@type":"WebPage","@id":"https:\/\/portaltela.pt\/noticias\/2026\/04\/10\/crimes-na-estrada-sobem-pela-maior-subida-da-ultima-decada-alcool-e-responsavel\/","url":"https:\/\/portaltela.pt\/noticias\/2026\/04\/10\/crimes-na-estrada-sobem-pela-maior-subida-da-ultima-decada-alcool-e-responsavel\/","name":"Crimes na estrada sobem pela maior subida da \u00faltima d\u00e9cada, \u00e1lcool \u00e9 respons\u00e1vel - Portal Tela Portugal","isPartOf":{"@id":"https:\/\/portaltela.pt\/#website"},"primaryImageOfPage":{"@id":"https:\/\/portaltela.pt\/noticias\/2026\/04\/10\/crimes-na-estrada-sobem-pela-maior-subida-da-ultima-decada-alcool-e-responsavel\/#primaryimage"},"image":{"@id":"https:\/\/portaltela.pt\/noticias\/2026\/04\/10\/crimes-na-estrada-sobem-pela-maior-subida-da-ultima-decada-alcool-e-responsavel\/#primaryimage"},"thumbnailUrl":"https:\/\/portaltela.pt\/s.01k8rhncp4jt1\/2026\/04\/image-557.jpg","datePublished":"2026-04-10T06:17:22+00:00","author":{"@id":"https:\/\/portaltela.pt\/#\/schema\/person\/c4278d4a6028830caff9ee44b42d32ed"},"breadcrumb":{"@id":"https:\/\/portaltela.pt\/noticias\/2026\/04\/10\/crimes-na-estrada-sobem-pela-maior-subida-da-ultima-decada-alcool-e-responsavel\/#breadcrumb"},"inLanguage":"pt-PT","potentialAction":[{"@type":"ReadAction","target":["https:\/\/portaltela.pt\/noticias\/2026\/04\/10\/crimes-na-estrada-sobem-pela-maior-subida-da-ultima-decada-alcool-e-responsavel\/"]}]},{"@type":"ImageObject","inLanguage":"pt-PT","@id":"https:\/\/portaltela.pt\/noticias\/2026\/04\/10\/crimes-na-estrada-sobem-pela-maior-subida-da-ultima-decada-alcool-e-responsavel\/#primaryimage","url":"https:\/\/portaltela.pt\/s.01k8rhncp4jt1\/2026\/04\/image-557.jpg","contentUrl":"https:\/\/portaltela.pt\/s.01k8rhncp4jt1\/2026\/04\/image-557.jpg","width":796,"height":448,"caption":"Houve mais acidentes e menos mortos em Portugal"},{"@type":"BreadcrumbList","@id":"https:\/\/portaltela.pt\/noticias\/2026\/04\/10\/crimes-na-estrada-sobem-pela-maior-subida-da-ultima-decada-alcool-e-responsavel\/#breadcrumb","itemListElement":[{"@type":"ListItem","position":1,"name":"In\u00edcio","item":"https:\/\/portaltela.pt\/"},{"@type":"ListItem","position":2,"name":"Crimes na estrada sobem pela maior subida da \u00faltima d\u00e9cada, \u00e1lcool \u00e9 respons\u00e1vel"}]},{"@type":"WebSite","@id":"https:\/\/portaltela.pt\/#website","url":"https:\/\/portaltela.pt\/","name":"Portal Tela Portugal","description":"","potentialAction":[{"@type":"SearchAction","target":{"@type":"EntryPoint","urlTemplate":"https:\/\/portaltela.pt\/?s={search_term_string}"},"query-input":{"@type":"PropertyValueSpecification","valueRequired":true,"valueName":"search_term_string"}}],"inLanguage":"pt-PT"},{"@type":"Person","@id":"https:\/\/portaltela.pt\/#\/schema\/person\/c4278d4a6028830caff9ee44b42d32ed","name":"Telinha","image":{"@type":"ImageObject","inLanguage":"pt-PT","@id":"https:\/\/portaltela.pt\/s.01k8rhncp4jt1\/2025\/11\/talking-bot-125x125.png","url":"https:\/\/portaltela.pt\/s.01k8rhncp4jt1\/2025\/11\/talking-bot-125x125.png","contentUrl":"https:\/\/portaltela.pt\/s.01k8rhncp4jt1\/2025\/11\/talking-bot-125x125.png","caption":"Telinha"},"sameAs":["https:\/\/portaltela.pt\/"],"url":"https:\/\/portaltela.pt\/por\/367410592786\/"}]}},"_links":{"self":[{"href":"https:\/\/portaltela.pt\/api\/wp\/v2\/posts\/438829","targetHints":{"allow":["GET"]}}],"collection":[{"href":"https:\/\/portaltela.pt\/api\/wp\/v2\/posts"}],"about":[{"href":"https:\/\/portaltela.pt\/api\/wp\/v2\/types\/post"}],"author":[{"embeddable":true,"href":"https:\/\/portaltela.pt\/api\/wp\/v2\/users\/2"}],"replies":[{"embeddable":true,"href":"https:\/\/portaltela.pt\/api\/wp\/v2\/comments?post=438829"}],"version-history":[{"count":0,"href":"https:\/\/portaltela.pt\/api\/wp\/v2\/posts\/438829\/revisions"}],"wp:featuredmedia":[{"embeddable":true,"href":"https:\/\/portaltela.pt\/api\/wp\/v2\/media\/438831"}],"wp:attachment":[{"href":"https:\/\/portaltela.pt\/api\/wp\/v2\/media?parent=438829"}],"wp:term":[{"taxonomy":"category","embeddable":true,"href":"https:\/\/portaltela.pt\/api\/wp\/v2\/categories?post=438829"},{"taxonomy":"post_tag","embeddable":true,"href":"https:\/\/portaltela.pt\/api\/wp\/v2\/tags?post=438829"}],"curies":[{"name":"wp","href":"https:\/\/api.w.org\/{rel}","templated":true}]}}