{"id":438822,"date":"2026-04-10T03:02:52","date_gmt":"2026-04-10T06:02:52","guid":{"rendered":"https:\/\/portaltela.pt\/noticias\/2026\/04\/10\/melania-trump-nega-ligacao-aos-abusos-de-epstein\/"},"modified":"2026-04-10T03:02:52","modified_gmt":"2026-04-10T06:02:52","slug":"melania-trump-nega-ligacao-aos-abusos-de-epstein","status":"publish","type":"post","link":"https:\/\/portaltela.pt\/noticias\/internacional\/2026\/04\/10\/melania-trump-nega-ligacao-aos-abusos-de-epstein\/","title":{"rendered":"Melania Trump nega liga\u00e7\u00e3o aos abusos de Epstein"},"content":{"rendered":"<p>Melania Trump negou liga\u00e7\u00f5es entre a fam\u00edlia de elei\u00e7\u00e3o presidencial e o caso Epstein, em declara\u00e7\u00f5es feitas \u00e0 imprensa. A primeira-dama norte-americana respondeu a alega\u00e7\u00f5es sobre Jeffrey Epstein sem explicar o motivo de a entrevista ter sido realizada na Casa Branca.<\/p>\n<p>A ex-modelo, de 55 anos, afirmou que as acusa\u00e7\u00f5es associadas a Epstein s\u00e3o mentiras que precisam de acabar. Garantiu n\u00e3o ter qualquer liga\u00e7\u00e3o com o esc\u00e2ndalo envolvendo o falecido abusador sexual e reiterou que j\u00e1 tinha sido fotografada com Epstein em eventos sociais de Nova Iorque.<\/p>\n<p>As declara\u00e7\u00f5es ocorreram numa altura em que o debate p\u00fablico sobre o tema volta a ganhar for\u00e7a, num momento de aten\u00e7\u00f5es concentradas noutras imagens e hist\u00f3rias de figuras associadas ao caso.<\/p>\n<p>Contexto<\/p>\n<p>Epstein morreu sob cust\u00f3dia federal em 2019, na fase do processo por tr\u00e1fico sexual envolvendo menores. O caso tem sido fonte de controv\u00e9rsia e de escrut\u00ednio p\u00fablico sobre liga\u00e7\u00f5es entre personalidades pol\u00edticas e Epstein.<\/p>\n<p>No ano anterior, o Departamento de Justi\u00e7a divulgou uma grande quantidade de documentos ligados a Epstein. Em contraponto, o Presidente Donald Trump tamb\u00e9m afastou qualquer participa\u00e7\u00e3o direta nos crimes imputados ao empres\u00e1rio.<\/p>\n<p>Melania Trump afirmou ainda n\u00e3o ter conhecimento de abusos por Epstein e sublinhou que nunca participou em atividades relacionadas com o caso, nunca viajou no avi\u00e3o privado de Epstein nem visitou a ilha associada \u00e0s atividades dele.<\/p>\n<p>A primeira-dama pediu ao Congresso que realize uma audi\u00eancia p\u00fablica para ouvir sobreviventes do abuso, com o objetivo de permitir testemunhos sob juramento.<\/p>\n","protected":false},"excerpt":{"rendered":"<ul>\n<li>Melania Trump afirmou, na Casa Branca, que nunca teve conhecimento de abusos de Jeffrey Epstein nem participou em atividades ligadas a ele, negando qualquer liga\u00e7\u00e3o ao caso.<\/li>\n<li>Disse que \u201cas mentiras que me ligam ao infame Jeffrey Epstein t\u00eam de acabar hoje\u201d e que as imagens e hist\u00f3rias s\u00e3o completamente falsas.<\/li>\n<li>Recordou que Epstein morreu em 2019, sob cust\u00f3dia federal, enquanto aguardava julgamento por tr\u00e1fico sexual de menores.<\/li>\n<li>O Departamento de Justi\u00e7a divulgou ficheiros relacionados com Epstein, e o presidente tamb\u00e9m negou liga\u00e7\u00f5es aos crimes dele.<\/li>\n<li>A primeira-dama pediu ao Congresso uma audi\u00eancia p\u00fablica para que as sobreviventes possam testemunhar sob juramento.<\/li>\n<\/ul>\n","protected":false},"author":2,"featured_media":438823,"comment_status":"closed","ping_status":"closed","sticky":false,"template":"","format":"standard","meta":{"footnotes":""},"categories":[4,1],"tags":[147,3990,5514,5661,2832,27],"class_list":["post-438822","post","type-post","status-publish","format-standard","has-post-thumbnail","hentry","category-internacional","category-noticias","tag-crime","tag-crimes-sexuais","tag-escandalos","tag-pessoas-publicas","tag-politica","tag-relacoes-internacionais"],"yoast_head":"<!-- This site is optimized with the Yoast SEO plugin v27.2 - https:\/\/yoast.com\/product\/yoast-seo-wordpress\/ -->\n<title>Melania Trump nega liga\u00e7\u00e3o aos abusos de Epstein - Portal Tela Portugal<\/title>\n<meta name=\"robots\" content=\"index, follow, max-snippet:-1, max-image-preview:large, max-video-preview:-1\" \/>\n<meta property=\"og:locale\" content=\"pt_PT\" \/>\n<meta property=\"og:type\" content=\"article\" \/>\n<meta property=\"og:title\" content=\"Melania Trump nega liga\u00e7\u00e3o aos abusos de Epstein - Portal Tela Portugal\" \/>\n<meta property=\"og:description\" content=\"Melania Trump afirmou, na Casa Branca, que nunca teve conhecimento de abusos de Jeffrey Epstein nem participou em atividades ligadas a ele, negando qualquer liga\u00e7\u00e3o ao caso. Disse que \u201cas mentiras que me ligam ao infame Jeffrey Epstein t\u00eam de acabar hoje\u201d e que as imagens e hist\u00f3rias s\u00e3o completamente falsas. Recordou que Epstein morreu em 2019, sob cust\u00f3dia federal, enquanto aguardava julgamento por tr\u00e1fico sexual de menores. O Departamento de Justi\u00e7a divulgou ficheiros relacionados com Epstein, e o presidente tamb\u00e9m negou liga\u00e7\u00f5es aos crimes dele. A primeira-dama pediu ao Congresso uma audi\u00eancia p\u00fablica para que as sobreviventes possam testemunhar sob juramento.\" \/>\n<meta property=\"og:url\" content=\"https:\/\/portaltela.pt\/noticias\/2026\/04\/10\/melania-trump-nega-ligacao-aos-abusos-de-epstein\/\" \/>\n<meta property=\"og:site_name\" content=\"Portal Tela Portugal\" \/>\n<meta property=\"article:published_time\" content=\"2026-04-10T06:02:52+00:00\" \/>\n<meta name=\"author\" content=\"Telinha\" \/>\n<meta name=\"twitter:card\" content=\"summary_large_image\" \/>\n<meta name=\"twitter:label1\" content=\"Escrito por\" \/>\n\t<meta name=\"twitter:data1\" content=\"Telinha\" \/>\n\t<meta name=\"twitter:label2\" content=\"Tempo estimado de leitura\" \/>\n\t<meta name=\"twitter:data2\" content=\"1 minuto\" \/>\n<script type=\"application\/ld+json\" class=\"yoast-schema-graph\">{\"@context\":\"https:\/\/schema.org\",\"@graph\":[{\"@type\":\"Article\",\"@id\":\"https:\/\/portaltela.pt\/noticias\/2026\/04\/10\/melania-trump-nega-ligacao-aos-abusos-de-epstein\/#article\",\"isPartOf\":{\"@id\":\"https:\/\/portaltela.pt\/noticias\/2026\/04\/10\/melania-trump-nega-ligacao-aos-abusos-de-epstein\/\"},\"author\":{\"name\":\"Telinha\",\"@id\":\"https:\/\/portaltela.pt\/#\/schema\/person\/c4278d4a6028830caff9ee44b42d32ed\"},\"headline\":\"Melania Trump nega liga\u00e7\u00e3o aos abusos de Epstein\",\"datePublished\":\"2026-04-10T06:02:52+00:00\",\"mainEntityOfPage\":{\"@id\":\"https:\/\/portaltela.pt\/noticias\/2026\/04\/10\/melania-trump-nega-ligacao-aos-abusos-de-epstein\/\"},\"wordCount\":281,\"image\":{\"@id\":\"https:\/\/portaltela.pt\/noticias\/2026\/04\/10\/melania-trump-nega-ligacao-aos-abusos-de-epstein\/#primaryimage\"},\"thumbnailUrl\":\"https:\/\/portaltela.pt\/s.01k8rhncp4jt1\/2026\/04\/1536x864_cmsv2_6f871e3f-57a0-5a77-9be8-0d71a761f94d-9716555.jpg\",\"keywords\":[\"crime\",\"crimes sexuais\",\"esc\u00e2ndalos\",\"pessoas p\u00fablicas\",\"pol\u00edtica\",\"rela\u00e7\u00f5es internacionais\"],\"articleSection\":[\"Internacional\",\"Not\u00edcias\"],\"inLanguage\":\"pt-PT\"},{\"@type\":\"WebPage\",\"@id\":\"https:\/\/portaltela.pt\/noticias\/2026\/04\/10\/melania-trump-nega-ligacao-aos-abusos-de-epstein\/\",\"url\":\"https:\/\/portaltela.pt\/noticias\/2026\/04\/10\/melania-trump-nega-ligacao-aos-abusos-de-epstein\/\",\"name\":\"Melania Trump nega liga\u00e7\u00e3o aos abusos de Epstein - Portal Tela Portugal\",\"isPartOf\":{\"@id\":\"https:\/\/portaltela.pt\/#website\"},\"primaryImageOfPage\":{\"@id\":\"https:\/\/portaltela.pt\/noticias\/2026\/04\/10\/melania-trump-nega-ligacao-aos-abusos-de-epstein\/#primaryimage\"},\"image\":{\"@id\":\"https:\/\/portaltela.pt\/noticias\/2026\/04\/10\/melania-trump-nega-ligacao-aos-abusos-de-epstein\/#primaryimage\"},\"thumbnailUrl\":\"https:\/\/portaltela.pt\/s.01k8rhncp4jt1\/2026\/04\/1536x864_cmsv2_6f871e3f-57a0-5a77-9be8-0d71a761f94d-9716555.jpg\",\"datePublished\":\"2026-04-10T06:02:52+00:00\",\"author\":{\"@id\":\"https:\/\/portaltela.pt\/#\/schema\/person\/c4278d4a6028830caff9ee44b42d32ed\"},\"breadcrumb\":{\"@id\":\"https:\/\/portaltela.pt\/noticias\/2026\/04\/10\/melania-trump-nega-ligacao-aos-abusos-de-epstein\/#breadcrumb\"},\"inLanguage\":\"pt-PT\",\"potentialAction\":[{\"@type\":\"ReadAction\",\"target\":[\"https:\/\/portaltela.pt\/noticias\/2026\/04\/10\/melania-trump-nega-ligacao-aos-abusos-de-epstein\/\"]}]},{\"@type\":\"ImageObject\",\"inLanguage\":\"pt-PT\",\"@id\":\"https:\/\/portaltela.pt\/noticias\/2026\/04\/10\/melania-trump-nega-ligacao-aos-abusos-de-epstein\/#primaryimage\",\"url\":\"https:\/\/portaltela.pt\/s.01k8rhncp4jt1\/2026\/04\/1536x864_cmsv2_6f871e3f-57a0-5a77-9be8-0d71a761f94d-9716555.jpg\",\"contentUrl\":\"https:\/\/portaltela.pt\/s.01k8rhncp4jt1\/2026\/04\/1536x864_cmsv2_6f871e3f-57a0-5a77-9be8-0d71a761f94d-9716555.jpg\",\"width\":796,\"height\":448,\"caption\":\"A primeira-dama dos EUA, Melania Trump, chega para falar com os jornalistas no Grand Foyer da Casa Branca, 9 de abril de 2026\"},{\"@type\":\"BreadcrumbList\",\"@id\":\"https:\/\/portaltela.pt\/noticias\/2026\/04\/10\/melania-trump-nega-ligacao-aos-abusos-de-epstein\/#breadcrumb\",\"itemListElement\":[{\"@type\":\"ListItem\",\"position\":1,\"name\":\"In\u00edcio\",\"item\":\"https:\/\/portaltela.pt\/\"},{\"@type\":\"ListItem\",\"position\":2,\"name\":\"Melania Trump nega liga\u00e7\u00e3o aos abusos de Epstein\"}]},{\"@type\":\"WebSite\",\"@id\":\"https:\/\/portaltela.pt\/#website\",\"url\":\"https:\/\/portaltela.pt\/\",\"name\":\"Portal Tela Portugal\",\"description\":\"\",\"potentialAction\":[{\"@type\":\"SearchAction\",\"target\":{\"@type\":\"EntryPoint\",\"urlTemplate\":\"https:\/\/portaltela.pt\/?s={search_term_string}\"},\"query-input\":{\"@type\":\"PropertyValueSpecification\",\"valueRequired\":true,\"valueName\":\"search_term_string\"}}],\"inLanguage\":\"pt-PT\"},{\"@type\":\"Person\",\"@id\":\"https:\/\/portaltela.pt\/#\/schema\/person\/c4278d4a6028830caff9ee44b42d32ed\",\"name\":\"Telinha\",\"image\":{\"@type\":\"ImageObject\",\"inLanguage\":\"pt-PT\",\"@id\":\"https:\/\/portaltela.pt\/s.01k8rhncp4jt1\/2025\/11\/talking-bot-125x125.png\",\"url\":\"https:\/\/portaltela.pt\/s.01k8rhncp4jt1\/2025\/11\/talking-bot-125x125.png\",\"contentUrl\":\"https:\/\/portaltela.pt\/s.01k8rhncp4jt1\/2025\/11\/talking-bot-125x125.png\",\"caption\":\"Telinha\"},\"sameAs\":[\"https:\/\/portaltela.pt\/\"],\"url\":\"https:\/\/portaltela.pt\/por\/367410592786\/\"}]}<\/script>\n<!-- \/ Yoast SEO plugin. -->","yoast_head_json":{"title":"Melania Trump nega liga\u00e7\u00e3o aos abusos de Epstein - Portal Tela Portugal","robots":{"index":"index","follow":"follow","max-snippet":"max-snippet:-1","max-image-preview":"max-image-preview:large","max-video-preview":"max-video-preview:-1"},"og_locale":"pt_PT","og_type":"article","og_title":"Melania Trump nega liga\u00e7\u00e3o aos abusos de Epstein - Portal Tela Portugal","og_description":"Melania Trump afirmou, na Casa Branca, que nunca teve conhecimento de abusos de Jeffrey Epstein nem participou em atividades ligadas a ele, negando qualquer liga\u00e7\u00e3o ao caso. Disse que \u201cas mentiras que me ligam ao infame Jeffrey Epstein t\u00eam de acabar hoje\u201d e que as imagens e hist\u00f3rias s\u00e3o completamente falsas. Recordou que Epstein morreu em 2019, sob cust\u00f3dia federal, enquanto aguardava julgamento por tr\u00e1fico sexual de menores. O Departamento de Justi\u00e7a divulgou ficheiros relacionados com Epstein, e o presidente tamb\u00e9m negou liga\u00e7\u00f5es aos crimes dele. A primeira-dama pediu ao Congresso uma audi\u00eancia p\u00fablica para que as sobreviventes possam testemunhar sob juramento.","og_url":"https:\/\/portaltela.pt\/noticias\/2026\/04\/10\/melania-trump-nega-ligacao-aos-abusos-de-epstein\/","og_site_name":"Portal Tela Portugal","article_published_time":"2026-04-10T06:02:52+00:00","author":"Telinha","twitter_card":"summary_large_image","twitter_misc":{"Escrito por":"Telinha","Tempo estimado de leitura":"1 minuto"},"schema":{"@context":"https:\/\/schema.org","@graph":[{"@type":"Article","@id":"https:\/\/portaltela.pt\/noticias\/2026\/04\/10\/melania-trump-nega-ligacao-aos-abusos-de-epstein\/#article","isPartOf":{"@id":"https:\/\/portaltela.pt\/noticias\/2026\/04\/10\/melania-trump-nega-ligacao-aos-abusos-de-epstein\/"},"author":{"name":"Telinha","@id":"https:\/\/portaltela.pt\/#\/schema\/person\/c4278d4a6028830caff9ee44b42d32ed"},"headline":"Melania Trump nega liga\u00e7\u00e3o aos abusos de Epstein","datePublished":"2026-04-10T06:02:52+00:00","mainEntityOfPage":{"@id":"https:\/\/portaltela.pt\/noticias\/2026\/04\/10\/melania-trump-nega-ligacao-aos-abusos-de-epstein\/"},"wordCount":281,"image":{"@id":"https:\/\/portaltela.pt\/noticias\/2026\/04\/10\/melania-trump-nega-ligacao-aos-abusos-de-epstein\/#primaryimage"},"thumbnailUrl":"https:\/\/portaltela.pt\/s.01k8rhncp4jt1\/2026\/04\/1536x864_cmsv2_6f871e3f-57a0-5a77-9be8-0d71a761f94d-9716555.jpg","keywords":["crime","crimes sexuais","esc\u00e2ndalos","pessoas p\u00fablicas","pol\u00edtica","rela\u00e7\u00f5es internacionais"],"articleSection":["Internacional","Not\u00edcias"],"inLanguage":"pt-PT"},{"@type":"WebPage","@id":"https:\/\/portaltela.pt\/noticias\/2026\/04\/10\/melania-trump-nega-ligacao-aos-abusos-de-epstein\/","url":"https:\/\/portaltela.pt\/noticias\/2026\/04\/10\/melania-trump-nega-ligacao-aos-abusos-de-epstein\/","name":"Melania Trump nega liga\u00e7\u00e3o aos abusos de Epstein - Portal Tela Portugal","isPartOf":{"@id":"https:\/\/portaltela.pt\/#website"},"primaryImageOfPage":{"@id":"https:\/\/portaltela.pt\/noticias\/2026\/04\/10\/melania-trump-nega-ligacao-aos-abusos-de-epstein\/#primaryimage"},"image":{"@id":"https:\/\/portaltela.pt\/noticias\/2026\/04\/10\/melania-trump-nega-ligacao-aos-abusos-de-epstein\/#primaryimage"},"thumbnailUrl":"https:\/\/portaltela.pt\/s.01k8rhncp4jt1\/2026\/04\/1536x864_cmsv2_6f871e3f-57a0-5a77-9be8-0d71a761f94d-9716555.jpg","datePublished":"2026-04-10T06:02:52+00:00","author":{"@id":"https:\/\/portaltela.pt\/#\/schema\/person\/c4278d4a6028830caff9ee44b42d32ed"},"breadcrumb":{"@id":"https:\/\/portaltela.pt\/noticias\/2026\/04\/10\/melania-trump-nega-ligacao-aos-abusos-de-epstein\/#breadcrumb"},"inLanguage":"pt-PT","potentialAction":[{"@type":"ReadAction","target":["https:\/\/portaltela.pt\/noticias\/2026\/04\/10\/melania-trump-nega-ligacao-aos-abusos-de-epstein\/"]}]},{"@type":"ImageObject","inLanguage":"pt-PT","@id":"https:\/\/portaltela.pt\/noticias\/2026\/04\/10\/melania-trump-nega-ligacao-aos-abusos-de-epstein\/#primaryimage","url":"https:\/\/portaltela.pt\/s.01k8rhncp4jt1\/2026\/04\/1536x864_cmsv2_6f871e3f-57a0-5a77-9be8-0d71a761f94d-9716555.jpg","contentUrl":"https:\/\/portaltela.pt\/s.01k8rhncp4jt1\/2026\/04\/1536x864_cmsv2_6f871e3f-57a0-5a77-9be8-0d71a761f94d-9716555.jpg","width":796,"height":448,"caption":"A primeira-dama dos EUA, Melania Trump, chega para falar com os jornalistas no Grand Foyer da Casa Branca, 9 de abril de 2026"},{"@type":"BreadcrumbList","@id":"https:\/\/portaltela.pt\/noticias\/2026\/04\/10\/melania-trump-nega-ligacao-aos-abusos-de-epstein\/#breadcrumb","itemListElement":[{"@type":"ListItem","position":1,"name":"In\u00edcio","item":"https:\/\/portaltela.pt\/"},{"@type":"ListItem","position":2,"name":"Melania Trump nega liga\u00e7\u00e3o aos abusos de Epstein"}]},{"@type":"WebSite","@id":"https:\/\/portaltela.pt\/#website","url":"https:\/\/portaltela.pt\/","name":"Portal Tela Portugal","description":"","potentialAction":[{"@type":"SearchAction","target":{"@type":"EntryPoint","urlTemplate":"https:\/\/portaltela.pt\/?s={search_term_string}"},"query-input":{"@type":"PropertyValueSpecification","valueRequired":true,"valueName":"search_term_string"}}],"inLanguage":"pt-PT"},{"@type":"Person","@id":"https:\/\/portaltela.pt\/#\/schema\/person\/c4278d4a6028830caff9ee44b42d32ed","name":"Telinha","image":{"@type":"ImageObject","inLanguage":"pt-PT","@id":"https:\/\/portaltela.pt\/s.01k8rhncp4jt1\/2025\/11\/talking-bot-125x125.png","url":"https:\/\/portaltela.pt\/s.01k8rhncp4jt1\/2025\/11\/talking-bot-125x125.png","contentUrl":"https:\/\/portaltela.pt\/s.01k8rhncp4jt1\/2025\/11\/talking-bot-125x125.png","caption":"Telinha"},"sameAs":["https:\/\/portaltela.pt\/"],"url":"https:\/\/portaltela.pt\/por\/367410592786\/"}]}},"_links":{"self":[{"href":"https:\/\/portaltela.pt\/api\/wp\/v2\/posts\/438822","targetHints":{"allow":["GET"]}}],"collection":[{"href":"https:\/\/portaltela.pt\/api\/wp\/v2\/posts"}],"about":[{"href":"https:\/\/portaltela.pt\/api\/wp\/v2\/types\/post"}],"author":[{"embeddable":true,"href":"https:\/\/portaltela.pt\/api\/wp\/v2\/users\/2"}],"replies":[{"embeddable":true,"href":"https:\/\/portaltela.pt\/api\/wp\/v2\/comments?post=438822"}],"version-history":[{"count":0,"href":"https:\/\/portaltela.pt\/api\/wp\/v2\/posts\/438822\/revisions"}],"wp:featuredmedia":[{"embeddable":true,"href":"https:\/\/portaltela.pt\/api\/wp\/v2\/media\/438823"}],"wp:attachment":[{"href":"https:\/\/portaltela.pt\/api\/wp\/v2\/media?parent=438822"}],"wp:term":[{"taxonomy":"category","embeddable":true,"href":"https:\/\/portaltela.pt\/api\/wp\/v2\/categories?post=438822"},{"taxonomy":"post_tag","embeddable":true,"href":"https:\/\/portaltela.pt\/api\/wp\/v2\/tags?post=438822"}],"curies":[{"name":"wp","href":"https:\/\/api.w.org\/{rel}","templated":true}]}}