{"id":438787,"date":"2026-04-09T21:47:24","date_gmt":"2026-04-10T00:47:24","guid":{"rendered":"https:\/\/portaltela.pt\/noticias\/2026\/04\/09\/traficante-portuguesa-fugitiva-ha-sete-anos-detida-no-carnaval-do-brasil\/"},"modified":"2026-04-09T21:47:24","modified_gmt":"2026-04-10T00:47:24","slug":"traficante-portuguesa-fugitiva-ha-sete-anos-detida-no-carnaval-do-brasil","status":"publish","type":"post","link":"https:\/\/portaltela.pt\/policia\/2026\/04\/09\/traficante-portuguesa-fugitiva-ha-sete-anos-detida-no-carnaval-do-brasil\/","title":{"rendered":"Traficante portuguesa fugitiva h\u00e1 sete anos detida no Carnaval do Brasil"},"content":{"rendered":"<p>Paula Gon\u00e7alves, uma traficante portuguesa de 42 anos, foi capturada em Salvador, na Bahia, Brasil, depois de sete anos em fuga. A identifica\u00e7\u00e3o ocorreu na semana passada, via sistema de reconhecimento facial, durante o carnaval, segundo informa\u00e7\u00f5es oficiais.<\/p>\n<p>A investigada utilizava o nome falso Elizandra Oliveira e esteve sob vigil\u00e2ncia desde fevereiro. As autoridades apontam que pode ter liga\u00e7\u00f5es com a fac\u00e7\u00e3o criminosa Bonde do Maluco, atuando potencialmente como agiota, emprestando dinheiro a juros elevados.<\/p>\n<p>O caso levanta quest\u00f5es sobre a efetividade dos mecanismos de reconhecimento facial e a atua\u00e7\u00e3o de redes criminosas no pa\u00eds, sem que sejam divulgados detalhes adicionais sobre a opera\u00e7\u00e3o policial que resultou na deten\u00e7\u00e3o.<\/p>\n","protected":false},"excerpt":{"rendered":"<ul>\n<li>Traficante portuguesa de 42 anos, Paula Gon\u00e7alves, estava em fuga h\u00e1 sete anos.<\/li>\n<li>Foi apanhada em Salvador, Bahia, Brasil, na semana passada.<\/li>\n<li>Foi identificada pelas c\u00e2maras do sistema de reconhecimento facial em fevereiro, durante o carnaval.<\/li>\n<li>Usava o nome falso Elizandra Oliveira e \u00e9 considerada ligada ao grupo criminoso Bonde do Maluco.<\/li>\n<li>A investiga\u00e7\u00e3o aponta para uma poss\u00edvel atua\u00e7\u00e3o como agiota, oferecendo empr\u00e9stimos a juros elevados.<\/li>\n<\/ul>\n","protected":false},"author":2,"featured_media":438790,"comment_status":"closed","ping_status":"closed","sticky":false,"template":"","format":"standard","meta":{"footnotes":""},"categories":[6907,6781],"tags":[5874,2547,147,3418,1014,96],"class_list":["post-438787","post","type-post","status-publish","format-standard","has-post-thumbnail","hentry","category-crime","category-policia","tag-bahia","tag-brasil","tag-crime","tag-policia-de-seguranca-publica","tag-portugal","tag-trafico-de-droga"],"yoast_head":"<!-- This site is optimized with the Yoast SEO plugin v27.2 - https:\/\/yoast.com\/product\/yoast-seo-wordpress\/ -->\n<title>Traficante portuguesa fugitiva h\u00e1 sete anos detida no Carnaval do Brasil - Portal Tela Portugal<\/title>\n<meta name=\"robots\" content=\"index, follow, max-snippet:-1, max-image-preview:large, max-video-preview:-1\" \/>\n<meta property=\"og:locale\" content=\"pt_PT\" \/>\n<meta property=\"og:type\" content=\"article\" \/>\n<meta property=\"og:title\" content=\"Traficante portuguesa fugitiva h\u00e1 sete anos detida no Carnaval do Brasil - Portal Tela Portugal\" \/>\n<meta property=\"og:description\" content=\"Traficante portuguesa de 42 anos, Paula Gon\u00e7alves, estava em fuga h\u00e1 sete anos. Foi apanhada em Salvador, Bahia, Brasil, na semana passada. Foi identificada pelas c\u00e2maras do sistema de reconhecimento facial em fevereiro, durante o carnaval. Usava o nome falso Elizandra Oliveira e \u00e9 considerada ligada ao grupo criminoso Bonde do Maluco. A investiga\u00e7\u00e3o aponta para uma poss\u00edvel atua\u00e7\u00e3o como agiota, oferecendo empr\u00e9stimos a juros elevados.\" \/>\n<meta property=\"og:url\" content=\"https:\/\/portaltela.pt\/noticias\/2026\/04\/09\/traficante-portuguesa-fugitiva-ha-sete-anos-detida-no-carnaval-do-brasil\/\" \/>\n<meta property=\"og:site_name\" content=\"Portal Tela Portugal\" \/>\n<meta property=\"article:published_time\" content=\"2026-04-10T00:47:24+00:00\" \/>\n<meta name=\"author\" content=\"Telinha\" \/>\n<meta name=\"twitter:card\" content=\"summary_large_image\" \/>\n<meta name=\"twitter:label1\" content=\"Escrito por\" \/>\n\t<meta name=\"twitter:data1\" content=\"Telinha\" \/>\n\t<meta name=\"twitter:label2\" content=\"Tempo estimado de leitura\" \/>\n\t<meta name=\"twitter:data2\" content=\"1 minuto\" \/>\n<script type=\"application\/ld+json\" class=\"yoast-schema-graph\">{\"@context\":\"https:\/\/schema.org\",\"@graph\":[{\"@type\":\"Article\",\"@id\":\"https:\/\/portaltela.pt\/noticias\/2026\/04\/09\/traficante-portuguesa-fugitiva-ha-sete-anos-detida-no-carnaval-do-brasil\/#article\",\"isPartOf\":{\"@id\":\"https:\/\/portaltela.pt\/noticias\/2026\/04\/09\/traficante-portuguesa-fugitiva-ha-sete-anos-detida-no-carnaval-do-brasil\/\"},\"author\":{\"name\":\"Telinha\",\"@id\":\"https:\/\/portaltela.pt\/#\/schema\/person\/c4278d4a6028830caff9ee44b42d32ed\"},\"headline\":\"Traficante portuguesa fugitiva h\u00e1 sete anos detida no Carnaval do Brasil\",\"datePublished\":\"2026-04-10T00:47:24+00:00\",\"mainEntityOfPage\":{\"@id\":\"https:\/\/portaltela.pt\/noticias\/2026\/04\/09\/traficante-portuguesa-fugitiva-ha-sete-anos-detida-no-carnaval-do-brasil\/\"},\"wordCount\":130,\"image\":{\"@id\":\"https:\/\/portaltela.pt\/noticias\/2026\/04\/09\/traficante-portuguesa-fugitiva-ha-sete-anos-detida-no-carnaval-do-brasil\/#primaryimage\"},\"thumbnailUrl\":\"https:\/\/portaltela.pt\/s.01k8rhncp4jt1\/2026\/04\/img_1500x1000uu2019-10-24-22-42-24-896847-im-639113713877802059.jpg\",\"keywords\":[\"Bahia\",\"Brasil\",\"crime\",\"Pol\u00edcia de Seguran\u00e7a P\u00fablica\",\"Portugal\",\"tr\u00e1fico de droga\"],\"articleSection\":[\"Crime\",\"Pol\u00edcia\"],\"inLanguage\":\"pt-PT\"},{\"@type\":\"WebPage\",\"@id\":\"https:\/\/portaltela.pt\/noticias\/2026\/04\/09\/traficante-portuguesa-fugitiva-ha-sete-anos-detida-no-carnaval-do-brasil\/\",\"url\":\"https:\/\/portaltela.pt\/noticias\/2026\/04\/09\/traficante-portuguesa-fugitiva-ha-sete-anos-detida-no-carnaval-do-brasil\/\",\"name\":\"Traficante portuguesa fugitiva h\u00e1 sete anos detida no Carnaval do Brasil - Portal Tela Portugal\",\"isPartOf\":{\"@id\":\"https:\/\/portaltela.pt\/#website\"},\"primaryImageOfPage\":{\"@id\":\"https:\/\/portaltela.pt\/noticias\/2026\/04\/09\/traficante-portuguesa-fugitiva-ha-sete-anos-detida-no-carnaval-do-brasil\/#primaryimage\"},\"image\":{\"@id\":\"https:\/\/portaltela.pt\/noticias\/2026\/04\/09\/traficante-portuguesa-fugitiva-ha-sete-anos-detida-no-carnaval-do-brasil\/#primaryimage\"},\"thumbnailUrl\":\"https:\/\/portaltela.pt\/s.01k8rhncp4jt1\/2026\/04\/img_1500x1000uu2019-10-24-22-42-24-896847-im-639113713877802059.jpg\",\"datePublished\":\"2026-04-10T00:47:24+00:00\",\"author\":{\"@id\":\"https:\/\/portaltela.pt\/#\/schema\/person\/c4278d4a6028830caff9ee44b42d32ed\"},\"breadcrumb\":{\"@id\":\"https:\/\/portaltela.pt\/noticias\/2026\/04\/09\/traficante-portuguesa-fugitiva-ha-sete-anos-detida-no-carnaval-do-brasil\/#breadcrumb\"},\"inLanguage\":\"pt-PT\",\"potentialAction\":[{\"@type\":\"ReadAction\",\"target\":[\"https:\/\/portaltela.pt\/noticias\/2026\/04\/09\/traficante-portuguesa-fugitiva-ha-sete-anos-detida-no-carnaval-do-brasil\/\"]}]},{\"@type\":\"ImageObject\",\"inLanguage\":\"pt-PT\",\"@id\":\"https:\/\/portaltela.pt\/noticias\/2026\/04\/09\/traficante-portuguesa-fugitiva-ha-sete-anos-detida-no-carnaval-do-brasil\/#primaryimage\",\"url\":\"https:\/\/portaltela.pt\/s.01k8rhncp4jt1\/2026\/04\/img_1500x1000uu2019-10-24-22-42-24-896847-im-639113713877802059.jpg\",\"contentUrl\":\"https:\/\/portaltela.pt\/s.01k8rhncp4jt1\/2026\/04\/img_1500x1000uu2019-10-24-22-42-24-896847-im-639113713877802059.jpg\",\"width\":796,\"height\":448,\"caption\":\"Paula Gon\u00e7alves foi condenada por tr\u00e1fico de droga\"},{\"@type\":\"BreadcrumbList\",\"@id\":\"https:\/\/portaltela.pt\/noticias\/2026\/04\/09\/traficante-portuguesa-fugitiva-ha-sete-anos-detida-no-carnaval-do-brasil\/#breadcrumb\",\"itemListElement\":[{\"@type\":\"ListItem\",\"position\":1,\"name\":\"In\u00edcio\",\"item\":\"https:\/\/portaltela.pt\/\"},{\"@type\":\"ListItem\",\"position\":2,\"name\":\"Traficante portuguesa fugitiva h\u00e1 sete anos detida no Carnaval do Brasil\"}]},{\"@type\":\"WebSite\",\"@id\":\"https:\/\/portaltela.pt\/#website\",\"url\":\"https:\/\/portaltela.pt\/\",\"name\":\"Portal Tela Portugal\",\"description\":\"\",\"potentialAction\":[{\"@type\":\"SearchAction\",\"target\":{\"@type\":\"EntryPoint\",\"urlTemplate\":\"https:\/\/portaltela.pt\/?s={search_term_string}\"},\"query-input\":{\"@type\":\"PropertyValueSpecification\",\"valueRequired\":true,\"valueName\":\"search_term_string\"}}],\"inLanguage\":\"pt-PT\"},{\"@type\":\"Person\",\"@id\":\"https:\/\/portaltela.pt\/#\/schema\/person\/c4278d4a6028830caff9ee44b42d32ed\",\"name\":\"Telinha\",\"image\":{\"@type\":\"ImageObject\",\"inLanguage\":\"pt-PT\",\"@id\":\"https:\/\/portaltela.pt\/s.01k8rhncp4jt1\/2025\/11\/talking-bot-125x125.png\",\"url\":\"https:\/\/portaltela.pt\/s.01k8rhncp4jt1\/2025\/11\/talking-bot-125x125.png\",\"contentUrl\":\"https:\/\/portaltela.pt\/s.01k8rhncp4jt1\/2025\/11\/talking-bot-125x125.png\",\"caption\":\"Telinha\"},\"sameAs\":[\"https:\/\/portaltela.pt\/\"],\"url\":\"https:\/\/portaltela.pt\/por\/367410592786\/\"}]}<\/script>\n<!-- \/ Yoast SEO plugin. -->","yoast_head_json":{"title":"Traficante portuguesa fugitiva h\u00e1 sete anos detida no Carnaval do Brasil - Portal Tela Portugal","robots":{"index":"index","follow":"follow","max-snippet":"max-snippet:-1","max-image-preview":"max-image-preview:large","max-video-preview":"max-video-preview:-1"},"og_locale":"pt_PT","og_type":"article","og_title":"Traficante portuguesa fugitiva h\u00e1 sete anos detida no Carnaval do Brasil - Portal Tela Portugal","og_description":"Traficante portuguesa de 42 anos, Paula Gon\u00e7alves, estava em fuga h\u00e1 sete anos. Foi apanhada em Salvador, Bahia, Brasil, na semana passada. Foi identificada pelas c\u00e2maras do sistema de reconhecimento facial em fevereiro, durante o carnaval. Usava o nome falso Elizandra Oliveira e \u00e9 considerada ligada ao grupo criminoso Bonde do Maluco. A investiga\u00e7\u00e3o aponta para uma poss\u00edvel atua\u00e7\u00e3o como agiota, oferecendo empr\u00e9stimos a juros elevados.","og_url":"https:\/\/portaltela.pt\/noticias\/2026\/04\/09\/traficante-portuguesa-fugitiva-ha-sete-anos-detida-no-carnaval-do-brasil\/","og_site_name":"Portal Tela Portugal","article_published_time":"2026-04-10T00:47:24+00:00","author":"Telinha","twitter_card":"summary_large_image","twitter_misc":{"Escrito por":"Telinha","Tempo estimado de leitura":"1 minuto"},"schema":{"@context":"https:\/\/schema.org","@graph":[{"@type":"Article","@id":"https:\/\/portaltela.pt\/noticias\/2026\/04\/09\/traficante-portuguesa-fugitiva-ha-sete-anos-detida-no-carnaval-do-brasil\/#article","isPartOf":{"@id":"https:\/\/portaltela.pt\/noticias\/2026\/04\/09\/traficante-portuguesa-fugitiva-ha-sete-anos-detida-no-carnaval-do-brasil\/"},"author":{"name":"Telinha","@id":"https:\/\/portaltela.pt\/#\/schema\/person\/c4278d4a6028830caff9ee44b42d32ed"},"headline":"Traficante portuguesa fugitiva h\u00e1 sete anos detida no Carnaval do Brasil","datePublished":"2026-04-10T00:47:24+00:00","mainEntityOfPage":{"@id":"https:\/\/portaltela.pt\/noticias\/2026\/04\/09\/traficante-portuguesa-fugitiva-ha-sete-anos-detida-no-carnaval-do-brasil\/"},"wordCount":130,"image":{"@id":"https:\/\/portaltela.pt\/noticias\/2026\/04\/09\/traficante-portuguesa-fugitiva-ha-sete-anos-detida-no-carnaval-do-brasil\/#primaryimage"},"thumbnailUrl":"https:\/\/portaltela.pt\/s.01k8rhncp4jt1\/2026\/04\/img_1500x1000uu2019-10-24-22-42-24-896847-im-639113713877802059.jpg","keywords":["Bahia","Brasil","crime","Pol\u00edcia de Seguran\u00e7a P\u00fablica","Portugal","tr\u00e1fico de droga"],"articleSection":["Crime","Pol\u00edcia"],"inLanguage":"pt-PT"},{"@type":"WebPage","@id":"https:\/\/portaltela.pt\/noticias\/2026\/04\/09\/traficante-portuguesa-fugitiva-ha-sete-anos-detida-no-carnaval-do-brasil\/","url":"https:\/\/portaltela.pt\/noticias\/2026\/04\/09\/traficante-portuguesa-fugitiva-ha-sete-anos-detida-no-carnaval-do-brasil\/","name":"Traficante portuguesa fugitiva h\u00e1 sete anos detida no Carnaval do Brasil - Portal Tela Portugal","isPartOf":{"@id":"https:\/\/portaltela.pt\/#website"},"primaryImageOfPage":{"@id":"https:\/\/portaltela.pt\/noticias\/2026\/04\/09\/traficante-portuguesa-fugitiva-ha-sete-anos-detida-no-carnaval-do-brasil\/#primaryimage"},"image":{"@id":"https:\/\/portaltela.pt\/noticias\/2026\/04\/09\/traficante-portuguesa-fugitiva-ha-sete-anos-detida-no-carnaval-do-brasil\/#primaryimage"},"thumbnailUrl":"https:\/\/portaltela.pt\/s.01k8rhncp4jt1\/2026\/04\/img_1500x1000uu2019-10-24-22-42-24-896847-im-639113713877802059.jpg","datePublished":"2026-04-10T00:47:24+00:00","author":{"@id":"https:\/\/portaltela.pt\/#\/schema\/person\/c4278d4a6028830caff9ee44b42d32ed"},"breadcrumb":{"@id":"https:\/\/portaltela.pt\/noticias\/2026\/04\/09\/traficante-portuguesa-fugitiva-ha-sete-anos-detida-no-carnaval-do-brasil\/#breadcrumb"},"inLanguage":"pt-PT","potentialAction":[{"@type":"ReadAction","target":["https:\/\/portaltela.pt\/noticias\/2026\/04\/09\/traficante-portuguesa-fugitiva-ha-sete-anos-detida-no-carnaval-do-brasil\/"]}]},{"@type":"ImageObject","inLanguage":"pt-PT","@id":"https:\/\/portaltela.pt\/noticias\/2026\/04\/09\/traficante-portuguesa-fugitiva-ha-sete-anos-detida-no-carnaval-do-brasil\/#primaryimage","url":"https:\/\/portaltela.pt\/s.01k8rhncp4jt1\/2026\/04\/img_1500x1000uu2019-10-24-22-42-24-896847-im-639113713877802059.jpg","contentUrl":"https:\/\/portaltela.pt\/s.01k8rhncp4jt1\/2026\/04\/img_1500x1000uu2019-10-24-22-42-24-896847-im-639113713877802059.jpg","width":796,"height":448,"caption":"Paula Gon\u00e7alves foi condenada por tr\u00e1fico de droga"},{"@type":"BreadcrumbList","@id":"https:\/\/portaltela.pt\/noticias\/2026\/04\/09\/traficante-portuguesa-fugitiva-ha-sete-anos-detida-no-carnaval-do-brasil\/#breadcrumb","itemListElement":[{"@type":"ListItem","position":1,"name":"In\u00edcio","item":"https:\/\/portaltela.pt\/"},{"@type":"ListItem","position":2,"name":"Traficante portuguesa fugitiva h\u00e1 sete anos detida no Carnaval do Brasil"}]},{"@type":"WebSite","@id":"https:\/\/portaltela.pt\/#website","url":"https:\/\/portaltela.pt\/","name":"Portal Tela Portugal","description":"","potentialAction":[{"@type":"SearchAction","target":{"@type":"EntryPoint","urlTemplate":"https:\/\/portaltela.pt\/?s={search_term_string}"},"query-input":{"@type":"PropertyValueSpecification","valueRequired":true,"valueName":"search_term_string"}}],"inLanguage":"pt-PT"},{"@type":"Person","@id":"https:\/\/portaltela.pt\/#\/schema\/person\/c4278d4a6028830caff9ee44b42d32ed","name":"Telinha","image":{"@type":"ImageObject","inLanguage":"pt-PT","@id":"https:\/\/portaltela.pt\/s.01k8rhncp4jt1\/2025\/11\/talking-bot-125x125.png","url":"https:\/\/portaltela.pt\/s.01k8rhncp4jt1\/2025\/11\/talking-bot-125x125.png","contentUrl":"https:\/\/portaltela.pt\/s.01k8rhncp4jt1\/2025\/11\/talking-bot-125x125.png","caption":"Telinha"},"sameAs":["https:\/\/portaltela.pt\/"],"url":"https:\/\/portaltela.pt\/por\/367410592786\/"}]}},"_links":{"self":[{"href":"https:\/\/portaltela.pt\/api\/wp\/v2\/posts\/438787","targetHints":{"allow":["GET"]}}],"collection":[{"href":"https:\/\/portaltela.pt\/api\/wp\/v2\/posts"}],"about":[{"href":"https:\/\/portaltela.pt\/api\/wp\/v2\/types\/post"}],"author":[{"embeddable":true,"href":"https:\/\/portaltela.pt\/api\/wp\/v2\/users\/2"}],"replies":[{"embeddable":true,"href":"https:\/\/portaltela.pt\/api\/wp\/v2\/comments?post=438787"}],"version-history":[{"count":0,"href":"https:\/\/portaltela.pt\/api\/wp\/v2\/posts\/438787\/revisions"}],"wp:featuredmedia":[{"embeddable":true,"href":"https:\/\/portaltela.pt\/api\/wp\/v2\/media\/438790"}],"wp:attachment":[{"href":"https:\/\/portaltela.pt\/api\/wp\/v2\/media?parent=438787"}],"wp:term":[{"taxonomy":"category","embeddable":true,"href":"https:\/\/portaltela.pt\/api\/wp\/v2\/categories?post=438787"},{"taxonomy":"post_tag","embeddable":true,"href":"https:\/\/portaltela.pt\/api\/wp\/v2\/tags?post=438787"}],"curies":[{"name":"wp","href":"https:\/\/api.w.org\/{rel}","templated":true}]}}