{"id":438774,"date":"2026-04-09T21:32:25","date_gmt":"2026-04-10T00:32:25","guid":{"rendered":"https:\/\/portaltela.pt\/noticias\/2026\/04\/09\/artemis-encerra-missao-de-10-dias-e-mira-o-proximo-voo\/"},"modified":"2026-04-09T21:32:25","modified_gmt":"2026-04-10T00:32:25","slug":"artemis-encerra-missao-de-10-dias-e-mira-o-proximo-voo","status":"publish","type":"post","link":"https:\/\/portaltela.pt\/tecnologia\/2026\/04\/09\/artemis-encerra-missao-de-10-dias-e-mira-o-proximo-voo\/","title":{"rendered":"Artemis encerra miss\u00e3o de 10 dias e mira o pr\u00f3ximo voo"},"content":{"rendered":"<p>Quatro astronautas a bordo da nave Orion v\u00e3o regressar \u00e0 Terra esta sexta-feira, ap\u00f3s 10 dias de miss\u00e3o. A capsule, que esteve na Lua, dever\u00e1 amarar ao largo de San Diego, na Calif\u00f3rnia, pelas 18h07 de Florida (01h07 de s\u00e1bado em PT). A reentrada vai ocorrer em modo controlado, com uso de paraquedas e airbags para manter a posi\u00e7\u00e3o correta da c\u00e1psula.<\/p>\n<p>\u00c0 chegada, a tripula\u00e7\u00e3o Reid Wiseman, Victor Glover, Christina Koch e Jeremy Hansen ser\u00e1 recebida por equipas da NASA e da Marinha dos EUA. Os astronautas dever\u00e3o ser avaliados pela equipa m\u00e9dica, antes de serem transportados por barco ou helic\u00f3ptero para as instala\u00e7\u00f5es de avalia\u00e7\u00e3o.<\/p>\n<h3>Em an\u00e1lise antes do fim da miss\u00e3o<\/h3>\n<p>A fase final envolve a recupera\u00e7\u00e3o da c\u00e1psula por meio de gruas e a an\u00e1lise do comportamento do escudo de calor, que suporta temperaturas pr\u00f3ximas de 3000 \u00baC na reentrada. Este componente \u00e9 \u00fanico na prote\u00e7\u00e3o da tripula\u00e7\u00e3o, sem redund\u00e2ncia prevista caso falhe.<\/p>\n<p>A NASA pretende usar os dados para programar o pr\u00f3ximo voo tripulado, planeado para meados de 2027. Testes em \u00f3rbita com propulsores da SpaceX e da Blue Origin est\u00e3o previstos nesse per\u00edodo, com a miss\u00e3o Artemis a ter como objetivo o retorno de humanos \u00e0 Lua em 2028.<\/p>\n<h3>Contexto hist\u00f3rico e pr\u00f3ximos passos<\/h3>\n<p>Durante a miss\u00e3o inaugural do programa Artemis, o escudo de calor apresentou problemas de decomposi\u00e7\u00e3o devido \u00e0 porosidade inadequada. Ter\u00e1 sido uma das raz\u00f5es para atrasos e ajustes no cronograma. As equipes t\u00e9cnicos v\u00e3o avaliar tamb\u00e9m vestu\u00e1rios de compress\u00e3o usados para mitigar enjoo e tonturas durante a reentrada.<\/p>\n<p>Ao longo do dia, os astronautas continuaram a rever procedimentos de reentrada, verificar a integridade do m\u00f3dulo de servi\u00e7o e conduzir ajustes finais na orienta\u00e7\u00e3o da c\u00e1psula para enfrentar a entrada atmosf\u00e9rica com o escudo voltado para a frente.<\/p>\n","protected":false},"excerpt":{"rendered":"<ul>\n<li>Quatro astronautas a bordo da Orion regressam \u00e0 Terra na sexta-feira, com amaragem prevista no Oceano Pac\u00edfico, perto de San Diego, \u00e0s 18h07 (hor\u00e1rio de Florida) \/ 01h07 de s\u00e1bado em Portugal continental.<\/li>\n<li>A NASA vai analisar o comportamento do escudo de calor durante a reentrada, um componente sem redund\u00e2ncia que suporta temperaturas pr\u00f3ximas de 3.000 \u00b0C.<\/li>\n<li>Antes da amaragem, a tripula\u00e7\u00e3o reviu procedimentos de reentrada, testou trajes de compress\u00e3o e realizou a \u00faltima separa\u00e7\u00e3o entre o m\u00f3dulo de servi\u00e7o e o m\u00f3dulo orbital.<\/li>\n<li>O dia ficou marcado pela prepara\u00e7\u00e3o da c\u00e1psula e pela reorienta\u00e7\u00e3o para colocar o escudo de calor voltado para a frente, abrindo caminho \u00e0 entrada na atmosfera.<\/li>\n<li>O plano para o pr\u00f3ximo voo Artemis mudou: prev\u00ea-se meados de 2027 sem tripula\u00e7\u00e3o, com testes orbital de propulsores da SpaceX e da Blue Origin, passando a 2028 para o regresso de astronautas \u00e0 superf\u00edcie lunar.<\/li>\n<\/ul>\n","protected":false},"author":2,"featured_media":438777,"comment_status":"closed","ping_status":"closed","sticky":false,"template":"","format":"standard","meta":{"footnotes":""},"categories":[6716],"tags":[7087,6231,1992,153],"class_list":["post-438774","post","type-post","status-publish","format-standard","has-post-thumbnail","hentry","category-tecnologia","tag-a-astronomia","tag-artemis","tag-ciencia","tag-tecnologia"],"yoast_head":"<!-- This site is optimized with the Yoast SEO plugin v27.2 - https:\/\/yoast.com\/product\/yoast-seo-wordpress\/ -->\n<title>Artemis encerra miss\u00e3o de 10 dias e mira o pr\u00f3ximo voo - Portal Tela Portugal<\/title>\n<meta name=\"robots\" content=\"index, follow, max-snippet:-1, max-image-preview:large, max-video-preview:-1\" \/>\n<meta property=\"og:locale\" content=\"pt_PT\" \/>\n<meta property=\"og:type\" content=\"article\" \/>\n<meta property=\"og:title\" content=\"Artemis encerra miss\u00e3o de 10 dias e mira o pr\u00f3ximo voo - Portal Tela Portugal\" \/>\n<meta property=\"og:description\" content=\"Quatro astronautas a bordo da Orion regressam \u00e0 Terra na sexta-feira, com amaragem prevista no Oceano Pac\u00edfico, perto de San Diego, \u00e0s 18h07 (hor\u00e1rio de Florida) \/ 01h07 de s\u00e1bado em Portugal continental. A NASA vai analisar o comportamento do escudo de calor durante a reentrada, um componente sem redund\u00e2ncia que suporta temperaturas pr\u00f3ximas de 3.000 \u00b0C. Antes da amaragem, a tripula\u00e7\u00e3o reviu procedimentos de reentrada, testou trajes de compress\u00e3o e realizou a \u00faltima separa\u00e7\u00e3o entre o m\u00f3dulo de servi\u00e7o e o m\u00f3dulo orbital. O dia ficou marcado pela prepara\u00e7\u00e3o da c\u00e1psula e pela reorienta\u00e7\u00e3o para colocar o escudo de calor voltado para a frente, abrindo caminho \u00e0 entrada na atmosfera. O plano para o pr\u00f3ximo voo Artemis mudou: prev\u00ea-se meados de 2027 sem tripula\u00e7\u00e3o, com testes orbital de propulsores da SpaceX e da Blue Origin, passando a 2028 para o regresso de astronautas \u00e0 superf\u00edcie lunar.\" \/>\n<meta property=\"og:url\" content=\"https:\/\/portaltela.pt\/noticias\/2026\/04\/09\/artemis-encerra-missao-de-10-dias-e-mira-o-proximo-voo\/\" \/>\n<meta property=\"og:site_name\" content=\"Portal Tela Portugal\" \/>\n<meta property=\"article:published_time\" content=\"2026-04-10T00:32:25+00:00\" \/>\n<meta name=\"author\" content=\"Telinha\" \/>\n<meta name=\"twitter:card\" content=\"summary_large_image\" \/>\n<meta name=\"twitter:label1\" content=\"Escrito por\" \/>\n\t<meta name=\"twitter:data1\" content=\"Telinha\" \/>\n\t<meta name=\"twitter:label2\" content=\"Tempo estimado de leitura\" \/>\n\t<meta name=\"twitter:data2\" content=\"2 minutos\" \/>\n<script type=\"application\/ld+json\" class=\"yoast-schema-graph\">{\"@context\":\"https:\/\/schema.org\",\"@graph\":[{\"@type\":\"Article\",\"@id\":\"https:\/\/portaltela.pt\/noticias\/2026\/04\/09\/artemis-encerra-missao-de-10-dias-e-mira-o-proximo-voo\/#article\",\"isPartOf\":{\"@id\":\"https:\/\/portaltela.pt\/noticias\/2026\/04\/09\/artemis-encerra-missao-de-10-dias-e-mira-o-proximo-voo\/\"},\"author\":{\"name\":\"Telinha\",\"@id\":\"https:\/\/portaltela.pt\/#\/schema\/person\/c4278d4a6028830caff9ee44b42d32ed\"},\"headline\":\"Artemis encerra miss\u00e3o de 10 dias e mira o pr\u00f3ximo voo\",\"datePublished\":\"2026-04-10T00:32:25+00:00\",\"mainEntityOfPage\":{\"@id\":\"https:\/\/portaltela.pt\/noticias\/2026\/04\/09\/artemis-encerra-missao-de-10-dias-e-mira-o-proximo-voo\/\"},\"wordCount\":341,\"image\":{\"@id\":\"https:\/\/portaltela.pt\/noticias\/2026\/04\/09\/artemis-encerra-missao-de-10-dias-e-mira-o-proximo-voo\/#primaryimage\"},\"thumbnailUrl\":\"https:\/\/portaltela.pt\/s.01k8rhncp4jt1\/2026\/04\/img_1500x1000uu2026-04-09-12-49-41-2277468.jpg\",\"keywords\":[\"a astronomia\",\"Artemis\",\"ci\u00eancia\",\"tecnologia\"],\"articleSection\":[\"Tecnologia\"],\"inLanguage\":\"pt-PT\"},{\"@type\":\"WebPage\",\"@id\":\"https:\/\/portaltela.pt\/noticias\/2026\/04\/09\/artemis-encerra-missao-de-10-dias-e-mira-o-proximo-voo\/\",\"url\":\"https:\/\/portaltela.pt\/noticias\/2026\/04\/09\/artemis-encerra-missao-de-10-dias-e-mira-o-proximo-voo\/\",\"name\":\"Artemis encerra miss\u00e3o de 10 dias e mira o pr\u00f3ximo voo - Portal Tela Portugal\",\"isPartOf\":{\"@id\":\"https:\/\/portaltela.pt\/#website\"},\"primaryImageOfPage\":{\"@id\":\"https:\/\/portaltela.pt\/noticias\/2026\/04\/09\/artemis-encerra-missao-de-10-dias-e-mira-o-proximo-voo\/#primaryimage\"},\"image\":{\"@id\":\"https:\/\/portaltela.pt\/noticias\/2026\/04\/09\/artemis-encerra-missao-de-10-dias-e-mira-o-proximo-voo\/#primaryimage\"},\"thumbnailUrl\":\"https:\/\/portaltela.pt\/s.01k8rhncp4jt1\/2026\/04\/img_1500x1000uu2026-04-09-12-49-41-2277468.jpg\",\"datePublished\":\"2026-04-10T00:32:25+00:00\",\"author\":{\"@id\":\"https:\/\/portaltela.pt\/#\/schema\/person\/c4278d4a6028830caff9ee44b42d32ed\"},\"breadcrumb\":{\"@id\":\"https:\/\/portaltela.pt\/noticias\/2026\/04\/09\/artemis-encerra-missao-de-10-dias-e-mira-o-proximo-voo\/#breadcrumb\"},\"inLanguage\":\"pt-PT\",\"potentialAction\":[{\"@type\":\"ReadAction\",\"target\":[\"https:\/\/portaltela.pt\/noticias\/2026\/04\/09\/artemis-encerra-missao-de-10-dias-e-mira-o-proximo-voo\/\"]}]},{\"@type\":\"ImageObject\",\"inLanguage\":\"pt-PT\",\"@id\":\"https:\/\/portaltela.pt\/noticias\/2026\/04\/09\/artemis-encerra-missao-de-10-dias-e-mira-o-proximo-voo\/#primaryimage\",\"url\":\"https:\/\/portaltela.pt\/s.01k8rhncp4jt1\/2026\/04\/img_1500x1000uu2026-04-09-12-49-41-2277468.jpg\",\"contentUrl\":\"https:\/\/portaltela.pt\/s.01k8rhncp4jt1\/2026\/04\/img_1500x1000uu2026-04-09-12-49-41-2277468.jpg\",\"width\":796,\"height\":448,\"caption\":\"Processo de amaragem ser\u00e1 feito com recurso a paraquedas, tal como na miss\u00e3o Artemis I.\"},{\"@type\":\"BreadcrumbList\",\"@id\":\"https:\/\/portaltela.pt\/noticias\/2026\/04\/09\/artemis-encerra-missao-de-10-dias-e-mira-o-proximo-voo\/#breadcrumb\",\"itemListElement\":[{\"@type\":\"ListItem\",\"position\":1,\"name\":\"In\u00edcio\",\"item\":\"https:\/\/portaltela.pt\/\"},{\"@type\":\"ListItem\",\"position\":2,\"name\":\"Artemis encerra miss\u00e3o de 10 dias e mira o pr\u00f3ximo voo\"}]},{\"@type\":\"WebSite\",\"@id\":\"https:\/\/portaltela.pt\/#website\",\"url\":\"https:\/\/portaltela.pt\/\",\"name\":\"Portal Tela Portugal\",\"description\":\"\",\"potentialAction\":[{\"@type\":\"SearchAction\",\"target\":{\"@type\":\"EntryPoint\",\"urlTemplate\":\"https:\/\/portaltela.pt\/?s={search_term_string}\"},\"query-input\":{\"@type\":\"PropertyValueSpecification\",\"valueRequired\":true,\"valueName\":\"search_term_string\"}}],\"inLanguage\":\"pt-PT\"},{\"@type\":\"Person\",\"@id\":\"https:\/\/portaltela.pt\/#\/schema\/person\/c4278d4a6028830caff9ee44b42d32ed\",\"name\":\"Telinha\",\"image\":{\"@type\":\"ImageObject\",\"inLanguage\":\"pt-PT\",\"@id\":\"https:\/\/portaltela.pt\/s.01k8rhncp4jt1\/2025\/11\/talking-bot-125x125.png\",\"url\":\"https:\/\/portaltela.pt\/s.01k8rhncp4jt1\/2025\/11\/talking-bot-125x125.png\",\"contentUrl\":\"https:\/\/portaltela.pt\/s.01k8rhncp4jt1\/2025\/11\/talking-bot-125x125.png\",\"caption\":\"Telinha\"},\"sameAs\":[\"https:\/\/portaltela.pt\/\"],\"url\":\"https:\/\/portaltela.pt\/por\/367410592786\/\"}]}<\/script>\n<!-- \/ Yoast SEO plugin. -->","yoast_head_json":{"title":"Artemis encerra miss\u00e3o de 10 dias e mira o pr\u00f3ximo voo - Portal Tela Portugal","robots":{"index":"index","follow":"follow","max-snippet":"max-snippet:-1","max-image-preview":"max-image-preview:large","max-video-preview":"max-video-preview:-1"},"og_locale":"pt_PT","og_type":"article","og_title":"Artemis encerra miss\u00e3o de 10 dias e mira o pr\u00f3ximo voo - Portal Tela Portugal","og_description":"Quatro astronautas a bordo da Orion regressam \u00e0 Terra na sexta-feira, com amaragem prevista no Oceano Pac\u00edfico, perto de San Diego, \u00e0s 18h07 (hor\u00e1rio de Florida) \/ 01h07 de s\u00e1bado em Portugal continental. A NASA vai analisar o comportamento do escudo de calor durante a reentrada, um componente sem redund\u00e2ncia que suporta temperaturas pr\u00f3ximas de 3.000 \u00b0C. Antes da amaragem, a tripula\u00e7\u00e3o reviu procedimentos de reentrada, testou trajes de compress\u00e3o e realizou a \u00faltima separa\u00e7\u00e3o entre o m\u00f3dulo de servi\u00e7o e o m\u00f3dulo orbital. O dia ficou marcado pela prepara\u00e7\u00e3o da c\u00e1psula e pela reorienta\u00e7\u00e3o para colocar o escudo de calor voltado para a frente, abrindo caminho \u00e0 entrada na atmosfera. O plano para o pr\u00f3ximo voo Artemis mudou: prev\u00ea-se meados de 2027 sem tripula\u00e7\u00e3o, com testes orbital de propulsores da SpaceX e da Blue Origin, passando a 2028 para o regresso de astronautas \u00e0 superf\u00edcie lunar.","og_url":"https:\/\/portaltela.pt\/noticias\/2026\/04\/09\/artemis-encerra-missao-de-10-dias-e-mira-o-proximo-voo\/","og_site_name":"Portal Tela Portugal","article_published_time":"2026-04-10T00:32:25+00:00","author":"Telinha","twitter_card":"summary_large_image","twitter_misc":{"Escrito por":"Telinha","Tempo estimado de leitura":"2 minutos"},"schema":{"@context":"https:\/\/schema.org","@graph":[{"@type":"Article","@id":"https:\/\/portaltela.pt\/noticias\/2026\/04\/09\/artemis-encerra-missao-de-10-dias-e-mira-o-proximo-voo\/#article","isPartOf":{"@id":"https:\/\/portaltela.pt\/noticias\/2026\/04\/09\/artemis-encerra-missao-de-10-dias-e-mira-o-proximo-voo\/"},"author":{"name":"Telinha","@id":"https:\/\/portaltela.pt\/#\/schema\/person\/c4278d4a6028830caff9ee44b42d32ed"},"headline":"Artemis encerra miss\u00e3o de 10 dias e mira o pr\u00f3ximo voo","datePublished":"2026-04-10T00:32:25+00:00","mainEntityOfPage":{"@id":"https:\/\/portaltela.pt\/noticias\/2026\/04\/09\/artemis-encerra-missao-de-10-dias-e-mira-o-proximo-voo\/"},"wordCount":341,"image":{"@id":"https:\/\/portaltela.pt\/noticias\/2026\/04\/09\/artemis-encerra-missao-de-10-dias-e-mira-o-proximo-voo\/#primaryimage"},"thumbnailUrl":"https:\/\/portaltela.pt\/s.01k8rhncp4jt1\/2026\/04\/img_1500x1000uu2026-04-09-12-49-41-2277468.jpg","keywords":["a astronomia","Artemis","ci\u00eancia","tecnologia"],"articleSection":["Tecnologia"],"inLanguage":"pt-PT"},{"@type":"WebPage","@id":"https:\/\/portaltela.pt\/noticias\/2026\/04\/09\/artemis-encerra-missao-de-10-dias-e-mira-o-proximo-voo\/","url":"https:\/\/portaltela.pt\/noticias\/2026\/04\/09\/artemis-encerra-missao-de-10-dias-e-mira-o-proximo-voo\/","name":"Artemis encerra miss\u00e3o de 10 dias e mira o pr\u00f3ximo voo - Portal Tela Portugal","isPartOf":{"@id":"https:\/\/portaltela.pt\/#website"},"primaryImageOfPage":{"@id":"https:\/\/portaltela.pt\/noticias\/2026\/04\/09\/artemis-encerra-missao-de-10-dias-e-mira-o-proximo-voo\/#primaryimage"},"image":{"@id":"https:\/\/portaltela.pt\/noticias\/2026\/04\/09\/artemis-encerra-missao-de-10-dias-e-mira-o-proximo-voo\/#primaryimage"},"thumbnailUrl":"https:\/\/portaltela.pt\/s.01k8rhncp4jt1\/2026\/04\/img_1500x1000uu2026-04-09-12-49-41-2277468.jpg","datePublished":"2026-04-10T00:32:25+00:00","author":{"@id":"https:\/\/portaltela.pt\/#\/schema\/person\/c4278d4a6028830caff9ee44b42d32ed"},"breadcrumb":{"@id":"https:\/\/portaltela.pt\/noticias\/2026\/04\/09\/artemis-encerra-missao-de-10-dias-e-mira-o-proximo-voo\/#breadcrumb"},"inLanguage":"pt-PT","potentialAction":[{"@type":"ReadAction","target":["https:\/\/portaltela.pt\/noticias\/2026\/04\/09\/artemis-encerra-missao-de-10-dias-e-mira-o-proximo-voo\/"]}]},{"@type":"ImageObject","inLanguage":"pt-PT","@id":"https:\/\/portaltela.pt\/noticias\/2026\/04\/09\/artemis-encerra-missao-de-10-dias-e-mira-o-proximo-voo\/#primaryimage","url":"https:\/\/portaltela.pt\/s.01k8rhncp4jt1\/2026\/04\/img_1500x1000uu2026-04-09-12-49-41-2277468.jpg","contentUrl":"https:\/\/portaltela.pt\/s.01k8rhncp4jt1\/2026\/04\/img_1500x1000uu2026-04-09-12-49-41-2277468.jpg","width":796,"height":448,"caption":"Processo de amaragem ser\u00e1 feito com recurso a paraquedas, tal como na miss\u00e3o Artemis I."},{"@type":"BreadcrumbList","@id":"https:\/\/portaltela.pt\/noticias\/2026\/04\/09\/artemis-encerra-missao-de-10-dias-e-mira-o-proximo-voo\/#breadcrumb","itemListElement":[{"@type":"ListItem","position":1,"name":"In\u00edcio","item":"https:\/\/portaltela.pt\/"},{"@type":"ListItem","position":2,"name":"Artemis encerra miss\u00e3o de 10 dias e mira o pr\u00f3ximo voo"}]},{"@type":"WebSite","@id":"https:\/\/portaltela.pt\/#website","url":"https:\/\/portaltela.pt\/","name":"Portal Tela Portugal","description":"","potentialAction":[{"@type":"SearchAction","target":{"@type":"EntryPoint","urlTemplate":"https:\/\/portaltela.pt\/?s={search_term_string}"},"query-input":{"@type":"PropertyValueSpecification","valueRequired":true,"valueName":"search_term_string"}}],"inLanguage":"pt-PT"},{"@type":"Person","@id":"https:\/\/portaltela.pt\/#\/schema\/person\/c4278d4a6028830caff9ee44b42d32ed","name":"Telinha","image":{"@type":"ImageObject","inLanguage":"pt-PT","@id":"https:\/\/portaltela.pt\/s.01k8rhncp4jt1\/2025\/11\/talking-bot-125x125.png","url":"https:\/\/portaltela.pt\/s.01k8rhncp4jt1\/2025\/11\/talking-bot-125x125.png","contentUrl":"https:\/\/portaltela.pt\/s.01k8rhncp4jt1\/2025\/11\/talking-bot-125x125.png","caption":"Telinha"},"sameAs":["https:\/\/portaltela.pt\/"],"url":"https:\/\/portaltela.pt\/por\/367410592786\/"}]}},"_links":{"self":[{"href":"https:\/\/portaltela.pt\/api\/wp\/v2\/posts\/438774","targetHints":{"allow":["GET"]}}],"collection":[{"href":"https:\/\/portaltela.pt\/api\/wp\/v2\/posts"}],"about":[{"href":"https:\/\/portaltela.pt\/api\/wp\/v2\/types\/post"}],"author":[{"embeddable":true,"href":"https:\/\/portaltela.pt\/api\/wp\/v2\/users\/2"}],"replies":[{"embeddable":true,"href":"https:\/\/portaltela.pt\/api\/wp\/v2\/comments?post=438774"}],"version-history":[{"count":0,"href":"https:\/\/portaltela.pt\/api\/wp\/v2\/posts\/438774\/revisions"}],"wp:featuredmedia":[{"embeddable":true,"href":"https:\/\/portaltela.pt\/api\/wp\/v2\/media\/438777"}],"wp:attachment":[{"href":"https:\/\/portaltela.pt\/api\/wp\/v2\/media?parent=438774"}],"wp:term":[{"taxonomy":"category","embeddable":true,"href":"https:\/\/portaltela.pt\/api\/wp\/v2\/categories?post=438774"},{"taxonomy":"post_tag","embeddable":true,"href":"https:\/\/portaltela.pt\/api\/wp\/v2\/tags?post=438774"}],"curies":[{"name":"wp","href":"https:\/\/api.w.org\/{rel}","templated":true}]}}