{"id":438661,"date":"2026-04-09T16:30:00","date_gmt":"2026-04-09T19:30:00","guid":{"rendered":"https:\/\/portaltela.pt\/noticias\/2026\/04\/09\/fim-do-visto-previo-pode-fragilizar-o-estado-e-credibilidade-externa-diz-tc\/"},"modified":"2026-04-09T16:30:00","modified_gmt":"2026-04-09T19:30:00","slug":"fim-do-visto-previo-pode-fragilizar-o-estado-e-credibilidade-externa-diz-tc","status":"publish","type":"post","link":"https:\/\/portaltela.pt\/noticias\/politica\/2026\/04\/09\/fim-do-visto-previo-pode-fragilizar-o-estado-e-credibilidade-externa-diz-tc\/","title":{"rendered":"Fim do visto pr\u00e9vio pode fragilizar o Estado e credibilidade externa, diz TC"},"content":{"rendered":"<p>O Tribunal de Contas alerta que o t\u00e9rmino do visto pr\u00e9vio pode fragilizar o Estado e a credibilidade externa. A avalia\u00e7\u00e3o destaca poss\u00edveis impactos institucionais e de perce\u00e7\u00e3o junto a parceiros internacionais.<\/p>\n<p>Segundo a institui\u00e7\u00e3o, a mudan\u00e7a pode influenciar processos de avalia\u00e7\u00e3o de pol\u00edticas p\u00fablicas e de conformidade institucional. O objetivo \u00e9 entender de que modo a remo\u00e7\u00e3o do visto pr\u00e9vio poder\u00e1 afetar a gest\u00e3o p\u00fablica.<\/p>\n<p>O conte\u00fado completo da an\u00e1lise encontra-se limitado a subscritores. O acesso exige autentica\u00e7\u00e3o, n\u00e3o estando dispon\u00edvel ao p\u00fablico geral.<\/p>\n","protected":false},"excerpt":{"rendered":"<ul>\n<li>O Tribunal de Contas alerta que o fim do visto pr\u00e9vio pode fragilizar o Estado.<\/li>\n<li>A medida pode afetar a credibilidade externa do pa\u00eds.<\/li>\n<li>A an\u00e1lise \u00e9 apresentada pela entidade respons\u00e1vel, sem outros detalhes no texto aqui dispon\u00edvel.<\/li>\n<li>O conte\u00fado completo est\u00e1 acess\u00edvel apenas a subscritores.<\/li>\n<li>N\u00e3o h\u00e1 informa\u00e7\u00f5es adicionais no material fornecido sobre datas ou motiva\u00e7\u00f5es espec\u00edficas.<\/li>\n<\/ul>\n","protected":false},"author":2,"featured_media":438662,"comment_status":"closed","ping_status":"closed","sticky":false,"template":"","format":"standard","meta":{"footnotes":""},"categories":[1,5],"tags":[168,1274,34,2832,7439,27],"class_list":["post-438661","post","type-post","status-publish","format-standard","has-post-thumbnail","hentry","category-noticias","category-politica","tag-administracao-publica","tag-governanca","tag-governo","tag-politica","tag-politica-externa","tag-relacoes-internacionais"],"yoast_head":"<!-- This site is optimized with the Yoast SEO plugin v27.2 - https:\/\/yoast.com\/product\/yoast-seo-wordpress\/ -->\n<title>Fim do visto pr\u00e9vio pode fragilizar o Estado e credibilidade externa, diz TC - Portal Tela Portugal<\/title>\n<meta name=\"robots\" content=\"index, follow, max-snippet:-1, max-image-preview:large, max-video-preview:-1\" \/>\n<meta property=\"og:locale\" content=\"pt_PT\" \/>\n<meta property=\"og:type\" content=\"article\" \/>\n<meta property=\"og:title\" content=\"Fim do visto pr\u00e9vio pode fragilizar o Estado e credibilidade externa, diz TC - Portal Tela Portugal\" \/>\n<meta property=\"og:description\" content=\"O Tribunal de Contas alerta que o fim do visto pr\u00e9vio pode fragilizar o Estado. A medida pode afetar a credibilidade externa do pa\u00eds. A an\u00e1lise \u00e9 apresentada pela entidade respons\u00e1vel, sem outros detalhes no texto aqui dispon\u00edvel. O conte\u00fado completo est\u00e1 acess\u00edvel apenas a subscritores. N\u00e3o h\u00e1 informa\u00e7\u00f5es adicionais no material fornecido sobre datas ou motiva\u00e7\u00f5es espec\u00edficas.\" \/>\n<meta property=\"og:url\" content=\"https:\/\/portaltela.pt\/noticias\/2026\/04\/09\/fim-do-visto-previo-pode-fragilizar-o-estado-e-credibilidade-externa-diz-tc\/\" \/>\n<meta property=\"og:site_name\" content=\"Portal Tela Portugal\" \/>\n<meta property=\"article:published_time\" content=\"2026-04-09T19:30:00+00:00\" \/>\n<meta name=\"author\" content=\"Telinha\" \/>\n<meta name=\"twitter:card\" content=\"summary_large_image\" \/>\n<meta name=\"twitter:label1\" content=\"Escrito por\" \/>\n\t<meta name=\"twitter:data1\" content=\"Telinha\" \/>\n\t<meta name=\"twitter:label2\" content=\"Tempo estimado de leitura\" \/>\n\t<meta name=\"twitter:data2\" content=\"1 minuto\" \/>\n<script type=\"application\/ld+json\" class=\"yoast-schema-graph\">{\"@context\":\"https:\/\/schema.org\",\"@graph\":[{\"@type\":\"Article\",\"@id\":\"https:\/\/portaltela.pt\/noticias\/2026\/04\/09\/fim-do-visto-previo-pode-fragilizar-o-estado-e-credibilidade-externa-diz-tc\/#article\",\"isPartOf\":{\"@id\":\"https:\/\/portaltela.pt\/noticias\/2026\/04\/09\/fim-do-visto-previo-pode-fragilizar-o-estado-e-credibilidade-externa-diz-tc\/\"},\"author\":{\"name\":\"Telinha\",\"@id\":\"https:\/\/portaltela.pt\/#\/schema\/person\/c4278d4a6028830caff9ee44b42d32ed\"},\"headline\":\"Fim do visto pr\u00e9vio pode fragilizar o Estado e credibilidade externa, diz TC\",\"datePublished\":\"2026-04-09T19:30:00+00:00\",\"mainEntityOfPage\":{\"@id\":\"https:\/\/portaltela.pt\/noticias\/2026\/04\/09\/fim-do-visto-previo-pode-fragilizar-o-estado-e-credibilidade-externa-diz-tc\/\"},\"wordCount\":118,\"image\":{\"@id\":\"https:\/\/portaltela.pt\/noticias\/2026\/04\/09\/fim-do-visto-previo-pode-fragilizar-o-estado-e-credibilidade-externa-diz-tc\/#primaryimage\"},\"thumbnailUrl\":\"https:\/\/portaltela.pt\/s.01k8rhncp4jt1\/2026\/04\/CACHE_780X1200_ANALOG_WATERMARKED_46902165_5576471_09042026051600.jpg\",\"keywords\":[\"administra\u00e7\u00e3o p\u00fablica\",\"governan\u00e7a\",\"governo\",\"pol\u00edtica\",\"pol\u00edtica externa\",\"rela\u00e7\u00f5es internacionais\"],\"articleSection\":[\"Not\u00edcias\",\"Pol\u00edtica\"],\"inLanguage\":\"pt-PT\"},{\"@type\":\"WebPage\",\"@id\":\"https:\/\/portaltela.pt\/noticias\/2026\/04\/09\/fim-do-visto-previo-pode-fragilizar-o-estado-e-credibilidade-externa-diz-tc\/\",\"url\":\"https:\/\/portaltela.pt\/noticias\/2026\/04\/09\/fim-do-visto-previo-pode-fragilizar-o-estado-e-credibilidade-externa-diz-tc\/\",\"name\":\"Fim do visto pr\u00e9vio pode fragilizar o Estado e credibilidade externa, diz TC - Portal Tela Portugal\",\"isPartOf\":{\"@id\":\"https:\/\/portaltela.pt\/#website\"},\"primaryImageOfPage\":{\"@id\":\"https:\/\/portaltela.pt\/noticias\/2026\/04\/09\/fim-do-visto-previo-pode-fragilizar-o-estado-e-credibilidade-externa-diz-tc\/#primaryimage\"},\"image\":{\"@id\":\"https:\/\/portaltela.pt\/noticias\/2026\/04\/09\/fim-do-visto-previo-pode-fragilizar-o-estado-e-credibilidade-externa-diz-tc\/#primaryimage\"},\"thumbnailUrl\":\"https:\/\/portaltela.pt\/s.01k8rhncp4jt1\/2026\/04\/CACHE_780X1200_ANALOG_WATERMARKED_46902165_5576471_09042026051600.jpg\",\"datePublished\":\"2026-04-09T19:30:00+00:00\",\"author\":{\"@id\":\"https:\/\/portaltela.pt\/#\/schema\/person\/c4278d4a6028830caff9ee44b42d32ed\"},\"breadcrumb\":{\"@id\":\"https:\/\/portaltela.pt\/noticias\/2026\/04\/09\/fim-do-visto-previo-pode-fragilizar-o-estado-e-credibilidade-externa-diz-tc\/#breadcrumb\"},\"inLanguage\":\"pt-PT\",\"potentialAction\":[{\"@type\":\"ReadAction\",\"target\":[\"https:\/\/portaltela.pt\/noticias\/2026\/04\/09\/fim-do-visto-previo-pode-fragilizar-o-estado-e-credibilidade-externa-diz-tc\/\"]}]},{\"@type\":\"ImageObject\",\"inLanguage\":\"pt-PT\",\"@id\":\"https:\/\/portaltela.pt\/noticias\/2026\/04\/09\/fim-do-visto-previo-pode-fragilizar-o-estado-e-credibilidade-externa-diz-tc\/#primaryimage\",\"url\":\"https:\/\/portaltela.pt\/s.01k8rhncp4jt1\/2026\/04\/CACHE_780X1200_ANALOG_WATERMARKED_46902165_5576471_09042026051600.jpg\",\"contentUrl\":\"https:\/\/portaltela.pt\/s.01k8rhncp4jt1\/2026\/04\/CACHE_780X1200_ANALOG_WATERMARKED_46902165_5576471_09042026051600.jpg\",\"width\":768,\"height\":512,\"caption\":\"Fim do visto pr\u00e9vio pode fragilizar Estado e credibilidade externa - Tribunal de Contas\"},{\"@type\":\"BreadcrumbList\",\"@id\":\"https:\/\/portaltela.pt\/noticias\/2026\/04\/09\/fim-do-visto-previo-pode-fragilizar-o-estado-e-credibilidade-externa-diz-tc\/#breadcrumb\",\"itemListElement\":[{\"@type\":\"ListItem\",\"position\":1,\"name\":\"In\u00edcio\",\"item\":\"https:\/\/portaltela.pt\/\"},{\"@type\":\"ListItem\",\"position\":2,\"name\":\"Fim do visto pr\u00e9vio pode fragilizar o Estado e credibilidade externa, diz TC\"}]},{\"@type\":\"WebSite\",\"@id\":\"https:\/\/portaltela.pt\/#website\",\"url\":\"https:\/\/portaltela.pt\/\",\"name\":\"Portal Tela Portugal\",\"description\":\"\",\"potentialAction\":[{\"@type\":\"SearchAction\",\"target\":{\"@type\":\"EntryPoint\",\"urlTemplate\":\"https:\/\/portaltela.pt\/?s={search_term_string}\"},\"query-input\":{\"@type\":\"PropertyValueSpecification\",\"valueRequired\":true,\"valueName\":\"search_term_string\"}}],\"inLanguage\":\"pt-PT\"},{\"@type\":\"Person\",\"@id\":\"https:\/\/portaltela.pt\/#\/schema\/person\/c4278d4a6028830caff9ee44b42d32ed\",\"name\":\"Telinha\",\"image\":{\"@type\":\"ImageObject\",\"inLanguage\":\"pt-PT\",\"@id\":\"https:\/\/portaltela.pt\/s.01k8rhncp4jt1\/2025\/11\/talking-bot-125x125.png\",\"url\":\"https:\/\/portaltela.pt\/s.01k8rhncp4jt1\/2025\/11\/talking-bot-125x125.png\",\"contentUrl\":\"https:\/\/portaltela.pt\/s.01k8rhncp4jt1\/2025\/11\/talking-bot-125x125.png\",\"caption\":\"Telinha\"},\"sameAs\":[\"https:\/\/portaltela.pt\/\"],\"url\":\"https:\/\/portaltela.pt\/por\/367410592786\/\"}]}<\/script>\n<!-- \/ Yoast SEO plugin. -->","yoast_head_json":{"title":"Fim do visto pr\u00e9vio pode fragilizar o Estado e credibilidade externa, diz TC - Portal Tela Portugal","robots":{"index":"index","follow":"follow","max-snippet":"max-snippet:-1","max-image-preview":"max-image-preview:large","max-video-preview":"max-video-preview:-1"},"og_locale":"pt_PT","og_type":"article","og_title":"Fim do visto pr\u00e9vio pode fragilizar o Estado e credibilidade externa, diz TC - Portal Tela Portugal","og_description":"O Tribunal de Contas alerta que o fim do visto pr\u00e9vio pode fragilizar o Estado. A medida pode afetar a credibilidade externa do pa\u00eds. A an\u00e1lise \u00e9 apresentada pela entidade respons\u00e1vel, sem outros detalhes no texto aqui dispon\u00edvel. O conte\u00fado completo est\u00e1 acess\u00edvel apenas a subscritores. N\u00e3o h\u00e1 informa\u00e7\u00f5es adicionais no material fornecido sobre datas ou motiva\u00e7\u00f5es espec\u00edficas.","og_url":"https:\/\/portaltela.pt\/noticias\/2026\/04\/09\/fim-do-visto-previo-pode-fragilizar-o-estado-e-credibilidade-externa-diz-tc\/","og_site_name":"Portal Tela Portugal","article_published_time":"2026-04-09T19:30:00+00:00","author":"Telinha","twitter_card":"summary_large_image","twitter_misc":{"Escrito por":"Telinha","Tempo estimado de leitura":"1 minuto"},"schema":{"@context":"https:\/\/schema.org","@graph":[{"@type":"Article","@id":"https:\/\/portaltela.pt\/noticias\/2026\/04\/09\/fim-do-visto-previo-pode-fragilizar-o-estado-e-credibilidade-externa-diz-tc\/#article","isPartOf":{"@id":"https:\/\/portaltela.pt\/noticias\/2026\/04\/09\/fim-do-visto-previo-pode-fragilizar-o-estado-e-credibilidade-externa-diz-tc\/"},"author":{"name":"Telinha","@id":"https:\/\/portaltela.pt\/#\/schema\/person\/c4278d4a6028830caff9ee44b42d32ed"},"headline":"Fim do visto pr\u00e9vio pode fragilizar o Estado e credibilidade externa, diz TC","datePublished":"2026-04-09T19:30:00+00:00","mainEntityOfPage":{"@id":"https:\/\/portaltela.pt\/noticias\/2026\/04\/09\/fim-do-visto-previo-pode-fragilizar-o-estado-e-credibilidade-externa-diz-tc\/"},"wordCount":118,"image":{"@id":"https:\/\/portaltela.pt\/noticias\/2026\/04\/09\/fim-do-visto-previo-pode-fragilizar-o-estado-e-credibilidade-externa-diz-tc\/#primaryimage"},"thumbnailUrl":"https:\/\/portaltela.pt\/s.01k8rhncp4jt1\/2026\/04\/CACHE_780X1200_ANALOG_WATERMARKED_46902165_5576471_09042026051600.jpg","keywords":["administra\u00e7\u00e3o p\u00fablica","governan\u00e7a","governo","pol\u00edtica","pol\u00edtica externa","rela\u00e7\u00f5es internacionais"],"articleSection":["Not\u00edcias","Pol\u00edtica"],"inLanguage":"pt-PT"},{"@type":"WebPage","@id":"https:\/\/portaltela.pt\/noticias\/2026\/04\/09\/fim-do-visto-previo-pode-fragilizar-o-estado-e-credibilidade-externa-diz-tc\/","url":"https:\/\/portaltela.pt\/noticias\/2026\/04\/09\/fim-do-visto-previo-pode-fragilizar-o-estado-e-credibilidade-externa-diz-tc\/","name":"Fim do visto pr\u00e9vio pode fragilizar o Estado e credibilidade externa, diz TC - Portal Tela Portugal","isPartOf":{"@id":"https:\/\/portaltela.pt\/#website"},"primaryImageOfPage":{"@id":"https:\/\/portaltela.pt\/noticias\/2026\/04\/09\/fim-do-visto-previo-pode-fragilizar-o-estado-e-credibilidade-externa-diz-tc\/#primaryimage"},"image":{"@id":"https:\/\/portaltela.pt\/noticias\/2026\/04\/09\/fim-do-visto-previo-pode-fragilizar-o-estado-e-credibilidade-externa-diz-tc\/#primaryimage"},"thumbnailUrl":"https:\/\/portaltela.pt\/s.01k8rhncp4jt1\/2026\/04\/CACHE_780X1200_ANALOG_WATERMARKED_46902165_5576471_09042026051600.jpg","datePublished":"2026-04-09T19:30:00+00:00","author":{"@id":"https:\/\/portaltela.pt\/#\/schema\/person\/c4278d4a6028830caff9ee44b42d32ed"},"breadcrumb":{"@id":"https:\/\/portaltela.pt\/noticias\/2026\/04\/09\/fim-do-visto-previo-pode-fragilizar-o-estado-e-credibilidade-externa-diz-tc\/#breadcrumb"},"inLanguage":"pt-PT","potentialAction":[{"@type":"ReadAction","target":["https:\/\/portaltela.pt\/noticias\/2026\/04\/09\/fim-do-visto-previo-pode-fragilizar-o-estado-e-credibilidade-externa-diz-tc\/"]}]},{"@type":"ImageObject","inLanguage":"pt-PT","@id":"https:\/\/portaltela.pt\/noticias\/2026\/04\/09\/fim-do-visto-previo-pode-fragilizar-o-estado-e-credibilidade-externa-diz-tc\/#primaryimage","url":"https:\/\/portaltela.pt\/s.01k8rhncp4jt1\/2026\/04\/CACHE_780X1200_ANALOG_WATERMARKED_46902165_5576471_09042026051600.jpg","contentUrl":"https:\/\/portaltela.pt\/s.01k8rhncp4jt1\/2026\/04\/CACHE_780X1200_ANALOG_WATERMARKED_46902165_5576471_09042026051600.jpg","width":768,"height":512,"caption":"Fim do visto pr\u00e9vio pode fragilizar Estado e credibilidade externa - Tribunal de Contas"},{"@type":"BreadcrumbList","@id":"https:\/\/portaltela.pt\/noticias\/2026\/04\/09\/fim-do-visto-previo-pode-fragilizar-o-estado-e-credibilidade-externa-diz-tc\/#breadcrumb","itemListElement":[{"@type":"ListItem","position":1,"name":"In\u00edcio","item":"https:\/\/portaltela.pt\/"},{"@type":"ListItem","position":2,"name":"Fim do visto pr\u00e9vio pode fragilizar o Estado e credibilidade externa, diz TC"}]},{"@type":"WebSite","@id":"https:\/\/portaltela.pt\/#website","url":"https:\/\/portaltela.pt\/","name":"Portal Tela Portugal","description":"","potentialAction":[{"@type":"SearchAction","target":{"@type":"EntryPoint","urlTemplate":"https:\/\/portaltela.pt\/?s={search_term_string}"},"query-input":{"@type":"PropertyValueSpecification","valueRequired":true,"valueName":"search_term_string"}}],"inLanguage":"pt-PT"},{"@type":"Person","@id":"https:\/\/portaltela.pt\/#\/schema\/person\/c4278d4a6028830caff9ee44b42d32ed","name":"Telinha","image":{"@type":"ImageObject","inLanguage":"pt-PT","@id":"https:\/\/portaltela.pt\/s.01k8rhncp4jt1\/2025\/11\/talking-bot-125x125.png","url":"https:\/\/portaltela.pt\/s.01k8rhncp4jt1\/2025\/11\/talking-bot-125x125.png","contentUrl":"https:\/\/portaltela.pt\/s.01k8rhncp4jt1\/2025\/11\/talking-bot-125x125.png","caption":"Telinha"},"sameAs":["https:\/\/portaltela.pt\/"],"url":"https:\/\/portaltela.pt\/por\/367410592786\/"}]}},"_links":{"self":[{"href":"https:\/\/portaltela.pt\/api\/wp\/v2\/posts\/438661","targetHints":{"allow":["GET"]}}],"collection":[{"href":"https:\/\/portaltela.pt\/api\/wp\/v2\/posts"}],"about":[{"href":"https:\/\/portaltela.pt\/api\/wp\/v2\/types\/post"}],"author":[{"embeddable":true,"href":"https:\/\/portaltela.pt\/api\/wp\/v2\/users\/2"}],"replies":[{"embeddable":true,"href":"https:\/\/portaltela.pt\/api\/wp\/v2\/comments?post=438661"}],"version-history":[{"count":0,"href":"https:\/\/portaltela.pt\/api\/wp\/v2\/posts\/438661\/revisions"}],"wp:featuredmedia":[{"embeddable":true,"href":"https:\/\/portaltela.pt\/api\/wp\/v2\/media\/438662"}],"wp:attachment":[{"href":"https:\/\/portaltela.pt\/api\/wp\/v2\/media?parent=438661"}],"wp:term":[{"taxonomy":"category","embeddable":true,"href":"https:\/\/portaltela.pt\/api\/wp\/v2\/categories?post=438661"},{"taxonomy":"post_tag","embeddable":true,"href":"https:\/\/portaltela.pt\/api\/wp\/v2\/tags?post=438661"}],"curies":[{"name":"wp","href":"https:\/\/api.w.org\/{rel}","templated":true}]}}