{"id":438508,"date":"2026-04-09T15:47:13","date_gmt":"2026-04-09T18:47:13","guid":{"rendered":"https:\/\/portaltela.pt\/noticias\/2026\/04\/09\/pedro-ferreira-e-vinicius-lopes-em-foco-rio-ave-nao-deve-poupar\/"},"modified":"2026-04-09T15:47:13","modified_gmt":"2026-04-09T18:47:13","slug":"pedro-ferreira-e-vinicius-lopes-em-foco-rio-ave-nao-deve-poupar","status":"publish","type":"post","link":"https:\/\/portaltela.pt\/desporto\/futebol\/2026\/04\/09\/pedro-ferreira-e-vinicius-lopes-em-foco-rio-ave-nao-deve-poupar\/","title":{"rendered":"Pedro Ferreira e Vin\u00edcius Lopes em foco; Rio Ave n\u00e3o deve poupar"},"content":{"rendered":"<p>Pedro Ferreira e Vin\u00edcius Lopes est\u00e3o pr\u00f3ximos de cumprir suspens\u00e3o caso recebam cart\u00e3o num jogo adicional. A dupla soma amarelos suficientes para falhar uma partida de castigo no futuro.<\/p>\n<p>Na pr\u00e1tica, os dois s\u00e3o considerados pilares por Petit e dever\u00e3o alinhar frente ao Rio Ave neste s\u00e1bado, \u00e0s 18h00, na rece\u00e7\u00e3o aos vila-condenses. A mudan\u00e7a s\u00f3 surgiria se o cart\u00e3o chegasse.<\/p>\n<p>Pedro Ferreira tem sido op\u00e7\u00e3o regular no meio-campo desde a chegada de Petit ao Santa Clara, enquanto Vin\u00edcius Lopes agrega golos, sendo o melhor marcador da equipa nesta temporada.<\/p>\n<p>A possibilidade de uma aus\u00eancia na desloca\u00e7\u00e3o ao Casa Pia, marcada para 18 de maio, tamb\u00e9m \u00e0s 18h00, permanece caso haja novo cart\u00e3o amarelo para algum deles. A lideran\u00e7a t\u00e9cnica conta com o rendimento da dupla.<\/p>\n<p>Vin\u00edcius Lopes j\u00e1 soma nove golos nesta \u00e9poca, mantendo-se como refer\u00eancia atacante do conjunto a\u00e7oriano. O t\u00e9cnico prefere n\u00e3o poupar os seus titulares com vista a manter o ritmo competitivo.<\/p>\n<h3>Desdobramentos e contexto<\/h3>\n<p>Os amarelos acumulados colocam o Santa Clara perante uma gest\u00e3o cuidadosa de cart\u00f5es e minutos, especialmente nas jornadas finais da Liga Betclic. A equipa procura assegurar pontos importantes sem prejudicar a forma\u00e7\u00e3o para futuras partidas.<\/p>\n","protected":false},"excerpt":{"rendered":"<ul>\n<li>Pedro Ferreira (quatro cart\u00f5es amarelos) e Vin\u00edcius Lopes (oito amarelos) est\u00e3o em risco de suspens\u00e3o, mas devem alinhar frente ao Rio Ave.<\/li>\n<li>A partida est\u00e1 marcada para s\u00e1bado, \u00e0s 18h00, na rece\u00e7\u00e3o ao Rio Ave.<\/li>\n<li>Mesmo em risco de ficar de fora da viagem a Casa Pia no dia 18 de maio, os dois devem atuar na jornada 29 da Liga Betclic, se n\u00e3o aberem cart\u00e3o.<\/li>\n<li>Ambos s\u00e3o pe\u00e7as importantes para o t\u00e9cnico Petit e devem permanecer no onze inicial.<\/li>\n<li>Vin\u00edcius Lopes \u00e9 o melhor marcador do Santa Clara nesta \u00e9poca, com nove golos.<\/li>\n<\/ul>\n","protected":false},"author":2,"featured_media":438512,"comment_status":"closed","ping_status":"closed","sticky":false,"template":"","format":"standard","meta":{"footnotes":""},"categories":[21,24],"tags":[4143,5684,32,2245,2190,998],"class_list":["post-438508","post","type-post","status-publish","format-standard","has-post-thumbnail","hentry","category-desporto","category-futebol","tag-1-liga","tag-cartoes-amarelos","tag-futebol","tag-liga-betclic","tag-rio-ave","tag-santa-clara"],"yoast_head":"<!-- This site is optimized with the Yoast SEO plugin v27.2 - https:\/\/yoast.com\/product\/yoast-seo-wordpress\/ -->\n<title>Pedro Ferreira e Vin\u00edcius Lopes em foco; Rio Ave n\u00e3o deve poupar - Portal Tela Portugal<\/title>\n<meta name=\"robots\" content=\"index, follow, max-snippet:-1, max-image-preview:large, max-video-preview:-1\" \/>\n<meta property=\"og:locale\" content=\"pt_PT\" \/>\n<meta property=\"og:type\" content=\"article\" \/>\n<meta property=\"og:title\" content=\"Pedro Ferreira e Vin\u00edcius Lopes em foco; Rio Ave n\u00e3o deve poupar - Portal Tela Portugal\" \/>\n<meta property=\"og:description\" content=\"Pedro Ferreira (quatro cart\u00f5es amarelos) e Vin\u00edcius Lopes (oito amarelos) est\u00e3o em risco de suspens\u00e3o, mas devem alinhar frente ao Rio Ave. A partida est\u00e1 marcada para s\u00e1bado, \u00e0s 18h00, na rece\u00e7\u00e3o ao Rio Ave. Mesmo em risco de ficar de fora da viagem a Casa Pia no dia 18 de maio, os dois devem atuar na jornada 29 da Liga Betclic, se n\u00e3o aberem cart\u00e3o. Ambos s\u00e3o pe\u00e7as importantes para o t\u00e9cnico Petit e devem permanecer no onze inicial. Vin\u00edcius Lopes \u00e9 o melhor marcador do Santa Clara nesta \u00e9poca, com nove golos.\" \/>\n<meta property=\"og:url\" content=\"https:\/\/portaltela.pt\/noticias\/2026\/04\/09\/pedro-ferreira-e-vinicius-lopes-em-foco-rio-ave-nao-deve-poupar\/\" \/>\n<meta property=\"og:site_name\" content=\"Portal Tela Portugal\" \/>\n<meta property=\"article:published_time\" content=\"2026-04-09T18:47:13+00:00\" \/>\n<meta name=\"author\" content=\"Telinha\" \/>\n<meta name=\"twitter:card\" content=\"summary_large_image\" \/>\n<meta name=\"twitter:label1\" content=\"Escrito por\" \/>\n\t<meta name=\"twitter:data1\" content=\"Telinha\" \/>\n\t<meta name=\"twitter:label2\" content=\"Tempo estimado de leitura\" \/>\n\t<meta name=\"twitter:data2\" content=\"1 minuto\" \/>\n<script type=\"application\/ld+json\" class=\"yoast-schema-graph\">{\"@context\":\"https:\/\/schema.org\",\"@graph\":[{\"@type\":\"Article\",\"@id\":\"https:\/\/portaltela.pt\/noticias\/2026\/04\/09\/pedro-ferreira-e-vinicius-lopes-em-foco-rio-ave-nao-deve-poupar\/#article\",\"isPartOf\":{\"@id\":\"https:\/\/portaltela.pt\/noticias\/2026\/04\/09\/pedro-ferreira-e-vinicius-lopes-em-foco-rio-ave-nao-deve-poupar\/\"},\"author\":{\"name\":\"Telinha\",\"@id\":\"https:\/\/portaltela.pt\/#\/schema\/person\/c4278d4a6028830caff9ee44b42d32ed\"},\"headline\":\"Pedro Ferreira e Vin\u00edcius Lopes em foco; Rio Ave n\u00e3o deve poupar\",\"datePublished\":\"2026-04-09T18:47:13+00:00\",\"mainEntityOfPage\":{\"@id\":\"https:\/\/portaltela.pt\/noticias\/2026\/04\/09\/pedro-ferreira-e-vinicius-lopes-em-foco-rio-ave-nao-deve-poupar\/\"},\"wordCount\":235,\"image\":{\"@id\":\"https:\/\/portaltela.pt\/noticias\/2026\/04\/09\/pedro-ferreira-e-vinicius-lopes-em-foco-rio-ave-nao-deve-poupar\/#primaryimage\"},\"thumbnailUrl\":\"https:\/\/portaltela.pt\/s.01k8rhncp4jt1\/2026\/04\/img_920x518uu2025-11-18-20-52-16-2403567-im-639113594159670721.jpg\",\"keywords\":[\"1. Liga\",\"Cart\u00f5es amarelos\",\"futebol\",\"Liga Betclic\",\"Rio Ave\",\"Santa Clara\"],\"articleSection\":[\"Desporto\",\"Futebol\"],\"inLanguage\":\"pt-PT\"},{\"@type\":\"WebPage\",\"@id\":\"https:\/\/portaltela.pt\/noticias\/2026\/04\/09\/pedro-ferreira-e-vinicius-lopes-em-foco-rio-ave-nao-deve-poupar\/\",\"url\":\"https:\/\/portaltela.pt\/noticias\/2026\/04\/09\/pedro-ferreira-e-vinicius-lopes-em-foco-rio-ave-nao-deve-poupar\/\",\"name\":\"Pedro Ferreira e Vin\u00edcius Lopes em foco; Rio Ave n\u00e3o deve poupar - Portal Tela Portugal\",\"isPartOf\":{\"@id\":\"https:\/\/portaltela.pt\/#website\"},\"primaryImageOfPage\":{\"@id\":\"https:\/\/portaltela.pt\/noticias\/2026\/04\/09\/pedro-ferreira-e-vinicius-lopes-em-foco-rio-ave-nao-deve-poupar\/#primaryimage\"},\"image\":{\"@id\":\"https:\/\/portaltela.pt\/noticias\/2026\/04\/09\/pedro-ferreira-e-vinicius-lopes-em-foco-rio-ave-nao-deve-poupar\/#primaryimage\"},\"thumbnailUrl\":\"https:\/\/portaltela.pt\/s.01k8rhncp4jt1\/2026\/04\/img_920x518uu2025-11-18-20-52-16-2403567-im-639113594159670721.jpg\",\"datePublished\":\"2026-04-09T18:47:13+00:00\",\"author\":{\"@id\":\"https:\/\/portaltela.pt\/#\/schema\/person\/c4278d4a6028830caff9ee44b42d32ed\"},\"breadcrumb\":{\"@id\":\"https:\/\/portaltela.pt\/noticias\/2026\/04\/09\/pedro-ferreira-e-vinicius-lopes-em-foco-rio-ave-nao-deve-poupar\/#breadcrumb\"},\"inLanguage\":\"pt-PT\",\"potentialAction\":[{\"@type\":\"ReadAction\",\"target\":[\"https:\/\/portaltela.pt\/noticias\/2026\/04\/09\/pedro-ferreira-e-vinicius-lopes-em-foco-rio-ave-nao-deve-poupar\/\"]}]},{\"@type\":\"ImageObject\",\"inLanguage\":\"pt-PT\",\"@id\":\"https:\/\/portaltela.pt\/noticias\/2026\/04\/09\/pedro-ferreira-e-vinicius-lopes-em-foco-rio-ave-nao-deve-poupar\/#primaryimage\",\"url\":\"https:\/\/portaltela.pt\/s.01k8rhncp4jt1\/2026\/04\/img_920x518uu2025-11-18-20-52-16-2403567-im-639113594159670721.jpg\",\"contentUrl\":\"https:\/\/portaltela.pt\/s.01k8rhncp4jt1\/2026\/04\/img_920x518uu2025-11-18-20-52-16-2403567-im-639113594159670721.jpg\",\"width\":796,\"height\":448,\"caption\":\"Vin\u00edcius Lopes \u00e9 uma das figuras do Santa Clara\"},{\"@type\":\"BreadcrumbList\",\"@id\":\"https:\/\/portaltela.pt\/noticias\/2026\/04\/09\/pedro-ferreira-e-vinicius-lopes-em-foco-rio-ave-nao-deve-poupar\/#breadcrumb\",\"itemListElement\":[{\"@type\":\"ListItem\",\"position\":1,\"name\":\"In\u00edcio\",\"item\":\"https:\/\/portaltela.pt\/\"},{\"@type\":\"ListItem\",\"position\":2,\"name\":\"Pedro Ferreira e Vin\u00edcius Lopes em foco; Rio Ave n\u00e3o deve poupar\"}]},{\"@type\":\"WebSite\",\"@id\":\"https:\/\/portaltela.pt\/#website\",\"url\":\"https:\/\/portaltela.pt\/\",\"name\":\"Portal Tela Portugal\",\"description\":\"\",\"potentialAction\":[{\"@type\":\"SearchAction\",\"target\":{\"@type\":\"EntryPoint\",\"urlTemplate\":\"https:\/\/portaltela.pt\/?s={search_term_string}\"},\"query-input\":{\"@type\":\"PropertyValueSpecification\",\"valueRequired\":true,\"valueName\":\"search_term_string\"}}],\"inLanguage\":\"pt-PT\"},{\"@type\":\"Person\",\"@id\":\"https:\/\/portaltela.pt\/#\/schema\/person\/c4278d4a6028830caff9ee44b42d32ed\",\"name\":\"Telinha\",\"image\":{\"@type\":\"ImageObject\",\"inLanguage\":\"pt-PT\",\"@id\":\"https:\/\/portaltela.pt\/s.01k8rhncp4jt1\/2025\/11\/talking-bot-125x125.png\",\"url\":\"https:\/\/portaltela.pt\/s.01k8rhncp4jt1\/2025\/11\/talking-bot-125x125.png\",\"contentUrl\":\"https:\/\/portaltela.pt\/s.01k8rhncp4jt1\/2025\/11\/talking-bot-125x125.png\",\"caption\":\"Telinha\"},\"sameAs\":[\"https:\/\/portaltela.pt\/\"],\"url\":\"https:\/\/portaltela.pt\/por\/367410592786\/\"}]}<\/script>\n<!-- \/ Yoast SEO plugin. -->","yoast_head_json":{"title":"Pedro Ferreira e Vin\u00edcius Lopes em foco; Rio Ave n\u00e3o deve poupar - Portal Tela Portugal","robots":{"index":"index","follow":"follow","max-snippet":"max-snippet:-1","max-image-preview":"max-image-preview:large","max-video-preview":"max-video-preview:-1"},"og_locale":"pt_PT","og_type":"article","og_title":"Pedro Ferreira e Vin\u00edcius Lopes em foco; Rio Ave n\u00e3o deve poupar - Portal Tela Portugal","og_description":"Pedro Ferreira (quatro cart\u00f5es amarelos) e Vin\u00edcius Lopes (oito amarelos) est\u00e3o em risco de suspens\u00e3o, mas devem alinhar frente ao Rio Ave. A partida est\u00e1 marcada para s\u00e1bado, \u00e0s 18h00, na rece\u00e7\u00e3o ao Rio Ave. Mesmo em risco de ficar de fora da viagem a Casa Pia no dia 18 de maio, os dois devem atuar na jornada 29 da Liga Betclic, se n\u00e3o aberem cart\u00e3o. Ambos s\u00e3o pe\u00e7as importantes para o t\u00e9cnico Petit e devem permanecer no onze inicial. Vin\u00edcius Lopes \u00e9 o melhor marcador do Santa Clara nesta \u00e9poca, com nove golos.","og_url":"https:\/\/portaltela.pt\/noticias\/2026\/04\/09\/pedro-ferreira-e-vinicius-lopes-em-foco-rio-ave-nao-deve-poupar\/","og_site_name":"Portal Tela Portugal","article_published_time":"2026-04-09T18:47:13+00:00","author":"Telinha","twitter_card":"summary_large_image","twitter_misc":{"Escrito por":"Telinha","Tempo estimado de leitura":"1 minuto"},"schema":{"@context":"https:\/\/schema.org","@graph":[{"@type":"Article","@id":"https:\/\/portaltela.pt\/noticias\/2026\/04\/09\/pedro-ferreira-e-vinicius-lopes-em-foco-rio-ave-nao-deve-poupar\/#article","isPartOf":{"@id":"https:\/\/portaltela.pt\/noticias\/2026\/04\/09\/pedro-ferreira-e-vinicius-lopes-em-foco-rio-ave-nao-deve-poupar\/"},"author":{"name":"Telinha","@id":"https:\/\/portaltela.pt\/#\/schema\/person\/c4278d4a6028830caff9ee44b42d32ed"},"headline":"Pedro Ferreira e Vin\u00edcius Lopes em foco; Rio Ave n\u00e3o deve poupar","datePublished":"2026-04-09T18:47:13+00:00","mainEntityOfPage":{"@id":"https:\/\/portaltela.pt\/noticias\/2026\/04\/09\/pedro-ferreira-e-vinicius-lopes-em-foco-rio-ave-nao-deve-poupar\/"},"wordCount":235,"image":{"@id":"https:\/\/portaltela.pt\/noticias\/2026\/04\/09\/pedro-ferreira-e-vinicius-lopes-em-foco-rio-ave-nao-deve-poupar\/#primaryimage"},"thumbnailUrl":"https:\/\/portaltela.pt\/s.01k8rhncp4jt1\/2026\/04\/img_920x518uu2025-11-18-20-52-16-2403567-im-639113594159670721.jpg","keywords":["1. Liga","Cart\u00f5es amarelos","futebol","Liga Betclic","Rio Ave","Santa Clara"],"articleSection":["Desporto","Futebol"],"inLanguage":"pt-PT"},{"@type":"WebPage","@id":"https:\/\/portaltela.pt\/noticias\/2026\/04\/09\/pedro-ferreira-e-vinicius-lopes-em-foco-rio-ave-nao-deve-poupar\/","url":"https:\/\/portaltela.pt\/noticias\/2026\/04\/09\/pedro-ferreira-e-vinicius-lopes-em-foco-rio-ave-nao-deve-poupar\/","name":"Pedro Ferreira e Vin\u00edcius Lopes em foco; Rio Ave n\u00e3o deve poupar - Portal Tela Portugal","isPartOf":{"@id":"https:\/\/portaltela.pt\/#website"},"primaryImageOfPage":{"@id":"https:\/\/portaltela.pt\/noticias\/2026\/04\/09\/pedro-ferreira-e-vinicius-lopes-em-foco-rio-ave-nao-deve-poupar\/#primaryimage"},"image":{"@id":"https:\/\/portaltela.pt\/noticias\/2026\/04\/09\/pedro-ferreira-e-vinicius-lopes-em-foco-rio-ave-nao-deve-poupar\/#primaryimage"},"thumbnailUrl":"https:\/\/portaltela.pt\/s.01k8rhncp4jt1\/2026\/04\/img_920x518uu2025-11-18-20-52-16-2403567-im-639113594159670721.jpg","datePublished":"2026-04-09T18:47:13+00:00","author":{"@id":"https:\/\/portaltela.pt\/#\/schema\/person\/c4278d4a6028830caff9ee44b42d32ed"},"breadcrumb":{"@id":"https:\/\/portaltela.pt\/noticias\/2026\/04\/09\/pedro-ferreira-e-vinicius-lopes-em-foco-rio-ave-nao-deve-poupar\/#breadcrumb"},"inLanguage":"pt-PT","potentialAction":[{"@type":"ReadAction","target":["https:\/\/portaltela.pt\/noticias\/2026\/04\/09\/pedro-ferreira-e-vinicius-lopes-em-foco-rio-ave-nao-deve-poupar\/"]}]},{"@type":"ImageObject","inLanguage":"pt-PT","@id":"https:\/\/portaltela.pt\/noticias\/2026\/04\/09\/pedro-ferreira-e-vinicius-lopes-em-foco-rio-ave-nao-deve-poupar\/#primaryimage","url":"https:\/\/portaltela.pt\/s.01k8rhncp4jt1\/2026\/04\/img_920x518uu2025-11-18-20-52-16-2403567-im-639113594159670721.jpg","contentUrl":"https:\/\/portaltela.pt\/s.01k8rhncp4jt1\/2026\/04\/img_920x518uu2025-11-18-20-52-16-2403567-im-639113594159670721.jpg","width":796,"height":448,"caption":"Vin\u00edcius Lopes \u00e9 uma das figuras do Santa Clara"},{"@type":"BreadcrumbList","@id":"https:\/\/portaltela.pt\/noticias\/2026\/04\/09\/pedro-ferreira-e-vinicius-lopes-em-foco-rio-ave-nao-deve-poupar\/#breadcrumb","itemListElement":[{"@type":"ListItem","position":1,"name":"In\u00edcio","item":"https:\/\/portaltela.pt\/"},{"@type":"ListItem","position":2,"name":"Pedro Ferreira e Vin\u00edcius Lopes em foco; Rio Ave n\u00e3o deve poupar"}]},{"@type":"WebSite","@id":"https:\/\/portaltela.pt\/#website","url":"https:\/\/portaltela.pt\/","name":"Portal Tela Portugal","description":"","potentialAction":[{"@type":"SearchAction","target":{"@type":"EntryPoint","urlTemplate":"https:\/\/portaltela.pt\/?s={search_term_string}"},"query-input":{"@type":"PropertyValueSpecification","valueRequired":true,"valueName":"search_term_string"}}],"inLanguage":"pt-PT"},{"@type":"Person","@id":"https:\/\/portaltela.pt\/#\/schema\/person\/c4278d4a6028830caff9ee44b42d32ed","name":"Telinha","image":{"@type":"ImageObject","inLanguage":"pt-PT","@id":"https:\/\/portaltela.pt\/s.01k8rhncp4jt1\/2025\/11\/talking-bot-125x125.png","url":"https:\/\/portaltela.pt\/s.01k8rhncp4jt1\/2025\/11\/talking-bot-125x125.png","contentUrl":"https:\/\/portaltela.pt\/s.01k8rhncp4jt1\/2025\/11\/talking-bot-125x125.png","caption":"Telinha"},"sameAs":["https:\/\/portaltela.pt\/"],"url":"https:\/\/portaltela.pt\/por\/367410592786\/"}]}},"_links":{"self":[{"href":"https:\/\/portaltela.pt\/api\/wp\/v2\/posts\/438508","targetHints":{"allow":["GET"]}}],"collection":[{"href":"https:\/\/portaltela.pt\/api\/wp\/v2\/posts"}],"about":[{"href":"https:\/\/portaltela.pt\/api\/wp\/v2\/types\/post"}],"author":[{"embeddable":true,"href":"https:\/\/portaltela.pt\/api\/wp\/v2\/users\/2"}],"replies":[{"embeddable":true,"href":"https:\/\/portaltela.pt\/api\/wp\/v2\/comments?post=438508"}],"version-history":[{"count":0,"href":"https:\/\/portaltela.pt\/api\/wp\/v2\/posts\/438508\/revisions"}],"wp:featuredmedia":[{"embeddable":true,"href":"https:\/\/portaltela.pt\/api\/wp\/v2\/media\/438512"}],"wp:attachment":[{"href":"https:\/\/portaltela.pt\/api\/wp\/v2\/media?parent=438508"}],"wp:term":[{"taxonomy":"category","embeddable":true,"href":"https:\/\/portaltela.pt\/api\/wp\/v2\/categories?post=438508"},{"taxonomy":"post_tag","embeddable":true,"href":"https:\/\/portaltela.pt\/api\/wp\/v2\/tags?post=438508"}],"curies":[{"name":"wp","href":"https:\/\/api.w.org\/{rel}","templated":true}]}}