{"id":438485,"date":"2026-04-09T15:32:30","date_gmt":"2026-04-09T18:32:30","guid":{"rendered":"https:\/\/portaltela.pt\/noticias\/2026\/04\/09\/vitor-pereira-recebe-a-ovacao-dos-portistas-ao-recordar-os-primeiros-passos\/"},"modified":"2026-04-09T15:32:30","modified_gmt":"2026-04-09T18:32:30","slug":"vitor-pereira-recebe-a-ovacao-dos-portistas-ao-recordar-os-primeiros-passos","status":"publish","type":"post","link":"https:\/\/portaltela.pt\/desporto\/futebol\/2026\/04\/09\/vitor-pereira-recebe-a-ovacao-dos-portistas-ao-recordar-os-primeiros-passos\/","title":{"rendered":"V\u00edtor Pereira recebe a ova\u00e7\u00e3o dos portistas ao recordar os primeiros passos"},"content":{"rendered":"<p>O treinador V\u00edtor Pereira foi aplaudido pelos adeptos do FC Porto no Est\u00e1dio do Drag\u00e3o, antes do jogo com o Nottingham, a contar para a primeira m\u00e3o dos quartos de final da Liga Europa. A ova\u00e7\u00e3o surgiu durante a passagem pelo relvado, em honra de momentos iniciais da carreira e do apoio recebido pelo clube. O momento foi descrito por Pereira como uma fonte de satisfa\u00e7\u00e3o pessoal.<\/p>\n<p>Antes de insistir no foco competitivo, o t\u00e9cnico sublinhou que a prioridade do Nottingham \u00e9 manter a participa\u00e7\u00e3o na Premier League. Revelou ainda que a ova\u00e7\u00e3o de Porto o deixou emocionado e agradecido, destacando a import\u00e2ncia de desfrutar o percurso sem perder de vista o rendimento em campo.<\/p>\n<p>Pereira explicou que o plantel \u00e9 reformulado a cada jogo para responder aos objetivos do clube ingl\u00eas. A t\u00edtulo de exemplo, referiu que o contexto atual obriga a seleccionar uma equipa com v\u00e1rias altera\u00e7\u00f5es, dada a exig\u00eancia de um pr\u00f3ximo desafio frente ao Aston Villa. A Liga Europa mant\u00e9m a sua atra\u00e7\u00e3o, mas a perman\u00eancia na Premier League segue como prioridade.<\/p>\n<h3>Estrutura e ideias para o jogo<\/h3>\n<p>O t\u00e9cnico manteve a linha de que n\u00e3o basta vencer de forma conservadora; \u00e9 essencial que a equipa chegue ao final do encontro com orgulho no desempenho, independentemente do resultado. Aduz que o colectivo precisa de jogar sem medo, ser fiel ao seu estilo e demonstrar energia positiva.<\/p>\n<p>Relativamente \u00e0 adapta\u00e7\u00e3o t\u00e1tica, Pereira disse que podem coexistir duas estruturas no meio-campo, com mudan\u00e7as entre jogos ou dentro do pr\u00f3prio encontro. A ideia \u00e9 ajustar-se ao advers\u00e1rio mantendo a capacidade de controlar o meio-campo e explorar superioridade num\u00e9rica quando for vi\u00e1vel.<\/p>\n<p>A comunica\u00e7\u00e3o com os jogadores refor\u00e7ou-se como elemento central, com o t\u00e9cnico a defender que a prepara\u00e7\u00e3o pr\u00e1tica \u00e9 determinante para o desempenho. O objetivo \u00e9 apresentar uma equipa equilibrada, competitiva e com vis\u00e3o clara para o duelo contra o Nottingham.<\/p>\n","protected":false},"excerpt":{"rendered":"<ul>\n<li>O treinador do Nottingham Forest, V\u00edtor Pereira, foi ovacionado no Est\u00e1dio do Drag\u00e3o antes do FC Porto-Nottingham, ficou emocionado com o reconhecimento.<\/li>\n<li>Em declara\u00e7\u00f5es \u00e0 Sport TV, disse que o objetivo \u00e9 garantir a perman\u00eancia do clube na Premier League.<\/li>\n<li>Detalhou que, com o tempo, est\u00e1 mais leve e que pretende desfrutar o momento, mantendo respeito pelos adeptos e pelo clube.<\/li>\n<li>Justificou v\u00e1rias altera\u00e7\u00f5es no onze, porque h\u00e1 jogo com o Aston Villa em tr\u00eas dias e a prioridade \u00e9 a manuten\u00e7\u00e3o na liga.<\/li>\n<li>Afirmou que tem duas estruturas no meio-campo para adaptar o jogo conforme necess\u00e1rio e que o objetivo \u00e9 jogar bem e sair do jogo orgulhoso.<\/li>\n<\/ul>\n","protected":false},"author":2,"featured_media":438492,"comment_status":"closed","ping_status":"closed","sticky":false,"template":"","format":"standard","meta":{"footnotes":""},"categories":[21,24],"tags":[5625,152,5544,32,982],"class_list":["post-438485","post","type-post","status-publish","format-standard","has-post-thumbnail","hentry","category-desporto","category-futebol","tag-aston-villa","tag-desporto","tag-europa-league","tag-futebol","tag-porto"],"yoast_head":"<!-- This site is optimized with the Yoast SEO plugin v27.2 - https:\/\/yoast.com\/product\/yoast-seo-wordpress\/ -->\n<title>V\u00edtor Pereira recebe a ova\u00e7\u00e3o dos portistas ao recordar os primeiros passos - Portal Tela Portugal<\/title>\n<meta name=\"robots\" content=\"index, follow, max-snippet:-1, max-image-preview:large, max-video-preview:-1\" \/>\n<meta property=\"og:locale\" content=\"pt_PT\" \/>\n<meta property=\"og:type\" content=\"article\" \/>\n<meta property=\"og:title\" content=\"V\u00edtor Pereira recebe a ova\u00e7\u00e3o dos portistas ao recordar os primeiros passos - Portal Tela Portugal\" \/>\n<meta property=\"og:description\" content=\"O treinador do Nottingham Forest, V\u00edtor Pereira, foi ovacionado no Est\u00e1dio do Drag\u00e3o antes do FC Porto-Nottingham, ficou emocionado com o reconhecimento. Em declara\u00e7\u00f5es \u00e0 Sport TV, disse que o objetivo \u00e9 garantir a perman\u00eancia do clube na Premier League. Detalhou que, com o tempo, est\u00e1 mais leve e que pretende desfrutar o momento, mantendo respeito pelos adeptos e pelo clube. Justificou v\u00e1rias altera\u00e7\u00f5es no onze, porque h\u00e1 jogo com o Aston Villa em tr\u00eas dias e a prioridade \u00e9 a manuten\u00e7\u00e3o na liga. Afirmou que tem duas estruturas no meio-campo para adaptar o jogo conforme necess\u00e1rio e que o objetivo \u00e9 jogar bem e sair do jogo orgulhoso.\" \/>\n<meta property=\"og:url\" content=\"https:\/\/portaltela.pt\/noticias\/2026\/04\/09\/vitor-pereira-recebe-a-ovacao-dos-portistas-ao-recordar-os-primeiros-passos\/\" \/>\n<meta property=\"og:site_name\" content=\"Portal Tela Portugal\" \/>\n<meta property=\"article:published_time\" content=\"2026-04-09T18:32:30+00:00\" \/>\n<meta name=\"author\" content=\"Telinha\" \/>\n<meta name=\"twitter:card\" content=\"summary_large_image\" \/>\n<meta name=\"twitter:label1\" content=\"Escrito por\" \/>\n\t<meta name=\"twitter:data1\" content=\"Telinha\" \/>\n\t<meta name=\"twitter:label2\" content=\"Tempo estimado de leitura\" \/>\n\t<meta name=\"twitter:data2\" content=\"2 minutos\" \/>\n<script type=\"application\/ld+json\" class=\"yoast-schema-graph\">{\"@context\":\"https:\/\/schema.org\",\"@graph\":[{\"@type\":\"Article\",\"@id\":\"https:\/\/portaltela.pt\/noticias\/2026\/04\/09\/vitor-pereira-recebe-a-ovacao-dos-portistas-ao-recordar-os-primeiros-passos\/#article\",\"isPartOf\":{\"@id\":\"https:\/\/portaltela.pt\/noticias\/2026\/04\/09\/vitor-pereira-recebe-a-ovacao-dos-portistas-ao-recordar-os-primeiros-passos\/\"},\"author\":{\"name\":\"Telinha\",\"@id\":\"https:\/\/portaltela.pt\/#\/schema\/person\/c4278d4a6028830caff9ee44b42d32ed\"},\"headline\":\"V\u00edtor Pereira recebe a ova\u00e7\u00e3o dos portistas ao recordar os primeiros passos\",\"datePublished\":\"2026-04-09T18:32:30+00:00\",\"mainEntityOfPage\":{\"@id\":\"https:\/\/portaltela.pt\/noticias\/2026\/04\/09\/vitor-pereira-recebe-a-ovacao-dos-portistas-ao-recordar-os-primeiros-passos\/\"},\"wordCount\":354,\"image\":{\"@id\":\"https:\/\/portaltela.pt\/noticias\/2026\/04\/09\/vitor-pereira-recebe-a-ovacao-dos-portistas-ao-recordar-os-primeiros-passos\/#primaryimage\"},\"thumbnailUrl\":\"https:\/\/portaltela.pt\/s.01k8rhncp4jt1\/2026\/04\/img_1200x721uu2026-04-09-19-22-20-2432043-im-639113593640170563.jpg\",\"keywords\":[\"Aston Villa\",\"desporto\",\"Europa League\",\"futebol\",\"Porto\"],\"articleSection\":[\"Desporto\",\"Futebol\"],\"inLanguage\":\"pt-PT\"},{\"@type\":\"WebPage\",\"@id\":\"https:\/\/portaltela.pt\/noticias\/2026\/04\/09\/vitor-pereira-recebe-a-ovacao-dos-portistas-ao-recordar-os-primeiros-passos\/\",\"url\":\"https:\/\/portaltela.pt\/noticias\/2026\/04\/09\/vitor-pereira-recebe-a-ovacao-dos-portistas-ao-recordar-os-primeiros-passos\/\",\"name\":\"V\u00edtor Pereira recebe a ova\u00e7\u00e3o dos portistas ao recordar os primeiros passos - Portal Tela Portugal\",\"isPartOf\":{\"@id\":\"https:\/\/portaltela.pt\/#website\"},\"primaryImageOfPage\":{\"@id\":\"https:\/\/portaltela.pt\/noticias\/2026\/04\/09\/vitor-pereira-recebe-a-ovacao-dos-portistas-ao-recordar-os-primeiros-passos\/#primaryimage\"},\"image\":{\"@id\":\"https:\/\/portaltela.pt\/noticias\/2026\/04\/09\/vitor-pereira-recebe-a-ovacao-dos-portistas-ao-recordar-os-primeiros-passos\/#primaryimage\"},\"thumbnailUrl\":\"https:\/\/portaltela.pt\/s.01k8rhncp4jt1\/2026\/04\/img_1200x721uu2026-04-09-19-22-20-2432043-im-639113593640170563.jpg\",\"datePublished\":\"2026-04-09T18:32:30+00:00\",\"author\":{\"@id\":\"https:\/\/portaltela.pt\/#\/schema\/person\/c4278d4a6028830caff9ee44b42d32ed\"},\"breadcrumb\":{\"@id\":\"https:\/\/portaltela.pt\/noticias\/2026\/04\/09\/vitor-pereira-recebe-a-ovacao-dos-portistas-ao-recordar-os-primeiros-passos\/#breadcrumb\"},\"inLanguage\":\"pt-PT\",\"potentialAction\":[{\"@type\":\"ReadAction\",\"target\":[\"https:\/\/portaltela.pt\/noticias\/2026\/04\/09\/vitor-pereira-recebe-a-ovacao-dos-portistas-ao-recordar-os-primeiros-passos\/\"]}]},{\"@type\":\"ImageObject\",\"inLanguage\":\"pt-PT\",\"@id\":\"https:\/\/portaltela.pt\/noticias\/2026\/04\/09\/vitor-pereira-recebe-a-ovacao-dos-portistas-ao-recordar-os-primeiros-passos\/#primaryimage\",\"url\":\"https:\/\/portaltela.pt\/s.01k8rhncp4jt1\/2026\/04\/img_1200x721uu2026-04-09-19-22-20-2432043-im-639113593640170563.jpg\",\"contentUrl\":\"https:\/\/portaltela.pt\/s.01k8rhncp4jt1\/2026\/04\/img_1200x721uu2026-04-09-19-22-20-2432043-im-639113593640170563.jpg\",\"width\":796,\"height\":448,\"caption\":\"Photo\"},{\"@type\":\"BreadcrumbList\",\"@id\":\"https:\/\/portaltela.pt\/noticias\/2026\/04\/09\/vitor-pereira-recebe-a-ovacao-dos-portistas-ao-recordar-os-primeiros-passos\/#breadcrumb\",\"itemListElement\":[{\"@type\":\"ListItem\",\"position\":1,\"name\":\"In\u00edcio\",\"item\":\"https:\/\/portaltela.pt\/\"},{\"@type\":\"ListItem\",\"position\":2,\"name\":\"V\u00edtor Pereira recebe a ova\u00e7\u00e3o dos portistas ao recordar os primeiros passos\"}]},{\"@type\":\"WebSite\",\"@id\":\"https:\/\/portaltela.pt\/#website\",\"url\":\"https:\/\/portaltela.pt\/\",\"name\":\"Portal Tela Portugal\",\"description\":\"\",\"potentialAction\":[{\"@type\":\"SearchAction\",\"target\":{\"@type\":\"EntryPoint\",\"urlTemplate\":\"https:\/\/portaltela.pt\/?s={search_term_string}\"},\"query-input\":{\"@type\":\"PropertyValueSpecification\",\"valueRequired\":true,\"valueName\":\"search_term_string\"}}],\"inLanguage\":\"pt-PT\"},{\"@type\":\"Person\",\"@id\":\"https:\/\/portaltela.pt\/#\/schema\/person\/c4278d4a6028830caff9ee44b42d32ed\",\"name\":\"Telinha\",\"image\":{\"@type\":\"ImageObject\",\"inLanguage\":\"pt-PT\",\"@id\":\"https:\/\/portaltela.pt\/s.01k8rhncp4jt1\/2025\/11\/talking-bot-125x125.png\",\"url\":\"https:\/\/portaltela.pt\/s.01k8rhncp4jt1\/2025\/11\/talking-bot-125x125.png\",\"contentUrl\":\"https:\/\/portaltela.pt\/s.01k8rhncp4jt1\/2025\/11\/talking-bot-125x125.png\",\"caption\":\"Telinha\"},\"sameAs\":[\"https:\/\/portaltela.pt\/\"],\"url\":\"https:\/\/portaltela.pt\/por\/367410592786\/\"}]}<\/script>\n<!-- \/ Yoast SEO plugin. -->","yoast_head_json":{"title":"V\u00edtor Pereira recebe a ova\u00e7\u00e3o dos portistas ao recordar os primeiros passos - Portal Tela Portugal","robots":{"index":"index","follow":"follow","max-snippet":"max-snippet:-1","max-image-preview":"max-image-preview:large","max-video-preview":"max-video-preview:-1"},"og_locale":"pt_PT","og_type":"article","og_title":"V\u00edtor Pereira recebe a ova\u00e7\u00e3o dos portistas ao recordar os primeiros passos - Portal Tela Portugal","og_description":"O treinador do Nottingham Forest, V\u00edtor Pereira, foi ovacionado no Est\u00e1dio do Drag\u00e3o antes do FC Porto-Nottingham, ficou emocionado com o reconhecimento. Em declara\u00e7\u00f5es \u00e0 Sport TV, disse que o objetivo \u00e9 garantir a perman\u00eancia do clube na Premier League. Detalhou que, com o tempo, est\u00e1 mais leve e que pretende desfrutar o momento, mantendo respeito pelos adeptos e pelo clube. Justificou v\u00e1rias altera\u00e7\u00f5es no onze, porque h\u00e1 jogo com o Aston Villa em tr\u00eas dias e a prioridade \u00e9 a manuten\u00e7\u00e3o na liga. Afirmou que tem duas estruturas no meio-campo para adaptar o jogo conforme necess\u00e1rio e que o objetivo \u00e9 jogar bem e sair do jogo orgulhoso.","og_url":"https:\/\/portaltela.pt\/noticias\/2026\/04\/09\/vitor-pereira-recebe-a-ovacao-dos-portistas-ao-recordar-os-primeiros-passos\/","og_site_name":"Portal Tela Portugal","article_published_time":"2026-04-09T18:32:30+00:00","author":"Telinha","twitter_card":"summary_large_image","twitter_misc":{"Escrito por":"Telinha","Tempo estimado de leitura":"2 minutos"},"schema":{"@context":"https:\/\/schema.org","@graph":[{"@type":"Article","@id":"https:\/\/portaltela.pt\/noticias\/2026\/04\/09\/vitor-pereira-recebe-a-ovacao-dos-portistas-ao-recordar-os-primeiros-passos\/#article","isPartOf":{"@id":"https:\/\/portaltela.pt\/noticias\/2026\/04\/09\/vitor-pereira-recebe-a-ovacao-dos-portistas-ao-recordar-os-primeiros-passos\/"},"author":{"name":"Telinha","@id":"https:\/\/portaltela.pt\/#\/schema\/person\/c4278d4a6028830caff9ee44b42d32ed"},"headline":"V\u00edtor Pereira recebe a ova\u00e7\u00e3o dos portistas ao recordar os primeiros passos","datePublished":"2026-04-09T18:32:30+00:00","mainEntityOfPage":{"@id":"https:\/\/portaltela.pt\/noticias\/2026\/04\/09\/vitor-pereira-recebe-a-ovacao-dos-portistas-ao-recordar-os-primeiros-passos\/"},"wordCount":354,"image":{"@id":"https:\/\/portaltela.pt\/noticias\/2026\/04\/09\/vitor-pereira-recebe-a-ovacao-dos-portistas-ao-recordar-os-primeiros-passos\/#primaryimage"},"thumbnailUrl":"https:\/\/portaltela.pt\/s.01k8rhncp4jt1\/2026\/04\/img_1200x721uu2026-04-09-19-22-20-2432043-im-639113593640170563.jpg","keywords":["Aston Villa","desporto","Europa League","futebol","Porto"],"articleSection":["Desporto","Futebol"],"inLanguage":"pt-PT"},{"@type":"WebPage","@id":"https:\/\/portaltela.pt\/noticias\/2026\/04\/09\/vitor-pereira-recebe-a-ovacao-dos-portistas-ao-recordar-os-primeiros-passos\/","url":"https:\/\/portaltela.pt\/noticias\/2026\/04\/09\/vitor-pereira-recebe-a-ovacao-dos-portistas-ao-recordar-os-primeiros-passos\/","name":"V\u00edtor Pereira recebe a ova\u00e7\u00e3o dos portistas ao recordar os primeiros passos - Portal Tela Portugal","isPartOf":{"@id":"https:\/\/portaltela.pt\/#website"},"primaryImageOfPage":{"@id":"https:\/\/portaltela.pt\/noticias\/2026\/04\/09\/vitor-pereira-recebe-a-ovacao-dos-portistas-ao-recordar-os-primeiros-passos\/#primaryimage"},"image":{"@id":"https:\/\/portaltela.pt\/noticias\/2026\/04\/09\/vitor-pereira-recebe-a-ovacao-dos-portistas-ao-recordar-os-primeiros-passos\/#primaryimage"},"thumbnailUrl":"https:\/\/portaltela.pt\/s.01k8rhncp4jt1\/2026\/04\/img_1200x721uu2026-04-09-19-22-20-2432043-im-639113593640170563.jpg","datePublished":"2026-04-09T18:32:30+00:00","author":{"@id":"https:\/\/portaltela.pt\/#\/schema\/person\/c4278d4a6028830caff9ee44b42d32ed"},"breadcrumb":{"@id":"https:\/\/portaltela.pt\/noticias\/2026\/04\/09\/vitor-pereira-recebe-a-ovacao-dos-portistas-ao-recordar-os-primeiros-passos\/#breadcrumb"},"inLanguage":"pt-PT","potentialAction":[{"@type":"ReadAction","target":["https:\/\/portaltela.pt\/noticias\/2026\/04\/09\/vitor-pereira-recebe-a-ovacao-dos-portistas-ao-recordar-os-primeiros-passos\/"]}]},{"@type":"ImageObject","inLanguage":"pt-PT","@id":"https:\/\/portaltela.pt\/noticias\/2026\/04\/09\/vitor-pereira-recebe-a-ovacao-dos-portistas-ao-recordar-os-primeiros-passos\/#primaryimage","url":"https:\/\/portaltela.pt\/s.01k8rhncp4jt1\/2026\/04\/img_1200x721uu2026-04-09-19-22-20-2432043-im-639113593640170563.jpg","contentUrl":"https:\/\/portaltela.pt\/s.01k8rhncp4jt1\/2026\/04\/img_1200x721uu2026-04-09-19-22-20-2432043-im-639113593640170563.jpg","width":796,"height":448,"caption":"Photo"},{"@type":"BreadcrumbList","@id":"https:\/\/portaltela.pt\/noticias\/2026\/04\/09\/vitor-pereira-recebe-a-ovacao-dos-portistas-ao-recordar-os-primeiros-passos\/#breadcrumb","itemListElement":[{"@type":"ListItem","position":1,"name":"In\u00edcio","item":"https:\/\/portaltela.pt\/"},{"@type":"ListItem","position":2,"name":"V\u00edtor Pereira recebe a ova\u00e7\u00e3o dos portistas ao recordar os primeiros passos"}]},{"@type":"WebSite","@id":"https:\/\/portaltela.pt\/#website","url":"https:\/\/portaltela.pt\/","name":"Portal Tela Portugal","description":"","potentialAction":[{"@type":"SearchAction","target":{"@type":"EntryPoint","urlTemplate":"https:\/\/portaltela.pt\/?s={search_term_string}"},"query-input":{"@type":"PropertyValueSpecification","valueRequired":true,"valueName":"search_term_string"}}],"inLanguage":"pt-PT"},{"@type":"Person","@id":"https:\/\/portaltela.pt\/#\/schema\/person\/c4278d4a6028830caff9ee44b42d32ed","name":"Telinha","image":{"@type":"ImageObject","inLanguage":"pt-PT","@id":"https:\/\/portaltela.pt\/s.01k8rhncp4jt1\/2025\/11\/talking-bot-125x125.png","url":"https:\/\/portaltela.pt\/s.01k8rhncp4jt1\/2025\/11\/talking-bot-125x125.png","contentUrl":"https:\/\/portaltela.pt\/s.01k8rhncp4jt1\/2025\/11\/talking-bot-125x125.png","caption":"Telinha"},"sameAs":["https:\/\/portaltela.pt\/"],"url":"https:\/\/portaltela.pt\/por\/367410592786\/"}]}},"_links":{"self":[{"href":"https:\/\/portaltela.pt\/api\/wp\/v2\/posts\/438485","targetHints":{"allow":["GET"]}}],"collection":[{"href":"https:\/\/portaltela.pt\/api\/wp\/v2\/posts"}],"about":[{"href":"https:\/\/portaltela.pt\/api\/wp\/v2\/types\/post"}],"author":[{"embeddable":true,"href":"https:\/\/portaltela.pt\/api\/wp\/v2\/users\/2"}],"replies":[{"embeddable":true,"href":"https:\/\/portaltela.pt\/api\/wp\/v2\/comments?post=438485"}],"version-history":[{"count":0,"href":"https:\/\/portaltela.pt\/api\/wp\/v2\/posts\/438485\/revisions"}],"wp:featuredmedia":[{"embeddable":true,"href":"https:\/\/portaltela.pt\/api\/wp\/v2\/media\/438492"}],"wp:attachment":[{"href":"https:\/\/portaltela.pt\/api\/wp\/v2\/media?parent=438485"}],"wp:term":[{"taxonomy":"category","embeddable":true,"href":"https:\/\/portaltela.pt\/api\/wp\/v2\/categories?post=438485"},{"taxonomy":"post_tag","embeddable":true,"href":"https:\/\/portaltela.pt\/api\/wp\/v2\/tags?post=438485"}],"curies":[{"name":"wp","href":"https:\/\/api.w.org\/{rel}","templated":true}]}}