{"id":438461,"date":"2026-04-09T15:17:33","date_gmt":"2026-04-09T18:17:33","guid":{"rendered":"https:\/\/portaltela.pt\/noticias\/2026\/04\/09\/relatorio-do-conselho-de-disciplina-regista-bate-boca-entre-casa-pia-e-benfica\/"},"modified":"2026-04-09T15:17:33","modified_gmt":"2026-04-09T18:17:33","slug":"relatorio-do-conselho-de-disciplina-regista-bate-boca-entre-casa-pia-e-benfica","status":"publish","type":"post","link":"https:\/\/portaltela.pt\/desporto\/futebol\/2026\/04\/09\/relatorio-do-conselho-de-disciplina-regista-bate-boca-entre-casa-pia-e-benfica\/","title":{"rendered":"Relat\u00f3rio do Conselho de Disciplina regista bate-boca entre Casa Pia e Benfica"},"content":{"rendered":"<p>O empate entre Casa Pia e Benfica (1-1) ficou marcado por tens\u00e3o junto aos bancos. O incidente envolveu Marco Aur\u00e9lio Santos, diretor para o futebol do Casa Pia, e Pedro Machado, adjunto do clube rival, e consta no relat\u00f3rio do \u00e1rbitro H\u00e9lder Carvalho da AF Santar\u00e9m.<\/p>\n<p>Segundo o relat\u00f3rio, Marco Santos teria avan\u00e7ado da \u00e1rea t\u00e9cnica com uma bola para entregar ao quarto \u00e1rbitro, momento em que Pedro Machado tentou retirar a bola, proferindo palavras insultuosas. A troca de palavras escalou para um conflito entre elementos dos bancos.<\/p>\n<p>Na sequ\u00eancia, o Conselho de Disciplina aplicou multas: Marco Aur\u00e9lio Santos ficou sujeito a 1428 euros e Pedro Machado a 2040 euros. A defesa de Santos alegou que houve provoca\u00e7\u00e3o e contacto f\u00edsico do advers\u00e1rio, o que, segundo v\u00eddeo juntado aos autos, teria motivado a rea\u00e7\u00e3o. O Conselho manteve a descri\u00e7\u00e3o inicial, considerando que houve conflito na zona t\u00e9cnica.<\/p>\n<h3>Decis\u00e3o disciplinar<\/h3>\n<p>Apesar da defesa, o \u00f3rg\u00e3o disciplinar manteve a factualidade apresentada no relat\u00f3rio do \u00e1rbitro, com base nas imagens dispon\u00edveis e na an\u00e1lise do caso, seguindo o Regulamento Disciplinar da LPFP. N\u00e3o houve reavalia\u00e7\u00e3o da culpa em fun\u00e7\u00e3o de provoca\u00e7\u00f5es externas.<\/p>\n","protected":false},"excerpt":{"rendered":"<ul>\n<li>O Casa Pia e o Benfica empataram a uma bola, em jogo com momentos de tens\u00e3o junto aos bancos de suplentes.<\/li>\n<li>Marco Aur\u00e9lio Santos, diretor de futebol do Casa Pia, e Pedro Machado, adjunto do Benfica, estiveram envolvidos num bate-boca registado no relat\u00f3rio do \u00e1rbitro.<\/li>\n<li>O incidente envolveu Marco Santos a tentar entregar a bola ao quarto \u00e1rbitro, e Pedro Machado a tentar tirar-lhe a bola, com troca de palavras entre ambos.<\/li>\n<li>O Conselho de Disciplina multou Marco Aur\u00e9lio Santos em 1.428 euros e Pedro Machado em 2.040 euros.<\/li>\n<li>A defesa de Marco Aur\u00e9lio Santos alegou que houve provoca\u00e7\u00e3o e contacto f\u00edsico de terceiros, mas o Conselho manteve a factualidade descrita no relat\u00f3rio arbitral.<\/li>\n<\/ul>\n","protected":false},"author":2,"featured_media":438462,"comment_status":"closed","ping_status":"closed","sticky":false,"template":"","format":"standard","meta":{"footnotes":""},"categories":[21,24],"tags":[7755,4143,152,7182],"class_list":["post-438461","post","type-post","status-publish","format-standard","has-post-thumbnail","hentry","category-desporto","category-futebol","tag-_futebol","tag-1-liga","tag-desporto","tag-disciplinas"],"yoast_head":"<!-- This site is optimized with the Yoast SEO plugin v27.2 - https:\/\/yoast.com\/product\/yoast-seo-wordpress\/ -->\n<title>Relat\u00f3rio do Conselho de Disciplina regista bate-boca entre Casa Pia e Benfica - Portal Tela Portugal<\/title>\n<meta name=\"robots\" content=\"index, follow, max-snippet:-1, max-image-preview:large, max-video-preview:-1\" \/>\n<meta property=\"og:locale\" content=\"pt_PT\" \/>\n<meta property=\"og:type\" content=\"article\" \/>\n<meta property=\"og:title\" content=\"Relat\u00f3rio do Conselho de Disciplina regista bate-boca entre Casa Pia e Benfica - Portal Tela Portugal\" \/>\n<meta property=\"og:description\" content=\"O Casa Pia e o Benfica empataram a uma bola, em jogo com momentos de tens\u00e3o junto aos bancos de suplentes. Marco Aur\u00e9lio Santos, diretor de futebol do Casa Pia, e Pedro Machado, adjunto do Benfica, estiveram envolvidos num bate-boca registado no relat\u00f3rio do \u00e1rbitro. O incidente envolveu Marco Santos a tentar entregar a bola ao quarto \u00e1rbitro, e Pedro Machado a tentar tirar-lhe a bola, com troca de palavras entre ambos. O Conselho de Disciplina multou Marco Aur\u00e9lio Santos em 1.428 euros e Pedro Machado em 2.040 euros. A defesa de Marco Aur\u00e9lio Santos alegou que houve provoca\u00e7\u00e3o e contacto f\u00edsico de terceiros, mas o Conselho manteve a factualidade descrita no relat\u00f3rio arbitral.\" \/>\n<meta property=\"og:url\" content=\"https:\/\/portaltela.pt\/noticias\/2026\/04\/09\/relatorio-do-conselho-de-disciplina-regista-bate-boca-entre-casa-pia-e-benfica\/\" \/>\n<meta property=\"og:site_name\" content=\"Portal Tela Portugal\" \/>\n<meta property=\"article:published_time\" content=\"2026-04-09T18:17:33+00:00\" \/>\n<meta name=\"author\" content=\"Telinha\" \/>\n<meta name=\"twitter:card\" content=\"summary_large_image\" \/>\n<meta name=\"twitter:label1\" content=\"Escrito por\" \/>\n\t<meta name=\"twitter:data1\" content=\"Telinha\" \/>\n\t<meta name=\"twitter:label2\" content=\"Tempo estimado de leitura\" \/>\n\t<meta name=\"twitter:data2\" content=\"1 minuto\" \/>\n<script type=\"application\/ld+json\" class=\"yoast-schema-graph\">{\"@context\":\"https:\/\/schema.org\",\"@graph\":[{\"@type\":\"Article\",\"@id\":\"https:\/\/portaltela.pt\/noticias\/2026\/04\/09\/relatorio-do-conselho-de-disciplina-regista-bate-boca-entre-casa-pia-e-benfica\/#article\",\"isPartOf\":{\"@id\":\"https:\/\/portaltela.pt\/noticias\/2026\/04\/09\/relatorio-do-conselho-de-disciplina-regista-bate-boca-entre-casa-pia-e-benfica\/\"},\"author\":{\"name\":\"Telinha\",\"@id\":\"https:\/\/portaltela.pt\/#\/schema\/person\/c4278d4a6028830caff9ee44b42d32ed\"},\"headline\":\"Relat\u00f3rio do Conselho de Disciplina regista bate-boca entre Casa Pia e Benfica\",\"datePublished\":\"2026-04-09T18:17:33+00:00\",\"mainEntityOfPage\":{\"@id\":\"https:\/\/portaltela.pt\/noticias\/2026\/04\/09\/relatorio-do-conselho-de-disciplina-regista-bate-boca-entre-casa-pia-e-benfica\/\"},\"wordCount\":226,\"image\":{\"@id\":\"https:\/\/portaltela.pt\/noticias\/2026\/04\/09\/relatorio-do-conselho-de-disciplina-regista-bate-boca-entre-casa-pia-e-benfica\/#primaryimage\"},\"thumbnailUrl\":\"https:\/\/portaltela.pt\/s.01k8rhncp4jt1\/2026\/04\/img_1200x721uu2026-04-09-19-12-56-2432041-im-639113588069678516.jpg\",\"keywords\":[\"_futebol\",\"1. Liga\",\"desporto\",\"disciplinas\"],\"articleSection\":[\"Desporto\",\"Futebol\"],\"inLanguage\":\"pt-PT\"},{\"@type\":\"WebPage\",\"@id\":\"https:\/\/portaltela.pt\/noticias\/2026\/04\/09\/relatorio-do-conselho-de-disciplina-regista-bate-boca-entre-casa-pia-e-benfica\/\",\"url\":\"https:\/\/portaltela.pt\/noticias\/2026\/04\/09\/relatorio-do-conselho-de-disciplina-regista-bate-boca-entre-casa-pia-e-benfica\/\",\"name\":\"Relat\u00f3rio do Conselho de Disciplina regista bate-boca entre Casa Pia e Benfica - Portal Tela Portugal\",\"isPartOf\":{\"@id\":\"https:\/\/portaltela.pt\/#website\"},\"primaryImageOfPage\":{\"@id\":\"https:\/\/portaltela.pt\/noticias\/2026\/04\/09\/relatorio-do-conselho-de-disciplina-regista-bate-boca-entre-casa-pia-e-benfica\/#primaryimage\"},\"image\":{\"@id\":\"https:\/\/portaltela.pt\/noticias\/2026\/04\/09\/relatorio-do-conselho-de-disciplina-regista-bate-boca-entre-casa-pia-e-benfica\/#primaryimage\"},\"thumbnailUrl\":\"https:\/\/portaltela.pt\/s.01k8rhncp4jt1\/2026\/04\/img_1200x721uu2026-04-09-19-12-56-2432041-im-639113588069678516.jpg\",\"datePublished\":\"2026-04-09T18:17:33+00:00\",\"author\":{\"@id\":\"https:\/\/portaltela.pt\/#\/schema\/person\/c4278d4a6028830caff9ee44b42d32ed\"},\"breadcrumb\":{\"@id\":\"https:\/\/portaltela.pt\/noticias\/2026\/04\/09\/relatorio-do-conselho-de-disciplina-regista-bate-boca-entre-casa-pia-e-benfica\/#breadcrumb\"},\"inLanguage\":\"pt-PT\",\"potentialAction\":[{\"@type\":\"ReadAction\",\"target\":[\"https:\/\/portaltela.pt\/noticias\/2026\/04\/09\/relatorio-do-conselho-de-disciplina-regista-bate-boca-entre-casa-pia-e-benfica\/\"]}]},{\"@type\":\"ImageObject\",\"inLanguage\":\"pt-PT\",\"@id\":\"https:\/\/portaltela.pt\/noticias\/2026\/04\/09\/relatorio-do-conselho-de-disciplina-regista-bate-boca-entre-casa-pia-e-benfica\/#primaryimage\",\"url\":\"https:\/\/portaltela.pt\/s.01k8rhncp4jt1\/2026\/04\/img_1200x721uu2026-04-09-19-12-56-2432041-im-639113588069678516.jpg\",\"contentUrl\":\"https:\/\/portaltela.pt\/s.01k8rhncp4jt1\/2026\/04\/img_1200x721uu2026-04-09-19-12-56-2432041-im-639113588069678516.jpg\",\"width\":796,\"height\":448,\"caption\":\"Momento no Casa Pia-Benfica\"},{\"@type\":\"BreadcrumbList\",\"@id\":\"https:\/\/portaltela.pt\/noticias\/2026\/04\/09\/relatorio-do-conselho-de-disciplina-regista-bate-boca-entre-casa-pia-e-benfica\/#breadcrumb\",\"itemListElement\":[{\"@type\":\"ListItem\",\"position\":1,\"name\":\"In\u00edcio\",\"item\":\"https:\/\/portaltela.pt\/\"},{\"@type\":\"ListItem\",\"position\":2,\"name\":\"Relat\u00f3rio do Conselho de Disciplina regista bate-boca entre Casa Pia e Benfica\"}]},{\"@type\":\"WebSite\",\"@id\":\"https:\/\/portaltela.pt\/#website\",\"url\":\"https:\/\/portaltela.pt\/\",\"name\":\"Portal Tela Portugal\",\"description\":\"\",\"potentialAction\":[{\"@type\":\"SearchAction\",\"target\":{\"@type\":\"EntryPoint\",\"urlTemplate\":\"https:\/\/portaltela.pt\/?s={search_term_string}\"},\"query-input\":{\"@type\":\"PropertyValueSpecification\",\"valueRequired\":true,\"valueName\":\"search_term_string\"}}],\"inLanguage\":\"pt-PT\"},{\"@type\":\"Person\",\"@id\":\"https:\/\/portaltela.pt\/#\/schema\/person\/c4278d4a6028830caff9ee44b42d32ed\",\"name\":\"Telinha\",\"image\":{\"@type\":\"ImageObject\",\"inLanguage\":\"pt-PT\",\"@id\":\"https:\/\/portaltela.pt\/s.01k8rhncp4jt1\/2025\/11\/talking-bot-125x125.png\",\"url\":\"https:\/\/portaltela.pt\/s.01k8rhncp4jt1\/2025\/11\/talking-bot-125x125.png\",\"contentUrl\":\"https:\/\/portaltela.pt\/s.01k8rhncp4jt1\/2025\/11\/talking-bot-125x125.png\",\"caption\":\"Telinha\"},\"sameAs\":[\"https:\/\/portaltela.pt\/\"],\"url\":\"https:\/\/portaltela.pt\/por\/367410592786\/\"}]}<\/script>\n<!-- \/ Yoast SEO plugin. -->","yoast_head_json":{"title":"Relat\u00f3rio do Conselho de Disciplina regista bate-boca entre Casa Pia e Benfica - Portal Tela Portugal","robots":{"index":"index","follow":"follow","max-snippet":"max-snippet:-1","max-image-preview":"max-image-preview:large","max-video-preview":"max-video-preview:-1"},"og_locale":"pt_PT","og_type":"article","og_title":"Relat\u00f3rio do Conselho de Disciplina regista bate-boca entre Casa Pia e Benfica - Portal Tela Portugal","og_description":"O Casa Pia e o Benfica empataram a uma bola, em jogo com momentos de tens\u00e3o junto aos bancos de suplentes. Marco Aur\u00e9lio Santos, diretor de futebol do Casa Pia, e Pedro Machado, adjunto do Benfica, estiveram envolvidos num bate-boca registado no relat\u00f3rio do \u00e1rbitro. O incidente envolveu Marco Santos a tentar entregar a bola ao quarto \u00e1rbitro, e Pedro Machado a tentar tirar-lhe a bola, com troca de palavras entre ambos. O Conselho de Disciplina multou Marco Aur\u00e9lio Santos em 1.428 euros e Pedro Machado em 2.040 euros. A defesa de Marco Aur\u00e9lio Santos alegou que houve provoca\u00e7\u00e3o e contacto f\u00edsico de terceiros, mas o Conselho manteve a factualidade descrita no relat\u00f3rio arbitral.","og_url":"https:\/\/portaltela.pt\/noticias\/2026\/04\/09\/relatorio-do-conselho-de-disciplina-regista-bate-boca-entre-casa-pia-e-benfica\/","og_site_name":"Portal Tela Portugal","article_published_time":"2026-04-09T18:17:33+00:00","author":"Telinha","twitter_card":"summary_large_image","twitter_misc":{"Escrito por":"Telinha","Tempo estimado de leitura":"1 minuto"},"schema":{"@context":"https:\/\/schema.org","@graph":[{"@type":"Article","@id":"https:\/\/portaltela.pt\/noticias\/2026\/04\/09\/relatorio-do-conselho-de-disciplina-regista-bate-boca-entre-casa-pia-e-benfica\/#article","isPartOf":{"@id":"https:\/\/portaltela.pt\/noticias\/2026\/04\/09\/relatorio-do-conselho-de-disciplina-regista-bate-boca-entre-casa-pia-e-benfica\/"},"author":{"name":"Telinha","@id":"https:\/\/portaltela.pt\/#\/schema\/person\/c4278d4a6028830caff9ee44b42d32ed"},"headline":"Relat\u00f3rio do Conselho de Disciplina regista bate-boca entre Casa Pia e Benfica","datePublished":"2026-04-09T18:17:33+00:00","mainEntityOfPage":{"@id":"https:\/\/portaltela.pt\/noticias\/2026\/04\/09\/relatorio-do-conselho-de-disciplina-regista-bate-boca-entre-casa-pia-e-benfica\/"},"wordCount":226,"image":{"@id":"https:\/\/portaltela.pt\/noticias\/2026\/04\/09\/relatorio-do-conselho-de-disciplina-regista-bate-boca-entre-casa-pia-e-benfica\/#primaryimage"},"thumbnailUrl":"https:\/\/portaltela.pt\/s.01k8rhncp4jt1\/2026\/04\/img_1200x721uu2026-04-09-19-12-56-2432041-im-639113588069678516.jpg","keywords":["_futebol","1. Liga","desporto","disciplinas"],"articleSection":["Desporto","Futebol"],"inLanguage":"pt-PT"},{"@type":"WebPage","@id":"https:\/\/portaltela.pt\/noticias\/2026\/04\/09\/relatorio-do-conselho-de-disciplina-regista-bate-boca-entre-casa-pia-e-benfica\/","url":"https:\/\/portaltela.pt\/noticias\/2026\/04\/09\/relatorio-do-conselho-de-disciplina-regista-bate-boca-entre-casa-pia-e-benfica\/","name":"Relat\u00f3rio do Conselho de Disciplina regista bate-boca entre Casa Pia e Benfica - Portal Tela Portugal","isPartOf":{"@id":"https:\/\/portaltela.pt\/#website"},"primaryImageOfPage":{"@id":"https:\/\/portaltela.pt\/noticias\/2026\/04\/09\/relatorio-do-conselho-de-disciplina-regista-bate-boca-entre-casa-pia-e-benfica\/#primaryimage"},"image":{"@id":"https:\/\/portaltela.pt\/noticias\/2026\/04\/09\/relatorio-do-conselho-de-disciplina-regista-bate-boca-entre-casa-pia-e-benfica\/#primaryimage"},"thumbnailUrl":"https:\/\/portaltela.pt\/s.01k8rhncp4jt1\/2026\/04\/img_1200x721uu2026-04-09-19-12-56-2432041-im-639113588069678516.jpg","datePublished":"2026-04-09T18:17:33+00:00","author":{"@id":"https:\/\/portaltela.pt\/#\/schema\/person\/c4278d4a6028830caff9ee44b42d32ed"},"breadcrumb":{"@id":"https:\/\/portaltela.pt\/noticias\/2026\/04\/09\/relatorio-do-conselho-de-disciplina-regista-bate-boca-entre-casa-pia-e-benfica\/#breadcrumb"},"inLanguage":"pt-PT","potentialAction":[{"@type":"ReadAction","target":["https:\/\/portaltela.pt\/noticias\/2026\/04\/09\/relatorio-do-conselho-de-disciplina-regista-bate-boca-entre-casa-pia-e-benfica\/"]}]},{"@type":"ImageObject","inLanguage":"pt-PT","@id":"https:\/\/portaltela.pt\/noticias\/2026\/04\/09\/relatorio-do-conselho-de-disciplina-regista-bate-boca-entre-casa-pia-e-benfica\/#primaryimage","url":"https:\/\/portaltela.pt\/s.01k8rhncp4jt1\/2026\/04\/img_1200x721uu2026-04-09-19-12-56-2432041-im-639113588069678516.jpg","contentUrl":"https:\/\/portaltela.pt\/s.01k8rhncp4jt1\/2026\/04\/img_1200x721uu2026-04-09-19-12-56-2432041-im-639113588069678516.jpg","width":796,"height":448,"caption":"Momento no Casa Pia-Benfica"},{"@type":"BreadcrumbList","@id":"https:\/\/portaltela.pt\/noticias\/2026\/04\/09\/relatorio-do-conselho-de-disciplina-regista-bate-boca-entre-casa-pia-e-benfica\/#breadcrumb","itemListElement":[{"@type":"ListItem","position":1,"name":"In\u00edcio","item":"https:\/\/portaltela.pt\/"},{"@type":"ListItem","position":2,"name":"Relat\u00f3rio do Conselho de Disciplina regista bate-boca entre Casa Pia e Benfica"}]},{"@type":"WebSite","@id":"https:\/\/portaltela.pt\/#website","url":"https:\/\/portaltela.pt\/","name":"Portal Tela Portugal","description":"","potentialAction":[{"@type":"SearchAction","target":{"@type":"EntryPoint","urlTemplate":"https:\/\/portaltela.pt\/?s={search_term_string}"},"query-input":{"@type":"PropertyValueSpecification","valueRequired":true,"valueName":"search_term_string"}}],"inLanguage":"pt-PT"},{"@type":"Person","@id":"https:\/\/portaltela.pt\/#\/schema\/person\/c4278d4a6028830caff9ee44b42d32ed","name":"Telinha","image":{"@type":"ImageObject","inLanguage":"pt-PT","@id":"https:\/\/portaltela.pt\/s.01k8rhncp4jt1\/2025\/11\/talking-bot-125x125.png","url":"https:\/\/portaltela.pt\/s.01k8rhncp4jt1\/2025\/11\/talking-bot-125x125.png","contentUrl":"https:\/\/portaltela.pt\/s.01k8rhncp4jt1\/2025\/11\/talking-bot-125x125.png","caption":"Telinha"},"sameAs":["https:\/\/portaltela.pt\/"],"url":"https:\/\/portaltela.pt\/por\/367410592786\/"}]}},"_links":{"self":[{"href":"https:\/\/portaltela.pt\/api\/wp\/v2\/posts\/438461","targetHints":{"allow":["GET"]}}],"collection":[{"href":"https:\/\/portaltela.pt\/api\/wp\/v2\/posts"}],"about":[{"href":"https:\/\/portaltela.pt\/api\/wp\/v2\/types\/post"}],"author":[{"embeddable":true,"href":"https:\/\/portaltela.pt\/api\/wp\/v2\/users\/2"}],"replies":[{"embeddable":true,"href":"https:\/\/portaltela.pt\/api\/wp\/v2\/comments?post=438461"}],"version-history":[{"count":0,"href":"https:\/\/portaltela.pt\/api\/wp\/v2\/posts\/438461\/revisions"}],"wp:featuredmedia":[{"embeddable":true,"href":"https:\/\/portaltela.pt\/api\/wp\/v2\/media\/438462"}],"wp:attachment":[{"href":"https:\/\/portaltela.pt\/api\/wp\/v2\/media?parent=438461"}],"wp:term":[{"taxonomy":"category","embeddable":true,"href":"https:\/\/portaltela.pt\/api\/wp\/v2\/categories?post=438461"},{"taxonomy":"post_tag","embeddable":true,"href":"https:\/\/portaltela.pt\/api\/wp\/v2\/tags?post=438461"}],"curies":[{"name":"wp","href":"https:\/\/api.w.org\/{rel}","templated":true}]}}