{"id":438452,"date":"2026-04-09T15:17:30","date_gmt":"2026-04-09T18:17:30","guid":{"rendered":"https:\/\/portaltela.pt\/noticias\/2026\/04\/09\/wura-moraes-danca-com-pai-e-tio-tatuados-no-corpo\/"},"modified":"2026-04-09T15:17:30","modified_gmt":"2026-04-09T18:17:30","slug":"wura-moraes-danca-com-pai-e-tio-tatuados-no-corpo","status":"publish","type":"post","link":"https:\/\/portaltela.pt\/noticias\/2026\/04\/09\/wura-moraes-danca-com-pai-e-tio-tatuados-no-corpo\/","title":{"rendered":"Wura Moraes dan\u00e7a com pai e tio tatuados no corpo"},"content":{"rendered":"<p>Wura Moraes estreia Reverbera\u00e7\u00f5es no Festival DDD, no Porto, uma pe\u00e7a que nasce da rela\u00e7\u00e3o com os arquivos de M\u00e1rio Calixto e de Milt\u00e9rcio Santos. O espet\u00e1culo coloca a dan\u00e7a no centro de uma narrativa arquiv\u00edstica e familiar.<\/p>\n<p>A core\u00f3grafa e bailarina trabalha com uma tr\u00edade formada pelo pai, M\u00e1rio Calixto, e pelo tio, Milt\u00e9rcio Santos, ambos inscritos no corpo. A obra cruza trajet\u00f3rias art\u00edsticas de gera\u00e7\u00f5es distintas.<\/p>\n<p>O que motivou a cria\u00e7\u00e3o \u00e9 a liga\u00e7\u00e3o de Moraes a um conjunto de mem\u00f3rias, imagens e documentos que acompanham a sua hist\u00f3ria de vida. O resultado \u00e9 uma apresenta\u00e7\u00e3o que liga passado e presente.<\/p>\n<h3>Contexto<\/h3>\n<p>A estreia acontece no \u00e2mbito do Festival DDD, no Porto, marcado pela explora\u00e7\u00e3o de arquivos e mem\u00f3rias na dan\u00e7a contempor\u00e2nea. O projeto surge a partir de uma pesquisa performativa que envolve fam\u00edlia e legado art\u00edstico.<\/p>\n","protected":false},"excerpt":{"rendered":"<ul>\n<li>Wura Moraes apresenta \u201cReverbera\u00e7\u00f5es\u201d em estreia no Festival DDD, no Porto, numa tr\u00edade entre a bailarina, o pai e o tio, inscritos no corpo.<\/li>\n<li>O espet\u00e1culo nasce da rela\u00e7\u00e3o com os arquivos de M\u00e1rio Calixto e de Milt\u00e9rcio Santos, cruzando linhagens familiares.<\/li>\n<li>A core\u00f3grafa cresceu rodeada pela dan\u00e7a, numa casa em Amarante descrita como uma resid\u00eancia art\u00edstica com visitas constantes.<\/li>\n<li>O pai era M\u00e1rio Calixto, bailarino e core\u00f3grafo, falecido em 1997; a m\u00e3e \u00e9 Ana Moraes, e a tia \u00e9 Milt\u00e9rcio Santos, falecido em 2024.<\/li>\n<li>A pe\u00e7a explora a liga\u00e7\u00e3o entre tradi\u00e7\u00e3o familiar e pr\u00e1tica art\u00edstica, sem recorrer a afirma\u00e7\u00f5es externas.<\/li>\n<\/ul>\n","protected":false},"author":2,"featured_media":438457,"comment_status":"closed","ping_status":"closed","sticky":false,"template":"","format":"standard","meta":{"footnotes":""},"categories":[7375,1],"tags":[1868,145,1683,64,3674,982],"class_list":["post-438452","post","type-post","status-publish","format-standard","has-post-thumbnail","hentry","category-cultura","category-noticias","tag-arquivos","tag-cultura","tag-danca","tag-familia","tag-festival","tag-porto"],"yoast_head":"<!-- This site is optimized with the Yoast SEO plugin v27.2 - https:\/\/yoast.com\/product\/yoast-seo-wordpress\/ -->\n<title>Wura Moraes dan\u00e7a com pai e tio tatuados no corpo - Portal Tela Portugal<\/title>\n<meta name=\"robots\" content=\"index, follow, max-snippet:-1, max-image-preview:large, max-video-preview:-1\" \/>\n<meta property=\"og:locale\" content=\"pt_PT\" \/>\n<meta property=\"og:type\" content=\"article\" \/>\n<meta property=\"og:title\" content=\"Wura Moraes dan\u00e7a com pai e tio tatuados no corpo - Portal Tela Portugal\" \/>\n<meta property=\"og:description\" content=\"Wura Moraes apresenta \u201cReverbera\u00e7\u00f5es\u201d em estreia no Festival DDD, no Porto, numa tr\u00edade entre a bailarina, o pai e o tio, inscritos no corpo. O espet\u00e1culo nasce da rela\u00e7\u00e3o com os arquivos de M\u00e1rio Calixto e de Milt\u00e9rcio Santos, cruzando linhagens familiares. A core\u00f3grafa cresceu rodeada pela dan\u00e7a, numa casa em Amarante descrita como uma resid\u00eancia art\u00edstica com visitas constantes. O pai era M\u00e1rio Calixto, bailarino e core\u00f3grafo, falecido em 1997; a m\u00e3e \u00e9 Ana Moraes, e a tia \u00e9 Milt\u00e9rcio Santos, falecido em 2024. A pe\u00e7a explora a liga\u00e7\u00e3o entre tradi\u00e7\u00e3o familiar e pr\u00e1tica art\u00edstica, sem recorrer a afirma\u00e7\u00f5es externas.\" \/>\n<meta property=\"og:url\" content=\"https:\/\/portaltela.pt\/noticias\/2026\/04\/09\/wura-moraes-danca-com-pai-e-tio-tatuados-no-corpo\/\" \/>\n<meta property=\"og:site_name\" content=\"Portal Tela Portugal\" \/>\n<meta property=\"article:published_time\" content=\"2026-04-09T18:17:30+00:00\" \/>\n<meta name=\"author\" content=\"Telinha\" \/>\n<meta name=\"twitter:card\" content=\"summary_large_image\" \/>\n<meta name=\"twitter:label1\" content=\"Escrito por\" \/>\n\t<meta name=\"twitter:data1\" content=\"Telinha\" \/>\n\t<meta name=\"twitter:label2\" content=\"Tempo estimado de leitura\" \/>\n\t<meta name=\"twitter:data2\" content=\"1 minuto\" \/>\n<script type=\"application\/ld+json\" class=\"yoast-schema-graph\">{\"@context\":\"https:\/\/schema.org\",\"@graph\":[{\"@type\":\"Article\",\"@id\":\"https:\/\/portaltela.pt\/noticias\/2026\/04\/09\/wura-moraes-danca-com-pai-e-tio-tatuados-no-corpo\/#article\",\"isPartOf\":{\"@id\":\"https:\/\/portaltela.pt\/noticias\/2026\/04\/09\/wura-moraes-danca-com-pai-e-tio-tatuados-no-corpo\/\"},\"author\":{\"name\":\"Telinha\",\"@id\":\"https:\/\/portaltela.pt\/#\/schema\/person\/c4278d4a6028830caff9ee44b42d32ed\"},\"headline\":\"Wura Moraes dan\u00e7a com pai e tio tatuados no corpo\",\"datePublished\":\"2026-04-09T18:17:30+00:00\",\"mainEntityOfPage\":{\"@id\":\"https:\/\/portaltela.pt\/noticias\/2026\/04\/09\/wura-moraes-danca-com-pai-e-tio-tatuados-no-corpo\/\"},\"wordCount\":174,\"image\":{\"@id\":\"https:\/\/portaltela.pt\/noticias\/2026\/04\/09\/wura-moraes-danca-com-pai-e-tio-tatuados-no-corpo\/#primaryimage\"},\"thumbnailUrl\":\"https:\/\/portaltela.pt\/s.01k8rhncp4jt1\/2026\/04\/2079909.jpg\",\"keywords\":[\"arquivos\",\"cultura\",\"dan\u00e7a\",\"fam\u00edlia\",\"festival\",\"Porto\"],\"articleSection\":[\"Cultura\",\"Not\u00edcias\"],\"inLanguage\":\"pt-PT\"},{\"@type\":\"WebPage\",\"@id\":\"https:\/\/portaltela.pt\/noticias\/2026\/04\/09\/wura-moraes-danca-com-pai-e-tio-tatuados-no-corpo\/\",\"url\":\"https:\/\/portaltela.pt\/noticias\/2026\/04\/09\/wura-moraes-danca-com-pai-e-tio-tatuados-no-corpo\/\",\"name\":\"Wura Moraes dan\u00e7a com pai e tio tatuados no corpo - Portal Tela Portugal\",\"isPartOf\":{\"@id\":\"https:\/\/portaltela.pt\/#website\"},\"primaryImageOfPage\":{\"@id\":\"https:\/\/portaltela.pt\/noticias\/2026\/04\/09\/wura-moraes-danca-com-pai-e-tio-tatuados-no-corpo\/#primaryimage\"},\"image\":{\"@id\":\"https:\/\/portaltela.pt\/noticias\/2026\/04\/09\/wura-moraes-danca-com-pai-e-tio-tatuados-no-corpo\/#primaryimage\"},\"thumbnailUrl\":\"https:\/\/portaltela.pt\/s.01k8rhncp4jt1\/2026\/04\/2079909.jpg\",\"datePublished\":\"2026-04-09T18:17:30+00:00\",\"author\":{\"@id\":\"https:\/\/portaltela.pt\/#\/schema\/person\/c4278d4a6028830caff9ee44b42d32ed\"},\"breadcrumb\":{\"@id\":\"https:\/\/portaltela.pt\/noticias\/2026\/04\/09\/wura-moraes-danca-com-pai-e-tio-tatuados-no-corpo\/#breadcrumb\"},\"inLanguage\":\"pt-PT\",\"potentialAction\":[{\"@type\":\"ReadAction\",\"target\":[\"https:\/\/portaltela.pt\/noticias\/2026\/04\/09\/wura-moraes-danca-com-pai-e-tio-tatuados-no-corpo\/\"]}]},{\"@type\":\"ImageObject\",\"inLanguage\":\"pt-PT\",\"@id\":\"https:\/\/portaltela.pt\/noticias\/2026\/04\/09\/wura-moraes-danca-com-pai-e-tio-tatuados-no-corpo\/#primaryimage\",\"url\":\"https:\/\/portaltela.pt\/s.01k8rhncp4jt1\/2026\/04\/2079909.jpg\",\"contentUrl\":\"https:\/\/portaltela.pt\/s.01k8rhncp4jt1\/2026\/04\/2079909.jpg\",\"width\":796,\"height\":448,\"caption\":\"Reverbera\u00e7\u00f5es prossegue o caminho iniciado por Wura Moraes em HENDA I XALA. Os cornos de palanca negra s\u00e3o um dos objectos comuns aos dois espect\u00e1culos\"},{\"@type\":\"BreadcrumbList\",\"@id\":\"https:\/\/portaltela.pt\/noticias\/2026\/04\/09\/wura-moraes-danca-com-pai-e-tio-tatuados-no-corpo\/#breadcrumb\",\"itemListElement\":[{\"@type\":\"ListItem\",\"position\":1,\"name\":\"In\u00edcio\",\"item\":\"https:\/\/portaltela.pt\/\"},{\"@type\":\"ListItem\",\"position\":2,\"name\":\"Wura Moraes dan\u00e7a com pai e tio tatuados no corpo\"}]},{\"@type\":\"WebSite\",\"@id\":\"https:\/\/portaltela.pt\/#website\",\"url\":\"https:\/\/portaltela.pt\/\",\"name\":\"Portal Tela Portugal\",\"description\":\"\",\"potentialAction\":[{\"@type\":\"SearchAction\",\"target\":{\"@type\":\"EntryPoint\",\"urlTemplate\":\"https:\/\/portaltela.pt\/?s={search_term_string}\"},\"query-input\":{\"@type\":\"PropertyValueSpecification\",\"valueRequired\":true,\"valueName\":\"search_term_string\"}}],\"inLanguage\":\"pt-PT\"},{\"@type\":\"Person\",\"@id\":\"https:\/\/portaltela.pt\/#\/schema\/person\/c4278d4a6028830caff9ee44b42d32ed\",\"name\":\"Telinha\",\"image\":{\"@type\":\"ImageObject\",\"inLanguage\":\"pt-PT\",\"@id\":\"https:\/\/portaltela.pt\/s.01k8rhncp4jt1\/2025\/11\/talking-bot-125x125.png\",\"url\":\"https:\/\/portaltela.pt\/s.01k8rhncp4jt1\/2025\/11\/talking-bot-125x125.png\",\"contentUrl\":\"https:\/\/portaltela.pt\/s.01k8rhncp4jt1\/2025\/11\/talking-bot-125x125.png\",\"caption\":\"Telinha\"},\"sameAs\":[\"https:\/\/portaltela.pt\/\"],\"url\":\"https:\/\/portaltela.pt\/por\/367410592786\/\"}]}<\/script>\n<!-- \/ Yoast SEO plugin. -->","yoast_head_json":{"title":"Wura Moraes dan\u00e7a com pai e tio tatuados no corpo - Portal Tela Portugal","robots":{"index":"index","follow":"follow","max-snippet":"max-snippet:-1","max-image-preview":"max-image-preview:large","max-video-preview":"max-video-preview:-1"},"og_locale":"pt_PT","og_type":"article","og_title":"Wura Moraes dan\u00e7a com pai e tio tatuados no corpo - Portal Tela Portugal","og_description":"Wura Moraes apresenta \u201cReverbera\u00e7\u00f5es\u201d em estreia no Festival DDD, no Porto, numa tr\u00edade entre a bailarina, o pai e o tio, inscritos no corpo. O espet\u00e1culo nasce da rela\u00e7\u00e3o com os arquivos de M\u00e1rio Calixto e de Milt\u00e9rcio Santos, cruzando linhagens familiares. A core\u00f3grafa cresceu rodeada pela dan\u00e7a, numa casa em Amarante descrita como uma resid\u00eancia art\u00edstica com visitas constantes. O pai era M\u00e1rio Calixto, bailarino e core\u00f3grafo, falecido em 1997; a m\u00e3e \u00e9 Ana Moraes, e a tia \u00e9 Milt\u00e9rcio Santos, falecido em 2024. A pe\u00e7a explora a liga\u00e7\u00e3o entre tradi\u00e7\u00e3o familiar e pr\u00e1tica art\u00edstica, sem recorrer a afirma\u00e7\u00f5es externas.","og_url":"https:\/\/portaltela.pt\/noticias\/2026\/04\/09\/wura-moraes-danca-com-pai-e-tio-tatuados-no-corpo\/","og_site_name":"Portal Tela Portugal","article_published_time":"2026-04-09T18:17:30+00:00","author":"Telinha","twitter_card":"summary_large_image","twitter_misc":{"Escrito por":"Telinha","Tempo estimado de leitura":"1 minuto"},"schema":{"@context":"https:\/\/schema.org","@graph":[{"@type":"Article","@id":"https:\/\/portaltela.pt\/noticias\/2026\/04\/09\/wura-moraes-danca-com-pai-e-tio-tatuados-no-corpo\/#article","isPartOf":{"@id":"https:\/\/portaltela.pt\/noticias\/2026\/04\/09\/wura-moraes-danca-com-pai-e-tio-tatuados-no-corpo\/"},"author":{"name":"Telinha","@id":"https:\/\/portaltela.pt\/#\/schema\/person\/c4278d4a6028830caff9ee44b42d32ed"},"headline":"Wura Moraes dan\u00e7a com pai e tio tatuados no corpo","datePublished":"2026-04-09T18:17:30+00:00","mainEntityOfPage":{"@id":"https:\/\/portaltela.pt\/noticias\/2026\/04\/09\/wura-moraes-danca-com-pai-e-tio-tatuados-no-corpo\/"},"wordCount":174,"image":{"@id":"https:\/\/portaltela.pt\/noticias\/2026\/04\/09\/wura-moraes-danca-com-pai-e-tio-tatuados-no-corpo\/#primaryimage"},"thumbnailUrl":"https:\/\/portaltela.pt\/s.01k8rhncp4jt1\/2026\/04\/2079909.jpg","keywords":["arquivos","cultura","dan\u00e7a","fam\u00edlia","festival","Porto"],"articleSection":["Cultura","Not\u00edcias"],"inLanguage":"pt-PT"},{"@type":"WebPage","@id":"https:\/\/portaltela.pt\/noticias\/2026\/04\/09\/wura-moraes-danca-com-pai-e-tio-tatuados-no-corpo\/","url":"https:\/\/portaltela.pt\/noticias\/2026\/04\/09\/wura-moraes-danca-com-pai-e-tio-tatuados-no-corpo\/","name":"Wura Moraes dan\u00e7a com pai e tio tatuados no corpo - Portal Tela Portugal","isPartOf":{"@id":"https:\/\/portaltela.pt\/#website"},"primaryImageOfPage":{"@id":"https:\/\/portaltela.pt\/noticias\/2026\/04\/09\/wura-moraes-danca-com-pai-e-tio-tatuados-no-corpo\/#primaryimage"},"image":{"@id":"https:\/\/portaltela.pt\/noticias\/2026\/04\/09\/wura-moraes-danca-com-pai-e-tio-tatuados-no-corpo\/#primaryimage"},"thumbnailUrl":"https:\/\/portaltela.pt\/s.01k8rhncp4jt1\/2026\/04\/2079909.jpg","datePublished":"2026-04-09T18:17:30+00:00","author":{"@id":"https:\/\/portaltela.pt\/#\/schema\/person\/c4278d4a6028830caff9ee44b42d32ed"},"breadcrumb":{"@id":"https:\/\/portaltela.pt\/noticias\/2026\/04\/09\/wura-moraes-danca-com-pai-e-tio-tatuados-no-corpo\/#breadcrumb"},"inLanguage":"pt-PT","potentialAction":[{"@type":"ReadAction","target":["https:\/\/portaltela.pt\/noticias\/2026\/04\/09\/wura-moraes-danca-com-pai-e-tio-tatuados-no-corpo\/"]}]},{"@type":"ImageObject","inLanguage":"pt-PT","@id":"https:\/\/portaltela.pt\/noticias\/2026\/04\/09\/wura-moraes-danca-com-pai-e-tio-tatuados-no-corpo\/#primaryimage","url":"https:\/\/portaltela.pt\/s.01k8rhncp4jt1\/2026\/04\/2079909.jpg","contentUrl":"https:\/\/portaltela.pt\/s.01k8rhncp4jt1\/2026\/04\/2079909.jpg","width":796,"height":448,"caption":"Reverbera\u00e7\u00f5es prossegue o caminho iniciado por Wura Moraes em HENDA I XALA. Os cornos de palanca negra s\u00e3o um dos objectos comuns aos dois espect\u00e1culos"},{"@type":"BreadcrumbList","@id":"https:\/\/portaltela.pt\/noticias\/2026\/04\/09\/wura-moraes-danca-com-pai-e-tio-tatuados-no-corpo\/#breadcrumb","itemListElement":[{"@type":"ListItem","position":1,"name":"In\u00edcio","item":"https:\/\/portaltela.pt\/"},{"@type":"ListItem","position":2,"name":"Wura Moraes dan\u00e7a com pai e tio tatuados no corpo"}]},{"@type":"WebSite","@id":"https:\/\/portaltela.pt\/#website","url":"https:\/\/portaltela.pt\/","name":"Portal Tela Portugal","description":"","potentialAction":[{"@type":"SearchAction","target":{"@type":"EntryPoint","urlTemplate":"https:\/\/portaltela.pt\/?s={search_term_string}"},"query-input":{"@type":"PropertyValueSpecification","valueRequired":true,"valueName":"search_term_string"}}],"inLanguage":"pt-PT"},{"@type":"Person","@id":"https:\/\/portaltela.pt\/#\/schema\/person\/c4278d4a6028830caff9ee44b42d32ed","name":"Telinha","image":{"@type":"ImageObject","inLanguage":"pt-PT","@id":"https:\/\/portaltela.pt\/s.01k8rhncp4jt1\/2025\/11\/talking-bot-125x125.png","url":"https:\/\/portaltela.pt\/s.01k8rhncp4jt1\/2025\/11\/talking-bot-125x125.png","contentUrl":"https:\/\/portaltela.pt\/s.01k8rhncp4jt1\/2025\/11\/talking-bot-125x125.png","caption":"Telinha"},"sameAs":["https:\/\/portaltela.pt\/"],"url":"https:\/\/portaltela.pt\/por\/367410592786\/"}]}},"_links":{"self":[{"href":"https:\/\/portaltela.pt\/api\/wp\/v2\/posts\/438452","targetHints":{"allow":["GET"]}}],"collection":[{"href":"https:\/\/portaltela.pt\/api\/wp\/v2\/posts"}],"about":[{"href":"https:\/\/portaltela.pt\/api\/wp\/v2\/types\/post"}],"author":[{"embeddable":true,"href":"https:\/\/portaltela.pt\/api\/wp\/v2\/users\/2"}],"replies":[{"embeddable":true,"href":"https:\/\/portaltela.pt\/api\/wp\/v2\/comments?post=438452"}],"version-history":[{"count":0,"href":"https:\/\/portaltela.pt\/api\/wp\/v2\/posts\/438452\/revisions"}],"wp:featuredmedia":[{"embeddable":true,"href":"https:\/\/portaltela.pt\/api\/wp\/v2\/media\/438457"}],"wp:attachment":[{"href":"https:\/\/portaltela.pt\/api\/wp\/v2\/media?parent=438452"}],"wp:term":[{"taxonomy":"category","embeddable":true,"href":"https:\/\/portaltela.pt\/api\/wp\/v2\/categories?post=438452"},{"taxonomy":"post_tag","embeddable":true,"href":"https:\/\/portaltela.pt\/api\/wp\/v2\/tags?post=438452"}],"curies":[{"name":"wp","href":"https:\/\/api.w.org\/{rel}","templated":true}]}}