{"id":438450,"date":"2026-04-09T15:17:26","date_gmt":"2026-04-09T18:17:26","guid":{"rendered":"https:\/\/portaltela.pt\/noticias\/2026\/04\/09\/lei-da-nacionalidade-e-pilar-central-e-robusta-constitucionalmente\/"},"modified":"2026-04-09T15:17:26","modified_gmt":"2026-04-09T18:17:26","slug":"lei-da-nacionalidade-e-pilar-central-e-robusta-constitucionalmente","status":"publish","type":"post","link":"https:\/\/portaltela.pt\/noticias\/2026\/04\/09\/lei-da-nacionalidade-e-pilar-central-e-robusta-constitucionalmente\/","title":{"rendered":"Lei da Nacionalidade \u00e9 pilar central e robusta constitucionalmente"},"content":{"rendered":"<p>O ministro da Presid\u00eancia, Ant\u00f3nio Leit\u00e3o Amaro, defendeu que o diploma sobre a nacionalidade \u00e9 constitucionalmente robusto e a trave-mestra da reforma. Considerou ainda o decreto de perda de nacionalidade como uma san\u00e7\u00e3o acess\u00f3ria adicional.<\/p>\n<p>A declara\u00e7\u00e3o aconteceu numa confer\u00eancia de imprensa ap\u00f3s a reuni\u00e3o do Conselho de Ministros. Leit\u00e3o Amaro respondeu a perguntas sobre a fiscaliza\u00e7\u00e3o do Tribunal Constitucional aos diplomas aprovados a 1 de Abril.<\/p>\n<p>Os diplomas em quest\u00e3o preveem a revis\u00e3o da Lei da Nacionalidade e uma altera\u00e7\u00e3o ao C\u00f3digo Penal que admite a perda de nacionalidade como pena acess\u00f3ria. Ambos j\u00e1 tinham sido chumbados pelo TC em fases anteriores.<\/p>\n<p>O ministro afirmou que a reforma da nacionalidade passou por corre\u00e7\u00f5es que eliminam subjacentes inconstitucionalidades identificadas pelo TC. Acrescentou que as falhas anteriores foram, em grande parte, introduzidas pela Assembleia da Rep\u00fablica.<\/p>\n<p>Relativamente ao C\u00f3digo Penal, Leit\u00e3o Amaro lembrou que a Constitui\u00e7\u00e3o j\u00e1 contempla a possibilidade de priva\u00e7\u00e3o da nacionalidade e que os termos concretos dever\u00e3o ser definidos pelo legislador.<\/p>\n","protected":false},"excerpt":{"rendered":"<ul>\n<li>O ministro da Presid\u00eancia, Ant\u00f3nio Leit\u00e3o Amaro, afirmou que a lei da nacionalidade \u00e9 constitucionalmente robusta e a \u201ctrave-mestra\u201d da reforma.<\/li>\n<li>O diploma prev\u00ea a perda de nacionalidade como san\u00e7\u00e3o acess\u00f3ria, considerado um instrumento adicional no conjunto de medidas.<\/li>\n<li>As normas foram reapresentadas pelo Parlamento depois de o Tribunal Constitucional chumb\u00e1-las, ap\u00f3s fiscaliza\u00e7\u00e3o preventiva de deputados do PS.<\/li>\n<li>Leit\u00e3o Amaro disse que n\u00e3o comenta a posi\u00e7\u00e3o do Presidente da Rep\u00fablica e que as inconstitucionalidades identificadas foram, em grande parte, corrigidas pelo Parlamento.<\/li>\n<li>O ministro sublinhou que a Constitui\u00e7\u00e3o j\u00e1 prev\u00ea a priva\u00e7\u00e3o da nacionalidade e que os termos concretos devem ser definidas pelo legislador, mantendo a lei como pe\u00e7a central da reforma.<\/li>\n<\/ul>\n","protected":false},"author":2,"featured_media":438455,"comment_status":"closed","ping_status":"closed","sticky":false,"template":"","format":"standard","meta":{"footnotes":""},"categories":[6815,1],"tags":[4057,6484,6373,34,2832],"class_list":["post-438450","post","type-post","status-publish","format-standard","has-post-thumbnail","hentry","category-justica","category-noticias","tag-constituicao","tag-direito-penal","tag-direitos","tag-governo","tag-politica"],"yoast_head":"<!-- This site is optimized with the Yoast SEO plugin v27.2 - https:\/\/yoast.com\/product\/yoast-seo-wordpress\/ -->\n<title>Lei da Nacionalidade \u00e9 pilar central e robusta constitucionalmente - Portal Tela Portugal<\/title>\n<meta name=\"robots\" content=\"index, follow, max-snippet:-1, max-image-preview:large, max-video-preview:-1\" \/>\n<meta property=\"og:locale\" content=\"pt_PT\" \/>\n<meta property=\"og:type\" content=\"article\" \/>\n<meta property=\"og:title\" content=\"Lei da Nacionalidade \u00e9 pilar central e robusta constitucionalmente - Portal Tela Portugal\" \/>\n<meta property=\"og:description\" content=\"O ministro da Presid\u00eancia, Ant\u00f3nio Leit\u00e3o Amaro, afirmou que a lei da nacionalidade \u00e9 constitucionalmente robusta e a \u201ctrave-mestra\u201d da reforma. O diploma prev\u00ea a perda de nacionalidade como san\u00e7\u00e3o acess\u00f3ria, considerado um instrumento adicional no conjunto de medidas. As normas foram reapresentadas pelo Parlamento depois de o Tribunal Constitucional chumb\u00e1-las, ap\u00f3s fiscaliza\u00e7\u00e3o preventiva de deputados do PS. Leit\u00e3o Amaro disse que n\u00e3o comenta a posi\u00e7\u00e3o do Presidente da Rep\u00fablica e que as inconstitucionalidades identificadas foram, em grande parte, corrigidas pelo Parlamento. O ministro sublinhou que a Constitui\u00e7\u00e3o j\u00e1 prev\u00ea a priva\u00e7\u00e3o da nacionalidade e que os termos concretos devem ser definidas pelo legislador, mantendo a lei como pe\u00e7a central da reforma.\" \/>\n<meta property=\"og:url\" content=\"https:\/\/portaltela.pt\/noticias\/2026\/04\/09\/lei-da-nacionalidade-e-pilar-central-e-robusta-constitucionalmente\/\" \/>\n<meta property=\"og:site_name\" content=\"Portal Tela Portugal\" \/>\n<meta property=\"article:published_time\" content=\"2026-04-09T18:17:26+00:00\" \/>\n<meta name=\"author\" content=\"Telinha\" \/>\n<meta name=\"twitter:card\" content=\"summary_large_image\" \/>\n<meta name=\"twitter:label1\" content=\"Escrito por\" \/>\n\t<meta name=\"twitter:data1\" content=\"Telinha\" \/>\n\t<meta name=\"twitter:label2\" content=\"Tempo estimado de leitura\" \/>\n\t<meta name=\"twitter:data2\" content=\"1 minuto\" \/>\n<script type=\"application\/ld+json\" class=\"yoast-schema-graph\">{\"@context\":\"https:\/\/schema.org\",\"@graph\":[{\"@type\":\"Article\",\"@id\":\"https:\/\/portaltela.pt\/noticias\/2026\/04\/09\/lei-da-nacionalidade-e-pilar-central-e-robusta-constitucionalmente\/#article\",\"isPartOf\":{\"@id\":\"https:\/\/portaltela.pt\/noticias\/2026\/04\/09\/lei-da-nacionalidade-e-pilar-central-e-robusta-constitucionalmente\/\"},\"author\":{\"name\":\"Telinha\",\"@id\":\"https:\/\/portaltela.pt\/#\/schema\/person\/c4278d4a6028830caff9ee44b42d32ed\"},\"headline\":\"Lei da Nacionalidade \u00e9 pilar central e robusta constitucionalmente\",\"datePublished\":\"2026-04-09T18:17:26+00:00\",\"mainEntityOfPage\":{\"@id\":\"https:\/\/portaltela.pt\/noticias\/2026\/04\/09\/lei-da-nacionalidade-e-pilar-central-e-robusta-constitucionalmente\/\"},\"wordCount\":192,\"image\":{\"@id\":\"https:\/\/portaltela.pt\/noticias\/2026\/04\/09\/lei-da-nacionalidade-e-pilar-central-e-robusta-constitucionalmente\/#primaryimage\"},\"thumbnailUrl\":\"https:\/\/portaltela.pt\/s.01k8rhncp4jt1\/2026\/04\/image-538.jpg\",\"keywords\":[\"constitui\u00e7\u00e3o\",\"Direito Penal\",\"direitos\",\"governo\",\"pol\u00edtica\"],\"articleSection\":[\"Justi\u00e7a\",\"Not\u00edcias\"],\"inLanguage\":\"pt-PT\"},{\"@type\":\"WebPage\",\"@id\":\"https:\/\/portaltela.pt\/noticias\/2026\/04\/09\/lei-da-nacionalidade-e-pilar-central-e-robusta-constitucionalmente\/\",\"url\":\"https:\/\/portaltela.pt\/noticias\/2026\/04\/09\/lei-da-nacionalidade-e-pilar-central-e-robusta-constitucionalmente\/\",\"name\":\"Lei da Nacionalidade \u00e9 pilar central e robusta constitucionalmente - Portal Tela Portugal\",\"isPartOf\":{\"@id\":\"https:\/\/portaltela.pt\/#website\"},\"primaryImageOfPage\":{\"@id\":\"https:\/\/portaltela.pt\/noticias\/2026\/04\/09\/lei-da-nacionalidade-e-pilar-central-e-robusta-constitucionalmente\/#primaryimage\"},\"image\":{\"@id\":\"https:\/\/portaltela.pt\/noticias\/2026\/04\/09\/lei-da-nacionalidade-e-pilar-central-e-robusta-constitucionalmente\/#primaryimage\"},\"thumbnailUrl\":\"https:\/\/portaltela.pt\/s.01k8rhncp4jt1\/2026\/04\/image-538.jpg\",\"datePublished\":\"2026-04-09T18:17:26+00:00\",\"author\":{\"@id\":\"https:\/\/portaltela.pt\/#\/schema\/person\/c4278d4a6028830caff9ee44b42d32ed\"},\"breadcrumb\":{\"@id\":\"https:\/\/portaltela.pt\/noticias\/2026\/04\/09\/lei-da-nacionalidade-e-pilar-central-e-robusta-constitucionalmente\/#breadcrumb\"},\"inLanguage\":\"pt-PT\",\"potentialAction\":[{\"@type\":\"ReadAction\",\"target\":[\"https:\/\/portaltela.pt\/noticias\/2026\/04\/09\/lei-da-nacionalidade-e-pilar-central-e-robusta-constitucionalmente\/\"]}]},{\"@type\":\"ImageObject\",\"inLanguage\":\"pt-PT\",\"@id\":\"https:\/\/portaltela.pt\/noticias\/2026\/04\/09\/lei-da-nacionalidade-e-pilar-central-e-robusta-constitucionalmente\/#primaryimage\",\"url\":\"https:\/\/portaltela.pt\/s.01k8rhncp4jt1\/2026\/04\/image-538.jpg\",\"contentUrl\":\"https:\/\/portaltela.pt\/s.01k8rhncp4jt1\/2026\/04\/image-538.jpg\",\"width\":796,\"height\":448,\"caption\":\"O ministro da Presid\u00eancia Ant\u00f3nio Leit\u00e3o Amaro\"},{\"@type\":\"BreadcrumbList\",\"@id\":\"https:\/\/portaltela.pt\/noticias\/2026\/04\/09\/lei-da-nacionalidade-e-pilar-central-e-robusta-constitucionalmente\/#breadcrumb\",\"itemListElement\":[{\"@type\":\"ListItem\",\"position\":1,\"name\":\"In\u00edcio\",\"item\":\"https:\/\/portaltela.pt\/\"},{\"@type\":\"ListItem\",\"position\":2,\"name\":\"Lei da Nacionalidade \u00e9 pilar central e robusta constitucionalmente\"}]},{\"@type\":\"WebSite\",\"@id\":\"https:\/\/portaltela.pt\/#website\",\"url\":\"https:\/\/portaltela.pt\/\",\"name\":\"Portal Tela Portugal\",\"description\":\"\",\"potentialAction\":[{\"@type\":\"SearchAction\",\"target\":{\"@type\":\"EntryPoint\",\"urlTemplate\":\"https:\/\/portaltela.pt\/?s={search_term_string}\"},\"query-input\":{\"@type\":\"PropertyValueSpecification\",\"valueRequired\":true,\"valueName\":\"search_term_string\"}}],\"inLanguage\":\"pt-PT\"},{\"@type\":\"Person\",\"@id\":\"https:\/\/portaltela.pt\/#\/schema\/person\/c4278d4a6028830caff9ee44b42d32ed\",\"name\":\"Telinha\",\"image\":{\"@type\":\"ImageObject\",\"inLanguage\":\"pt-PT\",\"@id\":\"https:\/\/portaltela.pt\/s.01k8rhncp4jt1\/2025\/11\/talking-bot-125x125.png\",\"url\":\"https:\/\/portaltela.pt\/s.01k8rhncp4jt1\/2025\/11\/talking-bot-125x125.png\",\"contentUrl\":\"https:\/\/portaltela.pt\/s.01k8rhncp4jt1\/2025\/11\/talking-bot-125x125.png\",\"caption\":\"Telinha\"},\"sameAs\":[\"https:\/\/portaltela.pt\/\"],\"url\":\"https:\/\/portaltela.pt\/por\/367410592786\/\"}]}<\/script>\n<!-- \/ Yoast SEO plugin. -->","yoast_head_json":{"title":"Lei da Nacionalidade \u00e9 pilar central e robusta constitucionalmente - Portal Tela Portugal","robots":{"index":"index","follow":"follow","max-snippet":"max-snippet:-1","max-image-preview":"max-image-preview:large","max-video-preview":"max-video-preview:-1"},"og_locale":"pt_PT","og_type":"article","og_title":"Lei da Nacionalidade \u00e9 pilar central e robusta constitucionalmente - Portal Tela Portugal","og_description":"O ministro da Presid\u00eancia, Ant\u00f3nio Leit\u00e3o Amaro, afirmou que a lei da nacionalidade \u00e9 constitucionalmente robusta e a \u201ctrave-mestra\u201d da reforma. O diploma prev\u00ea a perda de nacionalidade como san\u00e7\u00e3o acess\u00f3ria, considerado um instrumento adicional no conjunto de medidas. As normas foram reapresentadas pelo Parlamento depois de o Tribunal Constitucional chumb\u00e1-las, ap\u00f3s fiscaliza\u00e7\u00e3o preventiva de deputados do PS. Leit\u00e3o Amaro disse que n\u00e3o comenta a posi\u00e7\u00e3o do Presidente da Rep\u00fablica e que as inconstitucionalidades identificadas foram, em grande parte, corrigidas pelo Parlamento. O ministro sublinhou que a Constitui\u00e7\u00e3o j\u00e1 prev\u00ea a priva\u00e7\u00e3o da nacionalidade e que os termos concretos devem ser definidas pelo legislador, mantendo a lei como pe\u00e7a central da reforma.","og_url":"https:\/\/portaltela.pt\/noticias\/2026\/04\/09\/lei-da-nacionalidade-e-pilar-central-e-robusta-constitucionalmente\/","og_site_name":"Portal Tela Portugal","article_published_time":"2026-04-09T18:17:26+00:00","author":"Telinha","twitter_card":"summary_large_image","twitter_misc":{"Escrito por":"Telinha","Tempo estimado de leitura":"1 minuto"},"schema":{"@context":"https:\/\/schema.org","@graph":[{"@type":"Article","@id":"https:\/\/portaltela.pt\/noticias\/2026\/04\/09\/lei-da-nacionalidade-e-pilar-central-e-robusta-constitucionalmente\/#article","isPartOf":{"@id":"https:\/\/portaltela.pt\/noticias\/2026\/04\/09\/lei-da-nacionalidade-e-pilar-central-e-robusta-constitucionalmente\/"},"author":{"name":"Telinha","@id":"https:\/\/portaltela.pt\/#\/schema\/person\/c4278d4a6028830caff9ee44b42d32ed"},"headline":"Lei da Nacionalidade \u00e9 pilar central e robusta constitucionalmente","datePublished":"2026-04-09T18:17:26+00:00","mainEntityOfPage":{"@id":"https:\/\/portaltela.pt\/noticias\/2026\/04\/09\/lei-da-nacionalidade-e-pilar-central-e-robusta-constitucionalmente\/"},"wordCount":192,"image":{"@id":"https:\/\/portaltela.pt\/noticias\/2026\/04\/09\/lei-da-nacionalidade-e-pilar-central-e-robusta-constitucionalmente\/#primaryimage"},"thumbnailUrl":"https:\/\/portaltela.pt\/s.01k8rhncp4jt1\/2026\/04\/image-538.jpg","keywords":["constitui\u00e7\u00e3o","Direito Penal","direitos","governo","pol\u00edtica"],"articleSection":["Justi\u00e7a","Not\u00edcias"],"inLanguage":"pt-PT"},{"@type":"WebPage","@id":"https:\/\/portaltela.pt\/noticias\/2026\/04\/09\/lei-da-nacionalidade-e-pilar-central-e-robusta-constitucionalmente\/","url":"https:\/\/portaltela.pt\/noticias\/2026\/04\/09\/lei-da-nacionalidade-e-pilar-central-e-robusta-constitucionalmente\/","name":"Lei da Nacionalidade \u00e9 pilar central e robusta constitucionalmente - Portal Tela Portugal","isPartOf":{"@id":"https:\/\/portaltela.pt\/#website"},"primaryImageOfPage":{"@id":"https:\/\/portaltela.pt\/noticias\/2026\/04\/09\/lei-da-nacionalidade-e-pilar-central-e-robusta-constitucionalmente\/#primaryimage"},"image":{"@id":"https:\/\/portaltela.pt\/noticias\/2026\/04\/09\/lei-da-nacionalidade-e-pilar-central-e-robusta-constitucionalmente\/#primaryimage"},"thumbnailUrl":"https:\/\/portaltela.pt\/s.01k8rhncp4jt1\/2026\/04\/image-538.jpg","datePublished":"2026-04-09T18:17:26+00:00","author":{"@id":"https:\/\/portaltela.pt\/#\/schema\/person\/c4278d4a6028830caff9ee44b42d32ed"},"breadcrumb":{"@id":"https:\/\/portaltela.pt\/noticias\/2026\/04\/09\/lei-da-nacionalidade-e-pilar-central-e-robusta-constitucionalmente\/#breadcrumb"},"inLanguage":"pt-PT","potentialAction":[{"@type":"ReadAction","target":["https:\/\/portaltela.pt\/noticias\/2026\/04\/09\/lei-da-nacionalidade-e-pilar-central-e-robusta-constitucionalmente\/"]}]},{"@type":"ImageObject","inLanguage":"pt-PT","@id":"https:\/\/portaltela.pt\/noticias\/2026\/04\/09\/lei-da-nacionalidade-e-pilar-central-e-robusta-constitucionalmente\/#primaryimage","url":"https:\/\/portaltela.pt\/s.01k8rhncp4jt1\/2026\/04\/image-538.jpg","contentUrl":"https:\/\/portaltela.pt\/s.01k8rhncp4jt1\/2026\/04\/image-538.jpg","width":796,"height":448,"caption":"O ministro da Presid\u00eancia Ant\u00f3nio Leit\u00e3o Amaro"},{"@type":"BreadcrumbList","@id":"https:\/\/portaltela.pt\/noticias\/2026\/04\/09\/lei-da-nacionalidade-e-pilar-central-e-robusta-constitucionalmente\/#breadcrumb","itemListElement":[{"@type":"ListItem","position":1,"name":"In\u00edcio","item":"https:\/\/portaltela.pt\/"},{"@type":"ListItem","position":2,"name":"Lei da Nacionalidade \u00e9 pilar central e robusta constitucionalmente"}]},{"@type":"WebSite","@id":"https:\/\/portaltela.pt\/#website","url":"https:\/\/portaltela.pt\/","name":"Portal Tela Portugal","description":"","potentialAction":[{"@type":"SearchAction","target":{"@type":"EntryPoint","urlTemplate":"https:\/\/portaltela.pt\/?s={search_term_string}"},"query-input":{"@type":"PropertyValueSpecification","valueRequired":true,"valueName":"search_term_string"}}],"inLanguage":"pt-PT"},{"@type":"Person","@id":"https:\/\/portaltela.pt\/#\/schema\/person\/c4278d4a6028830caff9ee44b42d32ed","name":"Telinha","image":{"@type":"ImageObject","inLanguage":"pt-PT","@id":"https:\/\/portaltela.pt\/s.01k8rhncp4jt1\/2025\/11\/talking-bot-125x125.png","url":"https:\/\/portaltela.pt\/s.01k8rhncp4jt1\/2025\/11\/talking-bot-125x125.png","contentUrl":"https:\/\/portaltela.pt\/s.01k8rhncp4jt1\/2025\/11\/talking-bot-125x125.png","caption":"Telinha"},"sameAs":["https:\/\/portaltela.pt\/"],"url":"https:\/\/portaltela.pt\/por\/367410592786\/"}]}},"_links":{"self":[{"href":"https:\/\/portaltela.pt\/api\/wp\/v2\/posts\/438450","targetHints":{"allow":["GET"]}}],"collection":[{"href":"https:\/\/portaltela.pt\/api\/wp\/v2\/posts"}],"about":[{"href":"https:\/\/portaltela.pt\/api\/wp\/v2\/types\/post"}],"author":[{"embeddable":true,"href":"https:\/\/portaltela.pt\/api\/wp\/v2\/users\/2"}],"replies":[{"embeddable":true,"href":"https:\/\/portaltela.pt\/api\/wp\/v2\/comments?post=438450"}],"version-history":[{"count":0,"href":"https:\/\/portaltela.pt\/api\/wp\/v2\/posts\/438450\/revisions"}],"wp:featuredmedia":[{"embeddable":true,"href":"https:\/\/portaltela.pt\/api\/wp\/v2\/media\/438455"}],"wp:attachment":[{"href":"https:\/\/portaltela.pt\/api\/wp\/v2\/media?parent=438450"}],"wp:term":[{"taxonomy":"category","embeddable":true,"href":"https:\/\/portaltela.pt\/api\/wp\/v2\/categories?post=438450"},{"taxonomy":"post_tag","embeddable":true,"href":"https:\/\/portaltela.pt\/api\/wp\/v2\/tags?post=438450"}],"curies":[{"name":"wp","href":"https:\/\/api.w.org\/{rel}","templated":true}]}}