{"id":438449,"date":"2026-04-09T15:17:25","date_gmt":"2026-04-09T18:17:25","guid":{"rendered":"https:\/\/portaltela.pt\/noticias\/2026\/04\/09\/sociedade-guineense-denuncia-relacao-de-cumplicidade-entre-costa-e-embalo\/"},"modified":"2026-04-09T15:17:25","modified_gmt":"2026-04-09T18:17:25","slug":"sociedade-guineense-denuncia-relacao-de-cumplicidade-entre-costa-e-embalo","status":"publish","type":"post","link":"https:\/\/portaltela.pt\/politica-internacional\/2026\/04\/09\/sociedade-guineense-denuncia-relacao-de-cumplicidade-entre-costa-e-embalo\/","title":{"rendered":"Sociedade guineense denuncia rela\u00e7\u00e3o de cumplicidade entre Costa e Embal\u00f3"},"content":{"rendered":"<p>O movimento da sociedade civil guineense acusa Ant\u00f3nio Costa de manter uma rela\u00e7\u00e3o de cumplicidade com Umaro Sissoco Embal\u00f3, referido como ditador, ap\u00f3s uma reuni\u00e3o em Bruxelas com o presidente deposto da Guin\u00e9-Bissau e o ex-presidente do Senegal, Macky Sall. A den\u00fancia aponta para um ato pol\u00edtico consciente que, na leitura dos grupos, legitima um poder associado \u00e0 repress\u00e3o.<\/p>\n<p>Organiza\u00e7\u00f5es civis guineenses afirmam que o encontro, em Bruxelas, representa uma escolha pol\u00edtica com implica\u00e7\u00f5es para a credibilidade moral do cargo que Costa ocupa atualmente no Conselho Europeu. A cr\u00edtica sublinha que a reuni\u00e3o ocorre num contexto de instabilidade institucional na Guin\u00e9-Bissau.<\/p>\n<p>O que est\u00e1 envolvido envolve tr\u00eas figuras: Ant\u00f3nio Costa, ent\u00e3o presidente do Conselho Europeu; Umaro Sissoco Embal\u00f3, presidente deposto da Guin\u00e9-Bissau; e Macky Sall, ex-presidente do Senegal. A reclama\u00e7\u00e3o sustenta que a intera\u00e7\u00e3o com Embal\u00f3 transmite legitimidade a um governo considerado por muitos fora da legalidade.<\/p>\n<p>Quanto a datas exatas e ao local da reuni\u00e3o em Bruxelas, a informa\u00e7\u00e3o recebida indica apenas que ocorreu na capital belga. Aparentemente, a controv\u00e9rsia surgiu ap\u00f3s a divulga\u00e7\u00e3o de que Costa manteve contactos com os dois l\u00edderes africanos durante a agenda oficial.<\/p>\n<p>O porta-voz de Costa recusou comentar as acusa\u00e7\u00f5es e limitou-se a confirmar a realiza\u00e7\u00e3o da reuni\u00e3o entre as partes. N\u00e3o foram apresentadas explica\u00e7\u00f5es adicionais pelo lado portugu\u00eas.<\/p>\n","protected":false},"excerpt":{"rendered":"<ul>\n<li>Ant\u00f3nio Costa reuniu-se em Bruxelas com Umaro Sissoco Embal\u00f3, presidente deposto da Guin\u00e9-Bissau, e com Macky Sall, ex-Presidente do Senegal.<\/li>\n<li>A not\u00edcia provocou rea\u00e7\u00e3o da sociedade civil guineense, que acusa Costa de ter feito um \u201cato pol\u00edtico consciente\u201d ao encontro.<\/li>\n<li>Os signat\u00e1rios dizem que a reuni\u00e3o representa uma escolha pol\u00edtica com implica\u00e7\u00f5es claras e compromete a autoridade moral do cargo de Costa na Uni\u00e3o Europeia.<\/li>\n<li>A den\u00fancia sustenta que o encontro empresta legitimidade a \u201cum poder associado \u00e0 repress\u00e3o\u201d.<\/li>\n<li>O porta-voz de Costa recusou comentar as acusa\u00e7\u00f5es, confirmando apenas a realiza\u00e7\u00e3o da reuni\u00e3o.<\/li>\n<\/ul>\n","protected":false},"author":2,"featured_media":438456,"comment_status":"closed","ping_status":"closed","sticky":false,"template":"","format":"standard","meta":{"footnotes":""},"categories":[1,7127],"tags":[5227,3777,2502,2023,2832,5698],"class_list":["post-438449","post","type-post","status-publish","format-standard","has-post-thumbnail","hentry","category-noticias","category-politica-internacional","tag-africa","tag-antonio-costa","tag-conselho-europeu","tag-organizacoes-internacionais","tag-politica","tag-politica-internacional"],"yoast_head":"<!-- This site is optimized with the Yoast SEO plugin v27.2 - https:\/\/yoast.com\/product\/yoast-seo-wordpress\/ -->\n<title>Sociedade guineense denuncia rela\u00e7\u00e3o de cumplicidade entre Costa e Embal\u00f3 - Portal Tela Portugal<\/title>\n<meta name=\"robots\" content=\"index, follow, max-snippet:-1, max-image-preview:large, max-video-preview:-1\" \/>\n<meta property=\"og:locale\" content=\"pt_PT\" \/>\n<meta property=\"og:type\" content=\"article\" \/>\n<meta property=\"og:title\" content=\"Sociedade guineense denuncia rela\u00e7\u00e3o de cumplicidade entre Costa e Embal\u00f3 - Portal Tela Portugal\" \/>\n<meta property=\"og:description\" content=\"Ant\u00f3nio Costa reuniu-se em Bruxelas com Umaro Sissoco Embal\u00f3, presidente deposto da Guin\u00e9-Bissau, e com Macky Sall, ex-Presidente do Senegal. A not\u00edcia provocou rea\u00e7\u00e3o da sociedade civil guineense, que acusa Costa de ter feito um \u201cato pol\u00edtico consciente\u201d ao encontro. Os signat\u00e1rios dizem que a reuni\u00e3o representa uma escolha pol\u00edtica com implica\u00e7\u00f5es claras e compromete a autoridade moral do cargo de Costa na Uni\u00e3o Europeia. A den\u00fancia sustenta que o encontro empresta legitimidade a \u201cum poder associado \u00e0 repress\u00e3o\u201d. O porta-voz de Costa recusou comentar as acusa\u00e7\u00f5es, confirmando apenas a realiza\u00e7\u00e3o da reuni\u00e3o.\" \/>\n<meta property=\"og:url\" content=\"https:\/\/portaltela.pt\/noticias\/2026\/04\/09\/sociedade-guineense-denuncia-relacao-de-cumplicidade-entre-costa-e-embalo\/\" \/>\n<meta property=\"og:site_name\" content=\"Portal Tela Portugal\" \/>\n<meta property=\"article:published_time\" content=\"2026-04-09T18:17:25+00:00\" \/>\n<meta name=\"author\" content=\"Telinha\" \/>\n<meta name=\"twitter:card\" content=\"summary_large_image\" \/>\n<meta name=\"twitter:label1\" content=\"Escrito por\" \/>\n\t<meta name=\"twitter:data1\" content=\"Telinha\" \/>\n\t<meta name=\"twitter:label2\" content=\"Tempo estimado de leitura\" \/>\n\t<meta name=\"twitter:data2\" content=\"1 minuto\" \/>\n<script type=\"application\/ld+json\" class=\"yoast-schema-graph\">{\"@context\":\"https:\/\/schema.org\",\"@graph\":[{\"@type\":\"Article\",\"@id\":\"https:\/\/portaltela.pt\/noticias\/2026\/04\/09\/sociedade-guineense-denuncia-relacao-de-cumplicidade-entre-costa-e-embalo\/#article\",\"isPartOf\":{\"@id\":\"https:\/\/portaltela.pt\/noticias\/2026\/04\/09\/sociedade-guineense-denuncia-relacao-de-cumplicidade-entre-costa-e-embalo\/\"},\"author\":{\"name\":\"Telinha\",\"@id\":\"https:\/\/portaltela.pt\/#\/schema\/person\/c4278d4a6028830caff9ee44b42d32ed\"},\"headline\":\"Sociedade guineense denuncia rela\u00e7\u00e3o de cumplicidade entre Costa e Embal\u00f3\",\"datePublished\":\"2026-04-09T18:17:25+00:00\",\"mainEntityOfPage\":{\"@id\":\"https:\/\/portaltela.pt\/noticias\/2026\/04\/09\/sociedade-guineense-denuncia-relacao-de-cumplicidade-entre-costa-e-embalo\/\"},\"wordCount\":258,\"image\":{\"@id\":\"https:\/\/portaltela.pt\/noticias\/2026\/04\/09\/sociedade-guineense-denuncia-relacao-de-cumplicidade-entre-costa-e-embalo\/#primaryimage\"},\"thumbnailUrl\":\"https:\/\/portaltela.pt\/s.01k8rhncp4jt1\/2026\/04\/2080303.jpg\",\"keywords\":[\"\u00c1frica\",\"Ant\u00f3nio Costa\",\"Conselho Europeu\",\"organiza\u00e7\u00f5es internacionais\",\"pol\u00edtica\",\"pol\u00edtica internacional\"],\"articleSection\":[\"Not\u00edcias\",\"Pol\u00edtica Internacional\"],\"inLanguage\":\"pt-PT\"},{\"@type\":\"WebPage\",\"@id\":\"https:\/\/portaltela.pt\/noticias\/2026\/04\/09\/sociedade-guineense-denuncia-relacao-de-cumplicidade-entre-costa-e-embalo\/\",\"url\":\"https:\/\/portaltela.pt\/noticias\/2026\/04\/09\/sociedade-guineense-denuncia-relacao-de-cumplicidade-entre-costa-e-embalo\/\",\"name\":\"Sociedade guineense denuncia rela\u00e7\u00e3o de cumplicidade entre Costa e Embal\u00f3 - Portal Tela Portugal\",\"isPartOf\":{\"@id\":\"https:\/\/portaltela.pt\/#website\"},\"primaryImageOfPage\":{\"@id\":\"https:\/\/portaltela.pt\/noticias\/2026\/04\/09\/sociedade-guineense-denuncia-relacao-de-cumplicidade-entre-costa-e-embalo\/#primaryimage\"},\"image\":{\"@id\":\"https:\/\/portaltela.pt\/noticias\/2026\/04\/09\/sociedade-guineense-denuncia-relacao-de-cumplicidade-entre-costa-e-embalo\/#primaryimage\"},\"thumbnailUrl\":\"https:\/\/portaltela.pt\/s.01k8rhncp4jt1\/2026\/04\/2080303.jpg\",\"datePublished\":\"2026-04-09T18:17:25+00:00\",\"author\":{\"@id\":\"https:\/\/portaltela.pt\/#\/schema\/person\/c4278d4a6028830caff9ee44b42d32ed\"},\"breadcrumb\":{\"@id\":\"https:\/\/portaltela.pt\/noticias\/2026\/04\/09\/sociedade-guineense-denuncia-relacao-de-cumplicidade-entre-costa-e-embalo\/#breadcrumb\"},\"inLanguage\":\"pt-PT\",\"potentialAction\":[{\"@type\":\"ReadAction\",\"target\":[\"https:\/\/portaltela.pt\/noticias\/2026\/04\/09\/sociedade-guineense-denuncia-relacao-de-cumplicidade-entre-costa-e-embalo\/\"]}]},{\"@type\":\"ImageObject\",\"inLanguage\":\"pt-PT\",\"@id\":\"https:\/\/portaltela.pt\/noticias\/2026\/04\/09\/sociedade-guineense-denuncia-relacao-de-cumplicidade-entre-costa-e-embalo\/#primaryimage\",\"url\":\"https:\/\/portaltela.pt\/s.01k8rhncp4jt1\/2026\/04\/2080303.jpg\",\"contentUrl\":\"https:\/\/portaltela.pt\/s.01k8rhncp4jt1\/2026\/04\/2080303.jpg\",\"width\":796,\"height\":448,\"caption\":\"Ant\u00f3nio Costa recebendo Umaro Sissoco Embal\u00f3 no pal\u00e1cio de S\u00e3o Bento, em Lisboa, em Outubro de 2023\"},{\"@type\":\"BreadcrumbList\",\"@id\":\"https:\/\/portaltela.pt\/noticias\/2026\/04\/09\/sociedade-guineense-denuncia-relacao-de-cumplicidade-entre-costa-e-embalo\/#breadcrumb\",\"itemListElement\":[{\"@type\":\"ListItem\",\"position\":1,\"name\":\"In\u00edcio\",\"item\":\"https:\/\/portaltela.pt\/\"},{\"@type\":\"ListItem\",\"position\":2,\"name\":\"Sociedade guineense denuncia rela\u00e7\u00e3o de cumplicidade entre Costa e Embal\u00f3\"}]},{\"@type\":\"WebSite\",\"@id\":\"https:\/\/portaltela.pt\/#website\",\"url\":\"https:\/\/portaltela.pt\/\",\"name\":\"Portal Tela Portugal\",\"description\":\"\",\"potentialAction\":[{\"@type\":\"SearchAction\",\"target\":{\"@type\":\"EntryPoint\",\"urlTemplate\":\"https:\/\/portaltela.pt\/?s={search_term_string}\"},\"query-input\":{\"@type\":\"PropertyValueSpecification\",\"valueRequired\":true,\"valueName\":\"search_term_string\"}}],\"inLanguage\":\"pt-PT\"},{\"@type\":\"Person\",\"@id\":\"https:\/\/portaltela.pt\/#\/schema\/person\/c4278d4a6028830caff9ee44b42d32ed\",\"name\":\"Telinha\",\"image\":{\"@type\":\"ImageObject\",\"inLanguage\":\"pt-PT\",\"@id\":\"https:\/\/portaltela.pt\/s.01k8rhncp4jt1\/2025\/11\/talking-bot-125x125.png\",\"url\":\"https:\/\/portaltela.pt\/s.01k8rhncp4jt1\/2025\/11\/talking-bot-125x125.png\",\"contentUrl\":\"https:\/\/portaltela.pt\/s.01k8rhncp4jt1\/2025\/11\/talking-bot-125x125.png\",\"caption\":\"Telinha\"},\"sameAs\":[\"https:\/\/portaltela.pt\/\"],\"url\":\"https:\/\/portaltela.pt\/por\/367410592786\/\"}]}<\/script>\n<!-- \/ Yoast SEO plugin. -->","yoast_head_json":{"title":"Sociedade guineense denuncia rela\u00e7\u00e3o de cumplicidade entre Costa e Embal\u00f3 - Portal Tela Portugal","robots":{"index":"index","follow":"follow","max-snippet":"max-snippet:-1","max-image-preview":"max-image-preview:large","max-video-preview":"max-video-preview:-1"},"og_locale":"pt_PT","og_type":"article","og_title":"Sociedade guineense denuncia rela\u00e7\u00e3o de cumplicidade entre Costa e Embal\u00f3 - Portal Tela Portugal","og_description":"Ant\u00f3nio Costa reuniu-se em Bruxelas com Umaro Sissoco Embal\u00f3, presidente deposto da Guin\u00e9-Bissau, e com Macky Sall, ex-Presidente do Senegal. A not\u00edcia provocou rea\u00e7\u00e3o da sociedade civil guineense, que acusa Costa de ter feito um \u201cato pol\u00edtico consciente\u201d ao encontro. Os signat\u00e1rios dizem que a reuni\u00e3o representa uma escolha pol\u00edtica com implica\u00e7\u00f5es claras e compromete a autoridade moral do cargo de Costa na Uni\u00e3o Europeia. A den\u00fancia sustenta que o encontro empresta legitimidade a \u201cum poder associado \u00e0 repress\u00e3o\u201d. O porta-voz de Costa recusou comentar as acusa\u00e7\u00f5es, confirmando apenas a realiza\u00e7\u00e3o da reuni\u00e3o.","og_url":"https:\/\/portaltela.pt\/noticias\/2026\/04\/09\/sociedade-guineense-denuncia-relacao-de-cumplicidade-entre-costa-e-embalo\/","og_site_name":"Portal Tela Portugal","article_published_time":"2026-04-09T18:17:25+00:00","author":"Telinha","twitter_card":"summary_large_image","twitter_misc":{"Escrito por":"Telinha","Tempo estimado de leitura":"1 minuto"},"schema":{"@context":"https:\/\/schema.org","@graph":[{"@type":"Article","@id":"https:\/\/portaltela.pt\/noticias\/2026\/04\/09\/sociedade-guineense-denuncia-relacao-de-cumplicidade-entre-costa-e-embalo\/#article","isPartOf":{"@id":"https:\/\/portaltela.pt\/noticias\/2026\/04\/09\/sociedade-guineense-denuncia-relacao-de-cumplicidade-entre-costa-e-embalo\/"},"author":{"name":"Telinha","@id":"https:\/\/portaltela.pt\/#\/schema\/person\/c4278d4a6028830caff9ee44b42d32ed"},"headline":"Sociedade guineense denuncia rela\u00e7\u00e3o de cumplicidade entre Costa e Embal\u00f3","datePublished":"2026-04-09T18:17:25+00:00","mainEntityOfPage":{"@id":"https:\/\/portaltela.pt\/noticias\/2026\/04\/09\/sociedade-guineense-denuncia-relacao-de-cumplicidade-entre-costa-e-embalo\/"},"wordCount":258,"image":{"@id":"https:\/\/portaltela.pt\/noticias\/2026\/04\/09\/sociedade-guineense-denuncia-relacao-de-cumplicidade-entre-costa-e-embalo\/#primaryimage"},"thumbnailUrl":"https:\/\/portaltela.pt\/s.01k8rhncp4jt1\/2026\/04\/2080303.jpg","keywords":["\u00c1frica","Ant\u00f3nio Costa","Conselho Europeu","organiza\u00e7\u00f5es internacionais","pol\u00edtica","pol\u00edtica internacional"],"articleSection":["Not\u00edcias","Pol\u00edtica Internacional"],"inLanguage":"pt-PT"},{"@type":"WebPage","@id":"https:\/\/portaltela.pt\/noticias\/2026\/04\/09\/sociedade-guineense-denuncia-relacao-de-cumplicidade-entre-costa-e-embalo\/","url":"https:\/\/portaltela.pt\/noticias\/2026\/04\/09\/sociedade-guineense-denuncia-relacao-de-cumplicidade-entre-costa-e-embalo\/","name":"Sociedade guineense denuncia rela\u00e7\u00e3o de cumplicidade entre Costa e Embal\u00f3 - Portal Tela Portugal","isPartOf":{"@id":"https:\/\/portaltela.pt\/#website"},"primaryImageOfPage":{"@id":"https:\/\/portaltela.pt\/noticias\/2026\/04\/09\/sociedade-guineense-denuncia-relacao-de-cumplicidade-entre-costa-e-embalo\/#primaryimage"},"image":{"@id":"https:\/\/portaltela.pt\/noticias\/2026\/04\/09\/sociedade-guineense-denuncia-relacao-de-cumplicidade-entre-costa-e-embalo\/#primaryimage"},"thumbnailUrl":"https:\/\/portaltela.pt\/s.01k8rhncp4jt1\/2026\/04\/2080303.jpg","datePublished":"2026-04-09T18:17:25+00:00","author":{"@id":"https:\/\/portaltela.pt\/#\/schema\/person\/c4278d4a6028830caff9ee44b42d32ed"},"breadcrumb":{"@id":"https:\/\/portaltela.pt\/noticias\/2026\/04\/09\/sociedade-guineense-denuncia-relacao-de-cumplicidade-entre-costa-e-embalo\/#breadcrumb"},"inLanguage":"pt-PT","potentialAction":[{"@type":"ReadAction","target":["https:\/\/portaltela.pt\/noticias\/2026\/04\/09\/sociedade-guineense-denuncia-relacao-de-cumplicidade-entre-costa-e-embalo\/"]}]},{"@type":"ImageObject","inLanguage":"pt-PT","@id":"https:\/\/portaltela.pt\/noticias\/2026\/04\/09\/sociedade-guineense-denuncia-relacao-de-cumplicidade-entre-costa-e-embalo\/#primaryimage","url":"https:\/\/portaltela.pt\/s.01k8rhncp4jt1\/2026\/04\/2080303.jpg","contentUrl":"https:\/\/portaltela.pt\/s.01k8rhncp4jt1\/2026\/04\/2080303.jpg","width":796,"height":448,"caption":"Ant\u00f3nio Costa recebendo Umaro Sissoco Embal\u00f3 no pal\u00e1cio de S\u00e3o Bento, em Lisboa, em Outubro de 2023"},{"@type":"BreadcrumbList","@id":"https:\/\/portaltela.pt\/noticias\/2026\/04\/09\/sociedade-guineense-denuncia-relacao-de-cumplicidade-entre-costa-e-embalo\/#breadcrumb","itemListElement":[{"@type":"ListItem","position":1,"name":"In\u00edcio","item":"https:\/\/portaltela.pt\/"},{"@type":"ListItem","position":2,"name":"Sociedade guineense denuncia rela\u00e7\u00e3o de cumplicidade entre Costa e Embal\u00f3"}]},{"@type":"WebSite","@id":"https:\/\/portaltela.pt\/#website","url":"https:\/\/portaltela.pt\/","name":"Portal Tela Portugal","description":"","potentialAction":[{"@type":"SearchAction","target":{"@type":"EntryPoint","urlTemplate":"https:\/\/portaltela.pt\/?s={search_term_string}"},"query-input":{"@type":"PropertyValueSpecification","valueRequired":true,"valueName":"search_term_string"}}],"inLanguage":"pt-PT"},{"@type":"Person","@id":"https:\/\/portaltela.pt\/#\/schema\/person\/c4278d4a6028830caff9ee44b42d32ed","name":"Telinha","image":{"@type":"ImageObject","inLanguage":"pt-PT","@id":"https:\/\/portaltela.pt\/s.01k8rhncp4jt1\/2025\/11\/talking-bot-125x125.png","url":"https:\/\/portaltela.pt\/s.01k8rhncp4jt1\/2025\/11\/talking-bot-125x125.png","contentUrl":"https:\/\/portaltela.pt\/s.01k8rhncp4jt1\/2025\/11\/talking-bot-125x125.png","caption":"Telinha"},"sameAs":["https:\/\/portaltela.pt\/"],"url":"https:\/\/portaltela.pt\/por\/367410592786\/"}]}},"_links":{"self":[{"href":"https:\/\/portaltela.pt\/api\/wp\/v2\/posts\/438449","targetHints":{"allow":["GET"]}}],"collection":[{"href":"https:\/\/portaltela.pt\/api\/wp\/v2\/posts"}],"about":[{"href":"https:\/\/portaltela.pt\/api\/wp\/v2\/types\/post"}],"author":[{"embeddable":true,"href":"https:\/\/portaltela.pt\/api\/wp\/v2\/users\/2"}],"replies":[{"embeddable":true,"href":"https:\/\/portaltela.pt\/api\/wp\/v2\/comments?post=438449"}],"version-history":[{"count":0,"href":"https:\/\/portaltela.pt\/api\/wp\/v2\/posts\/438449\/revisions"}],"wp:featuredmedia":[{"embeddable":true,"href":"https:\/\/portaltela.pt\/api\/wp\/v2\/media\/438456"}],"wp:attachment":[{"href":"https:\/\/portaltela.pt\/api\/wp\/v2\/media?parent=438449"}],"wp:term":[{"taxonomy":"category","embeddable":true,"href":"https:\/\/portaltela.pt\/api\/wp\/v2\/categories?post=438449"},{"taxonomy":"post_tag","embeddable":true,"href":"https:\/\/portaltela.pt\/api\/wp\/v2\/tags?post=438449"}],"curies":[{"name":"wp","href":"https:\/\/api.w.org\/{rel}","templated":true}]}}