{"id":438424,"date":"2026-04-09T15:02:47","date_gmt":"2026-04-09T18:02:47","guid":{"rendered":"https:\/\/portaltela.pt\/noticias\/2026\/04\/09\/governo-garante-ausencia-de-parceiros-preferenciais-e-negocia-caso-a-caso\/"},"modified":"2026-04-09T15:02:47","modified_gmt":"2026-04-09T18:02:47","slug":"governo-garante-ausencia-de-parceiros-preferenciais-e-negocia-caso-a-caso","status":"publish","type":"post","link":"https:\/\/portaltela.pt\/noticias\/politica\/2026\/04\/09\/governo-garante-ausencia-de-parceiros-preferenciais-e-negocia-caso-a-caso\/","title":{"rendered":"Governo garante aus\u00eancia de parceiros preferenciais e negocia caso a caso"},"content":{"rendered":"<p>O governo garantiu que n\u00e3o mant\u00e9m parceiros preferenciais e que as negocia\u00e7\u00f5es ser\u00e3o feitas caso a caso, afirmou hoje um ministro do executivo. A declara\u00e7\u00e3o refor\u00e7a a postura de neutralidade nas rela\u00e7\u00f5es com entidades externas.<\/p>\n<p>Segundo o ministro, as decis\u00f5es relacionadas com acordos ou parcerias s\u00e3o avaliadas de forma individual, tendo em conta objetivos p\u00fablicos e a qualidade das propostas apresentadas. N\u00e3o haver\u00e1 favoritismos nem tratamento diferencial entre potenciais parceiros.<\/p>\n<p>A comunica\u00e7\u00e3o n\u00e3o especificou quando come\u00e7aram as negocia\u00e7\u00f5es ou onde foi proferida a afirma\u00e7\u00e3o. O enfoque permanece na aplica\u00e7\u00e3o de crit\u00e9rios objetivos para cada processo, mantendo a pol\u00edtica de negocia\u00e7\u00e3o baseada no m\u00e9rito.<\/p>\n","protected":false},"excerpt":{"rendered":"<ul>\n<li>O governo garantiu que n\u00e3o tem parceiros preferenciais e que as negocia\u00e7\u00f5es ser\u00e3o feitas caso a caso.<\/li>\n<li>A afirma\u00e7\u00e3o foi feita pelo ministro respons\u00e1vel.<\/li>\n<li>O conte\u00fado completo da not\u00edcia est\u00e1 dispon\u00edvel apenas para subscritores.<\/li>\n<li>N\u00e3o foram divulgados detalhes adicionais sobre as negocia\u00e7\u00f5es ou crit\u00e9rios usados.<\/li>\n<\/ul>\n","protected":false},"author":2,"featured_media":438425,"comment_status":"closed","ping_status":"closed","sticky":false,"template":"","format":"standard","meta":{"footnotes":""},"categories":[1,5],"tags":[28,34,2036,1996,2832,27],"class_list":["post-438424","post","type-post","status-publish","format-standard","has-post-thumbnail","hentry","category-noticias","category-politica","tag-economia","tag-governo","tag-negociacoes-internacionais","tag-parcerias-internacionais","tag-politica","tag-relacoes-internacionais"],"yoast_head":"<!-- This site is optimized with the Yoast SEO plugin v27.2 - https:\/\/yoast.com\/product\/yoast-seo-wordpress\/ -->\n<title>Governo garante aus\u00eancia de parceiros preferenciais e negocia caso a caso - Portal Tela Portugal<\/title>\n<meta name=\"robots\" content=\"index, follow, max-snippet:-1, max-image-preview:large, max-video-preview:-1\" \/>\n<meta property=\"og:locale\" content=\"pt_PT\" \/>\n<meta property=\"og:type\" content=\"article\" \/>\n<meta property=\"og:title\" content=\"Governo garante aus\u00eancia de parceiros preferenciais e negocia caso a caso - Portal Tela Portugal\" \/>\n<meta property=\"og:description\" content=\"O governo garantiu que n\u00e3o tem parceiros preferenciais e que as negocia\u00e7\u00f5es ser\u00e3o feitas caso a caso. A afirma\u00e7\u00e3o foi feita pelo ministro respons\u00e1vel. O conte\u00fado completo da not\u00edcia est\u00e1 dispon\u00edvel apenas para subscritores. N\u00e3o foram divulgados detalhes adicionais sobre as negocia\u00e7\u00f5es ou crit\u00e9rios usados.\" \/>\n<meta property=\"og:url\" content=\"https:\/\/portaltela.pt\/noticias\/2026\/04\/09\/governo-garante-ausencia-de-parceiros-preferenciais-e-negocia-caso-a-caso\/\" \/>\n<meta property=\"og:site_name\" content=\"Portal Tela Portugal\" \/>\n<meta property=\"article:published_time\" content=\"2026-04-09T18:02:47+00:00\" \/>\n<meta name=\"author\" content=\"Telinha\" \/>\n<meta name=\"twitter:card\" content=\"summary_large_image\" \/>\n<meta name=\"twitter:label1\" content=\"Escrito por\" \/>\n\t<meta name=\"twitter:data1\" content=\"Telinha\" \/>\n\t<meta name=\"twitter:label2\" content=\"Tempo estimado de leitura\" \/>\n\t<meta name=\"twitter:data2\" content=\"1 minuto\" \/>\n<script type=\"application\/ld+json\" class=\"yoast-schema-graph\">{\"@context\":\"https:\/\/schema.org\",\"@graph\":[{\"@type\":\"Article\",\"@id\":\"https:\/\/portaltela.pt\/noticias\/2026\/04\/09\/governo-garante-ausencia-de-parceiros-preferenciais-e-negocia-caso-a-caso\/#article\",\"isPartOf\":{\"@id\":\"https:\/\/portaltela.pt\/noticias\/2026\/04\/09\/governo-garante-ausencia-de-parceiros-preferenciais-e-negocia-caso-a-caso\/\"},\"author\":{\"name\":\"Telinha\",\"@id\":\"https:\/\/portaltela.pt\/#\/schema\/person\/c4278d4a6028830caff9ee44b42d32ed\"},\"headline\":\"Governo garante aus\u00eancia de parceiros preferenciais e negocia caso a caso\",\"datePublished\":\"2026-04-09T18:02:47+00:00\",\"mainEntityOfPage\":{\"@id\":\"https:\/\/portaltela.pt\/noticias\/2026\/04\/09\/governo-garante-ausencia-de-parceiros-preferenciais-e-negocia-caso-a-caso\/\"},\"wordCount\":136,\"image\":{\"@id\":\"https:\/\/portaltela.pt\/noticias\/2026\/04\/09\/governo-garante-ausencia-de-parceiros-preferenciais-e-negocia-caso-a-caso\/#primaryimage\"},\"thumbnailUrl\":\"https:\/\/portaltela.pt\/s.01k8rhncp4jt1\/2026\/04\/CACHE_780X1200_ANALOG_WATERMARKED_46902491_3840255_09042026054055.jpg\",\"keywords\":[\"economia\",\"governo\",\"negocia\u00e7\u00f5es internacionais\",\"parcerias internacionais\",\"pol\u00edtica\",\"rela\u00e7\u00f5es internacionais\"],\"articleSection\":[\"Not\u00edcias\",\"Pol\u00edtica\"],\"inLanguage\":\"pt-PT\"},{\"@type\":\"WebPage\",\"@id\":\"https:\/\/portaltela.pt\/noticias\/2026\/04\/09\/governo-garante-ausencia-de-parceiros-preferenciais-e-negocia-caso-a-caso\/\",\"url\":\"https:\/\/portaltela.pt\/noticias\/2026\/04\/09\/governo-garante-ausencia-de-parceiros-preferenciais-e-negocia-caso-a-caso\/\",\"name\":\"Governo garante aus\u00eancia de parceiros preferenciais e negocia caso a caso - Portal Tela Portugal\",\"isPartOf\":{\"@id\":\"https:\/\/portaltela.pt\/#website\"},\"primaryImageOfPage\":{\"@id\":\"https:\/\/portaltela.pt\/noticias\/2026\/04\/09\/governo-garante-ausencia-de-parceiros-preferenciais-e-negocia-caso-a-caso\/#primaryimage\"},\"image\":{\"@id\":\"https:\/\/portaltela.pt\/noticias\/2026\/04\/09\/governo-garante-ausencia-de-parceiros-preferenciais-e-negocia-caso-a-caso\/#primaryimage\"},\"thumbnailUrl\":\"https:\/\/portaltela.pt\/s.01k8rhncp4jt1\/2026\/04\/CACHE_780X1200_ANALOG_WATERMARKED_46902491_3840255_09042026054055.jpg\",\"datePublished\":\"2026-04-09T18:02:47+00:00\",\"author\":{\"@id\":\"https:\/\/portaltela.pt\/#\/schema\/person\/c4278d4a6028830caff9ee44b42d32ed\"},\"breadcrumb\":{\"@id\":\"https:\/\/portaltela.pt\/noticias\/2026\/04\/09\/governo-garante-ausencia-de-parceiros-preferenciais-e-negocia-caso-a-caso\/#breadcrumb\"},\"inLanguage\":\"pt-PT\",\"potentialAction\":[{\"@type\":\"ReadAction\",\"target\":[\"https:\/\/portaltela.pt\/noticias\/2026\/04\/09\/governo-garante-ausencia-de-parceiros-preferenciais-e-negocia-caso-a-caso\/\"]}]},{\"@type\":\"ImageObject\",\"inLanguage\":\"pt-PT\",\"@id\":\"https:\/\/portaltela.pt\/noticias\/2026\/04\/09\/governo-garante-ausencia-de-parceiros-preferenciais-e-negocia-caso-a-caso\/#primaryimage\",\"url\":\"https:\/\/portaltela.pt\/s.01k8rhncp4jt1\/2026\/04\/CACHE_780X1200_ANALOG_WATERMARKED_46902491_3840255_09042026054055.jpg\",\"contentUrl\":\"https:\/\/portaltela.pt\/s.01k8rhncp4jt1\/2026\/04\/CACHE_780X1200_ANALOG_WATERMARKED_46902491_3840255_09042026054055.jpg\",\"width\":796,\"height\":448,\"caption\":\"Governo garante que n\u00e3o tem parceiros preferenciais e que negociar\u00e1 caso a caso \u2013 ministro\"},{\"@type\":\"BreadcrumbList\",\"@id\":\"https:\/\/portaltela.pt\/noticias\/2026\/04\/09\/governo-garante-ausencia-de-parceiros-preferenciais-e-negocia-caso-a-caso\/#breadcrumb\",\"itemListElement\":[{\"@type\":\"ListItem\",\"position\":1,\"name\":\"In\u00edcio\",\"item\":\"https:\/\/portaltela.pt\/\"},{\"@type\":\"ListItem\",\"position\":2,\"name\":\"Governo garante aus\u00eancia de parceiros preferenciais e negocia caso a caso\"}]},{\"@type\":\"WebSite\",\"@id\":\"https:\/\/portaltela.pt\/#website\",\"url\":\"https:\/\/portaltela.pt\/\",\"name\":\"Portal Tela Portugal\",\"description\":\"\",\"potentialAction\":[{\"@type\":\"SearchAction\",\"target\":{\"@type\":\"EntryPoint\",\"urlTemplate\":\"https:\/\/portaltela.pt\/?s={search_term_string}\"},\"query-input\":{\"@type\":\"PropertyValueSpecification\",\"valueRequired\":true,\"valueName\":\"search_term_string\"}}],\"inLanguage\":\"pt-PT\"},{\"@type\":\"Person\",\"@id\":\"https:\/\/portaltela.pt\/#\/schema\/person\/c4278d4a6028830caff9ee44b42d32ed\",\"name\":\"Telinha\",\"image\":{\"@type\":\"ImageObject\",\"inLanguage\":\"pt-PT\",\"@id\":\"https:\/\/portaltela.pt\/s.01k8rhncp4jt1\/2025\/11\/talking-bot-125x125.png\",\"url\":\"https:\/\/portaltela.pt\/s.01k8rhncp4jt1\/2025\/11\/talking-bot-125x125.png\",\"contentUrl\":\"https:\/\/portaltela.pt\/s.01k8rhncp4jt1\/2025\/11\/talking-bot-125x125.png\",\"caption\":\"Telinha\"},\"sameAs\":[\"https:\/\/portaltela.pt\/\"],\"url\":\"https:\/\/portaltela.pt\/por\/367410592786\/\"}]}<\/script>\n<!-- \/ Yoast SEO plugin. -->","yoast_head_json":{"title":"Governo garante aus\u00eancia de parceiros preferenciais e negocia caso a caso - Portal Tela Portugal","robots":{"index":"index","follow":"follow","max-snippet":"max-snippet:-1","max-image-preview":"max-image-preview:large","max-video-preview":"max-video-preview:-1"},"og_locale":"pt_PT","og_type":"article","og_title":"Governo garante aus\u00eancia de parceiros preferenciais e negocia caso a caso - Portal Tela Portugal","og_description":"O governo garantiu que n\u00e3o tem parceiros preferenciais e que as negocia\u00e7\u00f5es ser\u00e3o feitas caso a caso. A afirma\u00e7\u00e3o foi feita pelo ministro respons\u00e1vel. O conte\u00fado completo da not\u00edcia est\u00e1 dispon\u00edvel apenas para subscritores. N\u00e3o foram divulgados detalhes adicionais sobre as negocia\u00e7\u00f5es ou crit\u00e9rios usados.","og_url":"https:\/\/portaltela.pt\/noticias\/2026\/04\/09\/governo-garante-ausencia-de-parceiros-preferenciais-e-negocia-caso-a-caso\/","og_site_name":"Portal Tela Portugal","article_published_time":"2026-04-09T18:02:47+00:00","author":"Telinha","twitter_card":"summary_large_image","twitter_misc":{"Escrito por":"Telinha","Tempo estimado de leitura":"1 minuto"},"schema":{"@context":"https:\/\/schema.org","@graph":[{"@type":"Article","@id":"https:\/\/portaltela.pt\/noticias\/2026\/04\/09\/governo-garante-ausencia-de-parceiros-preferenciais-e-negocia-caso-a-caso\/#article","isPartOf":{"@id":"https:\/\/portaltela.pt\/noticias\/2026\/04\/09\/governo-garante-ausencia-de-parceiros-preferenciais-e-negocia-caso-a-caso\/"},"author":{"name":"Telinha","@id":"https:\/\/portaltela.pt\/#\/schema\/person\/c4278d4a6028830caff9ee44b42d32ed"},"headline":"Governo garante aus\u00eancia de parceiros preferenciais e negocia caso a caso","datePublished":"2026-04-09T18:02:47+00:00","mainEntityOfPage":{"@id":"https:\/\/portaltela.pt\/noticias\/2026\/04\/09\/governo-garante-ausencia-de-parceiros-preferenciais-e-negocia-caso-a-caso\/"},"wordCount":136,"image":{"@id":"https:\/\/portaltela.pt\/noticias\/2026\/04\/09\/governo-garante-ausencia-de-parceiros-preferenciais-e-negocia-caso-a-caso\/#primaryimage"},"thumbnailUrl":"https:\/\/portaltela.pt\/s.01k8rhncp4jt1\/2026\/04\/CACHE_780X1200_ANALOG_WATERMARKED_46902491_3840255_09042026054055.jpg","keywords":["economia","governo","negocia\u00e7\u00f5es internacionais","parcerias internacionais","pol\u00edtica","rela\u00e7\u00f5es internacionais"],"articleSection":["Not\u00edcias","Pol\u00edtica"],"inLanguage":"pt-PT"},{"@type":"WebPage","@id":"https:\/\/portaltela.pt\/noticias\/2026\/04\/09\/governo-garante-ausencia-de-parceiros-preferenciais-e-negocia-caso-a-caso\/","url":"https:\/\/portaltela.pt\/noticias\/2026\/04\/09\/governo-garante-ausencia-de-parceiros-preferenciais-e-negocia-caso-a-caso\/","name":"Governo garante aus\u00eancia de parceiros preferenciais e negocia caso a caso - Portal Tela Portugal","isPartOf":{"@id":"https:\/\/portaltela.pt\/#website"},"primaryImageOfPage":{"@id":"https:\/\/portaltela.pt\/noticias\/2026\/04\/09\/governo-garante-ausencia-de-parceiros-preferenciais-e-negocia-caso-a-caso\/#primaryimage"},"image":{"@id":"https:\/\/portaltela.pt\/noticias\/2026\/04\/09\/governo-garante-ausencia-de-parceiros-preferenciais-e-negocia-caso-a-caso\/#primaryimage"},"thumbnailUrl":"https:\/\/portaltela.pt\/s.01k8rhncp4jt1\/2026\/04\/CACHE_780X1200_ANALOG_WATERMARKED_46902491_3840255_09042026054055.jpg","datePublished":"2026-04-09T18:02:47+00:00","author":{"@id":"https:\/\/portaltela.pt\/#\/schema\/person\/c4278d4a6028830caff9ee44b42d32ed"},"breadcrumb":{"@id":"https:\/\/portaltela.pt\/noticias\/2026\/04\/09\/governo-garante-ausencia-de-parceiros-preferenciais-e-negocia-caso-a-caso\/#breadcrumb"},"inLanguage":"pt-PT","potentialAction":[{"@type":"ReadAction","target":["https:\/\/portaltela.pt\/noticias\/2026\/04\/09\/governo-garante-ausencia-de-parceiros-preferenciais-e-negocia-caso-a-caso\/"]}]},{"@type":"ImageObject","inLanguage":"pt-PT","@id":"https:\/\/portaltela.pt\/noticias\/2026\/04\/09\/governo-garante-ausencia-de-parceiros-preferenciais-e-negocia-caso-a-caso\/#primaryimage","url":"https:\/\/portaltela.pt\/s.01k8rhncp4jt1\/2026\/04\/CACHE_780X1200_ANALOG_WATERMARKED_46902491_3840255_09042026054055.jpg","contentUrl":"https:\/\/portaltela.pt\/s.01k8rhncp4jt1\/2026\/04\/CACHE_780X1200_ANALOG_WATERMARKED_46902491_3840255_09042026054055.jpg","width":796,"height":448,"caption":"Governo garante que n\u00e3o tem parceiros preferenciais e que negociar\u00e1 caso a caso \u2013 ministro"},{"@type":"BreadcrumbList","@id":"https:\/\/portaltela.pt\/noticias\/2026\/04\/09\/governo-garante-ausencia-de-parceiros-preferenciais-e-negocia-caso-a-caso\/#breadcrumb","itemListElement":[{"@type":"ListItem","position":1,"name":"In\u00edcio","item":"https:\/\/portaltela.pt\/"},{"@type":"ListItem","position":2,"name":"Governo garante aus\u00eancia de parceiros preferenciais e negocia caso a caso"}]},{"@type":"WebSite","@id":"https:\/\/portaltela.pt\/#website","url":"https:\/\/portaltela.pt\/","name":"Portal Tela Portugal","description":"","potentialAction":[{"@type":"SearchAction","target":{"@type":"EntryPoint","urlTemplate":"https:\/\/portaltela.pt\/?s={search_term_string}"},"query-input":{"@type":"PropertyValueSpecification","valueRequired":true,"valueName":"search_term_string"}}],"inLanguage":"pt-PT"},{"@type":"Person","@id":"https:\/\/portaltela.pt\/#\/schema\/person\/c4278d4a6028830caff9ee44b42d32ed","name":"Telinha","image":{"@type":"ImageObject","inLanguage":"pt-PT","@id":"https:\/\/portaltela.pt\/s.01k8rhncp4jt1\/2025\/11\/talking-bot-125x125.png","url":"https:\/\/portaltela.pt\/s.01k8rhncp4jt1\/2025\/11\/talking-bot-125x125.png","contentUrl":"https:\/\/portaltela.pt\/s.01k8rhncp4jt1\/2025\/11\/talking-bot-125x125.png","caption":"Telinha"},"sameAs":["https:\/\/portaltela.pt\/"],"url":"https:\/\/portaltela.pt\/por\/367410592786\/"}]}},"_links":{"self":[{"href":"https:\/\/portaltela.pt\/api\/wp\/v2\/posts\/438424","targetHints":{"allow":["GET"]}}],"collection":[{"href":"https:\/\/portaltela.pt\/api\/wp\/v2\/posts"}],"about":[{"href":"https:\/\/portaltela.pt\/api\/wp\/v2\/types\/post"}],"author":[{"embeddable":true,"href":"https:\/\/portaltela.pt\/api\/wp\/v2\/users\/2"}],"replies":[{"embeddable":true,"href":"https:\/\/portaltela.pt\/api\/wp\/v2\/comments?post=438424"}],"version-history":[{"count":0,"href":"https:\/\/portaltela.pt\/api\/wp\/v2\/posts\/438424\/revisions"}],"wp:featuredmedia":[{"embeddable":true,"href":"https:\/\/portaltela.pt\/api\/wp\/v2\/media\/438425"}],"wp:attachment":[{"href":"https:\/\/portaltela.pt\/api\/wp\/v2\/media?parent=438424"}],"wp:term":[{"taxonomy":"category","embeddable":true,"href":"https:\/\/portaltela.pt\/api\/wp\/v2\/categories?post=438424"},{"taxonomy":"post_tag","embeddable":true,"href":"https:\/\/portaltela.pt\/api\/wp\/v2\/tags?post=438424"}],"curies":[{"name":"wp","href":"https:\/\/api.w.org\/{rel}","templated":true}]}}