{"id":438416,"date":"2026-04-09T14:47:37","date_gmt":"2026-04-09T17:47:37","guid":{"rendered":"https:\/\/portaltela.pt\/noticias\/2026\/04\/09\/governo-com-porta-aberta-para-completar-negociacao-do-pacote-laboral\/"},"modified":"2026-04-09T14:47:37","modified_gmt":"2026-04-09T17:47:37","slug":"governo-com-porta-aberta-para-completar-negociacao-do-pacote-laboral","status":"publish","type":"post","link":"https:\/\/portaltela.pt\/noticias\/politica\/2026\/04\/09\/governo-com-porta-aberta-para-completar-negociacao-do-pacote-laboral\/","title":{"rendered":"Governo com porta aberta para completar negocia\u00e7\u00e3o do pacote laboral"},"content":{"rendered":"<p>O Governo mant\u00e9m a porta aberta para completar a negocia\u00e7\u00e3o sobre a revis\u00e3o da lei laboral, afirmou o ministro da Presid\u00eancia, Ant\u00f3nio Leit\u00e3o Amaro, ap\u00f3s a reuni\u00e3o semanal do Conselho de Ministros. A posi\u00e7\u00e3o surge face \u00e0 rejei\u00e7\u00e3o da atual proposta pela UGT.<\/p>\n<p>A Secretariado Nacional da UGT apelou \u00e0 continua\u00e7\u00e3o das negocia\u00e7\u00f5es, e Leit\u00e3o Amaro disse que o Governo vai aguardar a rece\u00e7\u00e3o da posi\u00e7\u00e3o oficial da central. Afirmou ainda que a negocia\u00e7\u00e3o decorre na concerta\u00e7\u00e3o social.<\/p>\n<p>A porta aberta, explicou o ministro, refere-se apenas \u00e0 fase de concerta\u00e7\u00e3o, em que h\u00e1 vontade de continuar a negociar. N\u00e3o est\u00e1 prevista qualquer decis\u00e3o parlamentar imediata, disse, mencionando um prazo considerado razo\u00e1vel.<\/p>\n<p>O ministro refor\u00e7ou que o Governo \u00e9 aberto ao di\u00e1logo e lembrou que a anteproposta de revis\u00e3o est\u00e1 em negocia\u00e7\u00e3o desde julho do ano passado. Este \u00e9 o Governo que privilegia o di\u00e1logo com os parceiros sociais.<\/p>\n<p>Durante a interven\u00e7\u00e3o, Leit\u00e3o Amaro reiterou que, segundo o primeiro-ministro Lu\u00eds Montenegro, o Governo \u00e9 o campe\u00e3o de acordos com a Administra\u00e7\u00e3o P\u00fablica, j\u00e1 tendo celebrado 39 acordos.<\/p>\n<p>O governante n\u00e3o comentou as condi\u00e7\u00f5es apresentadas pelo Chega para apoiar a legisla\u00e7\u00e3o. Limitou-se a dizer que n\u00e3o acompanhou as declara\u00e7\u00f5es do partido e que desconhece os termos propostos.<\/p>\n<p>Na segunda-feira, a ministra do Trabalho afirmou que chegou o momento de cada parceiro consultar os seus \u00f3rg\u00e3os sobre a proposta. Est\u00e1 prevista uma reuni\u00e3o plen\u00e1ria da Concerta\u00e7\u00e3o Social em breve.<\/p>\n<p>O Governo tem mantido encontros com a UGT e com as quatro confedera\u00e7\u00f5es empresariais, deixando a CGTP de fora, com o Governo a justificar a aus\u00eancia pela posi\u00e7\u00e3o inicial da central sindical. A CGTP pediu a retirada da proposta.<\/p>\n<p>A primeira vers\u00e3o do anteprojeto, intitulado Trabalho XXI, apresentada em julho de 2025, prev\u00ea mais de 100 altera\u00e7\u00f5es ao C\u00f3digo do Trabalho. A proposta gerou cr\u00edticas sindicais e levou a uma greve geral em dezembro do ano passado.<\/p>\n","protected":false},"excerpt":{"rendered":"<ul>\n<li>O Governo mant\u00e9m a porta aberta para completar a negocia\u00e7\u00e3o da revis\u00e3o da lei laboral, disse o ministro da Presid\u00eancia, Ant\u00f3nio Leit\u00e3o Amaro, ap\u00f3s a reuni\u00e3o semanal do Conselho de Ministros.<\/li>\n<li>A posi\u00e7\u00e3o da UGT, que rejeitou a proposta e pediu continuidade das negocia\u00e7\u00f5es, foi recebida e o Governo afirmou aguardar a posi\u00e7\u00e3o oficial antes de avan\u00e7ar.<\/li>\n<li>Leit\u00e3o Amaro explicou que a abertura se refere \u00e0 fase de negocia\u00e7\u00e3o na concerta\u00e7\u00e3o social, e que h\u00e1 vontade de continuar a negociar junto dos parceiros sociais.<\/li>\n<li>O Governo continua na fase de negocia\u00e7\u00e3o, n\u00e3o est\u00e1 na fase parlamentar, e pretende um tempo razo\u00e1vel para concluir as negocia\u00e7\u00f5es, com a anteproposta de revis\u00e3o em curso desde julho do ano passado.<\/li>\n<li>O governo tem realizado encontros com a UGT e quatro confedera\u00e7\u00f5es empresariais, mantendo a CGTP fora das negocia\u00e7\u00f5es, depois de a central ter pedido a retirada da proposta. A primeira vers\u00e3o, \u201cTrabalho XXI\u201d, foi apresentada em julho de 2025 e gerou cr\u00edticas e uma greve geral em 11 de dezembro.<\/li>\n<\/ul>\n","protected":false},"author":2,"featured_media":438418,"comment_status":"closed","ping_status":"closed","sticky":false,"template":"","format":"standard","meta":{"footnotes":""},"categories":[5,6871],"tags":[168,3075,2431,34,2832,2201],"class_list":["post-438416","post","type-post","status-publish","format-standard","has-post-thumbnail","hentry","category-politica","category-sociedade","tag-administracao-publica","tag-cgtp","tag-concertacao-social","tag-governo","tag-politica","tag-trabalho"],"yoast_head":"<!-- This site is optimized with the Yoast SEO plugin v27.2 - https:\/\/yoast.com\/product\/yoast-seo-wordpress\/ -->\n<title>Governo com porta aberta para completar negocia\u00e7\u00e3o do pacote laboral - Portal Tela Portugal<\/title>\n<meta name=\"robots\" content=\"index, follow, max-snippet:-1, max-image-preview:large, max-video-preview:-1\" \/>\n<meta property=\"og:locale\" content=\"pt_PT\" \/>\n<meta property=\"og:type\" content=\"article\" \/>\n<meta property=\"og:title\" content=\"Governo com porta aberta para completar negocia\u00e7\u00e3o do pacote laboral - Portal Tela Portugal\" \/>\n<meta property=\"og:description\" content=\"O Governo mant\u00e9m a porta aberta para completar a negocia\u00e7\u00e3o da revis\u00e3o da lei laboral, disse o ministro da Presid\u00eancia, Ant\u00f3nio Leit\u00e3o Amaro, ap\u00f3s a reuni\u00e3o semanal do Conselho de Ministros. A posi\u00e7\u00e3o da UGT, que rejeitou a proposta e pediu continuidade das negocia\u00e7\u00f5es, foi recebida e o Governo afirmou aguardar a posi\u00e7\u00e3o oficial antes de avan\u00e7ar. Leit\u00e3o Amaro explicou que a abertura se refere \u00e0 fase de negocia\u00e7\u00e3o na concerta\u00e7\u00e3o social, e que h\u00e1 vontade de continuar a negociar junto dos parceiros sociais. O Governo continua na fase de negocia\u00e7\u00e3o, n\u00e3o est\u00e1 na fase parlamentar, e pretende um tempo razo\u00e1vel para concluir as negocia\u00e7\u00f5es, com a anteproposta de revis\u00e3o em curso desde julho do ano passado. O governo tem realizado encontros com a UGT e quatro confedera\u00e7\u00f5es empresariais, mantendo a CGTP fora das negocia\u00e7\u00f5es, depois de a central ter pedido a retirada da proposta. A primeira vers\u00e3o, \u201cTrabalho XXI\u201d, foi apresentada em julho de 2025 e gerou cr\u00edticas e uma greve geral em 11 de dezembro.\" \/>\n<meta property=\"og:url\" content=\"https:\/\/portaltela.pt\/noticias\/2026\/04\/09\/governo-com-porta-aberta-para-completar-negociacao-do-pacote-laboral\/\" \/>\n<meta property=\"og:site_name\" content=\"Portal Tela Portugal\" \/>\n<meta property=\"article:published_time\" content=\"2026-04-09T17:47:37+00:00\" \/>\n<meta name=\"author\" content=\"Telinha\" \/>\n<meta name=\"twitter:card\" content=\"summary_large_image\" \/>\n<meta name=\"twitter:label1\" content=\"Escrito por\" \/>\n\t<meta name=\"twitter:data1\" content=\"Telinha\" \/>\n\t<meta name=\"twitter:label2\" content=\"Tempo estimado de leitura\" \/>\n\t<meta name=\"twitter:data2\" content=\"2 minutos\" \/>\n<script type=\"application\/ld+json\" class=\"yoast-schema-graph\">{\"@context\":\"https:\/\/schema.org\",\"@graph\":[{\"@type\":\"Article\",\"@id\":\"https:\/\/portaltela.pt\/noticias\/2026\/04\/09\/governo-com-porta-aberta-para-completar-negociacao-do-pacote-laboral\/#article\",\"isPartOf\":{\"@id\":\"https:\/\/portaltela.pt\/noticias\/2026\/04\/09\/governo-com-porta-aberta-para-completar-negociacao-do-pacote-laboral\/\"},\"author\":{\"name\":\"Telinha\",\"@id\":\"https:\/\/portaltela.pt\/#\/schema\/person\/c4278d4a6028830caff9ee44b42d32ed\"},\"headline\":\"Governo com porta aberta para completar negocia\u00e7\u00e3o do pacote laboral\",\"datePublished\":\"2026-04-09T17:47:37+00:00\",\"mainEntityOfPage\":{\"@id\":\"https:\/\/portaltela.pt\/noticias\/2026\/04\/09\/governo-com-porta-aberta-para-completar-negociacao-do-pacote-laboral\/\"},\"wordCount\":363,\"image\":{\"@id\":\"https:\/\/portaltela.pt\/noticias\/2026\/04\/09\/governo-com-porta-aberta-para-completar-negociacao-do-pacote-laboral\/#primaryimage\"},\"thumbnailUrl\":\"https:\/\/portaltela.pt\/s.01k8rhncp4jt1\/2026\/04\/image-536.jpg\",\"keywords\":[\"administra\u00e7\u00e3o p\u00fablica\",\"CGTP\",\"Concerta\u00e7\u00e3o Social\",\"governo\",\"pol\u00edtica\",\"trabalho\"],\"articleSection\":[\"Pol\u00edtica\",\"Sociedade\"],\"inLanguage\":\"pt-PT\"},{\"@type\":\"WebPage\",\"@id\":\"https:\/\/portaltela.pt\/noticias\/2026\/04\/09\/governo-com-porta-aberta-para-completar-negociacao-do-pacote-laboral\/\",\"url\":\"https:\/\/portaltela.pt\/noticias\/2026\/04\/09\/governo-com-porta-aberta-para-completar-negociacao-do-pacote-laboral\/\",\"name\":\"Governo com porta aberta para completar negocia\u00e7\u00e3o do pacote laboral - Portal Tela Portugal\",\"isPartOf\":{\"@id\":\"https:\/\/portaltela.pt\/#website\"},\"primaryImageOfPage\":{\"@id\":\"https:\/\/portaltela.pt\/noticias\/2026\/04\/09\/governo-com-porta-aberta-para-completar-negociacao-do-pacote-laboral\/#primaryimage\"},\"image\":{\"@id\":\"https:\/\/portaltela.pt\/noticias\/2026\/04\/09\/governo-com-porta-aberta-para-completar-negociacao-do-pacote-laboral\/#primaryimage\"},\"thumbnailUrl\":\"https:\/\/portaltela.pt\/s.01k8rhncp4jt1\/2026\/04\/image-536.jpg\",\"datePublished\":\"2026-04-09T17:47:37+00:00\",\"author\":{\"@id\":\"https:\/\/portaltela.pt\/#\/schema\/person\/c4278d4a6028830caff9ee44b42d32ed\"},\"breadcrumb\":{\"@id\":\"https:\/\/portaltela.pt\/noticias\/2026\/04\/09\/governo-com-porta-aberta-para-completar-negociacao-do-pacote-laboral\/#breadcrumb\"},\"inLanguage\":\"pt-PT\",\"potentialAction\":[{\"@type\":\"ReadAction\",\"target\":[\"https:\/\/portaltela.pt\/noticias\/2026\/04\/09\/governo-com-porta-aberta-para-completar-negociacao-do-pacote-laboral\/\"]}]},{\"@type\":\"ImageObject\",\"inLanguage\":\"pt-PT\",\"@id\":\"https:\/\/portaltela.pt\/noticias\/2026\/04\/09\/governo-com-porta-aberta-para-completar-negociacao-do-pacote-laboral\/#primaryimage\",\"url\":\"https:\/\/portaltela.pt\/s.01k8rhncp4jt1\/2026\/04\/image-536.jpg\",\"contentUrl\":\"https:\/\/portaltela.pt\/s.01k8rhncp4jt1\/2026\/04\/image-536.jpg\",\"width\":796,\"height\":448,\"caption\":\"O ministro da Presid\u00eancia Ant\u00f3nio Leit\u00e3o Amaro\"},{\"@type\":\"BreadcrumbList\",\"@id\":\"https:\/\/portaltela.pt\/noticias\/2026\/04\/09\/governo-com-porta-aberta-para-completar-negociacao-do-pacote-laboral\/#breadcrumb\",\"itemListElement\":[{\"@type\":\"ListItem\",\"position\":1,\"name\":\"In\u00edcio\",\"item\":\"https:\/\/portaltela.pt\/\"},{\"@type\":\"ListItem\",\"position\":2,\"name\":\"Governo com porta aberta para completar negocia\u00e7\u00e3o do pacote laboral\"}]},{\"@type\":\"WebSite\",\"@id\":\"https:\/\/portaltela.pt\/#website\",\"url\":\"https:\/\/portaltela.pt\/\",\"name\":\"Portal Tela Portugal\",\"description\":\"\",\"potentialAction\":[{\"@type\":\"SearchAction\",\"target\":{\"@type\":\"EntryPoint\",\"urlTemplate\":\"https:\/\/portaltela.pt\/?s={search_term_string}\"},\"query-input\":{\"@type\":\"PropertyValueSpecification\",\"valueRequired\":true,\"valueName\":\"search_term_string\"}}],\"inLanguage\":\"pt-PT\"},{\"@type\":\"Person\",\"@id\":\"https:\/\/portaltela.pt\/#\/schema\/person\/c4278d4a6028830caff9ee44b42d32ed\",\"name\":\"Telinha\",\"image\":{\"@type\":\"ImageObject\",\"inLanguage\":\"pt-PT\",\"@id\":\"https:\/\/portaltela.pt\/s.01k8rhncp4jt1\/2025\/11\/talking-bot-125x125.png\",\"url\":\"https:\/\/portaltela.pt\/s.01k8rhncp4jt1\/2025\/11\/talking-bot-125x125.png\",\"contentUrl\":\"https:\/\/portaltela.pt\/s.01k8rhncp4jt1\/2025\/11\/talking-bot-125x125.png\",\"caption\":\"Telinha\"},\"sameAs\":[\"https:\/\/portaltela.pt\/\"],\"url\":\"https:\/\/portaltela.pt\/por\/367410592786\/\"}]}<\/script>\n<!-- \/ Yoast SEO plugin. -->","yoast_head_json":{"title":"Governo com porta aberta para completar negocia\u00e7\u00e3o do pacote laboral - Portal Tela Portugal","robots":{"index":"index","follow":"follow","max-snippet":"max-snippet:-1","max-image-preview":"max-image-preview:large","max-video-preview":"max-video-preview:-1"},"og_locale":"pt_PT","og_type":"article","og_title":"Governo com porta aberta para completar negocia\u00e7\u00e3o do pacote laboral - Portal Tela Portugal","og_description":"O Governo mant\u00e9m a porta aberta para completar a negocia\u00e7\u00e3o da revis\u00e3o da lei laboral, disse o ministro da Presid\u00eancia, Ant\u00f3nio Leit\u00e3o Amaro, ap\u00f3s a reuni\u00e3o semanal do Conselho de Ministros. A posi\u00e7\u00e3o da UGT, que rejeitou a proposta e pediu continuidade das negocia\u00e7\u00f5es, foi recebida e o Governo afirmou aguardar a posi\u00e7\u00e3o oficial antes de avan\u00e7ar. Leit\u00e3o Amaro explicou que a abertura se refere \u00e0 fase de negocia\u00e7\u00e3o na concerta\u00e7\u00e3o social, e que h\u00e1 vontade de continuar a negociar junto dos parceiros sociais. O Governo continua na fase de negocia\u00e7\u00e3o, n\u00e3o est\u00e1 na fase parlamentar, e pretende um tempo razo\u00e1vel para concluir as negocia\u00e7\u00f5es, com a anteproposta de revis\u00e3o em curso desde julho do ano passado. O governo tem realizado encontros com a UGT e quatro confedera\u00e7\u00f5es empresariais, mantendo a CGTP fora das negocia\u00e7\u00f5es, depois de a central ter pedido a retirada da proposta. A primeira vers\u00e3o, \u201cTrabalho XXI\u201d, foi apresentada em julho de 2025 e gerou cr\u00edticas e uma greve geral em 11 de dezembro.","og_url":"https:\/\/portaltela.pt\/noticias\/2026\/04\/09\/governo-com-porta-aberta-para-completar-negociacao-do-pacote-laboral\/","og_site_name":"Portal Tela Portugal","article_published_time":"2026-04-09T17:47:37+00:00","author":"Telinha","twitter_card":"summary_large_image","twitter_misc":{"Escrito por":"Telinha","Tempo estimado de leitura":"2 minutos"},"schema":{"@context":"https:\/\/schema.org","@graph":[{"@type":"Article","@id":"https:\/\/portaltela.pt\/noticias\/2026\/04\/09\/governo-com-porta-aberta-para-completar-negociacao-do-pacote-laboral\/#article","isPartOf":{"@id":"https:\/\/portaltela.pt\/noticias\/2026\/04\/09\/governo-com-porta-aberta-para-completar-negociacao-do-pacote-laboral\/"},"author":{"name":"Telinha","@id":"https:\/\/portaltela.pt\/#\/schema\/person\/c4278d4a6028830caff9ee44b42d32ed"},"headline":"Governo com porta aberta para completar negocia\u00e7\u00e3o do pacote laboral","datePublished":"2026-04-09T17:47:37+00:00","mainEntityOfPage":{"@id":"https:\/\/portaltela.pt\/noticias\/2026\/04\/09\/governo-com-porta-aberta-para-completar-negociacao-do-pacote-laboral\/"},"wordCount":363,"image":{"@id":"https:\/\/portaltela.pt\/noticias\/2026\/04\/09\/governo-com-porta-aberta-para-completar-negociacao-do-pacote-laboral\/#primaryimage"},"thumbnailUrl":"https:\/\/portaltela.pt\/s.01k8rhncp4jt1\/2026\/04\/image-536.jpg","keywords":["administra\u00e7\u00e3o p\u00fablica","CGTP","Concerta\u00e7\u00e3o Social","governo","pol\u00edtica","trabalho"],"articleSection":["Pol\u00edtica","Sociedade"],"inLanguage":"pt-PT"},{"@type":"WebPage","@id":"https:\/\/portaltela.pt\/noticias\/2026\/04\/09\/governo-com-porta-aberta-para-completar-negociacao-do-pacote-laboral\/","url":"https:\/\/portaltela.pt\/noticias\/2026\/04\/09\/governo-com-porta-aberta-para-completar-negociacao-do-pacote-laboral\/","name":"Governo com porta aberta para completar negocia\u00e7\u00e3o do pacote laboral - Portal Tela Portugal","isPartOf":{"@id":"https:\/\/portaltela.pt\/#website"},"primaryImageOfPage":{"@id":"https:\/\/portaltela.pt\/noticias\/2026\/04\/09\/governo-com-porta-aberta-para-completar-negociacao-do-pacote-laboral\/#primaryimage"},"image":{"@id":"https:\/\/portaltela.pt\/noticias\/2026\/04\/09\/governo-com-porta-aberta-para-completar-negociacao-do-pacote-laboral\/#primaryimage"},"thumbnailUrl":"https:\/\/portaltela.pt\/s.01k8rhncp4jt1\/2026\/04\/image-536.jpg","datePublished":"2026-04-09T17:47:37+00:00","author":{"@id":"https:\/\/portaltela.pt\/#\/schema\/person\/c4278d4a6028830caff9ee44b42d32ed"},"breadcrumb":{"@id":"https:\/\/portaltela.pt\/noticias\/2026\/04\/09\/governo-com-porta-aberta-para-completar-negociacao-do-pacote-laboral\/#breadcrumb"},"inLanguage":"pt-PT","potentialAction":[{"@type":"ReadAction","target":["https:\/\/portaltela.pt\/noticias\/2026\/04\/09\/governo-com-porta-aberta-para-completar-negociacao-do-pacote-laboral\/"]}]},{"@type":"ImageObject","inLanguage":"pt-PT","@id":"https:\/\/portaltela.pt\/noticias\/2026\/04\/09\/governo-com-porta-aberta-para-completar-negociacao-do-pacote-laboral\/#primaryimage","url":"https:\/\/portaltela.pt\/s.01k8rhncp4jt1\/2026\/04\/image-536.jpg","contentUrl":"https:\/\/portaltela.pt\/s.01k8rhncp4jt1\/2026\/04\/image-536.jpg","width":796,"height":448,"caption":"O ministro da Presid\u00eancia Ant\u00f3nio Leit\u00e3o Amaro"},{"@type":"BreadcrumbList","@id":"https:\/\/portaltela.pt\/noticias\/2026\/04\/09\/governo-com-porta-aberta-para-completar-negociacao-do-pacote-laboral\/#breadcrumb","itemListElement":[{"@type":"ListItem","position":1,"name":"In\u00edcio","item":"https:\/\/portaltela.pt\/"},{"@type":"ListItem","position":2,"name":"Governo com porta aberta para completar negocia\u00e7\u00e3o do pacote laboral"}]},{"@type":"WebSite","@id":"https:\/\/portaltela.pt\/#website","url":"https:\/\/portaltela.pt\/","name":"Portal Tela Portugal","description":"","potentialAction":[{"@type":"SearchAction","target":{"@type":"EntryPoint","urlTemplate":"https:\/\/portaltela.pt\/?s={search_term_string}"},"query-input":{"@type":"PropertyValueSpecification","valueRequired":true,"valueName":"search_term_string"}}],"inLanguage":"pt-PT"},{"@type":"Person","@id":"https:\/\/portaltela.pt\/#\/schema\/person\/c4278d4a6028830caff9ee44b42d32ed","name":"Telinha","image":{"@type":"ImageObject","inLanguage":"pt-PT","@id":"https:\/\/portaltela.pt\/s.01k8rhncp4jt1\/2025\/11\/talking-bot-125x125.png","url":"https:\/\/portaltela.pt\/s.01k8rhncp4jt1\/2025\/11\/talking-bot-125x125.png","contentUrl":"https:\/\/portaltela.pt\/s.01k8rhncp4jt1\/2025\/11\/talking-bot-125x125.png","caption":"Telinha"},"sameAs":["https:\/\/portaltela.pt\/"],"url":"https:\/\/portaltela.pt\/por\/367410592786\/"}]}},"_links":{"self":[{"href":"https:\/\/portaltela.pt\/api\/wp\/v2\/posts\/438416","targetHints":{"allow":["GET"]}}],"collection":[{"href":"https:\/\/portaltela.pt\/api\/wp\/v2\/posts"}],"about":[{"href":"https:\/\/portaltela.pt\/api\/wp\/v2\/types\/post"}],"author":[{"embeddable":true,"href":"https:\/\/portaltela.pt\/api\/wp\/v2\/users\/2"}],"replies":[{"embeddable":true,"href":"https:\/\/portaltela.pt\/api\/wp\/v2\/comments?post=438416"}],"version-history":[{"count":0,"href":"https:\/\/portaltela.pt\/api\/wp\/v2\/posts\/438416\/revisions"}],"wp:featuredmedia":[{"embeddable":true,"href":"https:\/\/portaltela.pt\/api\/wp\/v2\/media\/438418"}],"wp:attachment":[{"href":"https:\/\/portaltela.pt\/api\/wp\/v2\/media?parent=438416"}],"wp:term":[{"taxonomy":"category","embeddable":true,"href":"https:\/\/portaltela.pt\/api\/wp\/v2\/categories?post=438416"},{"taxonomy":"post_tag","embeddable":true,"href":"https:\/\/portaltela.pt\/api\/wp\/v2\/tags?post=438416"}],"curies":[{"name":"wp","href":"https:\/\/api.w.org\/{rel}","templated":true}]}}